{"id":51926,"date":"2023-07-12T01:38:06","date_gmt":"2023-07-12T01:38:06","guid":{"rendered":"https:\/\/www.bitacoracdmx.com\/?p=51926"},"modified":"2023-07-12T01:38:06","modified_gmt":"2023-07-12T01:38:06","slug":"premios-arpa-celebrando-el-talento-de-la-musica-cristiana-en-su-xviii-entrega-anual-este-29-de-julio-en-el-teatro-metropolitan","status":"publish","type":"post","link":"https:\/\/www.bitacoracdmx.com\/?p=51926","title":{"rendered":"PREMIOS ARPA: celebrando el talento de la m\u00fasica cristiana en su XVIII ENTREGA ANUAL este 29 de julio en el TEATRO METROPOLITAN"},"content":{"rendered":"<p>[fusion_builder_container hundred_percent=&#8221;no&#8221; equal_height_columns=&#8221;no&#8221; menu_anchor=&#8221;&#8221; hide_on_mobile=&#8221;small-visibility,medium-visibility,large-visibility&#8221; class=&#8221;&#8221; id=&#8221;&#8221; background_color=&#8221;&#8221; background_image=&#8221;&#8221; background_position=&#8221;center center&#8221; background_repeat=&#8221;no-repeat&#8221; fade=&#8221;no&#8221; background_parallax=&#8221;none&#8221; parallax_speed=&#8221;0.3&#8243; video_mp4=&#8221;&#8221; video_webm=&#8221;&#8221; video_ogv=&#8221;&#8221; video_url=&#8221;&#8221; video_aspect_ratio=&#8221;16:9&#8243; video_loop=&#8221;yes&#8221; video_mute=&#8221;yes&#8221; overlay_color=&#8221;&#8221; video_preview_image=&#8221;&#8221; border_size=&#8221;&#8221; border_color=&#8221;&#8221; border_style=&#8221;solid&#8221; padding_top=&#8221;&#8221; padding_bottom=&#8221;&#8221; padding_left=&#8221;&#8221; padding_right=&#8221;&#8221;][fusion_builder_row][fusion_builder_column type=&#8221;1_1&#8243; layout=&#8221;1_1&#8243; background_position=&#8221;left top&#8221; background_color=&#8221;&#8221; border_size=&#8221;&#8221; border_color=&#8221;&#8221; border_style=&#8221;solid&#8221; border_position=&#8221;all&#8221; spacing=&#8221;yes&#8221; background_image=&#8221;&#8221; background_repeat=&#8221;no-repeat&#8221; padding_top=&#8221;&#8221; padding_right=&#8221;&#8221; padding_bottom=&#8221;&#8221; padding_left=&#8221;&#8221; margin_top=&#8221;0px&#8221; margin_bottom=&#8221;0px&#8221; class=&#8221;&#8221; id=&#8221;&#8221; animation_type=&#8221;&#8221; animation_speed=&#8221;0.3&#8243; animation_direction=&#8221;left&#8221; hide_on_mobile=&#8221;small-visibility,medium-visibility,large-visibility&#8221; center_content=&#8221;no&#8221; last=&#8221;no&#8221; min_height=&#8221;&#8221; hover_type=&#8221;none&#8221; link=&#8221;&#8221;][fusion_text]<\/p>\n<p>REDACCI\u00d3N<\/p>\n<p><i>*La ceremonia se llevar\u00e1 a cabo el pr\u00f3ximo s\u00e1bado 29 de julio en el prestigioso teatro Metrop\u00f3litan de la Ciudad de M\u00e9xico, dando inicio a las 18:00 hrs.<\/i><\/p>\n<p><i>*Boletos a la venta en el Sistema Ticketmaster y en taquillas del inmueble<\/i><\/p>\n<p>La Academia Nacional de la M\u00fasica y las Artes Cristianas\u00ae (ANMAC) est\u00e1 lista para celebrar la emocionante XVIII entrega anual de los Premios Arpa, un evento destacado que reconoce y celebra el talento de m\u00fasicos del \u00e1mbito cristiano de toda Iberoam\u00e9rica. La ceremonia se llevar\u00e1 a cabo el pr\u00f3ximo s\u00e1bado 29 de julio en el prestigioso teatro Metrop\u00f3litan de la Ciudad de M\u00e9xico, dando inicio a las 18:00 hrs. Boletos a la venta en el Sistema Ticketmaster y en taquillas del inmueble.<\/p>\n<p>Los Premios Arpa han sido durante a\u00f1os el escenario perfecto para honrar la excelencia en la m\u00fasica cristiana y este a\u00f1o no ser\u00e1 la excepci\u00f3n. La ANMAC ha anunciado una lista de categor\u00edas emocionantes que incluyen reconocimientos como Compositor del a\u00f1o, Mejor \u00e1lbum o track urbano, \u00c1lbum del a\u00f1o, Video musical del a\u00f1o, Canci\u00f3n del a\u00f1o, entre otras. Los interesados en conocer todas las categor\u00edas pueden consultar la p\u00e1gina oficial de los premios en\u00a0<a href=\"http:\/\/premiosarpa.org\/\" target=\"_blank\" rel=\"noopener noreferrer\" data-auth=\"NotApplicable\" data-linkindex=\"2\">premiosarpa.org<\/a>.<\/p>\n<p>La gala contar\u00e1 con un elenco internacional de primer nivel, encabezado por reconocidos artistas de la m\u00fasica cristiana. Entre ellos se encuentran el talentoso colombiano Gilberto Daza, el tres veces nominado a los premios Grammy Latinos, Daniel Calveti, y el carism\u00e1tico Andrez Babii, quien llegar\u00e1 desde Miami. Tambi\u00e9n se unir\u00e1 a la celebraci\u00f3n la exitosa banda venezolana Montesanto, conocida por sus presentaciones agotadas en el pa\u00eds. Adem\u00e1s, representando a M\u00e9xico, tendremos el privilegio de disfrutar del talento de la cantante de regional mexicano Nadia.<\/p>\n<p>Como es tradici\u00f3n en los Premios Arpa, la ANMAC tambi\u00e9n rendir\u00e1 homenaje a un artista destacado de la industria musical cristiana. En esta ocasi\u00f3n, el reconocimiento ser\u00e1 otorgado a Danilo Montero, un referente en la m\u00fasica cristiana que ha dejado una huella significativa en el g\u00e9nero.<\/p>\n<p>La ceremonia promete ser una noche llena de emociones, donde la m\u00fasica cristiana enaltecer\u00e1 el esp\u00edritu de los asistentes. Adem\u00e1s de los mencionados anteriormente, tambi\u00e9n se contar\u00e1 con la participaci\u00f3n de otros talentosos artistas como Destiny, Rudel y Barcelo, y William Perdomo, quienes se sumar\u00e1n a la celebraci\u00f3n con su estilo \u00fanico y su pasi\u00f3n por la m\u00fasica.<\/p>\n<p>Los boletos para asistir a esta inolvidable velada ya est\u00e1n disponibles a trav\u00e9s de Ticketmaster, la plataforma elegida para la venta de entradas y el lugar donde se llevar\u00e1 a cabo la gala. No pierdas la oportunidad de ser testigo de la m\u00fasica cristiana en su m\u00e1xima expresi\u00f3n y de aplaudir a los talentosos artistas que hacen de este g\u00e9nero una fuente de inspiraci\u00f3n y consuelo para millones de personas.<\/p>\n<p>Los Premios Arpa, un evento que fusiona m\u00fasica y fe, se preparan para entregar una noche llena de emociones y reconocimientos en su decimoctava edici\u00f3n. La ceremonia se llevar\u00e1 a cabo el pr\u00f3ximo s\u00e1bado 29 de julio en el prestigioso teatro Metrop\u00f3litan de la Ciudad de M\u00e9xico, dando inicio a las 18:00 hrs. Boletos a la venta en el Sistema Ticketmaster y en taquillas del inmueble.<\/p>\n<div dir=\"auto\"><a class=\"x1i10hfl xjbqb8w x6umtig x1b1mbwd xaqea5y xav7gou x9f619 x1ypdohk xt0psk2 xe8uvvx xdj266r x11i5rnm xat24cr x1mh8g0r xexx8yu x4uap5 x18d9i69 xkhd6sd x16tdsg8 x1hl2dhg xggy1nq x1a2a7pz xt0b8zv x1qq9wsj xo1l8bm\" tabindex=\"0\" role=\"link\" href=\"https:\/\/www.facebook.com\/hashtag\/premiosarpa?__eep__=6&amp;__cft__[0]=AZXM1cPFF9jZY17Eh7EfW4RqFC_6RvUpELPNHcfAgDIDXXgqkA5MMcYkIvNPaIaquPwhXlpavvGh8dXwVtUn-_PnE4Q23vkVH9geaI0IpscGxPfaKbLoNDgq_L1Ad6eejOo&amp;__tn__=*NK-R\">#PremiosArpa<\/a><\/div>\n<div dir=\"auto\"><a class=\"x1i10hfl xjbqb8w x6umtig x1b1mbwd xaqea5y xav7gou x9f619 x1ypdohk xt0psk2 xe8uvvx xdj266r x11i5rnm xat24cr x1mh8g0r xexx8yu x4uap5 x18d9i69 xkhd6sd x16tdsg8 x1hl2dhg xggy1nq x1a2a7pz xt0b8zv x1qq9wsj xo1l8bm\" tabindex=\"0\" role=\"link\" href=\"https:\/\/www.facebook.com\/hashtag\/teatrometropolitan?__eep__=6&amp;__cft__[0]=AZXM1cPFF9jZY17Eh7EfW4RqFC_6RvUpELPNHcfAgDIDXXgqkA5MMcYkIvNPaIaquPwhXlpavvGh8dXwVtUn-_PnE4Q23vkVH9geaI0IpscGxPfaKbLoNDgq_L1Ad6eejOo&amp;__tn__=*NK-R\">#TeatroMetropolitan<\/a><\/div>\n<div dir=\"auto\"><a class=\"x1i10hfl xjbqb8w x6umtig x1b1mbwd xaqea5y xav7gou x9f619 x1ypdohk xt0psk2 xe8uvvx xdj266r x11i5rnm xat24cr x1mh8g0r xexx8yu x4uap5 x18d9i69 xkhd6sd x16tdsg8 x1hl2dhg xggy1nq x1a2a7pz xt0b8zv x1qq9wsj xo1l8bm\" tabindex=\"0\" role=\"link\" href=\"https:\/\/www.facebook.com\/hashtag\/bitacoracdmx?__eep__=6&amp;__cft__[0]=AZXM1cPFF9jZY17Eh7EfW4RqFC_6RvUpELPNHcfAgDIDXXgqkA5MMcYkIvNPaIaquPwhXlpavvGh8dXwVtUn-_PnE4Q23vkVH9geaI0IpscGxPfaKbLoNDgq_L1Ad6eejOo&amp;__tn__=*NK-R\">#bitacoracdmx<\/a><\/div>\n<p>[\/fusion_text][fusion_imageframe image_id=&#8221;51927|medium&#8221; max_width=&#8221;&#8221; style_type=&#8221;&#8221; blur=&#8221;&#8221; stylecolor=&#8221;&#8221; hover_type=&#8221;none&#8221; bordersize=&#8221;&#8221; bordercolor=&#8221;&#8221; borderradius=&#8221;&#8221; align=&#8221;none&#8221; lightbox=&#8221;no&#8221; gallery_id=&#8221;&#8221; lightbox_image=&#8221;&#8221; lightbox_image_id=&#8221;&#8221; alt=&#8221;&#8221; link=&#8221;&#8221; linktarget=&#8221;_self&#8221; hide_on_mobile=&#8221;small-visibility,medium-visibility,large-visibility&#8221; class=&#8221;&#8221; id=&#8221;&#8221; animation_type=&#8221;&#8221; animation_direction=&#8221;left&#8221; animation_speed=&#8221;0.3&#8243; animation_offset=&#8221;&#8221;]https:\/\/www.bitacoracdmx.com\/wp-content\/uploads\/2023\/07\/thumbnail_PREMIOS-ARPA-2023-METROPOLITAN-CARTEL-197&#215;300.jpg[\/fusion_imageframe][\/fusion_builder_column][\/fusion_builder_row][\/fusion_builder_container]<\/p>\n","protected":false},"excerpt":{"rendered":"<p>[fusion_builder_container hundred_percent=&#8221;no&#8221; equal_height_columns=&#8221;no&#8221; menu_anchor=&#8221;&#8221; hide_on_mobile=&#8221;small-visibility,medium-visibility,large-visibility&#8221; class=&#8221;&#8221; id=&#8221;&#8221; background_color=&#8221;&#8221; background_image=&#8221;&#8221; background_position=&#8221;center center&#8221; background_repeat=&#8221;no-repeat&#8221; fade=&#8221;no&#8221; background_parallax=&#8221;none&#8221; parallax_speed=&#8221;0.3&#8243; video_mp4=&#8221;&#8221; video_webm=&#8221;&#8221; video_ogv=&#8221;&#8221; video_url=&#8221;&#8221; video_aspect_ratio=&#8221;16:9&#8243; video_loop=&#8221;yes&#8221; video_mute=&#8221;yes&#8221; overlay_color=&#8221;&#8221; video_preview_image=&#8221;&#8221; border_size=&#8221;&#8221; border_color=&#8221;&#8221; border_style=&#8221;solid&#8221; padding_top=&#8221;&#8221; padding_bottom=&#8221;&#8221; padding_left=&#8221;&#8221; padding_right=&#8221;&#8221;][fusion_builder_row][fusion_builder_column type=&#8221;1_1&#8243; layout=&#8221;1_1&#8243; background_position=&#8221;left top&#8221; background_color=&#8221;&#8221; border_size=&#8221;&#8221; border_color=&#8221;&#8221; border_style=&#8221;solid&#8221; border_position=&#8221;all&#8221; spacing=&#8221;yes&#8221; background_image=&#8221;&#8221; background_repeat=&#8221;no-repeat&#8221; padding_top=&#8221;&#8221; padding_right=&#8221;&#8221; padding_bottom=&#8221;&#8221; padding_left=&#8221;&#8221; margin_top=&#8221;0px&#8221; margin_bottom=&#8221;0px&#8221; class=&#8221;&#8221; id=&#8221;&#8221; animation_type=&#8221;&#8221; animation_speed=&#8221;0.3&#8243; animation_direction=&#8221;left&#8221; hide_on_mobile=&#8221;small-visibility,medium-visibility,large-visibility&#8221; center_content=&#8221;no&#8221; last=&#8221;no&#8221; min_height=&#8221;&#8221; hover_type=&#8221;none&#8221; link=&#8221;&#8221;][fusion_text] REDACCI\u00d3N *La ceremonia se llevar\u00e1 a cabo el pr\u00f3ximo s\u00e1bado 29 de julio en el prestigioso teatro Metrop\u00f3litan de la Ciudad de M\u00e9xico, dando inicio a las 18:00 hrs. *Boletos a la venta en el Sistema Ticketmaster y en taquillas [&hellip;]<\/p>\n","protected":false},"author":1,"featured_media":51927,"comment_status":"open","ping_status":"open","sticky":false,"template":"","format":"standard","meta":{"footnotes":""},"categories":[9,11],"tags":[],"_links":{"self":[{"href":"https:\/\/www.bitacoracdmx.com\/index.php?rest_route=\/wp\/v2\/posts\/51926"}],"collection":[{"href":"https:\/\/www.bitacoracdmx.com\/index.php?rest_route=\/wp\/v2\/posts"}],"about":[{"href":"https:\/\/www.bitacoracdmx.com\/index.php?rest_route=\/wp\/v2\/types\/post"}],"author":[{"embeddable":true,"href":"https:\/\/www.bitacoracdmx.com\/index.php?rest_route=\/wp\/v2\/users\/1"}],"replies":[{"embeddable":true,"href":"https:\/\/www.bitacoracdmx.com\/index.php?rest_route=%2Fwp%2Fv2%2Fcomments&post=51926"}],"version-history":[{"count":1,"href":"https:\/\/www.bitacoracdmx.com\/index.php?rest_route=\/wp\/v2\/posts\/51926\/revisions"}],"predecessor-version":[{"id":51928,"href":"https:\/\/www.bitacoracdmx.com\/index.php?rest_route=\/wp\/v2\/posts\/51926\/revisions\/51928"}],"wp:featuredmedia":[{"embeddable":true,"href":"https:\/\/www.bitacoracdmx.com\/index.php?rest_route=\/wp\/v2\/media\/51927"}],"wp:attachment":[{"href":"https:\/\/www.bitacoracdmx.com\/index.php?rest_route=%2Fwp%2Fv2%2Fmedia&parent=51926"}],"wp:term":[{"taxonomy":"category","embeddable":true,"href":"https:\/\/www.bitacoracdmx.com\/index.php?rest_route=%2Fwp%2Fv2%2Fcategories&post=51926"},{"taxonomy":"post_tag","embeddable":true,"href":"https:\/\/www.bitacoracdmx.com\/index.php?rest_route=%2Fwp%2Fv2%2Ftags&post=51926"}],"curies":[{"name":"wp","href":"https:\/\/api.w.org\/{rel}","templated":true}]}}