{"id":51929,"date":"2023-07-12T01:46:45","date_gmt":"2023-07-12T01:46:45","guid":{"rendered":"https:\/\/www.bitacoracdmx.com\/?p=51929"},"modified":"2023-07-12T01:46:45","modified_gmt":"2023-07-12T01:46:45","slug":"pablo-und-destruktion-presenta-su-nuevo-disco-ultramonte-en-mexico","status":"publish","type":"post","link":"https:\/\/www.bitacoracdmx.com\/?p=51929","title":{"rendered":"PABLO UND DESTRUKTION presenta su nuevo disco &#8220;ULTRAMONTE&#8221; en M\u00c9XICO"},"content":{"rendered":"<p>[fusion_builder_container hundred_percent=&#8221;no&#8221; equal_height_columns=&#8221;no&#8221; menu_anchor=&#8221;&#8221; hide_on_mobile=&#8221;small-visibility,medium-visibility,large-visibility&#8221; class=&#8221;&#8221; id=&#8221;&#8221; background_color=&#8221;&#8221; background_image=&#8221;&#8221; background_position=&#8221;center center&#8221; background_repeat=&#8221;no-repeat&#8221; fade=&#8221;no&#8221; background_parallax=&#8221;none&#8221; parallax_speed=&#8221;0.3&#8243; video_mp4=&#8221;&#8221; video_webm=&#8221;&#8221; video_ogv=&#8221;&#8221; video_url=&#8221;&#8221; video_aspect_ratio=&#8221;16:9&#8243; video_loop=&#8221;yes&#8221; video_mute=&#8221;yes&#8221; overlay_color=&#8221;&#8221; video_preview_image=&#8221;&#8221; border_size=&#8221;&#8221; border_color=&#8221;&#8221; border_style=&#8221;solid&#8221; padding_top=&#8221;&#8221; padding_bottom=&#8221;&#8221; padding_left=&#8221;&#8221; padding_right=&#8221;&#8221;][fusion_builder_row][fusion_builder_column type=&#8221;1_1&#8243; layout=&#8221;1_1&#8243; background_position=&#8221;left top&#8221; background_color=&#8221;&#8221; border_size=&#8221;&#8221; border_color=&#8221;&#8221; border_style=&#8221;solid&#8221; border_position=&#8221;all&#8221; spacing=&#8221;yes&#8221; background_image=&#8221;&#8221; background_repeat=&#8221;no-repeat&#8221; padding_top=&#8221;&#8221; padding_right=&#8221;&#8221; padding_bottom=&#8221;&#8221; padding_left=&#8221;&#8221; margin_top=&#8221;0px&#8221; margin_bottom=&#8221;0px&#8221; class=&#8221;&#8221; id=&#8221;&#8221; animation_type=&#8221;&#8221; animation_speed=&#8221;0.3&#8243; animation_direction=&#8221;left&#8221; hide_on_mobile=&#8221;small-visibility,medium-visibility,large-visibility&#8221; center_content=&#8221;no&#8221; last=&#8221;no&#8221; min_height=&#8221;&#8221; hover_type=&#8221;none&#8221; link=&#8221;&#8221;][fusion_text]<\/p>\n<p>REDACCI\u00d3N<\/p>\n<p><i>*El concierto de Pablo Und Destruktion en M\u00e9xico se llevar\u00e1 a cabo el pr\u00f3ximo domingo 23 de julio en el Foro El Tejedor a las siete de la noche, donde compartir\u00e1 escenario con Concepci\u00f3n Huerta<\/i><\/p>\n<p><i>*Los boletos estar\u00e1n disponibles en la taquilla del Foro El Tejedor.<\/i><\/p>\n<p>El reconocido m\u00fasico Pablo Und Destruktion llega a M\u00e9xico para presentar su \u00faltimo \u00e1lbum titulado &#8220;Ultramonte&#8221;. Desde su debut en solitario en 2011, Pablo se ha destacado como uno de los autores m\u00e1s interesantes y singulares del panorama musical, sin encasillarse en ninguna etiqueta espec\u00edfica. Considerado como un trovador postmoderno, ha lanzado seis \u00e1lbumes que incluyen: &#8220;Animal con Parachoques&#8221;, &#8220;Sangr\u00edn&#8221;, &#8220;Vigorexia emocional&#8221;, &#8220;Predaci\u00f3n&#8221;, &#8220;Futuros Valores&#8221; y su nuevo trabajo &#8220;Ultramonte&#8221;. El concierto de Pablo Und Destruktion en M\u00e9xico se llevar\u00e1 a cabo el pr\u00f3ximo domingo 23 de julio en el Foro El Tejedor a las siete de la noche, donde compartir\u00e1 escenario con Concepci\u00f3n Huerta. Los boletos estar\u00e1n disponibles en la taquilla del Foro El Tejedor.<\/p>\n<p>Las canciones de Pablo Und Destruktion se caracterizan por su letras viscerales, ir\u00f3nicas, po\u00e9ticas y desafiantes, que cuestionan la idea de progreso, denuncian la mercantilizaci\u00f3n y la falsa sociedad del bienestar, buscando un nuevo rumbo despu\u00e9s de la ca\u00edda de los imperios globalizadores del siglo XX. Su m\u00fasica se aleja de lo maniqueo y los fuegos artificiales, y nos invita a reflexionar. Pablo Und Destruktion cuenta con un pasado musical en bandas como Silencio Oso y Arroz, y tambi\u00e9n ha colaborado ocasionalmente con Fee Reega y Lomo Bajo.<\/p>\n<p>Sin embargo, con su proyecto en solitario, se acerca a la canci\u00f3n asturiana y al folk de autor con una cadencia misteriosa y psicod\u00e9lica. Sus canciones son aut\u00e9nticas ceremonias con vida propia, cargadas de sensaciones y pesares, que transmiten una emoci\u00f3n desgarradora. Algunos las llaman asturpsicodelia, otros las describen como psicodelia post-punk envuelta en tonalidades folk. En definitiva, Pablo Und Destruktion es un artista que no deja indiferente a nadie.<\/p>\n<p>El proyecto en solitario de Pablo nace durante un concierto de Silencio Oso, donde, al tocar solo, decidi\u00f3 utilizar unas batidoras que encontr\u00f3 en el local de ensayo como base r\u00edtmica. En aquel concierto en Talavera, descubri\u00f3 en los electrodom\u00e9sticos una forma ideal de fusionar el folk y el ruidismo. A partir de esa experiencia, un a\u00f1o despu\u00e9s adopta el nombre art\u00edstico de Pablo Und Destruktion y se adentra en el folk desde el precipicio. Su objetivo es enredarse en el arte, la pol\u00edtica y la expresi\u00f3n popular en general, adapt\u00e1ndose a un mundo en constante cambio.<\/p>\n<p>Pablo Und Destruktion ha vivido una temporada en Berl\u00edn, pero regres\u00f3 a su aldea de Morv\u00eds, en Villaviciosa, debido a una experiencia intensa que relata en una de sus canciones. All\u00ed pas\u00f3 meses en soledad dando forma a su primer \u00e1lbum &#8220;Animal Con Parachoques&#8221; (Pauken, 2012), que fue editado por su propio sello discogr\u00e1fico. Desde entonces, ha continuado su carrera musical, explorando distintos g\u00e9neros y colaborando con otros artistas.<\/p>\n<p>A lo largo de su trayectoria, Pablo ha publicado varios discos y grabaciones en vivo, como &#8220;Sangr\u00edn&#8221; (Discos Humeantes, 2014), &#8220;Vigorexia Emocional&#8221; (Marxophone, 2015) y &#8220;Predaci\u00f3n&#8221; (Sonido Muchacho, 2017), entre otros. Adem\u00e1s, ha incursionado en el \u00e1mbito literario con la publicaci\u00f3n de su primera novela titulada &#8220;La Bestia Colmena&#8221; (Hurtado y Ortega, 2018), una profec\u00eda mesi\u00e1nica que analiza la sociedad actual y los posibles futuros salvajes que nos esperan.<\/p>\n<p>No te pierdas la oportunidad de presenciar la actuaci\u00f3n de Pablo Und Destruktion en M\u00e9xico, un concierto que promete ser una experiencia \u00fanica e impactante. \u00a1Compra tus boletos y disfruta de su m\u00fasica y poes\u00eda el domingo 23 de julio en el Foro El Tejedor!<\/p>\n<div dir=\"auto\"><a class=\"x1i10hfl xjbqb8w x6umtig x1b1mbwd xaqea5y xav7gou x9f619 x1ypdohk xt0psk2 xe8uvvx xdj266r x11i5rnm xat24cr x1mh8g0r xexx8yu x4uap5 x18d9i69 xkhd6sd x16tdsg8 x1hl2dhg xggy1nq x1a2a7pz xt0b8zv x1qq9wsj xo1l8bm\" tabindex=\"0\" role=\"link\" href=\"https:\/\/www.facebook.com\/hashtag\/pablounddestruktion?__eep__=6&amp;__cft__[0]=AZWHbfvCAFRO5gCRvi5QvwiLtqjr1Z9dEQGtA42azrzjRsU8y_zq0kMdTqSf9xt_OVg9JAkoKUztx-yFsvr9XNGOTACCwDm-mdvO6yGS9-IQiALGhrraGfI3HHu3Hd4rfww&amp;__tn__=*NK-R\">#PabloUndDestruktion<\/a><\/div>\n<div dir=\"auto\"><a class=\"x1i10hfl xjbqb8w x6umtig x1b1mbwd xaqea5y xav7gou x9f619 x1ypdohk xt0psk2 xe8uvvx xdj266r x11i5rnm xat24cr x1mh8g0r xexx8yu x4uap5 x18d9i69 xkhd6sd x16tdsg8 x1hl2dhg xggy1nq x1a2a7pz xt0b8zv x1qq9wsj xo1l8bm\" tabindex=\"0\" role=\"link\" href=\"https:\/\/www.facebook.com\/hashtag\/concepcionhuerta?__eep__=6&amp;__cft__[0]=AZWHbfvCAFRO5gCRvi5QvwiLtqjr1Z9dEQGtA42azrzjRsU8y_zq0kMdTqSf9xt_OVg9JAkoKUztx-yFsvr9XNGOTACCwDm-mdvO6yGS9-IQiALGhrraGfI3HHu3Hd4rfww&amp;__tn__=*NK-R\">#concepcionhuerta<\/a><\/div>\n<div dir=\"auto\"><a class=\"x1i10hfl xjbqb8w x6umtig x1b1mbwd xaqea5y xav7gou x9f619 x1ypdohk xt0psk2 xe8uvvx xdj266r x11i5rnm xat24cr x1mh8g0r xexx8yu x4uap5 x18d9i69 xkhd6sd x16tdsg8 x1hl2dhg xggy1nq x1a2a7pz xt0b8zv x1qq9wsj xo1l8bm\" tabindex=\"0\" role=\"link\" href=\"https:\/\/www.facebook.com\/hashtag\/forodeltejedor?__eep__=6&amp;__cft__[0]=AZWHbfvCAFRO5gCRvi5QvwiLtqjr1Z9dEQGtA42azrzjRsU8y_zq0kMdTqSf9xt_OVg9JAkoKUztx-yFsvr9XNGOTACCwDm-mdvO6yGS9-IQiALGhrraGfI3HHu3Hd4rfww&amp;__tn__=*NK-R\">#ForoDelTejedor<\/a><\/div>\n<div dir=\"auto\"><a class=\"x1i10hfl xjbqb8w x6umtig x1b1mbwd xaqea5y xav7gou x9f619 x1ypdohk xt0psk2 xe8uvvx xdj266r x11i5rnm xat24cr x1mh8g0r xexx8yu x4uap5 x18d9i69 xkhd6sd x16tdsg8 x1hl2dhg xggy1nq x1a2a7pz xt0b8zv x1qq9wsj xo1l8bm\" tabindex=\"0\" role=\"link\" href=\"https:\/\/www.facebook.com\/hashtag\/bitacoracdmx?__eep__=6&amp;__cft__[0]=AZWHbfvCAFRO5gCRvi5QvwiLtqjr1Z9dEQGtA42azrzjRsU8y_zq0kMdTqSf9xt_OVg9JAkoKUztx-yFsvr9XNGOTACCwDm-mdvO6yGS9-IQiALGhrraGfI3HHu3Hd4rfww&amp;__tn__=*NK-R\">#bitacoracdmx<\/a><\/div>\n<p>[\/fusion_text][fusion_imageframe image_id=&#8221;51930|medium&#8221; max_width=&#8221;&#8221; style_type=&#8221;&#8221; blur=&#8221;&#8221; stylecolor=&#8221;&#8221; hover_type=&#8221;none&#8221; bordersize=&#8221;&#8221; bordercolor=&#8221;&#8221; borderradius=&#8221;&#8221; align=&#8221;none&#8221; lightbox=&#8221;no&#8221; gallery_id=&#8221;&#8221; lightbox_image=&#8221;&#8221; lightbox_image_id=&#8221;&#8221; alt=&#8221;&#8221; link=&#8221;&#8221; linktarget=&#8221;_self&#8221; hide_on_mobile=&#8221;small-visibility,medium-visibility,large-visibility&#8221; class=&#8221;&#8221; id=&#8221;&#8221; animation_type=&#8221;&#8221; animation_direction=&#8221;left&#8221; animation_speed=&#8221;0.3&#8243; animation_offset=&#8221;&#8221;]https:\/\/www.bitacoracdmx.com\/wp-content\/uploads\/2023\/07\/descargar-2023-07-11T194153.602-225&#215;300.png[\/fusion_imageframe][\/fusion_builder_column][\/fusion_builder_row][\/fusion_builder_container]<\/p>\n","protected":false},"excerpt":{"rendered":"<p>[fusion_builder_container hundred_percent=&#8221;no&#8221; equal_height_columns=&#8221;no&#8221; menu_anchor=&#8221;&#8221; hide_on_mobile=&#8221;small-visibility,medium-visibility,large-visibility&#8221; class=&#8221;&#8221; id=&#8221;&#8221; background_color=&#8221;&#8221; background_image=&#8221;&#8221; background_position=&#8221;center center&#8221; background_repeat=&#8221;no-repeat&#8221; fade=&#8221;no&#8221; background_parallax=&#8221;none&#8221; parallax_speed=&#8221;0.3&#8243; video_mp4=&#8221;&#8221; video_webm=&#8221;&#8221; video_ogv=&#8221;&#8221; video_url=&#8221;&#8221; video_aspect_ratio=&#8221;16:9&#8243; video_loop=&#8221;yes&#8221; video_mute=&#8221;yes&#8221; overlay_color=&#8221;&#8221; video_preview_image=&#8221;&#8221; border_size=&#8221;&#8221; border_color=&#8221;&#8221; border_style=&#8221;solid&#8221; padding_top=&#8221;&#8221; padding_bottom=&#8221;&#8221; padding_left=&#8221;&#8221; padding_right=&#8221;&#8221;][fusion_builder_row][fusion_builder_column type=&#8221;1_1&#8243; layout=&#8221;1_1&#8243; background_position=&#8221;left top&#8221; background_color=&#8221;&#8221; border_size=&#8221;&#8221; border_color=&#8221;&#8221; border_style=&#8221;solid&#8221; border_position=&#8221;all&#8221; spacing=&#8221;yes&#8221; background_image=&#8221;&#8221; background_repeat=&#8221;no-repeat&#8221; padding_top=&#8221;&#8221; padding_right=&#8221;&#8221; padding_bottom=&#8221;&#8221; padding_left=&#8221;&#8221; margin_top=&#8221;0px&#8221; margin_bottom=&#8221;0px&#8221; class=&#8221;&#8221; id=&#8221;&#8221; animation_type=&#8221;&#8221; animation_speed=&#8221;0.3&#8243; animation_direction=&#8221;left&#8221; hide_on_mobile=&#8221;small-visibility,medium-visibility,large-visibility&#8221; center_content=&#8221;no&#8221; last=&#8221;no&#8221; min_height=&#8221;&#8221; hover_type=&#8221;none&#8221; link=&#8221;&#8221;][fusion_text] REDACCI\u00d3N *El concierto de Pablo Und Destruktion en M\u00e9xico se llevar\u00e1 a cabo el pr\u00f3ximo domingo 23 de julio en el Foro El Tejedor a las siete de la noche, donde compartir\u00e1 escenario con Concepci\u00f3n Huerta *Los boletos estar\u00e1n disponibles [&hellip;]<\/p>\n","protected":false},"author":1,"featured_media":51930,"comment_status":"open","ping_status":"open","sticky":false,"template":"","format":"standard","meta":{"footnotes":""},"categories":[9,11],"tags":[],"_links":{"self":[{"href":"https:\/\/www.bitacoracdmx.com\/index.php?rest_route=\/wp\/v2\/posts\/51929"}],"collection":[{"href":"https:\/\/www.bitacoracdmx.com\/index.php?rest_route=\/wp\/v2\/posts"}],"about":[{"href":"https:\/\/www.bitacoracdmx.com\/index.php?rest_route=\/wp\/v2\/types\/post"}],"author":[{"embeddable":true,"href":"https:\/\/www.bitacoracdmx.com\/index.php?rest_route=\/wp\/v2\/users\/1"}],"replies":[{"embeddable":true,"href":"https:\/\/www.bitacoracdmx.com\/index.php?rest_route=%2Fwp%2Fv2%2Fcomments&post=51929"}],"version-history":[{"count":1,"href":"https:\/\/www.bitacoracdmx.com\/index.php?rest_route=\/wp\/v2\/posts\/51929\/revisions"}],"predecessor-version":[{"id":51931,"href":"https:\/\/www.bitacoracdmx.com\/index.php?rest_route=\/wp\/v2\/posts\/51929\/revisions\/51931"}],"wp:featuredmedia":[{"embeddable":true,"href":"https:\/\/www.bitacoracdmx.com\/index.php?rest_route=\/wp\/v2\/media\/51930"}],"wp:attachment":[{"href":"https:\/\/www.bitacoracdmx.com\/index.php?rest_route=%2Fwp%2Fv2%2Fmedia&parent=51929"}],"wp:term":[{"taxonomy":"category","embeddable":true,"href":"https:\/\/www.bitacoracdmx.com\/index.php?rest_route=%2Fwp%2Fv2%2Fcategories&post=51929"},{"taxonomy":"post_tag","embeddable":true,"href":"https:\/\/www.bitacoracdmx.com\/index.php?rest_route=%2Fwp%2Fv2%2Ftags&post=51929"}],"curies":[{"name":"wp","href":"https:\/\/api.w.org\/{rel}","templated":true}]}}