{"id":51941,"date":"2023-07-12T03:29:23","date_gmt":"2023-07-12T03:29:23","guid":{"rendered":"https:\/\/www.bitacoracdmx.com\/?p=51941"},"modified":"2023-07-12T03:29:23","modified_gmt":"2023-07-12T03:29:23","slug":"pablo-marentes-y-marisol-sosa-como-invitada-especial-haran-homenaje-a-jose-jose-en-la-maraka","status":"publish","type":"post","link":"https:\/\/www.bitacoracdmx.com\/?p=51941","title":{"rendered":"PABLO MARENTES y MARISOL SOSA como invitada especial haran homenaje a JOSE JOSE en la MARAKA"},"content":{"rendered":"<p>[fusion_builder_container hundred_percent=&#8221;no&#8221; equal_height_columns=&#8221;no&#8221; menu_anchor=&#8221;&#8221; hide_on_mobile=&#8221;small-visibility,medium-visibility,large-visibility&#8221; class=&#8221;&#8221; id=&#8221;&#8221; background_color=&#8221;&#8221; background_image=&#8221;&#8221; background_position=&#8221;center center&#8221; background_repeat=&#8221;no-repeat&#8221; fade=&#8221;no&#8221; background_parallax=&#8221;none&#8221; parallax_speed=&#8221;0.3&#8243; video_mp4=&#8221;&#8221; video_webm=&#8221;&#8221; video_ogv=&#8221;&#8221; video_url=&#8221;&#8221; video_aspect_ratio=&#8221;16:9&#8243; video_loop=&#8221;yes&#8221; video_mute=&#8221;yes&#8221; overlay_color=&#8221;&#8221; video_preview_image=&#8221;&#8221; border_size=&#8221;&#8221; border_color=&#8221;&#8221; border_style=&#8221;solid&#8221; padding_top=&#8221;&#8221; padding_bottom=&#8221;&#8221; padding_left=&#8221;&#8221; padding_right=&#8221;&#8221;][fusion_builder_row][fusion_builder_column type=&#8221;1_1&#8243; layout=&#8221;1_1&#8243; background_position=&#8221;left top&#8221; background_color=&#8221;&#8221; border_size=&#8221;&#8221; border_color=&#8221;&#8221; border_style=&#8221;solid&#8221; border_position=&#8221;all&#8221; spacing=&#8221;yes&#8221; background_image=&#8221;&#8221; background_repeat=&#8221;no-repeat&#8221; padding_top=&#8221;&#8221; padding_right=&#8221;&#8221; padding_bottom=&#8221;&#8221; padding_left=&#8221;&#8221; margin_top=&#8221;0px&#8221; margin_bottom=&#8221;0px&#8221; class=&#8221;&#8221; id=&#8221;&#8221; animation_type=&#8221;&#8221; animation_speed=&#8221;0.3&#8243; animation_direction=&#8221;left&#8221; hide_on_mobile=&#8221;small-visibility,medium-visibility,large-visibility&#8221; center_content=&#8221;no&#8221; last=&#8221;no&#8221; min_height=&#8221;&#8221; hover_type=&#8221;none&#8221; link=&#8221;&#8221;][fusion_text]<\/p>\n<p>REDACCI\u00d3N<\/p>\n<p><i>*Este show \u00fanico se llevar\u00e1 a cabo el pr\u00f3ximo S\u00e1bado 22 de Julio a partir de las nueve de la noche<\/i><\/p>\n<p><i>*Boletos a la venta en el Sistema Ticketmaster y en taquillas del inmueble<\/i><\/p>\n<p>Con la presentaci\u00f3n estelar de Marisol Sosa como invitada especial, el cantante Pablo Marentes tiene todo listo para llevar a las instalaciones de La Maraka el pr\u00f3ximo S\u00e1bado 22 de Julio a partir de las nueve de la noche un cap\u00edtulo m\u00e1s de su exitosa carrera con un emotivo homenaje y tributo a Jos\u00e9 Jos\u00e9 en lo que supone un evento \u00fanico y muy especial donde sonar\u00e1n todos los \u00e9xitos que populariz\u00f3 uno de los cantantes m\u00e1s recordados de M\u00e9xico. Los boletos ya est\u00e1n a la venta en el Sistema Ticketmaster y en taquillas del inmueble en otro show presentado por la promotora En Live.<\/p>\n<p>Con una destacada trayectoria en la m\u00fasica mexicana, Pablo Marentes ha logrado cautivar al p\u00fablico con su talento y versatilidad interpretativa. En esta ocasi\u00f3n, se sumerge en el legado musical de Jos\u00e9 Jos\u00e9 para ofrecer un tributo emocionante y lleno de sentimiento. El concierto promete ser un cap\u00edtulo m\u00e1s en la exitosa carrera de Marentes, quien ha sabido conquistar a sus seguidores con su destacada voz y su pasi\u00f3n por la m\u00fasica.<\/p>\n<p>La presencia de Marisol Sosa como invitada especial a\u00f1ade un toque especial a este homenaje. Sosa, reconocida por su talento vocal y su interpretaci\u00f3n \u00fanica, se ha ganado el respeto y la admiraci\u00f3n del p\u00fablico en la escena musical mexicana. Su participaci\u00f3n en este evento promete emocionar a los asistentes y a\u00f1adir una nueva dimensi\u00f3n a las interpretaciones de los cl\u00e1sicos de Jos\u00e9 Jos\u00e9.<\/p>\n<p>Durante la noche, se podr\u00e1n disfrutar todos los \u00e9xitos que popularizaron al gran Jos\u00e9 Jos\u00e9, cuyas canciones han dejado una huella imborrable en la historia de la m\u00fasica mexicana. Desde emblem\u00e1ticas baladas hasta ritmos m\u00e1s movidos, el repertorio abarcar\u00e1 los temas m\u00e1s queridos y reconocidos del Pr\u00edncipe de la Canci\u00f3n.<\/p>\n<p>Los boletos para este emotivo homenaje ya se encuentran a la venta tanto en el Sistema Ticketmaster como en las taquillas del inmueble. Los fan\u00e1ticos de Jos\u00e9 Jos\u00e9 y de la m\u00fasica mexicana no querr\u00e1n perderse esta oportunidad \u00fanica de revivir los momentos m\u00e1s memorables de la carrera del ic\u00f3nico cantante a trav\u00e9s de la interpretaci\u00f3n impecable de Pablo Marentes y la destacada participaci\u00f3n de Marisol Sosa.<\/p>\n<p>Este evento es presentado por la reconocida promotora En Live, reconocida por llevar a cabo espect\u00e1culos de alta calidad que celebran la m\u00fasica mexicana y sus grandes exponentes. Con la combinaci\u00f3n de talento, pasi\u00f3n y el legado musical de Jos\u00e9 Jos\u00e9, este homenaje promete ser una noche inolvidable para todos los asistentes.<\/p>\n<p>El pr\u00f3ximo s\u00e1bado 22 de julio, La Maraka se convertir\u00e1 en el escenario perfecto para honrar la memoria y el legado de Jos\u00e9 Jos\u00e9 a trav\u00e9s de la m\u00fasica y las voces de Pablo Marentes y Marisol Sosa. No te pierdas esta oportunidad \u00fanica de revivir los cl\u00e1sicos atemporales de uno de los artistas m\u00e1s queridos de M\u00e9xico en un evento que promete emocionar y conmover a todos los presentes.<\/p>\n<div dir=\"auto\"><a class=\"x1i10hfl xjbqb8w x6umtig x1b1mbwd xaqea5y xav7gou x9f619 x1ypdohk xt0psk2 xe8uvvx xdj266r x11i5rnm xat24cr x1mh8g0r xexx8yu x4uap5 x18d9i69 xkhd6sd x16tdsg8 x1hl2dhg xggy1nq x1a2a7pz xt0b8zv x1qq9wsj xo1l8bm\" tabindex=\"0\" role=\"link\" href=\"https:\/\/www.facebook.com\/hashtag\/pablomarentes?__eep__=6&amp;__cft__[0]=AZWzVS78QvGVSqJ9uv814Ubc_HkkycBoQ0KrgzsDKPyQVkkXNRWuZ-feAkK1ZXRIeJu3rpS9-uQk0LqQtxLv98AcFaewbUXUubbitXAnr0dqFDex16pDdcMMXowp-TwA-Ro&amp;__tn__=*NK-R\">#pablomarentes<\/a><\/div>\n<div dir=\"auto\"><a class=\"x1i10hfl xjbqb8w x6umtig x1b1mbwd xaqea5y xav7gou x9f619 x1ypdohk xt0psk2 xe8uvvx xdj266r x11i5rnm xat24cr x1mh8g0r xexx8yu x4uap5 x18d9i69 xkhd6sd x16tdsg8 x1hl2dhg xggy1nq x1a2a7pz xt0b8zv x1qq9wsj xo1l8bm\" tabindex=\"0\" role=\"link\" href=\"https:\/\/www.facebook.com\/hashtag\/marisolsosa?__eep__=6&amp;__cft__[0]=AZWzVS78QvGVSqJ9uv814Ubc_HkkycBoQ0KrgzsDKPyQVkkXNRWuZ-feAkK1ZXRIeJu3rpS9-uQk0LqQtxLv98AcFaewbUXUubbitXAnr0dqFDex16pDdcMMXowp-TwA-Ro&amp;__tn__=*NK-R\">#marisolsosa<\/a><\/div>\n<div dir=\"auto\"><a class=\"x1i10hfl xjbqb8w x6umtig x1b1mbwd xaqea5y xav7gou x9f619 x1ypdohk xt0psk2 xe8uvvx xdj266r x11i5rnm xat24cr x1mh8g0r xexx8yu x4uap5 x18d9i69 xkhd6sd x16tdsg8 x1hl2dhg xggy1nq x1a2a7pz xt0b8zv x1qq9wsj xo1l8bm\" tabindex=\"0\" role=\"link\" href=\"https:\/\/www.facebook.com\/hashtag\/lamaraka?__eep__=6&amp;__cft__[0]=AZWzVS78QvGVSqJ9uv814Ubc_HkkycBoQ0KrgzsDKPyQVkkXNRWuZ-feAkK1ZXRIeJu3rpS9-uQk0LqQtxLv98AcFaewbUXUubbitXAnr0dqFDex16pDdcMMXowp-TwA-Ro&amp;__tn__=*NK-R\">#LaMaraka<\/a><\/div>\n<div dir=\"auto\"><a class=\"x1i10hfl xjbqb8w x6umtig x1b1mbwd xaqea5y xav7gou x9f619 x1ypdohk xt0psk2 xe8uvvx xdj266r x11i5rnm xat24cr x1mh8g0r xexx8yu x4uap5 x18d9i69 xkhd6sd x16tdsg8 x1hl2dhg xggy1nq x1a2a7pz xt0b8zv x1qq9wsj xo1l8bm\" tabindex=\"0\" role=\"link\" href=\"https:\/\/www.facebook.com\/hashtag\/bitacoracdmx?__eep__=6&amp;__cft__[0]=AZWzVS78QvGVSqJ9uv814Ubc_HkkycBoQ0KrgzsDKPyQVkkXNRWuZ-feAkK1ZXRIeJu3rpS9-uQk0LqQtxLv98AcFaewbUXUubbitXAnr0dqFDex16pDdcMMXowp-TwA-Ro&amp;__tn__=*NK-R\">#bitacoracdmx<\/a><\/div>\n<p>[\/fusion_text][fusion_imageframe image_id=&#8221;51942|medium&#8221; max_width=&#8221;&#8221; style_type=&#8221;&#8221; blur=&#8221;&#8221; stylecolor=&#8221;&#8221; hover_type=&#8221;none&#8221; bordersize=&#8221;&#8221; bordercolor=&#8221;&#8221; borderradius=&#8221;&#8221; align=&#8221;none&#8221; lightbox=&#8221;no&#8221; gallery_id=&#8221;&#8221; lightbox_image=&#8221;&#8221; lightbox_image_id=&#8221;&#8221; alt=&#8221;&#8221; link=&#8221;&#8221; linktarget=&#8221;_self&#8221; hide_on_mobile=&#8221;small-visibility,medium-visibility,large-visibility&#8221; class=&#8221;&#8221; id=&#8221;&#8221; animation_type=&#8221;&#8221; animation_direction=&#8221;left&#8221; animation_speed=&#8221;0.3&#8243; animation_offset=&#8221;&#8221;]https:\/\/www.bitacoracdmx.com\/wp-content\/uploads\/2023\/07\/descargar-2023-07-11T212110.944-232&#215;300.png[\/fusion_imageframe][\/fusion_builder_column][\/fusion_builder_row][\/fusion_builder_container]<\/p>\n","protected":false},"excerpt":{"rendered":"<p>[fusion_builder_container hundred_percent=&#8221;no&#8221; equal_height_columns=&#8221;no&#8221; menu_anchor=&#8221;&#8221; hide_on_mobile=&#8221;small-visibility,medium-visibility,large-visibility&#8221; class=&#8221;&#8221; id=&#8221;&#8221; background_color=&#8221;&#8221; background_image=&#8221;&#8221; background_position=&#8221;center center&#8221; background_repeat=&#8221;no-repeat&#8221; fade=&#8221;no&#8221; background_parallax=&#8221;none&#8221; parallax_speed=&#8221;0.3&#8243; video_mp4=&#8221;&#8221; video_webm=&#8221;&#8221; video_ogv=&#8221;&#8221; video_url=&#8221;&#8221; video_aspect_ratio=&#8221;16:9&#8243; video_loop=&#8221;yes&#8221; video_mute=&#8221;yes&#8221; overlay_color=&#8221;&#8221; video_preview_image=&#8221;&#8221; border_size=&#8221;&#8221; border_color=&#8221;&#8221; border_style=&#8221;solid&#8221; padding_top=&#8221;&#8221; padding_bottom=&#8221;&#8221; padding_left=&#8221;&#8221; padding_right=&#8221;&#8221;][fusion_builder_row][fusion_builder_column type=&#8221;1_1&#8243; layout=&#8221;1_1&#8243; background_position=&#8221;left top&#8221; background_color=&#8221;&#8221; border_size=&#8221;&#8221; border_color=&#8221;&#8221; border_style=&#8221;solid&#8221; border_position=&#8221;all&#8221; spacing=&#8221;yes&#8221; background_image=&#8221;&#8221; background_repeat=&#8221;no-repeat&#8221; padding_top=&#8221;&#8221; padding_right=&#8221;&#8221; padding_bottom=&#8221;&#8221; padding_left=&#8221;&#8221; margin_top=&#8221;0px&#8221; margin_bottom=&#8221;0px&#8221; class=&#8221;&#8221; id=&#8221;&#8221; animation_type=&#8221;&#8221; animation_speed=&#8221;0.3&#8243; animation_direction=&#8221;left&#8221; hide_on_mobile=&#8221;small-visibility,medium-visibility,large-visibility&#8221; center_content=&#8221;no&#8221; last=&#8221;no&#8221; min_height=&#8221;&#8221; hover_type=&#8221;none&#8221; link=&#8221;&#8221;][fusion_text] REDACCI\u00d3N *Este show \u00fanico se llevar\u00e1 a cabo el pr\u00f3ximo S\u00e1bado 22 de Julio a partir de las nueve de la noche *Boletos a la venta en el Sistema Ticketmaster y en taquillas del inmueble Con la presentaci\u00f3n estelar de [&hellip;]<\/p>\n","protected":false},"author":1,"featured_media":51942,"comment_status":"open","ping_status":"open","sticky":false,"template":"","format":"standard","meta":{"footnotes":""},"categories":[9,11],"tags":[],"_links":{"self":[{"href":"https:\/\/www.bitacoracdmx.com\/index.php?rest_route=\/wp\/v2\/posts\/51941"}],"collection":[{"href":"https:\/\/www.bitacoracdmx.com\/index.php?rest_route=\/wp\/v2\/posts"}],"about":[{"href":"https:\/\/www.bitacoracdmx.com\/index.php?rest_route=\/wp\/v2\/types\/post"}],"author":[{"embeddable":true,"href":"https:\/\/www.bitacoracdmx.com\/index.php?rest_route=\/wp\/v2\/users\/1"}],"replies":[{"embeddable":true,"href":"https:\/\/www.bitacoracdmx.com\/index.php?rest_route=%2Fwp%2Fv2%2Fcomments&post=51941"}],"version-history":[{"count":1,"href":"https:\/\/www.bitacoracdmx.com\/index.php?rest_route=\/wp\/v2\/posts\/51941\/revisions"}],"predecessor-version":[{"id":51943,"href":"https:\/\/www.bitacoracdmx.com\/index.php?rest_route=\/wp\/v2\/posts\/51941\/revisions\/51943"}],"wp:featuredmedia":[{"embeddable":true,"href":"https:\/\/www.bitacoracdmx.com\/index.php?rest_route=\/wp\/v2\/media\/51942"}],"wp:attachment":[{"href":"https:\/\/www.bitacoracdmx.com\/index.php?rest_route=%2Fwp%2Fv2%2Fmedia&parent=51941"}],"wp:term":[{"taxonomy":"category","embeddable":true,"href":"https:\/\/www.bitacoracdmx.com\/index.php?rest_route=%2Fwp%2Fv2%2Fcategories&post=51941"},{"taxonomy":"post_tag","embeddable":true,"href":"https:\/\/www.bitacoracdmx.com\/index.php?rest_route=%2Fwp%2Fv2%2Ftags&post=51941"}],"curies":[{"name":"wp","href":"https:\/\/api.w.org\/{rel}","templated":true}]}}