{"id":52347,"date":"2023-08-14T02:35:53","date_gmt":"2023-08-14T02:35:53","guid":{"rendered":"https:\/\/www.bitacoracdmx.com\/?p=52347"},"modified":"2023-08-14T02:35:53","modified_gmt":"2023-08-14T02:35:53","slug":"pato-tello-nos-muestra-su-album-de-fotos-y-canciones","status":"publish","type":"post","link":"https:\/\/www.bitacoracdmx.com\/?p=52347","title":{"rendered":"PATO TELLO nos muestra su \u00e1lbum \u201cDE FOTOS Y CANCIONES"},"content":{"rendered":"<p>[fusion_builder_container hundred_percent=&#8221;no&#8221; equal_height_columns=&#8221;no&#8221; menu_anchor=&#8221;&#8221; hide_on_mobile=&#8221;small-visibility,medium-visibility,large-visibility&#8221; class=&#8221;&#8221; id=&#8221;&#8221; background_color=&#8221;&#8221; background_image=&#8221;&#8221; background_position=&#8221;center center&#8221; background_repeat=&#8221;no-repeat&#8221; fade=&#8221;no&#8221; background_parallax=&#8221;none&#8221; parallax_speed=&#8221;0.3&#8243; video_mp4=&#8221;&#8221; video_webm=&#8221;&#8221; video_ogv=&#8221;&#8221; video_url=&#8221;&#8221; video_aspect_ratio=&#8221;16:9&#8243; video_loop=&#8221;yes&#8221; video_mute=&#8221;yes&#8221; overlay_color=&#8221;&#8221; video_preview_image=&#8221;&#8221; border_size=&#8221;&#8221; border_color=&#8221;&#8221; border_style=&#8221;solid&#8221; padding_top=&#8221;&#8221; padding_bottom=&#8221;&#8221; padding_left=&#8221;&#8221; padding_right=&#8221;&#8221;][fusion_builder_row][fusion_builder_column type=&#8221;1_1&#8243; layout=&#8221;1_1&#8243; background_position=&#8221;left top&#8221; background_color=&#8221;&#8221; border_size=&#8221;&#8221; border_color=&#8221;&#8221; border_style=&#8221;solid&#8221; border_position=&#8221;all&#8221; spacing=&#8221;yes&#8221; background_image=&#8221;&#8221; background_repeat=&#8221;no-repeat&#8221; padding_top=&#8221;&#8221; padding_right=&#8221;&#8221; padding_bottom=&#8221;&#8221; padding_left=&#8221;&#8221; margin_top=&#8221;0px&#8221; margin_bottom=&#8221;0px&#8221; class=&#8221;&#8221; id=&#8221;&#8221; animation_type=&#8221;&#8221; animation_speed=&#8221;0.3&#8243; animation_direction=&#8221;left&#8221; hide_on_mobile=&#8221;small-visibility,medium-visibility,large-visibility&#8221; center_content=&#8221;no&#8221; last=&#8221;no&#8221; min_height=&#8221;&#8221; hover_type=&#8221;none&#8221; link=&#8221;&#8221;][fusion_text]<\/p>\n<p>REDACCI\u00d3N<\/p>\n<p>El cantautor mexicano\u00a0<strong>PATO TELLO<\/strong>\u00a0presenta su primer \u00e1lbum titulado\u00a0<strong>\u201cDE FOTOS Y CANCIONES\u201d\u00a0<\/strong>una recopilaci\u00f3n de 6 temas que hacen alusi\u00f3n a un \u00e1lbum de fotos f\u00edsico que recorre cada momento en la vida rom\u00e1ntica de cada persona. Este EP estar\u00e1 disponible a partir del 11 de agosto en todas las plataformas digitales.<br aria-hidden=\"true\" \/><br aria-hidden=\"true\" \/><strong>\u201cDE FOTOS Y CANCIONES\u201d<\/strong>, es una pieza auditiva que hace un recorrido por las diferentes etapas rom\u00e1nticas de una persona, el cual hace referencia a un \u00e1lbum de recuerdos que va formando historias y entre sus p\u00e1ginas se va escuchando una canci\u00f3n seg\u00fan el momento que se viva para as\u00ed crear el soundtrack de tu vida.<\/p>\n<p>El \u00e1lbum cuenta con 6 temas, \u201cNormalidad\u201d, \u201cEspectacular\u201d, \u201cMis Cosas\u201d, \u201cMiedo a las Alturas\u201d, \u201cA medias\u201d y \u201cEuforia\u201d; en donde podemos escuchar una serie de momentos como el amor, la decepci\u00f3n, la monoton\u00eda, despecho e ilusi\u00f3n, entre otros. La base de estos temas es el pop en sus diferentes facetas donde se pueden escuchar en cada canci\u00f3n una historia personal del cantautor pero tambi\u00e9n una empat\u00eda con cada uno de sus temas.<br aria-hidden=\"true\" \/><br aria-hidden=\"true\" \/><strong>\u201cPATO TELLO\u201d<\/strong>\u00a0ha tenido un gran recibimiento con su m\u00fasica, en estos \u00faltimos meses ha estado trabajando en su m\u00fasica para convertirse en uno de los cantautores m\u00e1s importantes dentro del g\u00e9nero pop, El pasado 9 de agosto present\u00f3 su \u00e1lbum ante medios de comunicaci\u00f3n, artistas invitados, influencers y familiares que se deleitaron con el gran talento del cantante, donde logr\u00f3 cautivar a 100 personas que presenciaron el show, donde vimos una colaboraci\u00f3n con el cantautor y productor SAAK que provoc\u00f3 la euforia de los asistentes.<\/p>\n<p>El cantautor ha logrado posicionarse en algunas playlist importantes en la plataforma de spotify, adem\u00e1s de ser invitado por grandes marcas a eventos que lo han posicionado en la industria mexicana.<\/p>\n<div dir=\"auto\"><a class=\"x1i10hfl xjbqb8w x6umtig x1b1mbwd xaqea5y xav7gou x9f619 x1ypdohk xt0psk2 xe8uvvx xdj266r x11i5rnm xat24cr x1mh8g0r xexx8yu x4uap5 x18d9i69 xkhd6sd x16tdsg8 x1hl2dhg xggy1nq x1a2a7pz xt0b8zv x1qq9wsj xo1l8bm\" tabindex=\"0\" role=\"link\" href=\"https:\/\/www.facebook.com\/hashtag\/patotello?__eep__=6&amp;__cft__[0]=AZW1AeVivhJRNRHRAYnjcE8IJvREYNKDVnsAA17OY8VT4IxeLewnwjIZSBQ6CM2rpCCVlcWBCKy7LQ7QY9m0mSWhajN1M9jssvTM2JC27-oeKRz0rJ19Dfma9nBF8Gcw6-c&amp;__tn__=*NK-R\">#patotello<\/a><\/div>\n<div dir=\"auto\"><a class=\"x1i10hfl xjbqb8w x6umtig x1b1mbwd xaqea5y xav7gou x9f619 x1ypdohk xt0psk2 xe8uvvx xdj266r x11i5rnm xat24cr x1mh8g0r xexx8yu x4uap5 x18d9i69 xkhd6sd x16tdsg8 x1hl2dhg xggy1nq x1a2a7pz xt0b8zv x1qq9wsj xo1l8bm\" tabindex=\"0\" role=\"link\" href=\"https:\/\/www.facebook.com\/hashtag\/defotosycanciones?__eep__=6&amp;__cft__[0]=AZW1AeVivhJRNRHRAYnjcE8IJvREYNKDVnsAA17OY8VT4IxeLewnwjIZSBQ6CM2rpCCVlcWBCKy7LQ7QY9m0mSWhajN1M9jssvTM2JC27-oeKRz0rJ19Dfma9nBF8Gcw6-c&amp;__tn__=*NK-R\">#defotosycanciones<\/a><\/div>\n<div dir=\"auto\"><a class=\"x1i10hfl xjbqb8w x6umtig x1b1mbwd xaqea5y xav7gou x9f619 x1ypdohk xt0psk2 xe8uvvx xdj266r x11i5rnm xat24cr x1mh8g0r xexx8yu x4uap5 x18d9i69 xkhd6sd x16tdsg8 x1hl2dhg xggy1nq x1a2a7pz xt0b8zv x1qq9wsj xo1l8bm\" tabindex=\"0\" role=\"link\" href=\"https:\/\/www.facebook.com\/hashtag\/lanzamientomusical?__eep__=6&amp;__cft__[0]=AZW1AeVivhJRNRHRAYnjcE8IJvREYNKDVnsAA17OY8VT4IxeLewnwjIZSBQ6CM2rpCCVlcWBCKy7LQ7QY9m0mSWhajN1M9jssvTM2JC27-oeKRz0rJ19Dfma9nBF8Gcw6-c&amp;__tn__=*NK-R\">#LanzamientoMusical<\/a><\/div>\n<div dir=\"auto\"><a class=\"x1i10hfl xjbqb8w x6umtig x1b1mbwd xaqea5y xav7gou x9f619 x1ypdohk xt0psk2 xe8uvvx xdj266r x11i5rnm xat24cr x1mh8g0r xexx8yu x4uap5 x18d9i69 xkhd6sd x16tdsg8 x1hl2dhg xggy1nq x1a2a7pz xt0b8zv x1qq9wsj xo1l8bm\" tabindex=\"0\" role=\"link\" href=\"https:\/\/www.facebook.com\/hashtag\/bitacoracdmx?__eep__=6&amp;__cft__[0]=AZW1AeVivhJRNRHRAYnjcE8IJvREYNKDVnsAA17OY8VT4IxeLewnwjIZSBQ6CM2rpCCVlcWBCKy7LQ7QY9m0mSWhajN1M9jssvTM2JC27-oeKRz0rJ19Dfma9nBF8Gcw6-c&amp;__tn__=*NK-R\">#bitacoracdmx<\/a><\/div>\n<p>[\/fusion_text][fusion_imageframe image_id=&#8221;52348|medium&#8221; max_width=&#8221;&#8221; style_type=&#8221;&#8221; blur=&#8221;&#8221; stylecolor=&#8221;&#8221; hover_type=&#8221;none&#8221; bordersize=&#8221;&#8221; bordercolor=&#8221;&#8221; borderradius=&#8221;&#8221; align=&#8221;none&#8221; lightbox=&#8221;no&#8221; gallery_id=&#8221;&#8221; lightbox_image=&#8221;&#8221; lightbox_image_id=&#8221;&#8221; alt=&#8221;&#8221; link=&#8221;&#8221; linktarget=&#8221;_self&#8221; hide_on_mobile=&#8221;small-visibility,medium-visibility,large-visibility&#8221; class=&#8221;&#8221; id=&#8221;&#8221; animation_type=&#8221;&#8221; animation_direction=&#8221;left&#8221; animation_speed=&#8221;0.3&#8243; animation_offset=&#8221;&#8221;]https:\/\/www.bitacoracdmx.com\/wp-content\/uploads\/2023\/08\/2dd8e3d0-2060-1a14-274a-b04425468728-300&#215;300.jpg[\/fusion_imageframe][\/fusion_builder_column][\/fusion_builder_row][\/fusion_builder_container]<\/p>\n","protected":false},"excerpt":{"rendered":"<p>[fusion_builder_container hundred_percent=&#8221;no&#8221; equal_height_columns=&#8221;no&#8221; menu_anchor=&#8221;&#8221; hide_on_mobile=&#8221;small-visibility,medium-visibility,large-visibility&#8221; class=&#8221;&#8221; id=&#8221;&#8221; background_color=&#8221;&#8221; background_image=&#8221;&#8221; background_position=&#8221;center center&#8221; background_repeat=&#8221;no-repeat&#8221; fade=&#8221;no&#8221; background_parallax=&#8221;none&#8221; parallax_speed=&#8221;0.3&#8243; video_mp4=&#8221;&#8221; video_webm=&#8221;&#8221; video_ogv=&#8221;&#8221; video_url=&#8221;&#8221; video_aspect_ratio=&#8221;16:9&#8243; video_loop=&#8221;yes&#8221; video_mute=&#8221;yes&#8221; overlay_color=&#8221;&#8221; video_preview_image=&#8221;&#8221; border_size=&#8221;&#8221; border_color=&#8221;&#8221; border_style=&#8221;solid&#8221; padding_top=&#8221;&#8221; padding_bottom=&#8221;&#8221; padding_left=&#8221;&#8221; padding_right=&#8221;&#8221;][fusion_builder_row][fusion_builder_column type=&#8221;1_1&#8243; layout=&#8221;1_1&#8243; background_position=&#8221;left top&#8221; background_color=&#8221;&#8221; border_size=&#8221;&#8221; border_color=&#8221;&#8221; border_style=&#8221;solid&#8221; border_position=&#8221;all&#8221; spacing=&#8221;yes&#8221; background_image=&#8221;&#8221; background_repeat=&#8221;no-repeat&#8221; padding_top=&#8221;&#8221; padding_right=&#8221;&#8221; padding_bottom=&#8221;&#8221; padding_left=&#8221;&#8221; margin_top=&#8221;0px&#8221; margin_bottom=&#8221;0px&#8221; class=&#8221;&#8221; id=&#8221;&#8221; animation_type=&#8221;&#8221; animation_speed=&#8221;0.3&#8243; animation_direction=&#8221;left&#8221; hide_on_mobile=&#8221;small-visibility,medium-visibility,large-visibility&#8221; center_content=&#8221;no&#8221; last=&#8221;no&#8221; min_height=&#8221;&#8221; hover_type=&#8221;none&#8221; link=&#8221;&#8221;][fusion_text] REDACCI\u00d3N El cantautor mexicano\u00a0PATO TELLO\u00a0presenta su primer \u00e1lbum titulado\u00a0\u201cDE FOTOS Y CANCIONES\u201d\u00a0una recopilaci\u00f3n de 6 temas que hacen alusi\u00f3n a un \u00e1lbum de fotos f\u00edsico que recorre cada momento en la vida rom\u00e1ntica de cada persona. Este EP estar\u00e1 disponible [&hellip;]<\/p>\n","protected":false},"author":1,"featured_media":52348,"comment_status":"open","ping_status":"open","sticky":false,"template":"","format":"standard","meta":{"footnotes":""},"categories":[9,11],"tags":[],"_links":{"self":[{"href":"https:\/\/www.bitacoracdmx.com\/index.php?rest_route=\/wp\/v2\/posts\/52347"}],"collection":[{"href":"https:\/\/www.bitacoracdmx.com\/index.php?rest_route=\/wp\/v2\/posts"}],"about":[{"href":"https:\/\/www.bitacoracdmx.com\/index.php?rest_route=\/wp\/v2\/types\/post"}],"author":[{"embeddable":true,"href":"https:\/\/www.bitacoracdmx.com\/index.php?rest_route=\/wp\/v2\/users\/1"}],"replies":[{"embeddable":true,"href":"https:\/\/www.bitacoracdmx.com\/index.php?rest_route=%2Fwp%2Fv2%2Fcomments&post=52347"}],"version-history":[{"count":1,"href":"https:\/\/www.bitacoracdmx.com\/index.php?rest_route=\/wp\/v2\/posts\/52347\/revisions"}],"predecessor-version":[{"id":52349,"href":"https:\/\/www.bitacoracdmx.com\/index.php?rest_route=\/wp\/v2\/posts\/52347\/revisions\/52349"}],"wp:featuredmedia":[{"embeddable":true,"href":"https:\/\/www.bitacoracdmx.com\/index.php?rest_route=\/wp\/v2\/media\/52348"}],"wp:attachment":[{"href":"https:\/\/www.bitacoracdmx.com\/index.php?rest_route=%2Fwp%2Fv2%2Fmedia&parent=52347"}],"wp:term":[{"taxonomy":"category","embeddable":true,"href":"https:\/\/www.bitacoracdmx.com\/index.php?rest_route=%2Fwp%2Fv2%2Fcategories&post=52347"},{"taxonomy":"post_tag","embeddable":true,"href":"https:\/\/www.bitacoracdmx.com\/index.php?rest_route=%2Fwp%2Fv2%2Ftags&post=52347"}],"curies":[{"name":"wp","href":"https:\/\/api.w.org\/{rel}","templated":true}]}}