{"id":52356,"date":"2023-08-14T03:09:31","date_gmt":"2023-08-14T03:09:31","guid":{"rendered":"https:\/\/www.bitacoracdmx.com\/?p=52356"},"modified":"2023-08-14T03:09:31","modified_gmt":"2023-08-14T03:09:31","slug":"el-centro-cultural-helenico-anuncia-los-resultados-de-la-convocatoria-para-integrar-su-programacion-artistica-durante-2024","status":"publish","type":"post","link":"https:\/\/www.bitacoracdmx.com\/?p=52356","title":{"rendered":"El Centro Cultural Hel\u00e9nico anuncia los resultados de la convocatoria para integrar su programaci\u00f3n art\u00edstica durante 2024"},"content":{"rendered":"<p>[fusion_builder_container hundred_percent=&#8221;no&#8221; equal_height_columns=&#8221;no&#8221; menu_anchor=&#8221;&#8221; hide_on_mobile=&#8221;small-visibility,medium-visibility,large-visibility&#8221; class=&#8221;&#8221; id=&#8221;&#8221; background_color=&#8221;&#8221; background_image=&#8221;&#8221; background_position=&#8221;center center&#8221; background_repeat=&#8221;no-repeat&#8221; fade=&#8221;no&#8221; background_parallax=&#8221;none&#8221; parallax_speed=&#8221;0.3&#8243; video_mp4=&#8221;&#8221; video_webm=&#8221;&#8221; video_ogv=&#8221;&#8221; video_url=&#8221;&#8221; video_aspect_ratio=&#8221;16:9&#8243; video_loop=&#8221;yes&#8221; video_mute=&#8221;yes&#8221; overlay_color=&#8221;&#8221; video_preview_image=&#8221;&#8221; border_size=&#8221;&#8221; border_color=&#8221;&#8221; border_style=&#8221;solid&#8221; padding_top=&#8221;&#8221; padding_bottom=&#8221;&#8221; padding_left=&#8221;&#8221; padding_right=&#8221;&#8221;][fusion_builder_row][fusion_builder_column type=&#8221;1_1&#8243; layout=&#8221;1_1&#8243; background_position=&#8221;left top&#8221; background_color=&#8221;&#8221; border_size=&#8221;&#8221; border_color=&#8221;&#8221; border_style=&#8221;solid&#8221; border_position=&#8221;all&#8221; spacing=&#8221;yes&#8221; background_image=&#8221;&#8221; background_repeat=&#8221;no-repeat&#8221; padding_top=&#8221;&#8221; padding_right=&#8221;&#8221; padding_bottom=&#8221;&#8221; padding_left=&#8221;&#8221; margin_top=&#8221;0px&#8221; margin_bottom=&#8221;0px&#8221; class=&#8221;&#8221; id=&#8221;&#8221; animation_type=&#8221;&#8221; animation_speed=&#8221;0.3&#8243; animation_direction=&#8221;left&#8221; hide_on_mobile=&#8221;small-visibility,medium-visibility,large-visibility&#8221; center_content=&#8221;no&#8221; last=&#8221;no&#8221; min_height=&#8221;&#8221; hover_type=&#8221;none&#8221; link=&#8221;&#8221;][fusion_text]<\/p>\n<p>REDACCI\u00d3N<\/p>\n<p>\u2022\u00a0Se postularon 150 proyectos de puesta en escena,<br aria-hidden=\"true\" \/>de los cuales fueron seleccionados 35<br aria-hidden=\"true\" \/>\u2022 Se programar\u00e1n tres recintos el Teatro Hel\u00e9nico,<br aria-hidden=\"true\" \/>el Foro La Gruta y El Foro 4 Espacio Alternativo<\/p>\n<table class=\"x_mcnTextBlock\" border=\"0\" width=\"100%\" cellspacing=\"0\" cellpadding=\"0\">\n<tbody class=\"x_mcnTextBlockOuter\">\n<tr>\n<td class=\"x_mcnTextBlockInner\" valign=\"top\">\n<table class=\"x_mcnTextContentContainer\" border=\"0\" width=\"100%\" cellspacing=\"0\" cellpadding=\"0\" align=\"left\">\n<tbody>\n<tr>\n<td class=\"x_mcnTextContent\" valign=\"top\">La Secretar\u00eda de Cultura del Gobierno de M\u00e9xico, a trav\u00e9s del Centro Cultural Hel\u00e9nico, anuncia los resultados de la convocatoria para integrar su programaci\u00f3n art\u00edstica en 2024, realizada con la finalidad de seguir impulsando la promoci\u00f3n y difusi\u00f3n de las artes esc\u00e9nicas en M\u00e9xico.\u00a0 \u00a0\u00a0<br aria-hidden=\"true\" \/>\u00a0<br aria-hidden=\"true\" \/>Se trata de una convocatoria dirigida a artistas, colectivos, compa\u00f1\u00edas o grupos esc\u00e9nicos profesionales, as\u00ed como a personas f\u00edsicas o morales dedicadas a la producci\u00f3n teatral que regresa al Hel\u00e9nico luego de un rezago en la programaci\u00f3n, derivado del cese de actividades a causa de la pandemia mundial por COVID-19.<br aria-hidden=\"true\" \/>\u00a0<br aria-hidden=\"true\" \/>En esta edici\u00f3n, los recintos que se programar\u00e1n son el Teatro Hel\u00e9nico, el Foro La Gruta y el Foro 4 Espacio Alternativo, de enero a diciembre de 2024, bajo tres l\u00edneas tem\u00e1ticas: teatro para ni\u00f1as, ni\u00f1os, adolescentes y j\u00f3venes audiencias; teatro para adultos y teatro hecho por compa\u00f1\u00edas emergentes. \u00a0\u00a0<br aria-hidden=\"true\" \/>\u00a0<br aria-hidden=\"true\" \/>Cabe mencionar que en esta ocasi\u00f3n fueron incluidas compa\u00f1\u00edas de reciente creaci\u00f3n, adem\u00e1s de creadores con trayectoria, con el fin de que el p\u00fablico tenga acceso a una cartelera abierta a propuestas esc\u00e9nicas diversas.<br aria-hidden=\"true\" \/>\u00a0<br aria-hidden=\"true\" \/>A continuaci\u00f3n, se enlistan las puestas que el p\u00fablico podr\u00e1 disfrutar durante 2024:<\/p>\n<ol>\n<li><strong>T<\/strong><strong>eatro para ni\u00f1as, ni\u00f1os y j\u00f3venes audiencias:<\/strong><\/li>\n<\/ol>\n<div><strong><span dir=\"RTL\">\u0660<\/span><\/strong><strong>Teatro Hel\u00e9nico<\/strong><strong><span dir=\"RTL\">\u0660<\/span><\/strong><\/div>\n<ul>\n<li><strong><em>\u00bfPuedes verme? \u2022\u00a0<\/em><\/strong>Compa\u00f1\u00eda productora Pu\u00f1o de Tierra S.C. Valentina Sierra B\u00e1rcena<\/li>\n<li><strong><em>El pozo de los mil demonios \u2022\u00a0<\/em><\/strong>Mar\u00eda de Lourdes Gonz\u00e1lez Dom\u00ednguez<\/li>\n<li><strong>\u00bfQu\u00e9 tan arriba es arriba? \u2022<\/strong>\u00a0Linda Gilary Negrete \u00c1lvarez<\/li>\n<li><strong><em>\u00bfQu\u00e9 guardas en tu mochila? \u2022\u00a0<\/em><\/strong>Mudita producciones S.A. de C.V. Luis Israel Paz Salvador<\/li>\n<li><strong><em>Biograf\u00eda pintada de un circo \u2022\u00a0<\/em><\/strong>Tr\u00e1nsito Cinco Artes Esc\u00e9nicas S.C. Jessica Laura Gonz\u00e1lez L\u00f3pez<\/li>\n<\/ul>\n<div><strong><span dir=\"RTL\">\u0660<\/span><\/strong><strong>Foro La Gruta<\/strong><strong><span dir=\"RTL\">\u0660<\/span><\/strong><\/div>\n<ul>\n<li><strong><em>Mayo \u2022\u00a0<\/em><\/strong>Bla Bla Bla Contenidos, S.C. Jos\u00e9 Isaac Nava Romero<\/li>\n<li><strong><em>La isla de los nahuales \u2022\u00a0<\/em><\/strong>Gabriel Rojas Ni\u00f1o<\/li>\n<li><strong><em>El d\u00eda en que las estrellas dejaron de brillar \u2022\u00a0<\/em><\/strong>Patricia Mar\u00eda Soto Castro<\/li>\n<li><strong><em>Oppa \u2022\u00a0<\/em><\/strong>Patricia Mart\u00ednez Pedreguera<\/li>\n<li><strong><em>Isla papalotes o la historia de cuando quise abrazar un ave salvaje \u2022\u00a0<\/em><\/strong>Paulina Consuelo Hern\u00e1ndez Ojeda<\/li>\n<\/ul>\n<ol>\n<li value=\"2\"><strong>T<\/strong><strong>eatro para adultos:<\/strong><\/li>\n<\/ol>\n<div><strong><span dir=\"RTL\">\u0660<\/span><\/strong><strong>Teatro Hel\u00e9nico<\/strong><strong><span dir=\"RTL\">\u0660<\/span><\/strong><\/div>\n<ul>\n<li><strong><em>Del conejo a la tierra \u2022\u00a0<\/em><\/strong>Samuel Alejandro Sosa Derat<\/li>\n<li><strong><em>Panorama desde el puente \u2022\u00a0<\/em><\/strong>Sociedad Art\u00edstica Sinaloense, A.C. Leonor Quijada Franco<\/li>\n<li><strong><em>Gaspar y Violeta \u2022\u00a0<\/em><\/strong>Sergio Felipe L\u00f3pez Vigueras<\/li>\n<li><strong><em>La prueba \u2022\u00a0<\/em><\/strong>Regina Mendoza Bustamante<\/li>\n<li><strong><em>Variaciones Schr\u00f6dinger \u2022\u00a0<\/em><\/strong>C\u00e9sar Ra\u00fal Chagolla Santill\u00e1n<\/li>\n<li><strong><em>Errantes &#8211; viaje a la memoria \u2022\u00a0<\/em><\/strong>Gilberto Gonz\u00e1lez Guerra<\/li>\n<\/ul>\n<div><strong><span dir=\"RTL\">\u0660<\/span><\/strong><strong>Foro La Gruta<\/strong><strong><span dir=\"RTL\">\u0660<\/span><\/strong><\/div>\n<ul>\n<li><strong><em>Apuntes sobre el deterioro de mi madre \u2022\u00a0<\/em><\/strong>Por Piedad Teatro producciones. Ana Lorena Erdely Graham<\/li>\n<li><strong><em>Abras\/zarte \u2022\u00a0<\/em><\/strong>Mar\u00eda Concepci\u00f3n Arroyo Mart\u00ednez (Natalia Traven)<\/li>\n<li><strong>Hasta luego \u2022\u00a0<\/strong>Compa\u00f1\u00eda Los Endebles. Boris Schoemann Zenoni<\/li>\n<li><strong><em>El amarillo sol de tus cabellos largos \u2022\u00a0<\/em><\/strong>Edgar Manuel Valadez Valadez<\/li>\n<li><strong><em>Sin permiso fuera de casa \u2022\u00a0<\/em><\/strong>Ra\u00fal Morquecho Somera<\/li>\n<li><strong><em>Fin de partida \u2022\u00a0<\/em><\/strong>Compa\u00f1\u00eda de Teatro El Ghetto A.C. Agust\u00edn Manuel Meza V\u00e1zquez<\/li>\n<li><strong><em>Flores negras del destino nos aparta \u2022\u00a0<\/em><\/strong>Jos\u00e9 Juan S\u00e1nchez Aguilar<\/li>\n<li><strong><em>Yo luch\u00e9 contra una ballena en las cataratas del Ni\u00e1gara \u2022<\/em><\/strong> Bel\u00e9n Itzel Mercado G\u00f3mez<\/li>\n<\/ul>\n<div><strong><span dir=\"RTL\">\u0660<\/span><\/strong><strong>Foro 4 Espacio Alternativo<\/strong><strong><span dir=\"RTL\">\u0660<\/span><\/strong><\/div>\n<ul>\n<li><strong><em>Asombros\u00eda: perfoconferencia del amor libre y otras obscenidades \u2022\u00a0<\/em><\/strong>Rafael Alberto Lomnitz Adler<\/li>\n<li><strong><em>Cangrejo y yo \u2022\u00a0<\/em><\/strong>Georgina Arriola Mart\u00ednez<\/li>\n<li><strong><em>El huevo y la gallina \u2022\u00a0<\/em><\/strong>Jonathan Silva Miranda<\/li>\n<li><strong><em>Cascada 126\u0309 \u2022\u00a0<\/em><\/strong>Sergio Colmenares Rivera<\/li>\n<li><strong><em>Yo no soy Masina \u2022<\/em><\/strong>\u00a0Zuadd Atala Ib\u00e1\u00f1ez<\/li>\n<li><strong><em>C\u00f3mo deconstruirse del patriarcado sin morir en el intento \u2022\u00a0<\/em><\/strong>Leticia Gonz\u00e1lez Pedrajo<\/li>\n<\/ul>\n<ol>\n<li value=\"3\"><strong>Teatro hecho por compa\u00f1\u00edas emergentes:<\/strong><\/li>\n<\/ol>\n<div><strong><span dir=\"RTL\">\u0660<\/span><\/strong><strong>Teatro Hel\u00e9nico<\/strong><strong><span dir=\"RTL\">\u0660<\/span><\/strong><\/div>\n<ul>\n<li><strong><em>Un tropel de mariposas dinamita el aire \u2022\u00a0<\/em><\/strong>Micaela Gramajo<\/li>\n<\/ul>\n<div><strong><span dir=\"RTL\">\u0660<\/span><\/strong><strong>Foro La Gruta<\/strong><strong><span dir=\"RTL\">\u0660<\/span><\/strong><\/div>\n<ul>\n<li><strong><em>Jodidxs \u2022\u00a0<\/em><\/strong>Servando Anacarsis Ramos Orlaineta<\/li>\n<li><strong><em>Now playing \u2022\u00a0<\/em><\/strong>Emmanuel Mej\u00eda Tapia<\/li>\n<li><strong><em>Un tornillo atraviesa mi cabeza \u2022\u00a0<\/em><\/strong>Josu\u00e9 Elizalde Domingo Mart\u00ednez<\/li>\n<\/ul>\n<div><strong><span dir=\"RTL\">\u0660<\/span><\/strong><strong>Foro 4 Espacio Alternativo<\/strong><strong><span dir=\"RTL\">\u0660<\/span><\/strong><\/div>\n<ul>\n<li><strong><em>La boda de la boca de la vaca \u2022\u00a0<\/em><\/strong>F\u00e1tima Arely Caamal Medina<\/li>\n<\/ul>\n<p>De esta forma, el Centro Cultural Hel\u00e9nico contin\u00faa posicion\u00e1ndose como un espacio plural donde convergen nuevas tendencias y una firme tradici\u00f3n teatral.<br aria-hidden=\"true\" \/>\u00a0<br aria-hidden=\"true\" \/>El jurado para esta edici\u00f3n estuvo integrado por las personas especialistas en artes esc\u00e9nicas: Mar\u00eda Luisa Gim\u00e9nez Cacho Garc\u00eda, Olga Laura L\u00f3pez Uribe y Jorge Francisco Ballina Graf.<br aria-hidden=\"true\" \/>\u00a0<br aria-hidden=\"true\" \/>Los resultados completos pueden consultarse en: \u00a0<strong>helenico.gob.mx<\/strong>\u00a0y\u00a0<strong>mexicoescultura.gob.mx<\/strong>.<\/p>\n<div dir=\"auto\"><a class=\"x1i10hfl xjbqb8w x6umtig x1b1mbwd xaqea5y xav7gou x9f619 x1ypdohk xt0psk2 xe8uvvx xdj266r x11i5rnm xat24cr x1mh8g0r xexx8yu x4uap5 x18d9i69 xkhd6sd x16tdsg8 x1hl2dhg xggy1nq x1a2a7pz xt0b8zv x1qq9wsj xo1l8bm\" tabindex=\"0\" role=\"link\" href=\"https:\/\/www.facebook.com\/hashtag\/centroculturalhelenico?__eep__=6&amp;__cft__[0]=AZXfJizsLq-8bmpCtq7oJtvsdspp2qiW8i0d-Bo0jdEjR5LKTaCj9ZrnCv7I_YpMuBaQSYwNDczCbe4gLvF_12tvx2md73PoA1uL9z8kJr9PSyaaGcIHvn_DW2E1IjhoYaY&amp;__tn__=*NK-R\">#centroculturalhelenico<\/a><\/div>\n<div dir=\"auto\"><a class=\"x1i10hfl xjbqb8w x6umtig x1b1mbwd xaqea5y xav7gou x9f619 x1ypdohk xt0psk2 xe8uvvx xdj266r x11i5rnm xat24cr x1mh8g0r xexx8yu x4uap5 x18d9i69 xkhd6sd x16tdsg8 x1hl2dhg xggy1nq x1a2a7pz xt0b8zv x1qq9wsj xo1l8bm\" tabindex=\"0\" role=\"link\" href=\"https:\/\/www.facebook.com\/hashtag\/bitacoracdmx?__eep__=6&amp;__cft__[0]=AZXfJizsLq-8bmpCtq7oJtvsdspp2qiW8i0d-Bo0jdEjR5LKTaCj9ZrnCv7I_YpMuBaQSYwNDczCbe4gLvF_12tvx2md73PoA1uL9z8kJr9PSyaaGcIHvn_DW2E1IjhoYaY&amp;__tn__=*NK-R\">#bitacoracdmx<\/a><\/div>\n<\/td>\n<\/tr>\n<\/tbody>\n<\/table>\n<\/td>\n<\/tr>\n<\/tbody>\n<\/table>\n<p>[\/fusion_text][fusion_imageframe image_id=&#8221;52357|medium&#8221; max_width=&#8221;&#8221; style_type=&#8221;&#8221; blur=&#8221;&#8221; stylecolor=&#8221;&#8221; hover_type=&#8221;none&#8221; bordersize=&#8221;&#8221; bordercolor=&#8221;&#8221; borderradius=&#8221;&#8221; align=&#8221;none&#8221; lightbox=&#8221;no&#8221; gallery_id=&#8221;&#8221; lightbox_image=&#8221;&#8221; lightbox_image_id=&#8221;&#8221; alt=&#8221;&#8221; link=&#8221;&#8221; linktarget=&#8221;_self&#8221; hide_on_mobile=&#8221;small-visibility,medium-visibility,large-visibility&#8221; class=&#8221;&#8221; id=&#8221;&#8221; animation_type=&#8221;&#8221; animation_direction=&#8221;left&#8221; animation_speed=&#8221;0.3&#8243; animation_offset=&#8221;&#8221;]https:\/\/www.bitacoracdmx.com\/wp-content\/uploads\/2023\/08\/5bd28810-ab76-a2e7-f122-611a0fd2cfc9-300&#215;300.jpg[\/fusion_imageframe][\/fusion_builder_column][\/fusion_builder_row][\/fusion_builder_container]<\/p>\n","protected":false},"excerpt":{"rendered":"<p>[fusion_builder_container hundred_percent=&#8221;no&#8221; equal_height_columns=&#8221;no&#8221; menu_anchor=&#8221;&#8221; hide_on_mobile=&#8221;small-visibility,medium-visibility,large-visibility&#8221; class=&#8221;&#8221; id=&#8221;&#8221; background_color=&#8221;&#8221; background_image=&#8221;&#8221; background_position=&#8221;center center&#8221; background_repeat=&#8221;no-repeat&#8221; fade=&#8221;no&#8221; background_parallax=&#8221;none&#8221; parallax_speed=&#8221;0.3&#8243; video_mp4=&#8221;&#8221; video_webm=&#8221;&#8221; video_ogv=&#8221;&#8221; video_url=&#8221;&#8221; video_aspect_ratio=&#8221;16:9&#8243; video_loop=&#8221;yes&#8221; video_mute=&#8221;yes&#8221; overlay_color=&#8221;&#8221; video_preview_image=&#8221;&#8221; border_size=&#8221;&#8221; border_color=&#8221;&#8221; border_style=&#8221;solid&#8221; padding_top=&#8221;&#8221; padding_bottom=&#8221;&#8221; padding_left=&#8221;&#8221; padding_right=&#8221;&#8221;][fusion_builder_row][fusion_builder_column type=&#8221;1_1&#8243; layout=&#8221;1_1&#8243; background_position=&#8221;left top&#8221; background_color=&#8221;&#8221; border_size=&#8221;&#8221; border_color=&#8221;&#8221; border_style=&#8221;solid&#8221; border_position=&#8221;all&#8221; spacing=&#8221;yes&#8221; background_image=&#8221;&#8221; background_repeat=&#8221;no-repeat&#8221; padding_top=&#8221;&#8221; padding_right=&#8221;&#8221; padding_bottom=&#8221;&#8221; padding_left=&#8221;&#8221; margin_top=&#8221;0px&#8221; margin_bottom=&#8221;0px&#8221; class=&#8221;&#8221; id=&#8221;&#8221; animation_type=&#8221;&#8221; animation_speed=&#8221;0.3&#8243; animation_direction=&#8221;left&#8221; hide_on_mobile=&#8221;small-visibility,medium-visibility,large-visibility&#8221; center_content=&#8221;no&#8221; last=&#8221;no&#8221; min_height=&#8221;&#8221; hover_type=&#8221;none&#8221; link=&#8221;&#8221;][fusion_text] REDACCI\u00d3N \u2022\u00a0Se postularon 150 proyectos de puesta en escena,de los cuales fueron seleccionados 35\u2022 Se programar\u00e1n tres recintos el Teatro Hel\u00e9nico,el Foro La Gruta y El Foro 4 Espacio Alternativo La Secretar\u00eda de Cultura del Gobierno de M\u00e9xico, a trav\u00e9s [&hellip;]<\/p>\n","protected":false},"author":1,"featured_media":52357,"comment_status":"open","ping_status":"open","sticky":false,"template":"","format":"standard","meta":{"footnotes":""},"categories":[9,14],"tags":[],"_links":{"self":[{"href":"https:\/\/www.bitacoracdmx.com\/index.php?rest_route=\/wp\/v2\/posts\/52356"}],"collection":[{"href":"https:\/\/www.bitacoracdmx.com\/index.php?rest_route=\/wp\/v2\/posts"}],"about":[{"href":"https:\/\/www.bitacoracdmx.com\/index.php?rest_route=\/wp\/v2\/types\/post"}],"author":[{"embeddable":true,"href":"https:\/\/www.bitacoracdmx.com\/index.php?rest_route=\/wp\/v2\/users\/1"}],"replies":[{"embeddable":true,"href":"https:\/\/www.bitacoracdmx.com\/index.php?rest_route=%2Fwp%2Fv2%2Fcomments&post=52356"}],"version-history":[{"count":1,"href":"https:\/\/www.bitacoracdmx.com\/index.php?rest_route=\/wp\/v2\/posts\/52356\/revisions"}],"predecessor-version":[{"id":52358,"href":"https:\/\/www.bitacoracdmx.com\/index.php?rest_route=\/wp\/v2\/posts\/52356\/revisions\/52358"}],"wp:featuredmedia":[{"embeddable":true,"href":"https:\/\/www.bitacoracdmx.com\/index.php?rest_route=\/wp\/v2\/media\/52357"}],"wp:attachment":[{"href":"https:\/\/www.bitacoracdmx.com\/index.php?rest_route=%2Fwp%2Fv2%2Fmedia&parent=52356"}],"wp:term":[{"taxonomy":"category","embeddable":true,"href":"https:\/\/www.bitacoracdmx.com\/index.php?rest_route=%2Fwp%2Fv2%2Fcategories&post=52356"},{"taxonomy":"post_tag","embeddable":true,"href":"https:\/\/www.bitacoracdmx.com\/index.php?rest_route=%2Fwp%2Fv2%2Ftags&post=52356"}],"curies":[{"name":"wp","href":"https:\/\/api.w.org\/{rel}","templated":true}]}}