{"id":52359,"date":"2023-08-14T03:20:19","date_gmt":"2023-08-14T03:20:19","guid":{"rendered":"https:\/\/www.bitacoracdmx.com\/?p=52359"},"modified":"2023-08-14T03:20:19","modified_gmt":"2023-08-14T03:20:19","slug":"reivindicaran-el-rock-mexicano-desde-el-teatro-de-la-ciudad-esperanza-iris","status":"publish","type":"post","link":"https:\/\/www.bitacoracdmx.com\/?p=52359","title":{"rendered":"Reivindicar\u00e1n EL ROCK MEXICANO desde el  TEATRO DE LA CIUDAD ESPERANZA IRIS"},"content":{"rendered":"<p>[fusion_builder_container hundred_percent=&#8221;no&#8221; equal_height_columns=&#8221;no&#8221; menu_anchor=&#8221;&#8221; hide_on_mobile=&#8221;small-visibility,medium-visibility,large-visibility&#8221; class=&#8221;&#8221; id=&#8221;&#8221; background_color=&#8221;&#8221; background_image=&#8221;&#8221; background_position=&#8221;center center&#8221; background_repeat=&#8221;no-repeat&#8221; fade=&#8221;no&#8221; background_parallax=&#8221;none&#8221; parallax_speed=&#8221;0.3&#8243; video_mp4=&#8221;&#8221; video_webm=&#8221;&#8221; video_ogv=&#8221;&#8221; video_url=&#8221;&#8221; video_aspect_ratio=&#8221;16:9&#8243; video_loop=&#8221;yes&#8221; video_mute=&#8221;yes&#8221; overlay_color=&#8221;&#8221; video_preview_image=&#8221;&#8221; border_size=&#8221;&#8221; border_color=&#8221;&#8221; border_style=&#8221;solid&#8221; padding_top=&#8221;&#8221; padding_bottom=&#8221;&#8221; padding_left=&#8221;&#8221; padding_right=&#8221;&#8221;][fusion_builder_row][fusion_builder_column type=&#8221;1_1&#8243; layout=&#8221;1_1&#8243; background_position=&#8221;left top&#8221; background_color=&#8221;&#8221; border_size=&#8221;&#8221; border_color=&#8221;&#8221; border_style=&#8221;solid&#8221; border_position=&#8221;all&#8221; spacing=&#8221;yes&#8221; background_image=&#8221;&#8221; background_repeat=&#8221;no-repeat&#8221; padding_top=&#8221;&#8221; padding_right=&#8221;&#8221; padding_bottom=&#8221;&#8221; padding_left=&#8221;&#8221; margin_top=&#8221;0px&#8221; margin_bottom=&#8221;0px&#8221; class=&#8221;&#8221; id=&#8221;&#8221; animation_type=&#8221;&#8221; animation_speed=&#8221;0.3&#8243; animation_direction=&#8221;left&#8221; hide_on_mobile=&#8221;small-visibility,medium-visibility,large-visibility&#8221; center_content=&#8221;no&#8221; last=&#8221;no&#8221; min_height=&#8221;&#8221; hover_type=&#8221;none&#8221; link=&#8221;&#8221;][fusion_text]<\/p>\n<p>REDACCI\u00d3N<\/p>\n<p>\u25cf El proyecto sonoro\u00a0<strong>Resonante, El Lado B del Rock Mexicano<\/strong>, que re\u00fane m\u00fasicos salidos de bandas independientes legendarias de las d\u00e9cadas de los 80\u2019s y 90\u2019s, interpretar\u00e1n en coloso de Donceles los m\u00e1s emblem\u00e1ticos temas del underground mexicano<\/p>\n<p>\u25cf Los asistentes podr\u00e1n escuchar temas legendarios de importantes bandas que marcaron la escena nacional como Santa Sabina, Mistus, El Clan, Tijuana No y Flor de Metal, entre otras, que representan un gran mosaico de estilos desde el rock urbano, el metal o el rock pop<\/p>\n<p>Con la finalidad de reivindicar a las bandas m\u00e1s legendarias y underground de las d\u00e9cadas de los a\u00f1os 80 y 90 para acercar su sonido a las nuevas generaciones y hacer un tributo al legado de estos importantes m\u00fasicos, llegar\u00e1 al\u00a0<strong>Teatro de la Ciudad Esperanza Iris<\/strong>\u00a0el pr\u00f3ximo domingo 3 de septiembre, a las 18:00 horas, el proyecto\u00a0<strong>Resonante, El Lado B del Rock Mexicano<\/strong>, integrado por diversos m\u00fasicos que conformaron la escena nacional de la \u00e9poca.<\/p>\n<p>\u201c<em>Resonante<\/em>\u00a0somos mucho m\u00e1s, el rock no es lo que vimos en la televisi\u00f3n o escuchamos en la radio, somos un chingo y nosotros no pretendemos representar a toda esa otra parte, somos un peque\u00f1o cachito del buen rock mexicano que es reconocido en todo el mundo\u201d, comparti\u00f3 durante conferencia de prensa el Manco, bajista de Guillotina, quien destac\u00f3 el reconocido nivel en todo el mundo de los m\u00fasicos mexicanos de estas generaciones.<\/p>\n<p>Desde la F\u00e1brica de Artes y Oficios (FARO) Cosmos, algunos de los integrantes del proyecto destacaron que la velada musical en el recinto de la Secretar\u00eda de Cultura capitalina, revivir\u00e1 el verdadero esp\u00edritu del Rock Mexicano que no fue tan conocido en aquella \u00e9poca, pero que marc\u00f3 generaciones con su compromiso social y sus ganas de expresi\u00f3n que los llevaron a crear foros independientes como el Rockotitl\u00e1n, en la colonia N\u00e1poles.<\/p>\n<p>\u201cSurgimos en un momento en que ten\u00edas que ser autogestivo porque no hab\u00eda nadie que nos guiara, ni hab\u00eda una industria establecida que nos aceptara, entonces hab\u00eda que crear los espacios donde toc\u00e1bamos, era esa necesidad de hacer las cosas, no de que las cosas nos llegar\u00e1n, la uni\u00f3n de todos como m\u00fasicos\u201d, coment\u00f3 Jorge Fratta, bajista de Ninot y otras agrupaciones.<\/p>\n<p>\u201cEstamos felices de poder escuchar de nuevo estos himnos que nos hicieron historia y formaron parte de nuestra juventud, rolas como las de El Clan, Ansia, Tex Tex o Mistus, que escuch\u00e1bamos s\u00f3lo en Rockotittl\u00e1n\u201d, agreg\u00f3 Iker Moranchel, de Tu Sangre es P\u00farpura, al adelantar que el p\u00fablico escuchar\u00e1 emblem\u00e1ticos temas de Santa Sabina, Guillotina, Troleb\u00fas, CODA, Harag\u00e1n y C\u00eda., Flor de Metal, La Gusana Ciega y Tijuana No, entre otras agrupaciones.<\/p>\n<p>\u201cQueremos reavivar y resonar las canciones que a nosotros nos generaron ciertas sensaciones y hay muchas generaciones nuevas que est\u00e1n retomando canciones viejas y est\u00e1n buscando otra vez escuchar esos sonidos, adem\u00e1s queremos tambi\u00e9n recordar a los m\u00fasicos que ya no est\u00e1n y agradecerles por lo que hicieron\u201d, extern\u00f3 Eduardo Vargas, tambi\u00e9n de Tu Sangre es P\u00farpura.<\/p>\n<p>En compa\u00f1\u00eda de otros m\u00fasicos como Ricardo Vecordia, de F\u00e1tima y Jarris Margeli, de Ninot y Mistus, la cantante Zaira Franco agradeci\u00f3 la oportunidad de sumar a las mujeres a este proyecto que mostrar\u00e1 el trabajo de grandes f\u00e9minas en la m\u00fasica, como la interprete vocal ya fallecida Rita Guerrero, de Santa Sabina, o la tambi\u00e9n presente en la conferencia, Norma L\u00f3pez de Flor de Metal, quienes impulsaron una mayor participaci\u00f3n de la mujer en la escena musical nacional.<\/p>\n<p>\u201cCreo que Rita Guerrero nos inspir\u00f3 profundamente a un mont\u00f3n de chicas cantantes y me atrevo a decir que gracias a ella de pronto hubo un\u00a0<em>boom<\/em>\u00a0de mujeres cantantes con sus bandas haciendo m\u00fasica muy interesante, actualmente ha habido un gran movimiento de mujeres, estamos luchando y tomando el lugar que nos corresponde. La m\u00fasica es tan necesaria para vivir que por eso es justo darnos el lugar que merecemos los m\u00fasicos en la sociedad, porque la labor que hacemos s\u00ed salva vidas\u201d, explic\u00f3 Franco.<\/p>\n<p>Asimismo, durante la conferencia, diversos m\u00fasicos abordaron las complicaciones que el gremio enfrent\u00f3 en su \u00e9poca, la falta de redes sociales y medios de comunicaci\u00f3n que difundieran sus propuestas, as\u00ed como la ausencia de disqueras independientes, espacios para tocar y el compromiso social que tuvo el rock mexicano despu\u00e9s de los actos de represi\u00f3n del Estado como lo fue Tlatelolco en 1968 y El Halconazo en 1971.<\/p>\n<p>Se trata de un espect\u00e1culo que combina las voces y los instrumentos de una banda base, que estar\u00e1 acompa\u00f1ada por invitados de lujo de otras agrupaciones que dejaron su sello en el rock durante las \u00faltimas d\u00e9cadas del siglo XX.<\/p>\n<p>La banda base est\u00e1 conformada por Demex Garc\u00eda de Troleb\u00fas, Germ\u00e1n Quintero de El Clan, Arturo Tapia de Nom\u00e1dico, Vicoy Calder\u00f3n de Ansia, Ricardo Vecordia de \u00dcbon, Paco Portilla de Desarmado, Rogelio Mondrag\u00f3n de Escarbarme, Iker Moranchel y Eduardo Vargas de Tu Sangre es P\u00farpura, Axel Margalli de Jaca y Runas, Hugo Ridderstr\u00f6m de CODA y Javier Coss de Hueco.<\/p>\n<p>En el escenario estar\u00e1n acompa\u00f1ados por Paco Yescas de Harag\u00e1n y C\u00eda., Claudio P\u00e9rez de Radio Kaos, Sergio Silva y Tony M\u00e9ndez de Kerigma, Federico Bonasso y Santiago Behm de Juguete Rabioso, Fayo de Riesgo de Contagio, Jarris Margalli de Mistus y Ninot, Rosa Arias y Hugo Gonz\u00e1lez de Limbo Zamba, Jaime Ch\u00e1vez de El Clan, Norma L\u00f3pez de Flor de Metal, as\u00ed como Patricio Iglesias y Poncho Figueroa de Santa Sabina.<\/p>\n<p>Adem\u00e1s de Adri\u00e1n Croskey de Crandall y Nina Hologram, Sr. Gonz\u00e1lez de Combomovox y la HH Botellita, Alejandro Palet de Ansia, Jorge Fratta de Fratta y Ninot, Germ\u00e1n Arroyo de La Gusana Ciego, Jorge Vilchis de Guillotina, Christian Charpenell de Motor, Mike de la Rosa de Lvzbel, Cristal y Acero, y Rashid de Cristal, Acero y \u00dcbon.<\/p>\n<p>Este concierto se llevar\u00e1 a cabo el domingo 3 de septiembre de 2023 en el Teatro de la Ciudad Esperanza Iris, ubicado Donceles 36 del Centro Hist\u00f3rico de la Ciudad de M\u00e9xico; para la venta de boletos se pueden revisar las redes sociales del teatro: Twitter (@TeatroCDMX) y Facebook (TeatroDeLaCdEsperanzaIris).<\/p>\n<p>Para conocer todas las actividades de la Secretar\u00eda de Cultura de la Ciudad de M\u00e9xico se puede consultar la Cartelera de la Ciudad de M\u00e9xico (<a href=\"https:\/\/cartelera.cdmx.gob.mx\/\">https:\/\/cartelera.cdmx.gob.mx\/<\/a>) en la que se concentran estas y todas las actividades de la Secretar\u00eda de Cultura de la Ciudad de M\u00e9xico.<\/p>\n<div dir=\"auto\"><a class=\"x1i10hfl xjbqb8w x6umtig x1b1mbwd xaqea5y xav7gou x9f619 x1ypdohk xt0psk2 xe8uvvx xdj266r x11i5rnm xat24cr x1mh8g0r xexx8yu x4uap5 x18d9i69 xkhd6sd x16tdsg8 x1hl2dhg xggy1nq x1a2a7pz xt0b8zv x1qq9wsj xo1l8bm\" tabindex=\"0\" role=\"link\" href=\"https:\/\/www.facebook.com\/hashtag\/secretariadeculturacdmx?__eep__=6&amp;__cft__[0]=AZU2Lob4NhoL7Qhfe4kKhCOwc3m_otz0F_Fq1E4j43a000pDen-cajv7sbSSzZEeZAJ2QKeXOXFueKbap-8R4je7H2N6D-4ywcq6oHy6DmsnRXOSRAFFICz7VZ7FOu3pzJw&amp;__tn__=*NK-R\">#secretariadeculturacdmx<\/a><\/div>\n<div dir=\"auto\"><a class=\"x1i10hfl xjbqb8w x6umtig x1b1mbwd xaqea5y xav7gou x9f619 x1ypdohk xt0psk2 xe8uvvx xdj266r x11i5rnm xat24cr x1mh8g0r xexx8yu x4uap5 x18d9i69 xkhd6sd x16tdsg8 x1hl2dhg xggy1nq x1a2a7pz xt0b8zv x1qq9wsj xo1l8bm\" tabindex=\"0\" role=\"link\" href=\"https:\/\/www.facebook.com\/hashtag\/teatrodelaciudadesperanzairis?__eep__=6&amp;__cft__[0]=AZU2Lob4NhoL7Qhfe4kKhCOwc3m_otz0F_Fq1E4j43a000pDen-cajv7sbSSzZEeZAJ2QKeXOXFueKbap-8R4je7H2N6D-4ywcq6oHy6DmsnRXOSRAFFICz7VZ7FOu3pzJw&amp;__tn__=*NK-R\">#TeatroDeLaCiudadEsperanzaIris<\/a><\/div>\n<div dir=\"auto\"><a class=\"x1i10hfl xjbqb8w x6umtig x1b1mbwd xaqea5y xav7gou x9f619 x1ypdohk xt0psk2 xe8uvvx xdj266r x11i5rnm xat24cr x1mh8g0r xexx8yu x4uap5 x18d9i69 xkhd6sd x16tdsg8 x1hl2dhg xggy1nq x1a2a7pz xt0b8zv x1qq9wsj xo1l8bm\" tabindex=\"0\" role=\"link\" href=\"https:\/\/www.facebook.com\/hashtag\/bitacoracdmx?__eep__=6&amp;__cft__[0]=AZU2Lob4NhoL7Qhfe4kKhCOwc3m_otz0F_Fq1E4j43a000pDen-cajv7sbSSzZEeZAJ2QKeXOXFueKbap-8R4je7H2N6D-4ywcq6oHy6DmsnRXOSRAFFICz7VZ7FOu3pzJw&amp;__tn__=*NK-R\">#bitacoracdmx<\/a><\/div>\n<p>[\/fusion_text][fusion_imageframe image_id=&#8221;52360|medium&#8221; max_width=&#8221;&#8221; style_type=&#8221;&#8221; blur=&#8221;&#8221; stylecolor=&#8221;&#8221; hover_type=&#8221;none&#8221; bordersize=&#8221;&#8221; bordercolor=&#8221;&#8221; borderradius=&#8221;&#8221; align=&#8221;none&#8221; lightbox=&#8221;no&#8221; gallery_id=&#8221;&#8221; lightbox_image=&#8221;&#8221; lightbox_image_id=&#8221;&#8221; alt=&#8221;&#8221; link=&#8221;&#8221; linktarget=&#8221;_self&#8221; hide_on_mobile=&#8221;small-visibility,medium-visibility,large-visibility&#8221; class=&#8221;&#8221; id=&#8221;&#8221; animation_type=&#8221;&#8221; animation_direction=&#8221;left&#8221; animation_speed=&#8221;0.3&#8243; animation_offset=&#8221;&#8221;]https:\/\/www.bitacoracdmx.com\/wp-content\/uploads\/2023\/08\/WhatsApp-Image-2023-08-08-at-4.24.19-PM-300&#215;300.jpeg[\/fusion_imageframe][\/fusion_builder_column][\/fusion_builder_row][\/fusion_builder_container]<\/p>\n","protected":false},"excerpt":{"rendered":"<p>[fusion_builder_container hundred_percent=&#8221;no&#8221; equal_height_columns=&#8221;no&#8221; menu_anchor=&#8221;&#8221; hide_on_mobile=&#8221;small-visibility,medium-visibility,large-visibility&#8221; class=&#8221;&#8221; id=&#8221;&#8221; background_color=&#8221;&#8221; background_image=&#8221;&#8221; background_position=&#8221;center center&#8221; background_repeat=&#8221;no-repeat&#8221; fade=&#8221;no&#8221; background_parallax=&#8221;none&#8221; parallax_speed=&#8221;0.3&#8243; video_mp4=&#8221;&#8221; video_webm=&#8221;&#8221; video_ogv=&#8221;&#8221; video_url=&#8221;&#8221; video_aspect_ratio=&#8221;16:9&#8243; video_loop=&#8221;yes&#8221; video_mute=&#8221;yes&#8221; overlay_color=&#8221;&#8221; video_preview_image=&#8221;&#8221; border_size=&#8221;&#8221; border_color=&#8221;&#8221; border_style=&#8221;solid&#8221; padding_top=&#8221;&#8221; padding_bottom=&#8221;&#8221; padding_left=&#8221;&#8221; padding_right=&#8221;&#8221;][fusion_builder_row][fusion_builder_column type=&#8221;1_1&#8243; layout=&#8221;1_1&#8243; background_position=&#8221;left top&#8221; background_color=&#8221;&#8221; border_size=&#8221;&#8221; border_color=&#8221;&#8221; border_style=&#8221;solid&#8221; border_position=&#8221;all&#8221; spacing=&#8221;yes&#8221; background_image=&#8221;&#8221; background_repeat=&#8221;no-repeat&#8221; padding_top=&#8221;&#8221; padding_right=&#8221;&#8221; padding_bottom=&#8221;&#8221; padding_left=&#8221;&#8221; margin_top=&#8221;0px&#8221; margin_bottom=&#8221;0px&#8221; class=&#8221;&#8221; id=&#8221;&#8221; animation_type=&#8221;&#8221; animation_speed=&#8221;0.3&#8243; animation_direction=&#8221;left&#8221; hide_on_mobile=&#8221;small-visibility,medium-visibility,large-visibility&#8221; center_content=&#8221;no&#8221; last=&#8221;no&#8221; min_height=&#8221;&#8221; hover_type=&#8221;none&#8221; link=&#8221;&#8221;][fusion_text] REDACCI\u00d3N \u25cf El proyecto sonoro\u00a0Resonante, El Lado B del Rock Mexicano, que re\u00fane m\u00fasicos salidos de bandas independientes legendarias de las d\u00e9cadas de los 80\u2019s y 90\u2019s, interpretar\u00e1n en coloso de Donceles los m\u00e1s emblem\u00e1ticos temas del underground mexicano \u25cf [&hellip;]<\/p>\n","protected":false},"author":1,"featured_media":52360,"comment_status":"open","ping_status":"open","sticky":false,"template":"","format":"standard","meta":{"footnotes":""},"categories":[9,11],"tags":[],"_links":{"self":[{"href":"https:\/\/www.bitacoracdmx.com\/index.php?rest_route=\/wp\/v2\/posts\/52359"}],"collection":[{"href":"https:\/\/www.bitacoracdmx.com\/index.php?rest_route=\/wp\/v2\/posts"}],"about":[{"href":"https:\/\/www.bitacoracdmx.com\/index.php?rest_route=\/wp\/v2\/types\/post"}],"author":[{"embeddable":true,"href":"https:\/\/www.bitacoracdmx.com\/index.php?rest_route=\/wp\/v2\/users\/1"}],"replies":[{"embeddable":true,"href":"https:\/\/www.bitacoracdmx.com\/index.php?rest_route=%2Fwp%2Fv2%2Fcomments&post=52359"}],"version-history":[{"count":1,"href":"https:\/\/www.bitacoracdmx.com\/index.php?rest_route=\/wp\/v2\/posts\/52359\/revisions"}],"predecessor-version":[{"id":52361,"href":"https:\/\/www.bitacoracdmx.com\/index.php?rest_route=\/wp\/v2\/posts\/52359\/revisions\/52361"}],"wp:featuredmedia":[{"embeddable":true,"href":"https:\/\/www.bitacoracdmx.com\/index.php?rest_route=\/wp\/v2\/media\/52360"}],"wp:attachment":[{"href":"https:\/\/www.bitacoracdmx.com\/index.php?rest_route=%2Fwp%2Fv2%2Fmedia&parent=52359"}],"wp:term":[{"taxonomy":"category","embeddable":true,"href":"https:\/\/www.bitacoracdmx.com\/index.php?rest_route=%2Fwp%2Fv2%2Fcategories&post=52359"},{"taxonomy":"post_tag","embeddable":true,"href":"https:\/\/www.bitacoracdmx.com\/index.php?rest_route=%2Fwp%2Fv2%2Ftags&post=52359"}],"curies":[{"name":"wp","href":"https:\/\/api.w.org\/{rel}","templated":true}]}}