{"id":52365,"date":"2023-08-14T03:44:53","date_gmt":"2023-08-14T03:44:53","guid":{"rendered":"https:\/\/www.bitacoracdmx.com\/?p=52365"},"modified":"2023-08-14T03:44:53","modified_gmt":"2023-08-14T03:44:53","slug":"se-inaugura-la-ix-fiesta-de-las-culturas-indigenas-pueblos-y-barrios-originarios-de-la-ciudad-de-mexico","status":"publish","type":"post","link":"https:\/\/www.bitacoracdmx.com\/?p=52365","title":{"rendered":"Se inaugura la IX FIESTA DE LAS CULTURAS IND\u00cdGENAS, PUEBLOS Y BARRIOS ORIGINARIOS DE LA CIUDAD DE M\u00c9XICO"},"content":{"rendered":"<p>[fusion_builder_container hundred_percent=&#8221;no&#8221; equal_height_columns=&#8221;no&#8221; menu_anchor=&#8221;&#8221; hide_on_mobile=&#8221;small-visibility,medium-visibility,large-visibility&#8221; class=&#8221;&#8221; id=&#8221;&#8221; background_color=&#8221;&#8221; background_image=&#8221;&#8221; background_position=&#8221;center center&#8221; background_repeat=&#8221;no-repeat&#8221; fade=&#8221;no&#8221; background_parallax=&#8221;none&#8221; parallax_speed=&#8221;0.3&#8243; video_mp4=&#8221;&#8221; video_webm=&#8221;&#8221; video_ogv=&#8221;&#8221; video_url=&#8221;&#8221; video_aspect_ratio=&#8221;16:9&#8243; video_loop=&#8221;yes&#8221; video_mute=&#8221;yes&#8221; overlay_color=&#8221;&#8221; video_preview_image=&#8221;&#8221; border_size=&#8221;&#8221; border_color=&#8221;&#8221; border_style=&#8221;solid&#8221; padding_top=&#8221;&#8221; padding_bottom=&#8221;&#8221; padding_left=&#8221;&#8221; padding_right=&#8221;&#8221;][fusion_builder_row][fusion_builder_column type=&#8221;1_1&#8243; layout=&#8221;1_1&#8243; background_position=&#8221;left top&#8221; background_color=&#8221;&#8221; border_size=&#8221;&#8221; border_color=&#8221;&#8221; border_style=&#8221;solid&#8221; border_position=&#8221;all&#8221; spacing=&#8221;yes&#8221; background_image=&#8221;&#8221; background_repeat=&#8221;no-repeat&#8221; padding_top=&#8221;&#8221; padding_right=&#8221;&#8221; padding_bottom=&#8221;&#8221; padding_left=&#8221;&#8221; margin_top=&#8221;0px&#8221; margin_bottom=&#8221;0px&#8221; class=&#8221;&#8221; id=&#8221;&#8221; animation_type=&#8221;&#8221; animation_speed=&#8221;0.3&#8243; animation_direction=&#8221;left&#8221; hide_on_mobile=&#8221;small-visibility,medium-visibility,large-visibility&#8221; center_content=&#8221;no&#8221; last=&#8221;no&#8221; min_height=&#8221;&#8221; hover_type=&#8221;none&#8221; link=&#8221;&#8221;][fusion_text]<\/p>\n<p>REDACCI\u00d3N<\/p>\n<p>\u25cf La celebraci\u00f3n re\u00fane en el Z\u00f3calo diversas actividades entre conciertos, talleres, danzas y exhibici\u00f3n gastron\u00f3mica y de artesan\u00edas; se realiza de 9:00 a 21:00 horas hasta el domingo 20 de agosto<\/p>\n<p>\u25cf Este domingo, la Fiesta tendr\u00e1 una danza ceremonial y ritual mixtecas, habr\u00e1 m\u00fasica al ritmo de sones de tarima a cargo del grupo guerrerense Yolotecuani y se presentar\u00e1 Kumku Banda, con sonidos tradicionales mexicanos<\/p>\n<p>Con el fin de visibilizar, dignificar y fortalecer los derechos de las comunidades originarias, este s\u00e1bado se inaugur\u00f3 la\u00a0<strong>IX Fiesta de las Culturas Ind\u00edgenas, Pueblos y Barrios de la Ciudad de M\u00e9xico,<\/strong>\u00a0evento organizado por el<strong>Gobierno capitalino,<\/strong>\u00a0que se realiza hasta el domingo 20 de agosto, de 9:00 a 21:00 horas en el Z\u00f3calo, donde personas de todas las edades pueden disfrutar de comida t\u00edpica, espect\u00e1culos de m\u00fasica y danza, exposici\u00f3n de artesan\u00edas y aprender sobre la diversidad cultural en talleres y conversatorios.<\/p>\n<p>Este a\u00f1o, los invitados de honor son el pa\u00eds de Colombia; el municipio de Tingambato, Michoac\u00e1n; adem\u00e1s de ocho barrios de Iztapalapa: San Lucas, San Pablo, San Pedro, San Jos\u00e9, Asunci\u00f3n, Santa B\u00e1rbara, San Ignacio y San Miguel.<\/p>\n<p>Entre los espacios de expo venta, las y los visitantes nacionales y extranjeros pueden apreciar joyer\u00eda y pedrer\u00eda, herramientas de obsidiana, utensilios de cocina hechos de hoja palma y cobre, instrumentos musicales prehisp\u00e1nicos, juguetes tradicionales, piezas de arte plumario, esculturas y r\u00e9plicas precolombinas talladas en madera, plata y barro; asimismo, vestimenta t\u00edpica como huipiles, rebozos, blusas, huaraches, zapatos de piel y bolsas de diversos materiales.<\/p>\n<p>Quienes asistan a la Fiesta de las Culturas Ind\u00edgenas, tambi\u00e9n pueden deleitar su paladar con diferentes tipos de mole, tlayudas, cemitas, tacos, tamales, pozole, pan artesanal y dulces t\u00edpicos a base de amaranto; y refrescarse con agua de cacao o nieves con sabores regionales como tuna, mamey, guan\u00e1bana, mezcal y nanche.<\/p>\n<p>Entre los stands, hay una gran variedad de productos medicinales y de belleza como b\u00e1lsamos, pomadas, aceites, t\u00f3nicos y remedios hechos a base de hierbas aut\u00f3ctonas de diversas regiones del pa\u00eds; igualmente, se ofrece gran diversidad de plantas para la elaboraci\u00f3n de t\u00e9s e infusiones, y las personas pueden relajarse con masajes curativos y limpias.<\/p>\n<p>La fiesta se inaugur\u00f3 de manera oficial este s\u00e1bado al ritmo de m\u00fasica y danzas mazahuas que arribaron al Centro Hist\u00f3rico con trajes coloridos e instrumentos t\u00edpicos como el guitarr\u00f3n y la vihuela desde la calle Francisco I. Madero y el Portal de Mercaderes.<\/p>\n<p>El grupo Mujeres Mazahuas de San Antonio Pueblo Nuevo realiz\u00f3 una Ceremonia tradicional; adem\u00e1s, se llevaron a cabo diversos rituales con reminiscencias prehisp\u00e1nicas por el bien de todos los pueblos, y con cantos y danzas se coloc\u00f3 una ofrenda floral en la Plaza de la Constituci\u00f3n.<\/p>\n<p>Durante este segundo d\u00eda de actividades, Josefina Res\u00e9ndiz, integrante de la comunidad otom\u00ed, agradeci\u00f3 la posibilidad de tener un espacio donde pueda mostrar su trabajo: mu\u00f1ecas Lele que elabora a mano desde hace 40 a\u00f1os.<\/p>\n<p>\u201cMe da gusto que venga mucha gente, que nos conozca, que vea lo que estamos haciendo y lo que estamos laborando con nuestras manos\u201d, declar\u00f3.<\/p>\n<p>Entre los asistentes estaba una pareja de la tercera edad, Mar\u00eda de Lourdes Serrano y V\u00edctor Ruiz, de la Alcald\u00eda Benito Ju\u00e1rez, quienes afirmaron que es bueno y necesario promover las culturas ind\u00edgenas para que en las siguientes generaciones no se pierdan las ra\u00edces originarias.<\/p>\n<p>\u201cEstamos muy contentos. Deber\u00eda haber este tipo de celebraciones en toda la Rep\u00fablica y no nada m\u00e1s en la capital para dar a conocer el verdadero valor de las culturas ind\u00edgenas. A muchas culturas se les invisibiliza y este tipo de eventos sirve para valorarlas y mostrarlas al mundo\u201d, dijo V\u00edctor Ruiz.<\/p>\n<p>Por su parte, Mar\u00eda Montiel Rivadeneira, expositora veracruzana de productos medicinales y remedios, mencion\u00f3 que esta fiesta ayuda a mantener vivos los saberes ancestrales y a apoyar la econom\u00eda de diversas comunidades.<\/p>\n<p>\u201cEn el caso de mi familia, el conocimiento viene de nuestras ancestras femeninas, que ten\u00edan que curar los malestares y formular remedios. Nosotros los retomamos como familia porque es importante divulgar lo que se sabe en el pueblo. Es importante que se siga la memoria, que no se pierda lo que les cost\u00f3 a nuestros abuelos\u201d, dijo la productora de la marca Yolotl.<\/p>\n<p>Por la ma\u00f1ana, visitantes de todas las edades disfrutaron en el escenario principal de danzas nahuas, m\u00fasica tradicional y de la Banda San Crist\u00f3bal Chichicaxtepec, que puso ambiente y ritmo con sones oaxaque\u00f1os.<\/p>\n<p>Para conocer m\u00e1s sobre las culturas originarias, en el C\u00edrculo de Saberes, un espacio de di\u00e1logo, se realiz\u00f3 el conversatorio \u201cLos derechos de los pueblos ind\u00edgenas en la Ciudad de M\u00e9xico\u201d, con el fin de difundir y analizar los avances en materia de legislaci\u00f3n a favor de la poblaci\u00f3n ind\u00edgena.<\/p>\n<p>Tambi\u00e9n se impartieron los talleres gratuitos \u201cCollares del Pueblo Mexcatl (Nahua)\u201d, para aprender el origen y armado de este tipo de joyer\u00eda, y \u201cDiadema Lele\u201d, para practicar el tocado de la tradicional mu\u00f1eca otom\u00ed.<\/p>\n<p>La programaci\u00f3n para ma\u00f1ana domingo 6 de agosto incluye el conversatorio \u201cRecreaci\u00f3n tradicional\u201d, a las 15:30 horas, sobre la importancia de los juegos tradicionales en la cosmovisi\u00f3n ind\u00edgena. Asimismo, a las 10:00 horas se impartir\u00e1 el taller y charla \u201cLa mu\u00f1eca Lele de Santiago de Mexquititlan\u201d, y a las 13:00 horas \u201cArt Lele\u201d, para armar un llavero inspirado en la famosa mu\u00f1eca, entre otros talleres, como clases de bordado y costura.<\/p>\n<p>En el escenario principal, a partir de las 16:00 horas, habr\u00e1 danza ceremonial y rituales mixtecos, m\u00fasica al ritmo de sones de tarima a cargo del grupo guerrerense Yolotecuani y m\u00fasica tradicional mexicana con el grupo Kumku Banda.<\/p>\n<p>A lo largo de la semana habr\u00e1 bailes y m\u00fasica tradicionales de diversos estados del pa\u00eds, grupos de sones jarochos y huastecos, rap, bolero, cumbia y huapango; teatro, poes\u00eda y danza folcl\u00f3rica. Entre las presentaciones destaca la puesta en escena \u201cViaje al Mictl\u00e1n&#8221;, el martes a las 18:00 horas; el rap mazateco a cargo de Kipper Ntaxjo, el mi\u00e9rcoles a las 18:30 horas.<\/p>\n<p>El jueves 10 de agosto, a las 18:00 horas, se presentar\u00e1n grupos de sones, huapango y jarocho, mientras que el viernes 11, a las 19:00 horas, el Quinteto Xavall\u00ed deleitar\u00e1 al p\u00fablico con boleros y trova tradicional; el s\u00e1bado 12 se bailar\u00e1 al ritmo de la cumbia con Sue\u00f1o Tigre. La Elegante Cumbia; y el domingo 13 desde las 16:00 horas se apreciar\u00e1n danzas nahuas, sones y huastecas.<\/p>\n<p>Los lectores tambi\u00e9n podr\u00e1n asistir el mi\u00e9rcoles a presentaciones literarias desde las 11:30 horas. Organizan las editoriales \u201cTasu Y\u00f9\u00f9t\u00ec \/ \u00c1guila de Arena\u201d y \u201cVitrali Ediciones\u201d.<\/p>\n<p>La Fiesta de las Culturas Ind\u00edgenas, Pueblos y Barrios Originarios de la Ciudad de M\u00e9xico se realiza con el fin de concientizar, visibilizar, valorar y dar a conocer la riqueza cultural ind\u00edgena de nuestro pa\u00eds. El evento es posible gracias al apoyo de las comunidades y barrios originarios, as\u00ed como dependencias de gobierno con el acompa\u00f1amiento de la Comisi\u00f3n de Derechos Humanos de la Ciudad de M\u00e9xico y la Autoridad del Centro Hist\u00f3rico.<\/p>\n<p>Para conocer todas las actividades de la<strong>Secretar\u00eda de Cultura capitalina<\/strong>\u00a0se puede consultar la\u00a0<strong>Cartelera de la Ciudad de M\u00e9xico<\/strong>\u00a0(<a href=\"https:\/\/cartelera.cdmx.gob.mx\/\">https:\/\/cartelera.cdmx.gob.mx\/<\/a>) y las redes sociales de la Secretar\u00eda de Cultura: Facebook, Twitter, Instagram y YouTube.<\/p>\n<div dir=\"auto\"><a class=\"x1i10hfl xjbqb8w x6umtig x1b1mbwd xaqea5y xav7gou x9f619 x1ypdohk xt0psk2 xe8uvvx xdj266r x11i5rnm xat24cr x1mh8g0r xexx8yu x4uap5 x18d9i69 xkhd6sd x16tdsg8 x1hl2dhg xggy1nq x1a2a7pz xt0b8zv x1qq9wsj xo1l8bm\" tabindex=\"0\" role=\"link\" href=\"https:\/\/www.facebook.com\/hashtag\/secretariadeculturacdmx?__eep__=6&amp;__cft__[0]=AZUAD5648F7XhfA-Ci1YdlWB3baPqLOzLWkDyd5102cgDboODehSadjTGUZBy7F1gWHhEO0Cm1VkP8ppJA5pwqdARFaK1NzD4HAYum-8C0zV9_QbFru6RUCdvr5aKnaZIe8&amp;__tn__=*NK-R\">#secretariadeculturacdmx<\/a><\/div>\n<div dir=\"auto\"><a class=\"x1i10hfl xjbqb8w x6umtig x1b1mbwd xaqea5y xav7gou x9f619 x1ypdohk xt0psk2 xe8uvvx xdj266r x11i5rnm xat24cr x1mh8g0r xexx8yu x4uap5 x18d9i69 xkhd6sd x16tdsg8 x1hl2dhg xggy1nq x1a2a7pz xt0b8zv x1qq9wsj xo1l8bm\" tabindex=\"0\" role=\"link\" href=\"https:\/\/www.facebook.com\/hashtag\/zocalocdmx?__eep__=6&amp;__cft__[0]=AZUAD5648F7XhfA-Ci1YdlWB3baPqLOzLWkDyd5102cgDboODehSadjTGUZBy7F1gWHhEO0Cm1VkP8ppJA5pwqdARFaK1NzD4HAYum-8C0zV9_QbFru6RUCdvr5aKnaZIe8&amp;__tn__=*NK-R\">#zocalocdmx<\/a><\/div>\n<div dir=\"auto\"><a class=\"x1i10hfl xjbqb8w x6umtig x1b1mbwd xaqea5y xav7gou x9f619 x1ypdohk xt0psk2 xe8uvvx xdj266r x11i5rnm xat24cr x1mh8g0r xexx8yu x4uap5 x18d9i69 xkhd6sd x16tdsg8 x1hl2dhg xggy1nq x1a2a7pz xt0b8zv x1qq9wsj xo1l8bm\" tabindex=\"0\" role=\"link\" href=\"https:\/\/www.facebook.com\/hashtag\/bitacoracdmx?__eep__=6&amp;__cft__[0]=AZUAD5648F7XhfA-Ci1YdlWB3baPqLOzLWkDyd5102cgDboODehSadjTGUZBy7F1gWHhEO0Cm1VkP8ppJA5pwqdARFaK1NzD4HAYum-8C0zV9_QbFru6RUCdvr5aKnaZIe8&amp;__tn__=*NK-R\">#bitacoracdmx<\/a><\/div>\n<p>[\/fusion_text][fusion_imageframe image_id=&#8221;52366|medium&#8221; max_width=&#8221;&#8221; style_type=&#8221;&#8221; blur=&#8221;&#8221; stylecolor=&#8221;&#8221; hover_type=&#8221;none&#8221; bordersize=&#8221;&#8221; bordercolor=&#8221;&#8221; borderradius=&#8221;&#8221; align=&#8221;none&#8221; lightbox=&#8221;no&#8221; gallery_id=&#8221;&#8221; lightbox_image=&#8221;&#8221; lightbox_image_id=&#8221;&#8221; alt=&#8221;&#8221; link=&#8221;&#8221; linktarget=&#8221;_self&#8221; hide_on_mobile=&#8221;small-visibility,medium-visibility,large-visibility&#8221; class=&#8221;&#8221; id=&#8221;&#8221; animation_type=&#8221;&#8221; animation_direction=&#8221;left&#8221; animation_speed=&#8221;0.3&#8243; animation_offset=&#8221;&#8221;]https:\/\/www.bitacoracdmx.com\/wp-content\/uploads\/2023\/08\/WhatsApp-Image-2023-08-05-at-5.59.29-PM-200&#215;300.jpeg[\/fusion_imageframe][\/fusion_builder_column][\/fusion_builder_row][\/fusion_builder_container]<\/p>\n","protected":false},"excerpt":{"rendered":"<p>[fusion_builder_container hundred_percent=&#8221;no&#8221; equal_height_columns=&#8221;no&#8221; menu_anchor=&#8221;&#8221; hide_on_mobile=&#8221;small-visibility,medium-visibility,large-visibility&#8221; class=&#8221;&#8221; id=&#8221;&#8221; background_color=&#8221;&#8221; background_image=&#8221;&#8221; background_position=&#8221;center center&#8221; background_repeat=&#8221;no-repeat&#8221; fade=&#8221;no&#8221; background_parallax=&#8221;none&#8221; parallax_speed=&#8221;0.3&#8243; video_mp4=&#8221;&#8221; video_webm=&#8221;&#8221; video_ogv=&#8221;&#8221; video_url=&#8221;&#8221; video_aspect_ratio=&#8221;16:9&#8243; video_loop=&#8221;yes&#8221; video_mute=&#8221;yes&#8221; overlay_color=&#8221;&#8221; video_preview_image=&#8221;&#8221; border_size=&#8221;&#8221; border_color=&#8221;&#8221; border_style=&#8221;solid&#8221; padding_top=&#8221;&#8221; padding_bottom=&#8221;&#8221; padding_left=&#8221;&#8221; padding_right=&#8221;&#8221;][fusion_builder_row][fusion_builder_column type=&#8221;1_1&#8243; layout=&#8221;1_1&#8243; background_position=&#8221;left top&#8221; background_color=&#8221;&#8221; border_size=&#8221;&#8221; border_color=&#8221;&#8221; border_style=&#8221;solid&#8221; border_position=&#8221;all&#8221; spacing=&#8221;yes&#8221; background_image=&#8221;&#8221; background_repeat=&#8221;no-repeat&#8221; padding_top=&#8221;&#8221; padding_right=&#8221;&#8221; padding_bottom=&#8221;&#8221; padding_left=&#8221;&#8221; margin_top=&#8221;0px&#8221; margin_bottom=&#8221;0px&#8221; class=&#8221;&#8221; id=&#8221;&#8221; animation_type=&#8221;&#8221; animation_speed=&#8221;0.3&#8243; animation_direction=&#8221;left&#8221; hide_on_mobile=&#8221;small-visibility,medium-visibility,large-visibility&#8221; center_content=&#8221;no&#8221; last=&#8221;no&#8221; min_height=&#8221;&#8221; hover_type=&#8221;none&#8221; link=&#8221;&#8221;][fusion_text] REDACCI\u00d3N \u25cf La celebraci\u00f3n re\u00fane en el Z\u00f3calo diversas actividades entre conciertos, talleres, danzas y exhibici\u00f3n gastron\u00f3mica y de artesan\u00edas; se realiza de 9:00 a 21:00 horas hasta el domingo 20 de agosto \u25cf Este domingo, la Fiesta tendr\u00e1 una [&hellip;]<\/p>\n","protected":false},"author":1,"featured_media":52366,"comment_status":"open","ping_status":"open","sticky":false,"template":"","format":"standard","meta":{"footnotes":""},"categories":[5,9],"tags":[],"_links":{"self":[{"href":"https:\/\/www.bitacoracdmx.com\/index.php?rest_route=\/wp\/v2\/posts\/52365"}],"collection":[{"href":"https:\/\/www.bitacoracdmx.com\/index.php?rest_route=\/wp\/v2\/posts"}],"about":[{"href":"https:\/\/www.bitacoracdmx.com\/index.php?rest_route=\/wp\/v2\/types\/post"}],"author":[{"embeddable":true,"href":"https:\/\/www.bitacoracdmx.com\/index.php?rest_route=\/wp\/v2\/users\/1"}],"replies":[{"embeddable":true,"href":"https:\/\/www.bitacoracdmx.com\/index.php?rest_route=%2Fwp%2Fv2%2Fcomments&post=52365"}],"version-history":[{"count":1,"href":"https:\/\/www.bitacoracdmx.com\/index.php?rest_route=\/wp\/v2\/posts\/52365\/revisions"}],"predecessor-version":[{"id":52367,"href":"https:\/\/www.bitacoracdmx.com\/index.php?rest_route=\/wp\/v2\/posts\/52365\/revisions\/52367"}],"wp:featuredmedia":[{"embeddable":true,"href":"https:\/\/www.bitacoracdmx.com\/index.php?rest_route=\/wp\/v2\/media\/52366"}],"wp:attachment":[{"href":"https:\/\/www.bitacoracdmx.com\/index.php?rest_route=%2Fwp%2Fv2%2Fmedia&parent=52365"}],"wp:term":[{"taxonomy":"category","embeddable":true,"href":"https:\/\/www.bitacoracdmx.com\/index.php?rest_route=%2Fwp%2Fv2%2Fcategories&post=52365"},{"taxonomy":"post_tag","embeddable":true,"href":"https:\/\/www.bitacoracdmx.com\/index.php?rest_route=%2Fwp%2Fv2%2Ftags&post=52365"}],"curies":[{"name":"wp","href":"https:\/\/api.w.org\/{rel}","templated":true}]}}