{"id":52372,"date":"2023-08-14T04:06:35","date_gmt":"2023-08-14T04:06:35","guid":{"rendered":"https:\/\/www.bitacoracdmx.com\/?p=52372"},"modified":"2023-08-14T04:06:35","modified_gmt":"2023-08-14T04:06:35","slug":"mas-de-150-musicos-interpretaran-en-vivo-2001-odisea-del-espacio-de-stanley-kubrick-en-el-auditorio-nacional","status":"publish","type":"post","link":"https:\/\/www.bitacoracdmx.com\/?p=52372","title":{"rendered":"M\u00e1s de 150 m\u00fasicos interpretar\u00e1n en vivo &#8220;2001: ODISEA DEL ESPACIO&#8221; de STANLEY KUBRICK en el AUDITORIO NACIONAL"},"content":{"rendered":"<p>[fusion_builder_container hundred_percent=&#8221;no&#8221; equal_height_columns=&#8221;no&#8221; menu_anchor=&#8221;&#8221; hide_on_mobile=&#8221;small-visibility,medium-visibility,large-visibility&#8221; class=&#8221;&#8221; id=&#8221;&#8221; background_color=&#8221;&#8221; background_image=&#8221;&#8221; background_position=&#8221;center center&#8221; background_repeat=&#8221;no-repeat&#8221; fade=&#8221;no&#8221; background_parallax=&#8221;none&#8221; parallax_speed=&#8221;0.3&#8243; video_mp4=&#8221;&#8221; video_webm=&#8221;&#8221; video_ogv=&#8221;&#8221; video_url=&#8221;&#8221; video_aspect_ratio=&#8221;16:9&#8243; video_loop=&#8221;yes&#8221; video_mute=&#8221;yes&#8221; overlay_color=&#8221;&#8221; video_preview_image=&#8221;&#8221; border_size=&#8221;&#8221; border_color=&#8221;&#8221; border_style=&#8221;solid&#8221; padding_top=&#8221;&#8221; padding_bottom=&#8221;&#8221; padding_left=&#8221;&#8221; padding_right=&#8221;&#8221;][fusion_builder_row][fusion_builder_column type=&#8221;1_1&#8243; layout=&#8221;1_1&#8243; background_position=&#8221;left top&#8221; background_color=&#8221;&#8221; border_size=&#8221;&#8221; border_color=&#8221;&#8221; border_style=&#8221;solid&#8221; border_position=&#8221;all&#8221; spacing=&#8221;yes&#8221; background_image=&#8221;&#8221; background_repeat=&#8221;no-repeat&#8221; padding_top=&#8221;&#8221; padding_right=&#8221;&#8221; padding_bottom=&#8221;&#8221; padding_left=&#8221;&#8221; margin_top=&#8221;0px&#8221; margin_bottom=&#8221;0px&#8221; class=&#8221;&#8221; id=&#8221;&#8221; animation_type=&#8221;&#8221; animation_speed=&#8221;0.3&#8243; animation_direction=&#8221;left&#8221; hide_on_mobile=&#8221;small-visibility,medium-visibility,large-visibility&#8221; center_content=&#8221;no&#8221; last=&#8221;no&#8221; min_height=&#8221;&#8221; hover_type=&#8221;none&#8221; link=&#8221;&#8221;][fusion_text]<\/p>\n<p>REDACCI\u00d3N<\/p>\n<p>\u25cf\u00a0<strong>Las m\u00e1s famosas secuencias cinematogr\u00e1ficas de esta cinta, que incluyen obras de Gy\u00f6rgy Ligeti, Richard Strauss, Aram Khachaturian y Johann Strauss II, ser\u00e1n interpretadas por 94 m\u00fasicos de la OFCM y 65 voces del Ensamble Coral Cu\u00edcatl<\/strong><\/p>\n<p>\u25cf\u00a0<strong>Este cine-concierto, que celebra tambi\u00e9n el 45 aniversario de la Orquesta Filarm\u00f3nica de la Ciudad de M\u00e9xico, fundada en 1978, se suma a los festejos internacionales por el 55 aniversario del estreno de esta obra maestra de la ciencia ficci\u00f3n<\/strong><\/p>\n<p>La\u00a0<strong>Orquesta Filarm\u00f3nica de la Ciudad de M\u00e9xico<\/strong>\u00a0rendir\u00e1 un homenaje al fen\u00f3meno cinematogr\u00e1fico estrenado en 1968 del legendario cineasta brit\u00e1nico-estadounidense Stanley Kubrick, cinta reconocida como un hito en la historia del cine de ciencia ficci\u00f3n,\u00a0<strong><em>2001: Odisea del Espacio<\/em><\/strong>, cuyas piezas orquestales ser\u00e1n interpretadas en el\u00a0<strong>Auditorio Nacional el pr\u00f3ximo 10 de septiembre<\/strong>\u00a0con la participaci\u00f3n de\u00a0<strong>94 m\u00fasicos de la OFCM y 65 voces del Ensamble Coral Cu\u00edcatl de Rodrigo Cadet<\/strong>, bajo la direcci\u00f3n del maestro estadounidense Brad Lubman.<\/p>\n<p>Adem\u00e1s de celebrar el 55 aniversario del estreno de esta obra maestra f\u00edlmica, este cine concierto festeja tambi\u00e9n el\u00a0<strong>45 aniversario<\/strong>\u00a0de la agrupaci\u00f3n capitalina, a cargo de la\u00a0<strong>Secretar\u00eda de Cultura de la Ciudad de M\u00e9xico<\/strong>, considerada una de las orquestas m\u00e1s importantes en M\u00e9xico y Am\u00e9rica Latina, quien ejecutar\u00e1 las famosas piezas musicales de esta joya cinematogr\u00e1fica con la colorimetr\u00eda original de la cinta, desde uno de los m\u00e1s destacados recintos culturales de la urbe, el cual recibir\u00e1 a m\u00e1s de nueve mil asistentes con la m\u00e1s alta tecnolog\u00eda.<\/p>\n<p>El Auditorio Nacional adquiri\u00f3 en 2021 el equipo de sonido m\u00e1s vanguardista de las salas de concierto del pa\u00eds, el cual ofrece una poderosa y envolvente sonoridad de 140 bocinas nuevas que har\u00e1n de este cine concierto una experiencia auditiva inolvidable, mientras su sofisticado sistema de proyecci\u00f3n, compuesto de dos proyectores 4K de 33 mil l\u00famenes, innova en la imagen digital para brindar una mayor nitidez y calidad en t\u00e9rminos de textura, color y profundidad.<\/p>\n<p>Con esta tecnolog\u00eda el p\u00fablico podr\u00e1 escuchar\u00a0<em>As\u00ed habl\u00f3 Zarathustra<\/em>\u00a0(1896), de Richard Strauss; la\u00a0<em>Suite del ballet Gayane<\/em>\u00a0(Adagio) de Aram Khachaturian (1942) y\u00a0<em>El Danubio azul<\/em>\u00a0(1866) de Johann Strauss, obra que inmortaliz\u00f3 una de las secuencias m\u00e1s memorables que retrata una nave espacial que flota serenamente por el espacio al ritmo de los acordes de este vals.<\/p>\n<p>Asimismo, destacan las obras vanguardistas\u00a0<em>Atmosph\u00e8res<\/em>\u00a0(1961), la secci\u00f3n Kyrie del\u00a0<em>Requiem<\/em>\u00a0(versi\u00f3n revisada de 1997) y\u00a0<em>Lux Aeterna<\/em>\u00a0(1966) del compositor h\u00fangaro Gy\u00f6rgy Ligeti, de quien tambi\u00e9n este a\u00f1o se conmemoran los 100 a\u00f1os de su nacimiento, m\u00fasico que m\u00e1s tarde volver\u00eda a colaborar con Stanley Kubrick en\u00a0<em>El resplandor<\/em>\u00a0(1980) y\u00a0<em>Ojos bien cerrados<\/em>\u00a0(1999).<\/p>\n<p>Con esta presentaci\u00f3n la OFCM se suma a los festejos internacionales por el aniversario de una de las cintas con mayor impacto en la industria f\u00edlmica, aclamada por su realismo cient\u00edfico y sus revolucionarios efectos especiales con los que super\u00f3 los viajes a la luna de George M\u00e9li\u00e8s, incluso un a\u00f1o antes de que esto fuera posible con Apolo 11, y present\u00f3 la alineaci\u00f3n entre la luna, el sol y la Tierra, entre otros montajes que la llevaron a ganar el Premio \u00d3scar a los Mejores Efectos Visuales en 1969.<\/p>\n<p>El guion, basado en el relato\u00a0<em>El centinela<\/em>\u00a0de Arthur C. Clarke, fue escrito por Stanley Kubrick y el mismo Clarke, novelista y cient\u00edfico brit\u00e1nico, quien opt\u00f3 por centrarse en los detalles de la expedici\u00f3n espacial al tiempo que Kubrick prioriz\u00f3 una narrativa no verbal, la cual impulso a la m\u00fasica como principal recurso para la creaci\u00f3n emociones. Se trata de la restauraci\u00f3n de una de las obras maestras de la ciencia ficci\u00f3n cuyo reparto fue integrado por Keir Dullea como \u201cDave Bowman\u201d, Gary Lockwood como \u201cFrank Poole\u201d, Douglas Rain como la voz de \u201cHAL 9000\u201d y William Sylvester como el doctor \u201cHeywood Floyd\u201d.<\/p>\n<p>Las mejores y m\u00e1s famosas secuencias f\u00edlmicas de esta cinta se podr\u00e1n disfrutar en la pantalla gigante del Auditorio Nacional de m\u00e1s 195 metros cuadrados, que lleva los espect\u00e1culos f\u00edlmicos a otro nivel gracias a su proyecci\u00f3n UHD Laser que es 10 veces m\u00e1s potente que la tecnolog\u00eda IMAX.<\/p>\n<p>Este espect\u00e1culo con acompa\u00f1amiento orquestal y coral en vivo de una de las cintas m\u00e1s emblem\u00e1ticas de la historia del cine, ha recorrido 34 ciudades del mundo con m\u00faltiples funciones, alcanzando una audiencia de m\u00e1s de 100 mil personas tras su estreno en junio de 2010, proyecto presentado en asociaci\u00f3n con Warner Bros., el Southbank Centre de Londres y el British Film Institute, con una partitura hecha a la medida gracias a la participaci\u00f3n de la Orquesta Filarm\u00f3nica de Londres y el director Andr\u00e9 de Ridder.<\/p>\n<p><strong>M\u00fasica de 2001: Odisea en el espacio<\/strong><\/p>\n<p>Gy\u00f6rgy Ligeti (1923-2006)\u00a0<em>Kyrie<\/em>\u00a0del\u00a0<em>Requiem<\/em>\u00a0(Versi\u00f3n de 1997)<\/p>\n<p>Gy\u00f6rgy Ligeti\u00a0<em>Lux aeterna<\/em><\/p>\n<p>Richard Strauss (1864-1949)\u00a0<em>Also sprach Zarathustra, Op. 30 (As\u00ed habl\u00f3 Zaratustra)<\/em><\/p>\n<p>Aram Khachaturian (1903-1978)\u00a0<em>Adagio de Gayane<\/em><\/p>\n<p>Gy\u00f6rgy Ligeti\u00a0<em>Atmosph\u00e8res (Atm\u00f3sferas)<\/em><\/p>\n<p>Johann Strauss II (1825-1899)\u00a0<em>An der sch\u00f6nen, blauen Donau, Op.314 (Por el hermoso Danubio azul)<\/em><\/p>\n<p>El filme\u00a0<strong><em>2001: Odisea del espacio<\/em><\/strong>\u00a0musicalizado en vivo por la\u00a0<strong>Orquesta Filarm\u00f3nica de la Ciudad de M\u00e9xico<\/strong>\u00a0y el\u00a0<strong>Ensamble Coral Cu\u00edcatl<\/strong>\u00a0se presentar\u00e1 el pr\u00f3ximo\u00a0<strong>domingo 10 de septiembre<\/strong>\u00a0a las 18:00 horas en el\u00a0<strong>Auditorio Nacional<\/strong>, ubicado en Reforma 50, Bosque de Chapultepec. Boletos a la venta en las taquillas del recinto y en el sistema Ticketmaster.<\/p>\n<p>Con estas actividades la Secretar\u00eda de Cultura capitalina garantiza el ejercicio de los derechos culturales de los habitantes y visitantes de la capital. Para conocer todas las actividades de la Secretar\u00eda de Cultura capitalina se puede consultar la Cartelera de la Ciudad de M\u00e9xico (<a href=\"https:\/\/cartelera.cdmx.gob.mx\/\">https:\/\/cartelera.cdmx.gob.mx\/<\/a>) y las redes sociales en Facebook, Twitter, Instagram y YouTube.<\/p>\n<div dir=\"auto\"><a class=\"x1i10hfl xjbqb8w x6umtig x1b1mbwd xaqea5y xav7gou x9f619 x1ypdohk xt0psk2 xe8uvvx xdj266r x11i5rnm xat24cr x1mh8g0r xexx8yu x4uap5 x18d9i69 xkhd6sd x16tdsg8 x1hl2dhg xggy1nq x1a2a7pz xt0b8zv x1qq9wsj xo1l8bm\" tabindex=\"0\" role=\"link\" href=\"https:\/\/www.facebook.com\/hashtag\/2001odiseadelespacio?__eep__=6&amp;__cft__[0]=AZUZLMCDV5kpoFl6NG0qgh2CkxeLmQs6Ma7aIn3yYhoQtrv1r46CycQMeoGrASzc1EksWIRzIJNGo601SygKyaJuAnys-Qw_5gwMJzgAjeEzoiwJhLSHI3KoilIU6yFRKy8&amp;__tn__=*NK-R\">#2001odiseadelespacio<\/a><\/div>\n<div dir=\"auto\"><a class=\"x1i10hfl xjbqb8w x6umtig x1b1mbwd xaqea5y xav7gou x9f619 x1ypdohk xt0psk2 xe8uvvx xdj266r x11i5rnm xat24cr x1mh8g0r xexx8yu x4uap5 x18d9i69 xkhd6sd x16tdsg8 x1hl2dhg xggy1nq x1a2a7pz xt0b8zv x1qq9wsj xo1l8bm\" tabindex=\"0\" role=\"link\" href=\"https:\/\/www.facebook.com\/hashtag\/ofcm?__eep__=6&amp;__cft__[0]=AZUZLMCDV5kpoFl6NG0qgh2CkxeLmQs6Ma7aIn3yYhoQtrv1r46CycQMeoGrASzc1EksWIRzIJNGo601SygKyaJuAnys-Qw_5gwMJzgAjeEzoiwJhLSHI3KoilIU6yFRKy8&amp;__tn__=*NK-R\">#OFCM<\/a><\/div>\n<div dir=\"auto\"><a class=\"x1i10hfl xjbqb8w x6umtig x1b1mbwd xaqea5y xav7gou x9f619 x1ypdohk xt0psk2 xe8uvvx xdj266r x11i5rnm xat24cr x1mh8g0r xexx8yu x4uap5 x18d9i69 xkhd6sd x16tdsg8 x1hl2dhg xggy1nq x1a2a7pz xt0b8zv x1qq9wsj xo1l8bm\" tabindex=\"0\" role=\"link\" href=\"https:\/\/www.facebook.com\/hashtag\/auditorionacional?__eep__=6&amp;__cft__[0]=AZUZLMCDV5kpoFl6NG0qgh2CkxeLmQs6Ma7aIn3yYhoQtrv1r46CycQMeoGrASzc1EksWIRzIJNGo601SygKyaJuAnys-Qw_5gwMJzgAjeEzoiwJhLSHI3KoilIU6yFRKy8&amp;__tn__=*NK-R\">#AuditorioNacional<\/a><\/div>\n<div dir=\"auto\"><a class=\"x1i10hfl xjbqb8w x6umtig x1b1mbwd xaqea5y xav7gou x9f619 x1ypdohk xt0psk2 xe8uvvx xdj266r x11i5rnm xat24cr x1mh8g0r xexx8yu x4uap5 x18d9i69 xkhd6sd x16tdsg8 x1hl2dhg xggy1nq x1a2a7pz xt0b8zv x1qq9wsj xo1l8bm\" tabindex=\"0\" role=\"link\" href=\"https:\/\/www.facebook.com\/hashtag\/ticketmaster?__eep__=6&amp;__cft__[0]=AZUZLMCDV5kpoFl6NG0qgh2CkxeLmQs6Ma7aIn3yYhoQtrv1r46CycQMeoGrASzc1EksWIRzIJNGo601SygKyaJuAnys-Qw_5gwMJzgAjeEzoiwJhLSHI3KoilIU6yFRKy8&amp;__tn__=*NK-R\">#ticketmaster<\/a><\/div>\n<div dir=\"auto\"><a class=\"x1i10hfl xjbqb8w x6umtig x1b1mbwd xaqea5y xav7gou x9f619 x1ypdohk xt0psk2 xe8uvvx xdj266r x11i5rnm xat24cr x1mh8g0r xexx8yu x4uap5 x18d9i69 xkhd6sd x16tdsg8 x1hl2dhg xggy1nq x1a2a7pz xt0b8zv x1qq9wsj xo1l8bm\" tabindex=\"0\" role=\"link\" href=\"https:\/\/www.facebook.com\/hashtag\/bitacoracdmx?__eep__=6&amp;__cft__[0]=AZUZLMCDV5kpoFl6NG0qgh2CkxeLmQs6Ma7aIn3yYhoQtrv1r46CycQMeoGrASzc1EksWIRzIJNGo601SygKyaJuAnys-Qw_5gwMJzgAjeEzoiwJhLSHI3KoilIU6yFRKy8&amp;__tn__=*NK-R\">#bitacoracdmx<\/a><\/div>\n<p>[\/fusion_text][fusion_imageframe image_id=&#8221;52373|medium&#8221; max_width=&#8221;&#8221; style_type=&#8221;&#8221; blur=&#8221;&#8221; stylecolor=&#8221;&#8221; hover_type=&#8221;none&#8221; bordersize=&#8221;&#8221; bordercolor=&#8221;&#8221; borderradius=&#8221;&#8221; align=&#8221;none&#8221; lightbox=&#8221;no&#8221; gallery_id=&#8221;&#8221; lightbox_image=&#8221;&#8221; lightbox_image_id=&#8221;&#8221; alt=&#8221;&#8221; link=&#8221;&#8221; linktarget=&#8221;_self&#8221; hide_on_mobile=&#8221;small-visibility,medium-visibility,large-visibility&#8221; class=&#8221;&#8221; id=&#8221;&#8221; animation_type=&#8221;&#8221; animation_direction=&#8221;left&#8221; animation_speed=&#8221;0.3&#8243; animation_offset=&#8221;&#8221;]https:\/\/www.bitacoracdmx.com\/wp-content\/uploads\/2023\/08\/WhatsApp-Image-2023-08-07-at-12.58.00-PM-1-270&#215;300.jpeg[\/fusion_imageframe][\/fusion_builder_column][\/fusion_builder_row][\/fusion_builder_container]<\/p>\n","protected":false},"excerpt":{"rendered":"<p>[fusion_builder_container hundred_percent=&#8221;no&#8221; equal_height_columns=&#8221;no&#8221; menu_anchor=&#8221;&#8221; hide_on_mobile=&#8221;small-visibility,medium-visibility,large-visibility&#8221; class=&#8221;&#8221; id=&#8221;&#8221; background_color=&#8221;&#8221; background_image=&#8221;&#8221; background_position=&#8221;center center&#8221; background_repeat=&#8221;no-repeat&#8221; fade=&#8221;no&#8221; background_parallax=&#8221;none&#8221; parallax_speed=&#8221;0.3&#8243; video_mp4=&#8221;&#8221; video_webm=&#8221;&#8221; video_ogv=&#8221;&#8221; video_url=&#8221;&#8221; video_aspect_ratio=&#8221;16:9&#8243; video_loop=&#8221;yes&#8221; video_mute=&#8221;yes&#8221; overlay_color=&#8221;&#8221; video_preview_image=&#8221;&#8221; border_size=&#8221;&#8221; border_color=&#8221;&#8221; border_style=&#8221;solid&#8221; padding_top=&#8221;&#8221; padding_bottom=&#8221;&#8221; padding_left=&#8221;&#8221; padding_right=&#8221;&#8221;][fusion_builder_row][fusion_builder_column type=&#8221;1_1&#8243; layout=&#8221;1_1&#8243; background_position=&#8221;left top&#8221; background_color=&#8221;&#8221; border_size=&#8221;&#8221; border_color=&#8221;&#8221; border_style=&#8221;solid&#8221; border_position=&#8221;all&#8221; spacing=&#8221;yes&#8221; background_image=&#8221;&#8221; background_repeat=&#8221;no-repeat&#8221; padding_top=&#8221;&#8221; padding_right=&#8221;&#8221; padding_bottom=&#8221;&#8221; padding_left=&#8221;&#8221; margin_top=&#8221;0px&#8221; margin_bottom=&#8221;0px&#8221; class=&#8221;&#8221; id=&#8221;&#8221; animation_type=&#8221;&#8221; animation_speed=&#8221;0.3&#8243; animation_direction=&#8221;left&#8221; hide_on_mobile=&#8221;small-visibility,medium-visibility,large-visibility&#8221; center_content=&#8221;no&#8221; last=&#8221;no&#8221; min_height=&#8221;&#8221; hover_type=&#8221;none&#8221; link=&#8221;&#8221;][fusion_text] REDACCI\u00d3N \u25cf\u00a0Las m\u00e1s famosas secuencias cinematogr\u00e1ficas de esta cinta, que incluyen obras de Gy\u00f6rgy Ligeti, Richard Strauss, Aram Khachaturian y Johann Strauss II, ser\u00e1n interpretadas por 94 m\u00fasicos de la OFCM y 65 voces del Ensamble Coral Cu\u00edcatl \u25cf\u00a0Este cine-concierto, [&hellip;]<\/p>\n","protected":false},"author":1,"featured_media":52373,"comment_status":"open","ping_status":"open","sticky":false,"template":"","format":"standard","meta":{"footnotes":""},"categories":[5,3,9,11],"tags":[],"_links":{"self":[{"href":"https:\/\/www.bitacoracdmx.com\/index.php?rest_route=\/wp\/v2\/posts\/52372"}],"collection":[{"href":"https:\/\/www.bitacoracdmx.com\/index.php?rest_route=\/wp\/v2\/posts"}],"about":[{"href":"https:\/\/www.bitacoracdmx.com\/index.php?rest_route=\/wp\/v2\/types\/post"}],"author":[{"embeddable":true,"href":"https:\/\/www.bitacoracdmx.com\/index.php?rest_route=\/wp\/v2\/users\/1"}],"replies":[{"embeddable":true,"href":"https:\/\/www.bitacoracdmx.com\/index.php?rest_route=%2Fwp%2Fv2%2Fcomments&post=52372"}],"version-history":[{"count":1,"href":"https:\/\/www.bitacoracdmx.com\/index.php?rest_route=\/wp\/v2\/posts\/52372\/revisions"}],"predecessor-version":[{"id":52374,"href":"https:\/\/www.bitacoracdmx.com\/index.php?rest_route=\/wp\/v2\/posts\/52372\/revisions\/52374"}],"wp:featuredmedia":[{"embeddable":true,"href":"https:\/\/www.bitacoracdmx.com\/index.php?rest_route=\/wp\/v2\/media\/52373"}],"wp:attachment":[{"href":"https:\/\/www.bitacoracdmx.com\/index.php?rest_route=%2Fwp%2Fv2%2Fmedia&parent=52372"}],"wp:term":[{"taxonomy":"category","embeddable":true,"href":"https:\/\/www.bitacoracdmx.com\/index.php?rest_route=%2Fwp%2Fv2%2Fcategories&post=52372"},{"taxonomy":"post_tag","embeddable":true,"href":"https:\/\/www.bitacoracdmx.com\/index.php?rest_route=%2Fwp%2Fv2%2Ftags&post=52372"}],"curies":[{"name":"wp","href":"https:\/\/api.w.org\/{rel}","templated":true}]}}