{"id":52375,"date":"2023-08-14T04:16:06","date_gmt":"2023-08-14T04:16:06","guid":{"rendered":"https:\/\/www.bitacoracdmx.com\/?p=52375"},"modified":"2023-08-14T04:16:06","modified_gmt":"2023-08-14T04:16:06","slug":"el-inbal-y-el-gobierno-de-la-ciudad-de-mexico-intervendran-el-foro-lindbergh-tras-danos","status":"publish","type":"post","link":"https:\/\/www.bitacoracdmx.com\/?p=52375","title":{"rendered":"El INBAL y EL GOBIERNO DE LA CIUDAD DE M\u00c9XICO intervendr\u00e1n el FORO LINDBERGH tras da\u00f1os"},"content":{"rendered":"<p>[fusion_builder_container hundred_percent=&#8221;no&#8221; equal_height_columns=&#8221;no&#8221; menu_anchor=&#8221;&#8221; hide_on_mobile=&#8221;small-visibility,medium-visibility,large-visibility&#8221; class=&#8221;&#8221; id=&#8221;&#8221; background_color=&#8221;&#8221; background_image=&#8221;&#8221; background_position=&#8221;center center&#8221; background_repeat=&#8221;no-repeat&#8221; fade=&#8221;no&#8221; background_parallax=&#8221;none&#8221; parallax_speed=&#8221;0.3&#8243; video_mp4=&#8221;&#8221; video_webm=&#8221;&#8221; video_ogv=&#8221;&#8221; video_url=&#8221;&#8221; video_aspect_ratio=&#8221;16:9&#8243; video_loop=&#8221;yes&#8221; video_mute=&#8221;yes&#8221; overlay_color=&#8221;&#8221; video_preview_image=&#8221;&#8221; border_size=&#8221;&#8221; border_color=&#8221;&#8221; border_style=&#8221;solid&#8221; padding_top=&#8221;&#8221; padding_bottom=&#8221;&#8221; padding_left=&#8221;&#8221; padding_right=&#8221;&#8221;][fusion_builder_row][fusion_builder_column type=&#8221;1_1&#8243; layout=&#8221;1_1&#8243; background_position=&#8221;left top&#8221; background_color=&#8221;&#8221; border_size=&#8221;&#8221; border_color=&#8221;&#8221; border_style=&#8221;solid&#8221; border_position=&#8221;all&#8221; spacing=&#8221;yes&#8221; background_image=&#8221;&#8221; background_repeat=&#8221;no-repeat&#8221; padding_top=&#8221;&#8221; padding_right=&#8221;&#8221; padding_bottom=&#8221;&#8221; padding_left=&#8221;&#8221; margin_top=&#8221;0px&#8221; margin_bottom=&#8221;0px&#8221; class=&#8221;&#8221; id=&#8221;&#8221; animation_type=&#8221;&#8221; animation_speed=&#8221;0.3&#8243; animation_direction=&#8221;left&#8221; hide_on_mobile=&#8221;small-visibility,medium-visibility,large-visibility&#8221; center_content=&#8221;no&#8221; last=&#8221;no&#8221; min_height=&#8221;&#8221; hover_type=&#8221;none&#8221; link=&#8221;&#8221;][fusion_text]<\/p>\n<p>REDACCI\u00d3N<\/p>\n<p>\u25cf A menos de un a\u00f1o de su restauraci\u00f3n, autoridades federales y locales intervendr\u00e1n de nueva cuenta el monumento tras los hechos ocurridos la madrugada del s\u00e1bado 5 de agosto<\/p>\n<p>La\u00a0<strong>Secretar\u00eda de Cultura del Gobierno de M\u00e9xico<\/strong>, el\u00a0<strong>Instituto Nacional de Bellas Artes y Literatura (Inbal)<\/strong>\u00a0y el\u00a0<strong>Gobierno capitalino<\/strong>\u00a0informan que, tras los hechos ocurridos en la madrugada del s\u00e1bado 5 de agosto de 2023, cuando se registraron actos vand\u00e1licos en el Foro Lindbergh, ubicado en la colonia Hip\u00f3dromo, en la alcald\u00eda Cuauht\u00e9moc, intervendr\u00e1n el monumento a trav\u00e9s de las \u00e1reas t\u00e9cnicas y normativas, tanto del Inbal como del Gobierno local, para coordinar la atenci\u00f3n integral a las \u00e1reas da\u00f1adas a este importante espacio p\u00fablico.<\/p>\n<p>Cabe destacar que, en octubre de 2022, las secretar\u00edas locales de Cultura, Obras y Servicios (Sobse), y Desarrollo Urbano y Vivienda (Seduvi), en coordinaci\u00f3n con la Subdirecci\u00f3n General de Patrimonio Art\u00edstico Inmueble, a trav\u00e9s del Centro Nacional de Conservaci\u00f3n y Registro del Patrimonio Art\u00edstico Mueble (Cencropam), entregaron obras de restauraci\u00f3n del Foro, las cuales consistieron en remoci\u00f3n de grafitis y pegatinas, retiro de flora nociva, recuperaci\u00f3n de aplanados, pintura y limpieza general para que la autoridad competente, alcald\u00eda Cuauht\u00e9moc, resguardara el espacio de acuerdo con el art\u00edculo 42 de la Ley Org\u00e1nica de las Alcald\u00edas, en la que cada demarcaci\u00f3n debe contribuir a la protecci\u00f3n de monumentos con valor art\u00edstico e hist\u00f3rico, tanto en labores de seguridad y vigilancia como de conservaci\u00f3n.<\/p>\n<p>Ante los recientes actos vand\u00e1licos, a menos de un a\u00f1o de la \u00faltima restauraci\u00f3n, las autoridades antes mencionadas del Gobierno federal y local realizar\u00e1n de nueva cuenta las labores de restauraci\u00f3n del inmueble.<\/p>\n<p>Asimismo, se informa que este lunes se llev\u00f3 a cabo una reuni\u00f3n de trabajo con la participaci\u00f3n de vecinos, as\u00ed como de funcionarios de la alcald\u00eda Cuauht\u00e9moc, quienes externaron el compromiso de la demarcaci\u00f3n para reforzar la seguridad, cambiar luminarias, pintar y limpiar este Foro, respetando siempre los criterios establecidos por el Inbal.<\/p>\n<p>Esta nueva intervenci\u00f3n en el Foro Lindbergh, en la cual no registraron afectaci\u00f3n alguna los murales del artista Roberto Montenegro, contar\u00e1 con el trabajo especializado del Cencropam y la Direcci\u00f3n de Arquitectura y Conservaci\u00f3n del Patrimonio Art\u00edstico Inmueble (Dacpai) del Inbal, de la Secretar\u00eda de Cultura, la Sobse y la Seduvi del Gobierno de la Ciudad de M\u00e9xico, bajo un principio de coordinaci\u00f3n, tal y como lo establece la normatividad aplicable.<\/p>\n<p>El Foro Lindbergh fue construido en 1927 por el arquitecto Leonardo Noriega y el ingeniero Javier Francisco St\u00e1voli Llamas, con un estilo art-dec\u00f3. Con el paso de los a\u00f1os registr\u00f3 diversas afectaciones derivadas por la intemperie, como el crecimiento de flora nociva, suciedad, grafitis y pintas. Para proteger la obra del muralista, el Cencropam en la pasada restauraci\u00f3n realiz\u00f3 el desmontaje y montaje de cristales de protecci\u00f3n, retiro de hongo, musgo y reintegraci\u00f3n crom\u00e1tica en los murales del sol y la luna.<\/p>\n<div dir=\"auto\"><a class=\"x1i10hfl xjbqb8w x6umtig x1b1mbwd xaqea5y xav7gou x9f619 x1ypdohk xt0psk2 xe8uvvx xdj266r x11i5rnm xat24cr x1mh8g0r xexx8yu x4uap5 x18d9i69 xkhd6sd x16tdsg8 x1hl2dhg xggy1nq x1a2a7pz xt0b8zv x1qq9wsj xo1l8bm\" tabindex=\"0\" role=\"link\" href=\"https:\/\/www.facebook.com\/hashtag\/forolimbergh?__eep__=6&amp;__cft__[0]=AZU_hgJkSItix2QCWkrTbkIzOLzXUHg7tcQDZdPW3ky4OiCxgb8GUs0LEIqPWwzZkkdc8OUY6F1FLZ5zYl-wbygs5O2YyupHF840ZQKfUTe5fdvO6kOmTCeU8Qm5pDEim44&amp;__tn__=*NK-R\">#forolimbergh<\/a><\/div>\n<div dir=\"auto\"><a class=\"x1i10hfl xjbqb8w x6umtig x1b1mbwd xaqea5y xav7gou x9f619 x1ypdohk xt0psk2 xe8uvvx xdj266r x11i5rnm xat24cr x1mh8g0r xexx8yu x4uap5 x18d9i69 xkhd6sd x16tdsg8 x1hl2dhg xggy1nq x1a2a7pz xt0b8zv x1qq9wsj xo1l8bm\" tabindex=\"0\" role=\"link\" href=\"https:\/\/www.facebook.com\/hashtag\/gobiernodelaciudaddem%C3%A9xico?__eep__=6&amp;__cft__[0]=AZU_hgJkSItix2QCWkrTbkIzOLzXUHg7tcQDZdPW3ky4OiCxgb8GUs0LEIqPWwzZkkdc8OUY6F1FLZ5zYl-wbygs5O2YyupHF840ZQKfUTe5fdvO6kOmTCeU8Qm5pDEim44&amp;__tn__=*NK-R\">#GobiernoDeLaCiudadDeM\u00e9xico<\/a><\/div>\n<div dir=\"auto\"><a class=\"x1i10hfl xjbqb8w x6umtig x1b1mbwd xaqea5y xav7gou x9f619 x1ypdohk xt0psk2 xe8uvvx xdj266r x11i5rnm xat24cr x1mh8g0r xexx8yu x4uap5 x18d9i69 xkhd6sd x16tdsg8 x1hl2dhg xggy1nq x1a2a7pz xt0b8zv x1qq9wsj xo1l8bm\" tabindex=\"0\" role=\"link\" href=\"https:\/\/www.facebook.com\/hashtag\/secretariadeculturacdmx?__eep__=6&amp;__cft__[0]=AZU_hgJkSItix2QCWkrTbkIzOLzXUHg7tcQDZdPW3ky4OiCxgb8GUs0LEIqPWwzZkkdc8OUY6F1FLZ5zYl-wbygs5O2YyupHF840ZQKfUTe5fdvO6kOmTCeU8Qm5pDEim44&amp;__tn__=*NK-R\">#secretariadeculturacdmx<\/a><\/div>\n<div dir=\"auto\"><a class=\"x1i10hfl xjbqb8w x6umtig x1b1mbwd xaqea5y xav7gou x9f619 x1ypdohk xt0psk2 xe8uvvx xdj266r x11i5rnm xat24cr x1mh8g0r xexx8yu x4uap5 x18d9i69 xkhd6sd x16tdsg8 x1hl2dhg xggy1nq x1a2a7pz xt0b8zv x1qq9wsj xo1l8bm\" tabindex=\"0\" role=\"link\" href=\"https:\/\/www.facebook.com\/hashtag\/bitacoracdmx?__eep__=6&amp;__cft__[0]=AZU_hgJkSItix2QCWkrTbkIzOLzXUHg7tcQDZdPW3ky4OiCxgb8GUs0LEIqPWwzZkkdc8OUY6F1FLZ5zYl-wbygs5O2YyupHF840ZQKfUTe5fdvO6kOmTCeU8Qm5pDEim44&amp;__tn__=*NK-R\">#bitacoracdmx<\/a><\/div>\n<p>[\/fusion_text][fusion_imageframe image_id=&#8221;52376|medium&#8221; max_width=&#8221;&#8221; style_type=&#8221;&#8221; blur=&#8221;&#8221; stylecolor=&#8221;&#8221; hover_type=&#8221;none&#8221; bordersize=&#8221;&#8221; bordercolor=&#8221;&#8221; borderradius=&#8221;&#8221; align=&#8221;none&#8221; lightbox=&#8221;no&#8221; gallery_id=&#8221;&#8221; lightbox_image=&#8221;&#8221; lightbox_image_id=&#8221;&#8221; alt=&#8221;&#8221; link=&#8221;&#8221; linktarget=&#8221;_self&#8221; hide_on_mobile=&#8221;small-visibility,medium-visibility,large-visibility&#8221; class=&#8221;&#8221; id=&#8221;&#8221; animation_type=&#8221;&#8221; animation_direction=&#8221;left&#8221; animation_speed=&#8221;0.3&#8243; animation_offset=&#8221;&#8221;]https:\/\/www.bitacoracdmx.com\/wp-content\/uploads\/2023\/08\/WhatsApp-Image-2023-08-07-at-4.14.59-PM-300&#215;200.jpeg[\/fusion_imageframe][\/fusion_builder_column][\/fusion_builder_row][\/fusion_builder_container]<\/p>\n","protected":false},"excerpt":{"rendered":"<p>[fusion_builder_container hundred_percent=&#8221;no&#8221; equal_height_columns=&#8221;no&#8221; menu_anchor=&#8221;&#8221; hide_on_mobile=&#8221;small-visibility,medium-visibility,large-visibility&#8221; class=&#8221;&#8221; id=&#8221;&#8221; background_color=&#8221;&#8221; background_image=&#8221;&#8221; background_position=&#8221;center center&#8221; background_repeat=&#8221;no-repeat&#8221; fade=&#8221;no&#8221; background_parallax=&#8221;none&#8221; parallax_speed=&#8221;0.3&#8243; video_mp4=&#8221;&#8221; video_webm=&#8221;&#8221; video_ogv=&#8221;&#8221; video_url=&#8221;&#8221; video_aspect_ratio=&#8221;16:9&#8243; video_loop=&#8221;yes&#8221; video_mute=&#8221;yes&#8221; overlay_color=&#8221;&#8221; video_preview_image=&#8221;&#8221; border_size=&#8221;&#8221; border_color=&#8221;&#8221; border_style=&#8221;solid&#8221; padding_top=&#8221;&#8221; padding_bottom=&#8221;&#8221; padding_left=&#8221;&#8221; padding_right=&#8221;&#8221;][fusion_builder_row][fusion_builder_column type=&#8221;1_1&#8243; layout=&#8221;1_1&#8243; background_position=&#8221;left top&#8221; background_color=&#8221;&#8221; border_size=&#8221;&#8221; border_color=&#8221;&#8221; border_style=&#8221;solid&#8221; border_position=&#8221;all&#8221; spacing=&#8221;yes&#8221; background_image=&#8221;&#8221; background_repeat=&#8221;no-repeat&#8221; padding_top=&#8221;&#8221; padding_right=&#8221;&#8221; padding_bottom=&#8221;&#8221; padding_left=&#8221;&#8221; margin_top=&#8221;0px&#8221; margin_bottom=&#8221;0px&#8221; class=&#8221;&#8221; id=&#8221;&#8221; animation_type=&#8221;&#8221; animation_speed=&#8221;0.3&#8243; animation_direction=&#8221;left&#8221; hide_on_mobile=&#8221;small-visibility,medium-visibility,large-visibility&#8221; center_content=&#8221;no&#8221; last=&#8221;no&#8221; min_height=&#8221;&#8221; hover_type=&#8221;none&#8221; link=&#8221;&#8221;][fusion_text] REDACCI\u00d3N \u25cf A menos de un a\u00f1o de su restauraci\u00f3n, autoridades federales y locales intervendr\u00e1n de nueva cuenta el monumento tras los hechos ocurridos la madrugada del s\u00e1bado 5 de agosto La\u00a0Secretar\u00eda de Cultura del Gobierno de M\u00e9xico, el\u00a0Instituto Nacional [&hellip;]<\/p>\n","protected":false},"author":1,"featured_media":52376,"comment_status":"open","ping_status":"open","sticky":false,"template":"","format":"standard","meta":{"footnotes":""},"categories":[4,9],"tags":[],"_links":{"self":[{"href":"https:\/\/www.bitacoracdmx.com\/index.php?rest_route=\/wp\/v2\/posts\/52375"}],"collection":[{"href":"https:\/\/www.bitacoracdmx.com\/index.php?rest_route=\/wp\/v2\/posts"}],"about":[{"href":"https:\/\/www.bitacoracdmx.com\/index.php?rest_route=\/wp\/v2\/types\/post"}],"author":[{"embeddable":true,"href":"https:\/\/www.bitacoracdmx.com\/index.php?rest_route=\/wp\/v2\/users\/1"}],"replies":[{"embeddable":true,"href":"https:\/\/www.bitacoracdmx.com\/index.php?rest_route=%2Fwp%2Fv2%2Fcomments&post=52375"}],"version-history":[{"count":1,"href":"https:\/\/www.bitacoracdmx.com\/index.php?rest_route=\/wp\/v2\/posts\/52375\/revisions"}],"predecessor-version":[{"id":52377,"href":"https:\/\/www.bitacoracdmx.com\/index.php?rest_route=\/wp\/v2\/posts\/52375\/revisions\/52377"}],"wp:featuredmedia":[{"embeddable":true,"href":"https:\/\/www.bitacoracdmx.com\/index.php?rest_route=\/wp\/v2\/media\/52376"}],"wp:attachment":[{"href":"https:\/\/www.bitacoracdmx.com\/index.php?rest_route=%2Fwp%2Fv2%2Fmedia&parent=52375"}],"wp:term":[{"taxonomy":"category","embeddable":true,"href":"https:\/\/www.bitacoracdmx.com\/index.php?rest_route=%2Fwp%2Fv2%2Fcategories&post=52375"},{"taxonomy":"post_tag","embeddable":true,"href":"https:\/\/www.bitacoracdmx.com\/index.php?rest_route=%2Fwp%2Fv2%2Ftags&post=52375"}],"curies":[{"name":"wp","href":"https:\/\/api.w.org\/{rel}","templated":true}]}}