{"id":52378,"date":"2023-08-14T04:25:16","date_gmt":"2023-08-14T04:25:16","guid":{"rendered":"https:\/\/www.bitacoracdmx.com\/?p=52378"},"modified":"2023-08-14T04:25:16","modified_gmt":"2023-08-14T04:25:16","slug":"juan-pablo-cardona-ofrece-una-mirada-a-la-lagunilla-en-el-museo-archivo-de-la-fotografia","status":"publish","type":"post","link":"https:\/\/www.bitacoracdmx.com\/?p=52378","title":{"rendered":"JUAN PABLO CARDONA ofrece una mirada a la LAGUNILLA en el MUSEO ARCHIVO DE LA FOTOGRAF\u00cdA"},"content":{"rendered":"<p>[fusion_builder_container hundred_percent=&#8221;no&#8221; equal_height_columns=&#8221;no&#8221; menu_anchor=&#8221;&#8221; hide_on_mobile=&#8221;small-visibility,medium-visibility,large-visibility&#8221; class=&#8221;&#8221; id=&#8221;&#8221; background_color=&#8221;&#8221; background_image=&#8221;&#8221; background_position=&#8221;center center&#8221; background_repeat=&#8221;no-repeat&#8221; fade=&#8221;no&#8221; background_parallax=&#8221;none&#8221; parallax_speed=&#8221;0.3&#8243; video_mp4=&#8221;&#8221; video_webm=&#8221;&#8221; video_ogv=&#8221;&#8221; video_url=&#8221;&#8221; video_aspect_ratio=&#8221;16:9&#8243; video_loop=&#8221;yes&#8221; video_mute=&#8221;yes&#8221; overlay_color=&#8221;&#8221; video_preview_image=&#8221;&#8221; border_size=&#8221;&#8221; border_color=&#8221;&#8221; border_style=&#8221;solid&#8221; padding_top=&#8221;&#8221; padding_bottom=&#8221;&#8221; padding_left=&#8221;&#8221; padding_right=&#8221;&#8221;][fusion_builder_row][fusion_builder_column type=&#8221;1_1&#8243; layout=&#8221;1_1&#8243; background_position=&#8221;left top&#8221; background_color=&#8221;&#8221; border_size=&#8221;&#8221; border_color=&#8221;&#8221; border_style=&#8221;solid&#8221; border_position=&#8221;all&#8221; spacing=&#8221;yes&#8221; background_image=&#8221;&#8221; background_repeat=&#8221;no-repeat&#8221; padding_top=&#8221;&#8221; padding_right=&#8221;&#8221; padding_bottom=&#8221;&#8221; padding_left=&#8221;&#8221; margin_top=&#8221;0px&#8221; margin_bottom=&#8221;0px&#8221; class=&#8221;&#8221; id=&#8221;&#8221; animation_type=&#8221;&#8221; animation_speed=&#8221;0.3&#8243; animation_direction=&#8221;left&#8221; hide_on_mobile=&#8221;small-visibility,medium-visibility,large-visibility&#8221; center_content=&#8221;no&#8221; last=&#8221;no&#8221; min_height=&#8221;&#8221; hover_type=&#8221;none&#8221; link=&#8221;&#8221;][fusion_text]<\/p>\n<p>REDACCI\u00d3N<\/p>\n<p>\u25cf El fot\u00f3grafo mexicano presenta una selecci\u00f3n de 49 im\u00e1genes capturadas a lo largo de nueve a\u00f1os de interacci\u00f3n con los vendedores de la Lagunilla, en las que documenta su comercio<\/p>\n<p>\u25cf Las fotograf\u00edas que se exhiben de manera in\u00e9dita estar\u00e1n disponibles en el recinto de la Secretar\u00eda de Cultura capitalina hasta el pr\u00f3ximo 14 de enero del siguiente a\u00f1o<\/p>\n<p>Como una recolecci\u00f3n de recuerdos por uno de los mercados de pulgas m\u00e1s conocidos de la capital, donde se dan cita todos los domingos chachareros, gambusinos, anticuarios, mercaderes y turistas aventureros, as\u00ed abri\u00f3 al p\u00fablico este jueves la exposici\u00f3n\u00a0<strong><em>Lagunilla. Los escenarios del gran regateo<\/em><\/strong>\u00a0de\u00a0<strong>Juan Pablo Cardona<\/strong>, en el\u00a0<strong>Museo Archivo de la Fotograf\u00eda (MAF)<\/strong>, donde permanecer\u00e1 disponible hasta el\u00a0<strong>14 de enero<\/strong>\u00a0del siguiente a\u00f1o.<\/p>\n<p>El acto inaugural cont\u00f3 con la participaci\u00f3n del autor, Juan Pablo Cardona, en compa\u00f1\u00eda del fot\u00f3grafo Francisco Mata Rosas y de la directora del recinto a cargo de la Secretar\u00eda de Cultura de la Ciudad de M\u00e9xico, Lizbeth Ram\u00edrez, quien agradeci\u00f3 el realismo m\u00e1gico de la obra al capturar el arte del regateo.<\/p>\n<p>&#8220;Hoy visitar la Lagunilla es una parada obligada, los puestos son atendidos por vendedores especializados, sus visitantes vienen de todas partes del mundo en busca de un objeto, un mueble antiguo, una ch\u00e1chara o una baratija. La Lagunilla sin duda es un espacio urbano de constante negociaci\u00f3n, calles y calles son el escenario perfecto que nos ense\u00f1a a comprender el arte del regateo, en M\u00e9xico todo mundo regatea pero hay que saber c\u00f3mo hacerlo&#8221;, comparti\u00f3 la directora del MAF.<\/p>\n<p>Integrada por 49 im\u00e1genes en blanco y negro, el fot\u00f3grafo presenta una selecci\u00f3n de las tomas realizadas a lo largo de nueve a\u00f1os de interacci\u00f3n con los vendedores de la Lagunilla, en las que documenta su comercio, as\u00ed como los asiduos y casuales visitantes a este gran mercado de pulgas en el que las cosas en desuso se resignifican para avivar la memoria colectiva.<\/p>\n<p>&#8220;Esta noche me siento absolutamente afortunado porque puedo compartir con ustedes el fin de un trayecto de nueve a\u00f1os que ha sido siempre placentero, un camino que comprende los 315 domingos en un lugar que desde que llegas provoca sensorialmente, un lugar donde la memoria tiene pinceladas de gloria de tiempos fant\u00e1sticos y de mucho realismo m\u00e1gico&#8221;, comparti\u00f3 el artista, quien asegur\u00f3 que logra plasmar su conexi\u00f3n \u00edntima con este espacio.<\/p>\n<p>Asimismo, Francisco Mata Rosas, celebr\u00f3 la presentaci\u00f3n de la muestra en uno de los espacios capitalinos clave para la fotograf\u00eda de la ciudad, d\u00f3nde el p\u00fablico conocer\u00e1 la ca\u00f3tica belleza de este emblem\u00e1tico lugar a trav\u00e9s de la fotograf\u00eda callejera de Cardona y sus retratos.<\/p>\n<p>El p\u00fablico podr\u00e1 conocer el trabajo fotogr\u00e1fico de Juan Pablo Cardona sumergido en algunos instantes y personajes de este espacio, a los que captur\u00f3 con gran sentido est\u00e9tico para mantener su esencia. Un ejemplo importante de su interacci\u00f3n en el espacio se podr\u00e1 observar con la presentaci\u00f3n de una serie fotogr\u00e1fica dedicada a Perla, la novia que buscaba vender el vestido de su boda mientras tomaba una cerveza y platicaba con desconocidos a la orilla de una alcantarilla.<\/p>\n<p>Otro momento ic\u00f3nico para el autor fue la captura de im\u00e1genes tras una fuerte lluvia que no permiti\u00f3 a los comerciantes guardar sus objetos y cuyas antig\u00fcedades comenzaron a flotar por las calles al hacer de Reforma un escenario surrealista.<\/p>\n<p><strong><em>Lagunilla. Los escenarios del gran regateo<\/em><\/strong>, de\u00a0<strong>Juan Pablo Cardona<\/strong>, se puede visitar en el\u00a0<strong>Museo Archivo de la Fotograf\u00eda<\/strong>\u00a0hasta el\u00a0<strong>14 de enero<\/strong>\u00a0del siguiente a\u00f1o, recinto ubicado en Rep\u00fablica de Guatemala 34, Centro Hist\u00f3rico. Entrada libre.<\/p>\n<p>Con estas actividades la Secretar\u00eda de Cultura capitalina garantiza el ejercicio de los derechos culturales de los habitantes y visitantes de la capital. Para conocer todas las actividades de la\u00a0<strong>Secretar\u00eda de Cultura capitalina<\/strong>\u00a0se puede consultar la\u00a0<strong>Cartelera de la Ciudad de M\u00e9xico<\/strong>\u00a0(<a href=\"https:\/\/cartelera.cdmx.gob.mx\/\">https:\/\/cartelera.cdmx.gob.mx\/<\/a>) y las redes sociales en Facebook, Twitter, Instagram y YouTube.<\/p>\n<div dir=\"auto\"><a class=\"x1i10hfl xjbqb8w x6umtig x1b1mbwd xaqea5y xav7gou x9f619 x1ypdohk xt0psk2 xe8uvvx xdj266r x11i5rnm xat24cr x1mh8g0r xexx8yu x4uap5 x18d9i69 xkhd6sd x16tdsg8 x1hl2dhg xggy1nq x1a2a7pz xt0b8zv x1qq9wsj xo1l8bm\" tabindex=\"0\" role=\"link\" href=\"https:\/\/www.facebook.com\/hashtag\/juanpablocardona?__eep__=6&amp;__cft__[0]=AZVcyN0AcoNHtHWARdYY5vbMafGewByhrPS58eBu0cSiC5SM2gBnYfyF-VLuRZOCSKHdU9C3Dq8K1pS6vQTZu_nxF-KLM-KGQNVi2Cza2r0B5IgGbl-ldCmYOm6z-VUUh3k&amp;__tn__=*NK-R\">#juanpablocardona<\/a><\/div>\n<div dir=\"auto\"><a class=\"x1i10hfl xjbqb8w x6umtig x1b1mbwd xaqea5y xav7gou x9f619 x1ypdohk xt0psk2 xe8uvvx xdj266r x11i5rnm xat24cr x1mh8g0r xexx8yu x4uap5 x18d9i69 xkhd6sd x16tdsg8 x1hl2dhg xggy1nq x1a2a7pz xt0b8zv x1qq9wsj xo1l8bm\" tabindex=\"0\" role=\"link\" href=\"https:\/\/www.facebook.com\/hashtag\/lagunilla?__eep__=6&amp;__cft__[0]=AZVcyN0AcoNHtHWARdYY5vbMafGewByhrPS58eBu0cSiC5SM2gBnYfyF-VLuRZOCSKHdU9C3Dq8K1pS6vQTZu_nxF-KLM-KGQNVi2Cza2r0B5IgGbl-ldCmYOm6z-VUUh3k&amp;__tn__=*NK-R\">#Lagunilla<\/a><\/div>\n<div dir=\"auto\"><a class=\"x1i10hfl xjbqb8w x6umtig x1b1mbwd xaqea5y xav7gou x9f619 x1ypdohk xt0psk2 xe8uvvx xdj266r x11i5rnm xat24cr x1mh8g0r xexx8yu x4uap5 x18d9i69 xkhd6sd x16tdsg8 x1hl2dhg xggy1nq x1a2a7pz xt0b8zv x1qq9wsj xo1l8bm\" tabindex=\"0\" role=\"link\" href=\"https:\/\/www.facebook.com\/hashtag\/museoarchivodelafotografia?__eep__=6&amp;__cft__[0]=AZVcyN0AcoNHtHWARdYY5vbMafGewByhrPS58eBu0cSiC5SM2gBnYfyF-VLuRZOCSKHdU9C3Dq8K1pS6vQTZu_nxF-KLM-KGQNVi2Cza2r0B5IgGbl-ldCmYOm6z-VUUh3k&amp;__tn__=*NK-R\">#museoarchivodelafotografia<\/a><\/div>\n<div dir=\"auto\"><a class=\"x1i10hfl xjbqb8w x6umtig x1b1mbwd xaqea5y xav7gou x9f619 x1ypdohk xt0psk2 xe8uvvx xdj266r x11i5rnm xat24cr x1mh8g0r xexx8yu x4uap5 x18d9i69 xkhd6sd x16tdsg8 x1hl2dhg xggy1nq x1a2a7pz xt0b8zv x1qq9wsj xo1l8bm\" tabindex=\"0\" role=\"link\" href=\"https:\/\/www.facebook.com\/hashtag\/secretariadeculturacdmx?__eep__=6&amp;__cft__[0]=AZVcyN0AcoNHtHWARdYY5vbMafGewByhrPS58eBu0cSiC5SM2gBnYfyF-VLuRZOCSKHdU9C3Dq8K1pS6vQTZu_nxF-KLM-KGQNVi2Cza2r0B5IgGbl-ldCmYOm6z-VUUh3k&amp;__tn__=*NK-R\">#secretariadeculturacdmx<\/a><\/div>\n<div dir=\"auto\"><a class=\"x1i10hfl xjbqb8w x6umtig x1b1mbwd xaqea5y xav7gou x9f619 x1ypdohk xt0psk2 xe8uvvx xdj266r x11i5rnm xat24cr x1mh8g0r xexx8yu x4uap5 x18d9i69 xkhd6sd x16tdsg8 x1hl2dhg xggy1nq x1a2a7pz xt0b8zv x1qq9wsj xo1l8bm\" tabindex=\"0\" role=\"link\" href=\"https:\/\/www.facebook.com\/hashtag\/bitacoracdmx?__eep__=6&amp;__cft__[0]=AZVcyN0AcoNHtHWARdYY5vbMafGewByhrPS58eBu0cSiC5SM2gBnYfyF-VLuRZOCSKHdU9C3Dq8K1pS6vQTZu_nxF-KLM-KGQNVi2Cza2r0B5IgGbl-ldCmYOm6z-VUUh3k&amp;__tn__=*NK-R\">#bitacoracdmx<\/a><\/div>\n<p>[\/fusion_text][fusion_imageframe image_id=&#8221;52379|medium&#8221; max_width=&#8221;&#8221; style_type=&#8221;&#8221; blur=&#8221;&#8221; stylecolor=&#8221;&#8221; hover_type=&#8221;none&#8221; bordersize=&#8221;&#8221; bordercolor=&#8221;&#8221; borderradius=&#8221;&#8221; align=&#8221;none&#8221; lightbox=&#8221;no&#8221; gallery_id=&#8221;&#8221; lightbox_image=&#8221;&#8221; lightbox_image_id=&#8221;&#8221; alt=&#8221;&#8221; link=&#8221;&#8221; linktarget=&#8221;_self&#8221; hide_on_mobile=&#8221;small-visibility,medium-visibility,large-visibility&#8221; class=&#8221;&#8221; id=&#8221;&#8221; animation_type=&#8221;&#8221; animation_direction=&#8221;left&#8221; animation_speed=&#8221;0.3&#8243; animation_offset=&#8221;&#8221;]https:\/\/www.bitacoracdmx.com\/wp-content\/uploads\/2023\/08\/WhatsApp-Image-2023-08-10-at-9.01.17-PM-300&#215;200.jpeg[\/fusion_imageframe][\/fusion_builder_column][\/fusion_builder_row][\/fusion_builder_container]<\/p>\n","protected":false},"excerpt":{"rendered":"<p>[fusion_builder_container hundred_percent=&#8221;no&#8221; equal_height_columns=&#8221;no&#8221; menu_anchor=&#8221;&#8221; hide_on_mobile=&#8221;small-visibility,medium-visibility,large-visibility&#8221; class=&#8221;&#8221; id=&#8221;&#8221; background_color=&#8221;&#8221; background_image=&#8221;&#8221; background_position=&#8221;center center&#8221; background_repeat=&#8221;no-repeat&#8221; fade=&#8221;no&#8221; background_parallax=&#8221;none&#8221; parallax_speed=&#8221;0.3&#8243; video_mp4=&#8221;&#8221; video_webm=&#8221;&#8221; video_ogv=&#8221;&#8221; video_url=&#8221;&#8221; video_aspect_ratio=&#8221;16:9&#8243; video_loop=&#8221;yes&#8221; video_mute=&#8221;yes&#8221; overlay_color=&#8221;&#8221; video_preview_image=&#8221;&#8221; border_size=&#8221;&#8221; border_color=&#8221;&#8221; border_style=&#8221;solid&#8221; padding_top=&#8221;&#8221; padding_bottom=&#8221;&#8221; padding_left=&#8221;&#8221; padding_right=&#8221;&#8221;][fusion_builder_row][fusion_builder_column type=&#8221;1_1&#8243; layout=&#8221;1_1&#8243; background_position=&#8221;left top&#8221; background_color=&#8221;&#8221; border_size=&#8221;&#8221; border_color=&#8221;&#8221; border_style=&#8221;solid&#8221; border_position=&#8221;all&#8221; spacing=&#8221;yes&#8221; background_image=&#8221;&#8221; background_repeat=&#8221;no-repeat&#8221; padding_top=&#8221;&#8221; padding_right=&#8221;&#8221; padding_bottom=&#8221;&#8221; padding_left=&#8221;&#8221; margin_top=&#8221;0px&#8221; margin_bottom=&#8221;0px&#8221; class=&#8221;&#8221; id=&#8221;&#8221; animation_type=&#8221;&#8221; animation_speed=&#8221;0.3&#8243; animation_direction=&#8221;left&#8221; hide_on_mobile=&#8221;small-visibility,medium-visibility,large-visibility&#8221; center_content=&#8221;no&#8221; last=&#8221;no&#8221; min_height=&#8221;&#8221; hover_type=&#8221;none&#8221; link=&#8221;&#8221;][fusion_text] REDACCI\u00d3N \u25cf El fot\u00f3grafo mexicano presenta una selecci\u00f3n de 49 im\u00e1genes capturadas a lo largo de nueve a\u00f1os de interacci\u00f3n con los vendedores de la Lagunilla, en las que documenta su comercio \u25cf Las fotograf\u00edas que se exhiben de manera [&hellip;]<\/p>\n","protected":false},"author":1,"featured_media":52379,"comment_status":"open","ping_status":"open","sticky":false,"template":"","format":"standard","meta":{"footnotes":""},"categories":[5,9,27],"tags":[],"_links":{"self":[{"href":"https:\/\/www.bitacoracdmx.com\/index.php?rest_route=\/wp\/v2\/posts\/52378"}],"collection":[{"href":"https:\/\/www.bitacoracdmx.com\/index.php?rest_route=\/wp\/v2\/posts"}],"about":[{"href":"https:\/\/www.bitacoracdmx.com\/index.php?rest_route=\/wp\/v2\/types\/post"}],"author":[{"embeddable":true,"href":"https:\/\/www.bitacoracdmx.com\/index.php?rest_route=\/wp\/v2\/users\/1"}],"replies":[{"embeddable":true,"href":"https:\/\/www.bitacoracdmx.com\/index.php?rest_route=%2Fwp%2Fv2%2Fcomments&post=52378"}],"version-history":[{"count":2,"href":"https:\/\/www.bitacoracdmx.com\/index.php?rest_route=\/wp\/v2\/posts\/52378\/revisions"}],"predecessor-version":[{"id":52381,"href":"https:\/\/www.bitacoracdmx.com\/index.php?rest_route=\/wp\/v2\/posts\/52378\/revisions\/52381"}],"wp:featuredmedia":[{"embeddable":true,"href":"https:\/\/www.bitacoracdmx.com\/index.php?rest_route=\/wp\/v2\/media\/52379"}],"wp:attachment":[{"href":"https:\/\/www.bitacoracdmx.com\/index.php?rest_route=%2Fwp%2Fv2%2Fmedia&parent=52378"}],"wp:term":[{"taxonomy":"category","embeddable":true,"href":"https:\/\/www.bitacoracdmx.com\/index.php?rest_route=%2Fwp%2Fv2%2Fcategories&post=52378"},{"taxonomy":"post_tag","embeddable":true,"href":"https:\/\/www.bitacoracdmx.com\/index.php?rest_route=%2Fwp%2Fv2%2Ftags&post=52378"}],"curies":[{"name":"wp","href":"https:\/\/api.w.org\/{rel}","templated":true}]}}