{"id":52382,"date":"2023-08-14T04:34:23","date_gmt":"2023-08-14T04:34:23","guid":{"rendered":"https:\/\/www.bitacoracdmx.com\/?p=52382"},"modified":"2023-08-14T04:34:23","modified_gmt":"2023-08-14T04:34:23","slug":"san-ildefonso-albergara-la-exposicion-mas-grande-del-artista-oaxaqueno-sergio-hernandez","status":"publish","type":"post","link":"https:\/\/www.bitacoracdmx.com\/?p=52382","title":{"rendered":"SAN ILDEFONSO albergar\u00e1 la exposici\u00f3n m\u00e1s grande del artista oaxaque\u00f1o SERGIO HERN\u00c1NDEZ"},"content":{"rendered":"<p>[fusion_builder_container hundred_percent=&#8221;no&#8221; equal_height_columns=&#8221;no&#8221; menu_anchor=&#8221;&#8221; hide_on_mobile=&#8221;small-visibility,medium-visibility,large-visibility&#8221; class=&#8221;&#8221; id=&#8221;&#8221; background_color=&#8221;&#8221; background_image=&#8221;&#8221; background_position=&#8221;center center&#8221; background_repeat=&#8221;no-repeat&#8221; fade=&#8221;no&#8221; background_parallax=&#8221;none&#8221; parallax_speed=&#8221;0.3&#8243; video_mp4=&#8221;&#8221; video_webm=&#8221;&#8221; video_ogv=&#8221;&#8221; video_url=&#8221;&#8221; video_aspect_ratio=&#8221;16:9&#8243; video_loop=&#8221;yes&#8221; video_mute=&#8221;yes&#8221; overlay_color=&#8221;&#8221; video_preview_image=&#8221;&#8221; border_size=&#8221;&#8221; border_color=&#8221;&#8221; border_style=&#8221;solid&#8221; padding_top=&#8221;&#8221; padding_bottom=&#8221;&#8221; padding_left=&#8221;&#8221; padding_right=&#8221;&#8221;][fusion_builder_row][fusion_builder_column type=&#8221;1_1&#8243; layout=&#8221;1_1&#8243; background_position=&#8221;left top&#8221; background_color=&#8221;&#8221; border_size=&#8221;&#8221; border_color=&#8221;&#8221; border_style=&#8221;solid&#8221; border_position=&#8221;all&#8221; spacing=&#8221;yes&#8221; background_image=&#8221;&#8221; background_repeat=&#8221;no-repeat&#8221; padding_top=&#8221;&#8221; padding_right=&#8221;&#8221; padding_bottom=&#8221;&#8221; padding_left=&#8221;&#8221; margin_top=&#8221;0px&#8221; margin_bottom=&#8221;0px&#8221; class=&#8221;&#8221; id=&#8221;&#8221; animation_type=&#8221;&#8221; animation_speed=&#8221;0.3&#8243; animation_direction=&#8221;left&#8221; hide_on_mobile=&#8221;small-visibility,medium-visibility,large-visibility&#8221; center_content=&#8221;no&#8221; last=&#8221;no&#8221; min_height=&#8221;&#8221; hover_type=&#8221;none&#8221; link=&#8221;&#8221;][fusion_text]<\/p>\n<p>REDACCI\u00d3N<\/p>\n<p>\u25cf La exposici\u00f3n\u00a0<em>Sergio Hern\u00e1ndez<\/em>\u00a0estar\u00e1 abierta al p\u00fablico del 11 de agosto de 2023 al 28 de enero de 2024 a lo largo de mil 103 metros cuadrados y siete salas del Colegio de San Ildefonso, representando una de las muestras m\u00e1s completas e importantes de la artista realizada en los \u00faltimos a\u00f1os<\/p>\n<p>\u25cf La secretaria de Cultura de la Ciudad de M\u00e9xico, Claudia Curiel de Icaza, asegur\u00f3 que esta muestra es \u201cun paseo entre los sue\u00f1os de este pintor que ha sido capaz de unir lo fant\u00e1stico con lo terrenal, la abstracci\u00f3n con la figura, y que tiene una admirable voluntad de imaginar\u201d<\/p>\n<p>\u25cf La exhibici\u00f3n re\u00fane obra nunca vista, integrada en un conjunto de alrededor de 143 pinturas elaboradas con \u00f3leo, pigmentos, oro, cinabrio y plomo, as\u00ed como xilograf\u00edas y grabados<\/p>\n<p>\u25cf El maestro Sergio Hern\u00e1ndez, quien ha presentado su trabajo en Alemania, Francia, Espa\u00f1a, Italia y recientemente en Estados Unidos, es considerado uno de los m\u00e1s importantes exponentes contempor\u00e1neos de la pl\u00e1stica mexicana<\/p>\n<p>El\u00a0<strong>Colegio de San Ildefonso<\/strong>\u00a0inaugur\u00f3 este jueves la magna exposici\u00f3n\u00a0<strong><em>Sergio Hern\u00e1ndez<\/em><\/strong>, la m\u00e1s grande y completa selecci\u00f3n del pintor de origen mixteco, representante esencial de la llamada\u00a0<strong>Escuela oaxaque\u00f1a<\/strong>, que estar\u00e1 albergada en siete salas del recinto del\u00a0<strong>11 de agosto de 2023 hasta el 28 de enero de 2024<\/strong>.<\/p>\n<p>La secretaria de Cultura capitalina,\u00a0<strong>Claudia Curiel de Icaza<\/strong>, en nombre del Jefe de Gobierno de la Ciudad de M\u00e9xico\u00a0<strong>Mart\u00ed Batres Guadarrama<\/strong>, felicit\u00f3 en la inauguraci\u00f3n de esta exposici\u00f3n \u00fanica al equipo de San Ildefonso y el estudio de Sergio Hern\u00e1ndez, quienes se encargaron de materializar la muestra \u201cque es de alguna manera, un paseo entre los sue\u00f1os de este pintor que ha sido capaz de unir lo fant\u00e1stico con lo terrenal, la abstracci\u00f3n con la figura, y que tiene una admirable voluntad de imaginar\u201d.<\/p>\n<p>Dijo que a trav\u00e9s de esta muestra el p\u00fablico se adentrar\u00e1 en las exploraciones pl\u00e1sticas de uno de los pintores oaxaque\u00f1os m\u00e1s importantes del arte mexicano a trav\u00e9s de casi 150 obras que hacen uso de distintas t\u00e9cnicas art\u00edsticas como frescos, \u00f3leos, gr\u00e1fica, t\u00e9cnicas mixtas y plomos.<\/p>\n<p>\u201cSus pinturas y grabados son espacio de resonancia para la tradici\u00f3n y la vanguardia. Sus trabajos dialogan con Tamayo y Toledo, tienden puentes con su entorno inmediato, pero tambi\u00e9n manifiestan su insaciable sed de experimentaci\u00f3n y b\u00fasqueda constante de la textura y la fuerza\u201d, expres\u00f3 Curiel de Icaza.<\/p>\n<p>\u201cDice \u00e9l que sus pinturas son inquietas, y tiene raz\u00f3n. Estamos ante la obra de un artista que, como pocos, transforma una percepci\u00f3n sensorial en un trazo o una forma que altera el curso de la contemplaci\u00f3n, pues adem\u00e1s de asombrarnos, consigue conmovernos\u201d, asegur\u00f3 la secretaria.<\/p>\n<p>En \u00f1a muestra podremos conocer cuatro aspectos de la extensa y deslumbrante producci\u00f3n art\u00edstica de Sergio Hern\u00e1ndez: C\u00f3dices, un n\u00facleo con una fuerte carga pol\u00edtica, donde ser\u00e1 posible conocer algunas de sus reinterpretaciones e intervenciones al imaginario colectivo en torno a figuras hist\u00f3ricas y literarias.<\/p>\n<p>Asimismo, universos, que re\u00fane obras que son una clara invitaci\u00f3n a la contemplaci\u00f3n; En tercera instancia &#8220;Mitos&#8221;, donde se encuentran obras de una asombrosa fuerza crom\u00e1tica que transmite una aguda mirada y lectura cr\u00edtica del mundo.<\/p>\n<p>Por \u00faltimo, &#8220;Naturaleza&#8221;, grupo de obras que constituyen huellas del mundo natural y son a la vez, met\u00e1foras del futuro.<\/p>\n<p><strong>Sergio Hern\u00e1ndez<\/strong>, quien en esta inauguraci\u00f3n convoc\u00f3 a un Auditorio Sim\u00f3n Bol\u00edvar completamente lleno, habl\u00f3 desde el coraz\u00f3n sobre la vida que lo trajo hasta este d\u00eda, desde su infancia en la Mixteca oaxaque\u00f1a, su juventud en Ciudad Nezahualc\u00f3yotl, Arag\u00f3n y Tepito, donde quiso ser boxeador, hasta sus 40 a\u00f1os de carrera como pintor.<\/p>\n<p>\u201cMe siento honrado de estar en este recinto en el que grandes artistas de M\u00e9xico han plasmado sus pinturas\u201d, expres\u00f3 el pintor oaxaque\u00f1o.<\/p>\n<p>El poeta\u00a0<strong>Eduardo V\u00e1zquez Mart\u00edn<\/strong>, coordinador del Colegio de San Ildefonso, agradeci\u00f3 el apoyo y colaboraci\u00f3n de Enrique Graue, rector de la Universidad Nacional Aut\u00f3noma de M\u00e9xico, quien tuvo la iniciativa para crear esta exposici\u00f3n junto al Estudio Sergio Hern\u00e1ndez y el equipo de San Ildefonso.<\/p>\n<p>Por su parte,\u00a0<strong>Jes\u00fas Silva-Herzog M\u00e1rquez<\/strong>, quien es amigo \u00edntimo del artista, record\u00f3 que Hern\u00e1ndez se form\u00f3 en los talleres de San Carlos y eso convierte esta exposici\u00f3n en algo a\u00fan m\u00e1s significativo.<\/p>\n<p>El resto del pres\u00eddium que dio la bienvenida a la exposici\u00f3n de Sergio Hern\u00e1ndez estuvo compuesto por\u00a0<strong>el rector de la UNAM, Enrique Graue Wiechers; Rosa Beltr\u00e1n \u00c1lvarez, coordinadora de Difusi\u00f3n Cultural de la UNAM; Julio Serrano Espinosa, presidente del Patronato del Antiguo Colegio de San Ildefonso, y Marisol Espinosa, la curadora de la exposici\u00f3n<\/strong>.<\/p>\n<p>La muestra es el resultado de la colaboraci\u00f3n de la\u00a0<strong>Secretar\u00eda de Cultura del Gobierno de M\u00e9xico y el Gobierno de la Ciudad de M\u00e9xico a trav\u00e9s de su Secretar\u00eda de Cultura<\/strong>, la\u00a0<strong>Universidad Nacional Aut\u00f3noma de M\u00e9xico<\/strong>, instituciones mandantes del\u00a0<strong>Colegio de San Ildefonso y el Estudio Sergio Hern\u00e1ndez<\/strong>.<\/p>\n<p>La muestra estar\u00e1 distribuida a lo largo de mil 103 metros cuadrados en siete salas del Colegio de San Ildefonso y consta de 143 obras, divididas en 4 secciones curatoriales:\u00a0<strong>Historia, Universos, Mitolog\u00eda y Naturaleza<\/strong>.<\/p>\n<p>Las obras reunidas en esta exposici\u00f3n presentan t\u00e9cnicas propias del artista, como madera grabada y arenas sobre lino, adem\u00e1s de frescos, \u00f3leos, gr\u00e1fica, t\u00e9cnicas mixtas y plomos, que constituyen decenas de expresiones pl\u00e1sticas cuyas historias abarcan desde los presagios que anunciaron la llegada de extra\u00f1os venidos del mar a Tenochtitlan y su reinterpretaci\u00f3n de c\u00f3dices de la conquista, hasta grandes tablas, que nos muestran la forma tr\u00e1gica y esperp\u00e9ntica en que Sergio Hern\u00e1ndez representa sus sue\u00f1os, pesadillas y visiones.<\/p>\n<p>La obra del pintor Sergio Hern\u00e1ndez trasciende los procesos creativos, las t\u00e9cnicas, los materiales y los soportes con un esp\u00edritu de constante renovaci\u00f3n; el resultado es un lenguaje y estilo inconfundible, guiado de un fuerte sentido de la composici\u00f3n figurativa.<\/p>\n<p>Su obra est\u00e1 vinculada a las tendencias art\u00edsticas m\u00e1s innovadoras del arte contempor\u00e1neo, en ella se puede encontrar, por lo mismo, la esencia del arte oaxaque\u00f1o y sus elementos y valores m\u00e1s profundos, lo que lo ha llevado a exponer en los museos m\u00e1s importantes de M\u00e9xico.<\/p>\n<p>Tambi\u00e9n ha llevado su obra al Museo de Arte de San Antonio, el Museo W\u00fcrth, K\u00fcnzelau en Alemania, Laberinto della Masone de Parma, Italia, y el Museo de Arte de San Diego, California, Estados Unidos.<\/p>\n<p>Sergio Hern\u00e1ndez, nacido en 1957 en Huajuapan de Le\u00f3n, en la Sierra Mixteca, realiz\u00f3 sus estudios en la Escuela Nacional de Artes Pl\u00e1sticas (1973\u20131974) y en la Escuela Nacional de Pintura, Escultura y Grabado La Esmeralda (1975\u20131981) de la Ciudad de M\u00e9xico.<\/p>\n<p>Posteriormente, hacia 1985, se traslad\u00f3 a Europa en donde se inici\u00f3 en la gr\u00e1fica dentro del taller parisino de Peter Bramsen. Desde entonces, su producci\u00f3n art\u00edstica ha sido muy variada y completa, ya que ha incursionado en distintas \u00e1reas de la pl\u00e1stica como el grabado, la escultura, la cer\u00e1mica y, por supuesto, la pintura y el dibujo, convirti\u00e9ndose en uno de los artistas m\u00e1s destacados de M\u00e9xico en la actualidad.<\/p>\n<p>Entre sus m\u00faltiples distinciones y premios se encuentran el Premio Internacional Ren\u00e9 Portocarrero (La Habana, Cuba, 2014); la Cruz Oficial de la Orden de Isabel la Cat\u00f3lica, 2006; Beca Creador Art\u00edstico del Sistema Nacional de Creadores de Arte, 1994\u20131997; Menci\u00f3n Honor\u00edfica en la III Bienal Iberoamericana del Museo de Arte Carrillo Gil, 1982; Premio del Concurso Nacional para Estudiantes de Artes Pl\u00e1sticas, 1978 y 1980.<\/p>\n<p>La obra del artista estar\u00e1 abierta al p\u00fablico en la exposici\u00f3n\u00a0<strong><em>Sergio Hern\u00e1ndez<\/em><\/strong>\u00a0en el\u00a0<strong>Colegio de San Ildefonso<\/strong>, ubicado en Justo Sierra 16 y San Ildefonso 33, en el Centro Hist\u00f3rico de la Ciudad de M\u00e9xico, del 11 de agosto de 2023 hasta el 28 de enero de 2023.<\/p>\n<p>Para conocer todas las actividades de la Secretar\u00eda de Cultura capitalina\u00a0<strong>se puede consultar la Cartelera de la Ciudad de M\u00e9xico<\/strong>\u00a0(<a href=\"https:\/\/cartelera.cdmx.gob.mx\/\">https:\/\/cartelera.cdmx.gob.mx\/<\/a>) en la que se concentran estas y todas las actividades de la Secretar\u00eda de Cultura de la Ciudad de M\u00e9xico.<\/p>\n<div dir=\"auto\"><a class=\"x1i10hfl xjbqb8w x6umtig x1b1mbwd xaqea5y xav7gou x9f619 x1ypdohk xt0psk2 xe8uvvx xdj266r x11i5rnm xat24cr x1mh8g0r xexx8yu x4uap5 x18d9i69 xkhd6sd x16tdsg8 x1hl2dhg xggy1nq x1a2a7pz xt0b8zv x1qq9wsj xo1l8bm\" tabindex=\"0\" role=\"link\" href=\"https:\/\/www.facebook.com\/hashtag\/sanildelfonso?__eep__=6&amp;__cft__[0]=AZXdxrLGWmmpUwk7eNMbv3b60M-iBwwt2X_ddU49AI132AqEc8b2frICEzi7FyALkrSdbQy36JWMd7Frl_b2Xb7Uoq9rQ37cImJSsewgAWpOBIStwoi4zETrerX-9oyXf1E&amp;__tn__=*NK-R\">#sanildelfonso<\/a><\/div>\n<div dir=\"auto\"><a class=\"x1i10hfl xjbqb8w x6umtig x1b1mbwd xaqea5y xav7gou x9f619 x1ypdohk xt0psk2 xe8uvvx xdj266r x11i5rnm xat24cr x1mh8g0r xexx8yu x4uap5 x18d9i69 xkhd6sd x16tdsg8 x1hl2dhg xggy1nq x1a2a7pz xt0b8zv x1qq9wsj xo1l8bm\" tabindex=\"0\" role=\"link\" href=\"https:\/\/www.facebook.com\/hashtag\/colegiodesanildefonso?__eep__=6&amp;__cft__[0]=AZXdxrLGWmmpUwk7eNMbv3b60M-iBwwt2X_ddU49AI132AqEc8b2frICEzi7FyALkrSdbQy36JWMd7Frl_b2Xb7Uoq9rQ37cImJSsewgAWpOBIStwoi4zETrerX-9oyXf1E&amp;__tn__=*NK-R\">#ColegioDeSaniLdefonso<\/a><\/div>\n<div dir=\"auto\"><a class=\"x1i10hfl xjbqb8w x6umtig x1b1mbwd xaqea5y xav7gou x9f619 x1ypdohk xt0psk2 xe8uvvx xdj266r x11i5rnm xat24cr x1mh8g0r xexx8yu x4uap5 x18d9i69 xkhd6sd x16tdsg8 x1hl2dhg xggy1nq x1a2a7pz xt0b8zv x1qq9wsj xo1l8bm\" tabindex=\"0\" role=\"link\" href=\"https:\/\/www.facebook.com\/hashtag\/sergiohernandez?__eep__=6&amp;__cft__[0]=AZXdxrLGWmmpUwk7eNMbv3b60M-iBwwt2X_ddU49AI132AqEc8b2frICEzi7FyALkrSdbQy36JWMd7Frl_b2Xb7Uoq9rQ37cImJSsewgAWpOBIStwoi4zETrerX-9oyXf1E&amp;__tn__=*NK-R\">#sergiohernandez<\/a><\/div>\n<div dir=\"auto\"><a class=\"x1i10hfl xjbqb8w x6umtig x1b1mbwd xaqea5y xav7gou x9f619 x1ypdohk xt0psk2 xe8uvvx xdj266r x11i5rnm xat24cr x1mh8g0r xexx8yu x4uap5 x18d9i69 xkhd6sd x16tdsg8 x1hl2dhg xggy1nq x1a2a7pz xt0b8zv x1qq9wsj xo1l8bm\" tabindex=\"0\" role=\"link\" href=\"https:\/\/www.facebook.com\/hashtag\/secretariadeculturacdmx?__eep__=6&amp;__cft__[0]=AZXdxrLGWmmpUwk7eNMbv3b60M-iBwwt2X_ddU49AI132AqEc8b2frICEzi7FyALkrSdbQy36JWMd7Frl_b2Xb7Uoq9rQ37cImJSsewgAWpOBIStwoi4zETrerX-9oyXf1E&amp;__tn__=*NK-R\">#secretariadeculturacdmx<\/a><\/div>\n<div dir=\"auto\"><a class=\"x1i10hfl xjbqb8w x6umtig x1b1mbwd xaqea5y xav7gou x9f619 x1ypdohk xt0psk2 xe8uvvx xdj266r x11i5rnm xat24cr x1mh8g0r xexx8yu x4uap5 x18d9i69 xkhd6sd x16tdsg8 x1hl2dhg xggy1nq x1a2a7pz xt0b8zv x1qq9wsj xo1l8bm\" tabindex=\"0\" role=\"link\" href=\"https:\/\/www.facebook.com\/hashtag\/bitacoracdmx?__eep__=6&amp;__cft__[0]=AZXdxrLGWmmpUwk7eNMbv3b60M-iBwwt2X_ddU49AI132AqEc8b2frICEzi7FyALkrSdbQy36JWMd7Frl_b2Xb7Uoq9rQ37cImJSsewgAWpOBIStwoi4zETrerX-9oyXf1E&amp;__tn__=*NK-R\">#bitacoracdmx<\/a><\/div>\n<p>[\/fusion_text][fusion_imageframe image_id=&#8221;52383|medium&#8221; max_width=&#8221;&#8221; style_type=&#8221;&#8221; blur=&#8221;&#8221; stylecolor=&#8221;&#8221; hover_type=&#8221;none&#8221; bordersize=&#8221;&#8221; bordercolor=&#8221;&#8221; borderradius=&#8221;&#8221; align=&#8221;none&#8221; lightbox=&#8221;no&#8221; gallery_id=&#8221;&#8221; lightbox_image=&#8221;&#8221; lightbox_image_id=&#8221;&#8221; alt=&#8221;&#8221; link=&#8221;&#8221; linktarget=&#8221;_self&#8221; hide_on_mobile=&#8221;small-visibility,medium-visibility,large-visibility&#8221; class=&#8221;&#8221; id=&#8221;&#8221; animation_type=&#8221;&#8221; animation_direction=&#8221;left&#8221; animation_speed=&#8221;0.3&#8243; animation_offset=&#8221;&#8221;]https:\/\/www.bitacoracdmx.com\/wp-content\/uploads\/2023\/08\/WhatsApp-Image-2023-08-10-at-10.13.54-PM-300&#215;200.jpeg[\/fusion_imageframe][\/fusion_builder_column][\/fusion_builder_row][\/fusion_builder_container]<\/p>\n","protected":false},"excerpt":{"rendered":"<p>[fusion_builder_container hundred_percent=&#8221;no&#8221; equal_height_columns=&#8221;no&#8221; menu_anchor=&#8221;&#8221; hide_on_mobile=&#8221;small-visibility,medium-visibility,large-visibility&#8221; class=&#8221;&#8221; id=&#8221;&#8221; background_color=&#8221;&#8221; background_image=&#8221;&#8221; background_position=&#8221;center center&#8221; background_repeat=&#8221;no-repeat&#8221; fade=&#8221;no&#8221; background_parallax=&#8221;none&#8221; parallax_speed=&#8221;0.3&#8243; video_mp4=&#8221;&#8221; video_webm=&#8221;&#8221; video_ogv=&#8221;&#8221; video_url=&#8221;&#8221; video_aspect_ratio=&#8221;16:9&#8243; video_loop=&#8221;yes&#8221; video_mute=&#8221;yes&#8221; overlay_color=&#8221;&#8221; video_preview_image=&#8221;&#8221; border_size=&#8221;&#8221; border_color=&#8221;&#8221; border_style=&#8221;solid&#8221; padding_top=&#8221;&#8221; padding_bottom=&#8221;&#8221; padding_left=&#8221;&#8221; padding_right=&#8221;&#8221;][fusion_builder_row][fusion_builder_column type=&#8221;1_1&#8243; layout=&#8221;1_1&#8243; background_position=&#8221;left top&#8221; background_color=&#8221;&#8221; border_size=&#8221;&#8221; border_color=&#8221;&#8221; border_style=&#8221;solid&#8221; border_position=&#8221;all&#8221; spacing=&#8221;yes&#8221; background_image=&#8221;&#8221; background_repeat=&#8221;no-repeat&#8221; padding_top=&#8221;&#8221; padding_right=&#8221;&#8221; padding_bottom=&#8221;&#8221; padding_left=&#8221;&#8221; margin_top=&#8221;0px&#8221; margin_bottom=&#8221;0px&#8221; class=&#8221;&#8221; id=&#8221;&#8221; animation_type=&#8221;&#8221; animation_speed=&#8221;0.3&#8243; animation_direction=&#8221;left&#8221; hide_on_mobile=&#8221;small-visibility,medium-visibility,large-visibility&#8221; center_content=&#8221;no&#8221; last=&#8221;no&#8221; min_height=&#8221;&#8221; hover_type=&#8221;none&#8221; link=&#8221;&#8221;][fusion_text] REDACCI\u00d3N \u25cf La exposici\u00f3n\u00a0Sergio Hern\u00e1ndez\u00a0estar\u00e1 abierta al p\u00fablico del 11 de agosto de 2023 al 28 de enero de 2024 a lo largo de mil 103 metros cuadrados y siete salas del Colegio de San Ildefonso, representando una de las [&hellip;]<\/p>\n","protected":false},"author":1,"featured_media":52383,"comment_status":"open","ping_status":"open","sticky":false,"template":"","format":"standard","meta":{"footnotes":""},"categories":[5,9,27],"tags":[],"_links":{"self":[{"href":"https:\/\/www.bitacoracdmx.com\/index.php?rest_route=\/wp\/v2\/posts\/52382"}],"collection":[{"href":"https:\/\/www.bitacoracdmx.com\/index.php?rest_route=\/wp\/v2\/posts"}],"about":[{"href":"https:\/\/www.bitacoracdmx.com\/index.php?rest_route=\/wp\/v2\/types\/post"}],"author":[{"embeddable":true,"href":"https:\/\/www.bitacoracdmx.com\/index.php?rest_route=\/wp\/v2\/users\/1"}],"replies":[{"embeddable":true,"href":"https:\/\/www.bitacoracdmx.com\/index.php?rest_route=%2Fwp%2Fv2%2Fcomments&post=52382"}],"version-history":[{"count":1,"href":"https:\/\/www.bitacoracdmx.com\/index.php?rest_route=\/wp\/v2\/posts\/52382\/revisions"}],"predecessor-version":[{"id":52384,"href":"https:\/\/www.bitacoracdmx.com\/index.php?rest_route=\/wp\/v2\/posts\/52382\/revisions\/52384"}],"wp:featuredmedia":[{"embeddable":true,"href":"https:\/\/www.bitacoracdmx.com\/index.php?rest_route=\/wp\/v2\/media\/52383"}],"wp:attachment":[{"href":"https:\/\/www.bitacoracdmx.com\/index.php?rest_route=%2Fwp%2Fv2%2Fmedia&parent=52382"}],"wp:term":[{"taxonomy":"category","embeddable":true,"href":"https:\/\/www.bitacoracdmx.com\/index.php?rest_route=%2Fwp%2Fv2%2Fcategories&post=52382"},{"taxonomy":"post_tag","embeddable":true,"href":"https:\/\/www.bitacoracdmx.com\/index.php?rest_route=%2Fwp%2Fv2%2Ftags&post=52382"}],"curies":[{"name":"wp","href":"https:\/\/api.w.org\/{rel}","templated":true}]}}