{"id":52385,"date":"2023-08-14T04:41:42","date_gmt":"2023-08-14T04:41:42","guid":{"rendered":"https:\/\/www.bitacoracdmx.com\/?p=52385"},"modified":"2023-08-14T04:41:42","modified_gmt":"2023-08-14T04:41:42","slug":"procinecdmx-celebrara-el-dia-nacional-del-cine-mexicano-con-cartelera-especial","status":"publish","type":"post","link":"https:\/\/www.bitacoracdmx.com\/?p=52385","title":{"rendered":"PROCINECDMX celebrar\u00e1 el D\u00cdA NACIONAL DEL CINE MEXICANO con cartelera especial"},"content":{"rendered":"<p>[fusion_builder_container hundred_percent=&#8221;no&#8221; equal_height_columns=&#8221;no&#8221; menu_anchor=&#8221;&#8221; hide_on_mobile=&#8221;small-visibility,medium-visibility,large-visibility&#8221; class=&#8221;&#8221; id=&#8221;&#8221; background_color=&#8221;&#8221; background_image=&#8221;&#8221; background_position=&#8221;center center&#8221; background_repeat=&#8221;no-repeat&#8221; fade=&#8221;no&#8221; background_parallax=&#8221;none&#8221; parallax_speed=&#8221;0.3&#8243; video_mp4=&#8221;&#8221; video_webm=&#8221;&#8221; video_ogv=&#8221;&#8221; video_url=&#8221;&#8221; video_aspect_ratio=&#8221;16:9&#8243; video_loop=&#8221;yes&#8221; video_mute=&#8221;yes&#8221; overlay_color=&#8221;&#8221; video_preview_image=&#8221;&#8221; border_size=&#8221;&#8221; border_color=&#8221;&#8221; border_style=&#8221;solid&#8221; padding_top=&#8221;&#8221; padding_bottom=&#8221;&#8221; padding_left=&#8221;&#8221; padding_right=&#8221;&#8221;][fusion_builder_row][fusion_builder_column type=&#8221;1_1&#8243; layout=&#8221;1_1&#8243; background_position=&#8221;left top&#8221; background_color=&#8221;&#8221; border_size=&#8221;&#8221; border_color=&#8221;&#8221; border_style=&#8221;solid&#8221; border_position=&#8221;all&#8221; spacing=&#8221;yes&#8221; background_image=&#8221;&#8221; background_repeat=&#8221;no-repeat&#8221; padding_top=&#8221;&#8221; padding_right=&#8221;&#8221; padding_bottom=&#8221;&#8221; padding_left=&#8221;&#8221; margin_top=&#8221;0px&#8221; margin_bottom=&#8221;0px&#8221; class=&#8221;&#8221; id=&#8221;&#8221; animation_type=&#8221;&#8221; animation_speed=&#8221;0.3&#8243; animation_direction=&#8221;left&#8221; hide_on_mobile=&#8221;small-visibility,medium-visibility,large-visibility&#8221; center_content=&#8221;no&#8221; last=&#8221;no&#8221; min_height=&#8221;&#8221; hover_type=&#8221;none&#8221; link=&#8221;&#8221;][fusion_text]<\/p>\n<p>REDACCI\u00d3N<\/p>\n<p>\u25cf Las proyecciones se presentar\u00e1n en la sala de cine del Metro Zapata, las bibliotecas M\u00e9xico y Jos\u00e9 Vasconcelos, la Casa de la Primera Imprenta, el Complejo Cultural Los Pinos, centros de reinserci\u00f3n social, algunas plazas del Centro Hist\u00f3rico como Lerdo de Tejada y la Aguilita, as\u00ed como sedes que forman parte del Circuito de Exhibici\u00f3n de Fideicomiso PROCINECDMX y el programa \u201cCine en la Ciudad\u201d<\/p>\n<p>\u25cf Del 14 de agosto al 3 de septiembre se exhibir\u00e1n de manera gratuita m\u00e1s de 30 cintas nacionales entre las que destacan\u00a0<em>Cartas a distancia, Amparo Ochoa: Se me revent\u00f3 el barz\u00f3n, Volverte a ver, El \u00e1ngel exterminador, Viridiana<\/em>, la Muestra F\u00edlmica de la ENAC 2023 y programaci\u00f3n selecta del Festival Internacional de Cine Independiente 6\u00aa Edici\u00f3n<\/p>\n<p>La\u00a0<strong>Secretar\u00eda de Cultura de la Ciudad de M\u00e9xico<\/strong>, a trav\u00e9s del\u00a0<strong>Fideicomiso para la Promoci\u00f3n y Desarrollo del Cine Mexicano en la Ciudad de M\u00e9xico (PROCINECDMX)<\/strong>, celebrar\u00e1 el\u00a0<strong>\u201cD\u00eda Nacional del Cine Mexicano\u201d<\/strong>, que se conmemora el\u00a0<strong>15 de agosto<\/strong>\u00a0con una programaci\u00f3n especial.\u00a0<strong>Del 14 de agosto al 3 de septiembre<\/strong>\u00a0el p\u00fablico podr\u00e1 disfrutar de m\u00e1s de\u00a0<strong>30 pel\u00edculas<\/strong>\u00a0en sedes de la capital integradas por recintos culturales, cineclubes, espacios de exhibici\u00f3n alternativos, centros de reinserci\u00f3n social y la sala de cine del STC Metro Zapata que forman parte del programa \u201cCine en la Ciudad\u201d.<\/p>\n<p>La programaci\u00f3n estar\u00e1 integrada por cintas nacionales que han sido apoyadas por el Fideicomiso PROCINECDMX para su realizaci\u00f3n, producciones que forman parte de la Muestra F\u00edlmica de la Escuela Nacional de Artes Cinematogr\u00e1ficas UNAM 2023 (ENAC), t\u00edtulos y cortometrajes del XI Festival Internacional de Cine Independiente, as\u00ed como estrenos y pel\u00edculas nominadas para los 65\u00ba Premios Ariel.<\/p>\n<p>Algunas de las sedes son el Centro Cultural del M\u00e9xico Contempor\u00e1neo, el Foro Arteria, el Centro Cultural Xavier Villaurrutia, el Centro Varonil y Femenil de Reinserci\u00f3n Social Santa Martha Acatitla y la sala de cine del Metro Zapata; destacan las bibliotecas M\u00e9xico y Jos\u00e9 Vasconcelos, la Casa de la Primera Imprenta, el Complejo Cultural Los Pinos, las plazas p\u00fablicas Lerdo de Tejada y la Aguilita del Fideicomiso del Centro Hist\u00f3rico, entre otras sedes.<\/p>\n<p>De manera especial, en conmemoraci\u00f3n por el 40 aniversario del deceso de Luis Bu\u00f1uel, se realizar\u00e1n proyecciones de la cinta\u00a0<em>El \u00e1ngel exterminador<\/em>, considerado como uno de los filmes surrealistas m\u00e1s importantes de la historia, obra cumbre del cineasta calandino en la que expone la naturaleza humana y brinda una cr\u00edtica a las clases sociales. Las funciones tendr\u00e1n lugar en la sala de cine del Metro Zapata el martes 15 de agosto a las 16 horas y el jueves 31 de agosto a las 18 horas en el Patio Octavio Paz de la Biblioteca M\u00e9xico.<\/p>\n<p>Los d\u00edas\u00a0<strong>18, 22 y 26 de agosto<\/strong>\u00a0se proyectar\u00e1\u00a0<em>Cartas a distancia<\/em>\u00a0del documentalista Juan Carlos Rulfo, nominado como Mejor Largometraje Documental en los Premios Ariel 2023. Una cinta que retrata la realidad de enfermos por COVID-19 en los hospitales de M\u00e9xico, as\u00ed como la resistencia y zozobra de las familias. Esta producci\u00f3n fue apoyada por PROCINECDMX y se presentar\u00e1 en el Centro de Desarrollo Para el Envejecimiento (CEDE Arag\u00f3n), en la sala de cine Miguel Alem\u00e1n del Complejo Cultural Los Pinos y en el Centro Cultural del M\u00e9xico Contempor\u00e1neo en diversos horarios.<\/p>\n<p>Tambi\u00e9n se proyectar\u00e1 el documental\u00a0<em>Amparo Ochoa: Se me revent\u00f3 el barz\u00f3n<\/em>\u00a0que narra la vida de la cantante y fue beneficiado con el apoyo de PROCINE, el d\u00eda jueves 31 en Villa Ol\u00edmpica; los trabajos de ficci\u00f3n y documental de la 26 Muestra F\u00edlmica de la ENAC 2023 del 8 al 24 de agosto; as\u00ed como una selecci\u00f3n de cortometrajes que forman parte del XI Festival Internacional de Cine Independiente de la Ciudad de M\u00e9xico; aunado a la programaci\u00f3n infantil de matin\u00e9s en la sala de cine del Metro Zapata y El Forito de la sala infantil de la Biblioteca M\u00e9xico, como parte de las opciones de esparcimiento de los infantes en las vacaciones de verano.<\/p>\n<p>El programa \u201cCine en la ciudad\u201d re\u00fane m\u00e1s de 200 sedes de la capital y pretende llevar el cine a diversos espacios, m\u00e1s all\u00e1 de las salas habituales de cine. La cartelera completa puede consultarse en el sitio\u00a0<a href=\"http:\/\/www.cineenlaciudad.cdmx.gob.mx\/\">http:\/\/www.cineenlaciudad.cdmx.gob.mx\/<\/a>\u00a0y p\u00e1gina oficial de PROCINECDMX\u00a0<a href=\"https:\/\/procine.cdmx.gob.mx\/\">https:\/\/procine.cdmx.gob.mx<\/a><\/p>\n<p>La oferta en l\u00ednea de la\u00a0<strong>Secretar\u00eda de Cultura de la Ciudad de M\u00e9xico<\/strong>\u00a0se puede conocer en su p\u00e1gina oficial (<a href=\"https:\/\/cultura.cdmx.gob.mx\/\">https:\/\/cultura.cdmx.gob.mx\/<\/a>), en la plataforma digital Capital Cultural en Nuestra Casa y a trav\u00e9s de sus cuentas oficiales de Facebook: (<a href=\"https:\/\/www.facebook.com\/Cultura.Ciudad.de.Mexico\">https:\/\/www.facebook.com\/Cultura.Ciudad.de.Mexico<\/a>); Instagram: (<a href=\"https:\/\/www.instagram.com\/culturaciudadmx\">https:\/\/www.instagram.com\/culturaciudadmx<\/a>) ;Twitter (<a href=\"https:\/\/twitter.com\/CulturaCiudadMx\">https:\/\/twitter.com\/CulturaCiudadMx<\/a>) y en su canal de YouTube (Secretar\u00eda de Cultura CDMX).<\/p>\n<div dir=\"auto\"><a class=\"x1i10hfl xjbqb8w x6umtig x1b1mbwd xaqea5y xav7gou x9f619 x1ypdohk xt0psk2 xe8uvvx xdj266r x11i5rnm xat24cr x1mh8g0r xexx8yu x4uap5 x18d9i69 xkhd6sd x16tdsg8 x1hl2dhg xggy1nq x1a2a7pz xt0b8zv x1qq9wsj xo1l8bm\" tabindex=\"0\" role=\"link\" href=\"https:\/\/www.facebook.com\/hashtag\/procinecdmx?__eep__=6&amp;__cft__[0]=AZXMzvwo3KYm8UJi98_SC-wu07l8ZsfjkFGrpaUGfo6NciaobcGNbaKCP3HAszCuSkwvfhMG7o9nsE9ED-hooO7VR0g1V_chxhnan84WyqOwZNDWVJoCrpC1RHcGKIujKzg&amp;__tn__=*NK-R\">#PROCINECDMX<\/a><\/div>\n<div dir=\"auto\"><a class=\"x1i10hfl xjbqb8w x6umtig x1b1mbwd xaqea5y xav7gou x9f619 x1ypdohk xt0psk2 xe8uvvx xdj266r x11i5rnm xat24cr x1mh8g0r xexx8yu x4uap5 x18d9i69 xkhd6sd x16tdsg8 x1hl2dhg xggy1nq x1a2a7pz xt0b8zv x1qq9wsj xo1l8bm\" tabindex=\"0\" role=\"link\" href=\"https:\/\/www.facebook.com\/hashtag\/dianacionaldecinemexicano?__eep__=6&amp;__cft__[0]=AZXMzvwo3KYm8UJi98_SC-wu07l8ZsfjkFGrpaUGfo6NciaobcGNbaKCP3HAszCuSkwvfhMG7o9nsE9ED-hooO7VR0g1V_chxhnan84WyqOwZNDWVJoCrpC1RHcGKIujKzg&amp;__tn__=*NK-R\">#dianacionaldecinemexicano<\/a><\/div>\n<div dir=\"auto\"><a class=\"x1i10hfl xjbqb8w x6umtig x1b1mbwd xaqea5y xav7gou x9f619 x1ypdohk xt0psk2 xe8uvvx xdj266r x11i5rnm xat24cr x1mh8g0r xexx8yu x4uap5 x18d9i69 xkhd6sd x16tdsg8 x1hl2dhg xggy1nq x1a2a7pz xt0b8zv x1qq9wsj xo1l8bm\" tabindex=\"0\" role=\"link\" href=\"https:\/\/www.facebook.com\/hashtag\/secretariadeculturacdmx?__eep__=6&amp;__cft__[0]=AZXMzvwo3KYm8UJi98_SC-wu07l8ZsfjkFGrpaUGfo6NciaobcGNbaKCP3HAszCuSkwvfhMG7o9nsE9ED-hooO7VR0g1V_chxhnan84WyqOwZNDWVJoCrpC1RHcGKIujKzg&amp;__tn__=*NK-R\">#secretariadeculturacdmx<\/a><\/div>\n<div dir=\"auto\"><a class=\"x1i10hfl xjbqb8w x6umtig x1b1mbwd xaqea5y xav7gou x9f619 x1ypdohk xt0psk2 xe8uvvx xdj266r x11i5rnm xat24cr x1mh8g0r xexx8yu x4uap5 x18d9i69 xkhd6sd x16tdsg8 x1hl2dhg xggy1nq x1a2a7pz xt0b8zv x1qq9wsj xo1l8bm\" tabindex=\"0\" role=\"link\" href=\"https:\/\/www.facebook.com\/hashtag\/bitacoracdmx?__eep__=6&amp;__cft__[0]=AZXMzvwo3KYm8UJi98_SC-wu07l8ZsfjkFGrpaUGfo6NciaobcGNbaKCP3HAszCuSkwvfhMG7o9nsE9ED-hooO7VR0g1V_chxhnan84WyqOwZNDWVJoCrpC1RHcGKIujKzg&amp;__tn__=*NK-R\">#bitacoracdmx<\/a><\/div>\n<p>[\/fusion_text][fusion_imageframe image_id=&#8221;52386|medium&#8221; max_width=&#8221;&#8221; style_type=&#8221;&#8221; blur=&#8221;&#8221; stylecolor=&#8221;&#8221; hover_type=&#8221;none&#8221; bordersize=&#8221;&#8221; bordercolor=&#8221;&#8221; borderradius=&#8221;&#8221; align=&#8221;none&#8221; lightbox=&#8221;no&#8221; gallery_id=&#8221;&#8221; lightbox_image=&#8221;&#8221; lightbox_image_id=&#8221;&#8221; alt=&#8221;&#8221; link=&#8221;&#8221; linktarget=&#8221;_self&#8221; hide_on_mobile=&#8221;small-visibility,medium-visibility,large-visibility&#8221; class=&#8221;&#8221; id=&#8221;&#8221; animation_type=&#8221;&#8221; animation_direction=&#8221;left&#8221; animation_speed=&#8221;0.3&#8243; animation_offset=&#8221;&#8221;]https:\/\/www.bitacoracdmx.com\/wp-content\/uploads\/2023\/08\/WhatsApp-Image-2023-08-11-at-11.49.04-AM-250&#215;300.jpeg[\/fusion_imageframe][\/fusion_builder_column][\/fusion_builder_row][\/fusion_builder_container]<\/p>\n","protected":false},"excerpt":{"rendered":"<p>[fusion_builder_container hundred_percent=&#8221;no&#8221; equal_height_columns=&#8221;no&#8221; menu_anchor=&#8221;&#8221; hide_on_mobile=&#8221;small-visibility,medium-visibility,large-visibility&#8221; class=&#8221;&#8221; id=&#8221;&#8221; background_color=&#8221;&#8221; background_image=&#8221;&#8221; background_position=&#8221;center center&#8221; background_repeat=&#8221;no-repeat&#8221; fade=&#8221;no&#8221; background_parallax=&#8221;none&#8221; parallax_speed=&#8221;0.3&#8243; video_mp4=&#8221;&#8221; video_webm=&#8221;&#8221; video_ogv=&#8221;&#8221; video_url=&#8221;&#8221; video_aspect_ratio=&#8221;16:9&#8243; video_loop=&#8221;yes&#8221; video_mute=&#8221;yes&#8221; overlay_color=&#8221;&#8221; video_preview_image=&#8221;&#8221; border_size=&#8221;&#8221; border_color=&#8221;&#8221; border_style=&#8221;solid&#8221; padding_top=&#8221;&#8221; padding_bottom=&#8221;&#8221; padding_left=&#8221;&#8221; padding_right=&#8221;&#8221;][fusion_builder_row][fusion_builder_column type=&#8221;1_1&#8243; layout=&#8221;1_1&#8243; background_position=&#8221;left top&#8221; background_color=&#8221;&#8221; border_size=&#8221;&#8221; border_color=&#8221;&#8221; border_style=&#8221;solid&#8221; border_position=&#8221;all&#8221; spacing=&#8221;yes&#8221; background_image=&#8221;&#8221; background_repeat=&#8221;no-repeat&#8221; padding_top=&#8221;&#8221; padding_right=&#8221;&#8221; padding_bottom=&#8221;&#8221; padding_left=&#8221;&#8221; margin_top=&#8221;0px&#8221; margin_bottom=&#8221;0px&#8221; class=&#8221;&#8221; id=&#8221;&#8221; animation_type=&#8221;&#8221; animation_speed=&#8221;0.3&#8243; animation_direction=&#8221;left&#8221; hide_on_mobile=&#8221;small-visibility,medium-visibility,large-visibility&#8221; center_content=&#8221;no&#8221; last=&#8221;no&#8221; min_height=&#8221;&#8221; hover_type=&#8221;none&#8221; link=&#8221;&#8221;][fusion_text] REDACCI\u00d3N \u25cf Las proyecciones se presentar\u00e1n en la sala de cine del Metro Zapata, las bibliotecas M\u00e9xico y Jos\u00e9 Vasconcelos, la Casa de la Primera Imprenta, el Complejo Cultural Los Pinos, centros de reinserci\u00f3n social, algunas plazas del Centro Hist\u00f3rico [&hellip;]<\/p>\n","protected":false},"author":1,"featured_media":52386,"comment_status":"open","ping_status":"open","sticky":false,"template":"","format":"standard","meta":{"footnotes":""},"categories":[3,9],"tags":[],"_links":{"self":[{"href":"https:\/\/www.bitacoracdmx.com\/index.php?rest_route=\/wp\/v2\/posts\/52385"}],"collection":[{"href":"https:\/\/www.bitacoracdmx.com\/index.php?rest_route=\/wp\/v2\/posts"}],"about":[{"href":"https:\/\/www.bitacoracdmx.com\/index.php?rest_route=\/wp\/v2\/types\/post"}],"author":[{"embeddable":true,"href":"https:\/\/www.bitacoracdmx.com\/index.php?rest_route=\/wp\/v2\/users\/1"}],"replies":[{"embeddable":true,"href":"https:\/\/www.bitacoracdmx.com\/index.php?rest_route=%2Fwp%2Fv2%2Fcomments&post=52385"}],"version-history":[{"count":1,"href":"https:\/\/www.bitacoracdmx.com\/index.php?rest_route=\/wp\/v2\/posts\/52385\/revisions"}],"predecessor-version":[{"id":52387,"href":"https:\/\/www.bitacoracdmx.com\/index.php?rest_route=\/wp\/v2\/posts\/52385\/revisions\/52387"}],"wp:featuredmedia":[{"embeddable":true,"href":"https:\/\/www.bitacoracdmx.com\/index.php?rest_route=\/wp\/v2\/media\/52386"}],"wp:attachment":[{"href":"https:\/\/www.bitacoracdmx.com\/index.php?rest_route=%2Fwp%2Fv2%2Fmedia&parent=52385"}],"wp:term":[{"taxonomy":"category","embeddable":true,"href":"https:\/\/www.bitacoracdmx.com\/index.php?rest_route=%2Fwp%2Fv2%2Fcategories&post=52385"},{"taxonomy":"post_tag","embeddable":true,"href":"https:\/\/www.bitacoracdmx.com\/index.php?rest_route=%2Fwp%2Fv2%2Ftags&post=52385"}],"curies":[{"name":"wp","href":"https:\/\/api.w.org\/{rel}","templated":true}]}}