{"id":52388,"date":"2023-08-14T04:49:56","date_gmt":"2023-08-14T04:49:56","guid":{"rendered":"https:\/\/www.bitacoracdmx.com\/?p=52388"},"modified":"2023-08-14T04:49:56","modified_gmt":"2023-08-14T04:49:56","slug":"faro-aragon-celebra-septimo-aniversario-con-concierto-de-rock","status":"publish","type":"post","link":"https:\/\/www.bitacoracdmx.com\/?p=52388","title":{"rendered":"FARO ARAG\u00d3N celebra S\u00c9PTIMO ANIVERSARIO con CONCIERTO DE ROCK"},"content":{"rendered":"<p>[fusion_builder_container hundred_percent=&#8221;no&#8221; equal_height_columns=&#8221;no&#8221; menu_anchor=&#8221;&#8221; hide_on_mobile=&#8221;small-visibility,medium-visibility,large-visibility&#8221; class=&#8221;&#8221; id=&#8221;&#8221; background_color=&#8221;&#8221; background_image=&#8221;&#8221; background_position=&#8221;center center&#8221; background_repeat=&#8221;no-repeat&#8221; fade=&#8221;no&#8221; background_parallax=&#8221;none&#8221; parallax_speed=&#8221;0.3&#8243; video_mp4=&#8221;&#8221; video_webm=&#8221;&#8221; video_ogv=&#8221;&#8221; video_url=&#8221;&#8221; video_aspect_ratio=&#8221;16:9&#8243; video_loop=&#8221;yes&#8221; video_mute=&#8221;yes&#8221; overlay_color=&#8221;&#8221; video_preview_image=&#8221;&#8221; border_size=&#8221;&#8221; border_color=&#8221;&#8221; border_style=&#8221;solid&#8221; padding_top=&#8221;&#8221; padding_bottom=&#8221;&#8221; padding_left=&#8221;&#8221; padding_right=&#8221;&#8221;][fusion_builder_row][fusion_builder_column type=&#8221;1_1&#8243; layout=&#8221;1_1&#8243; background_position=&#8221;left top&#8221; background_color=&#8221;&#8221; border_size=&#8221;&#8221; border_color=&#8221;&#8221; border_style=&#8221;solid&#8221; border_position=&#8221;all&#8221; spacing=&#8221;yes&#8221; background_image=&#8221;&#8221; background_repeat=&#8221;no-repeat&#8221; padding_top=&#8221;&#8221; padding_right=&#8221;&#8221; padding_bottom=&#8221;&#8221; padding_left=&#8221;&#8221; margin_top=&#8221;0px&#8221; margin_bottom=&#8221;0px&#8221; class=&#8221;&#8221; id=&#8221;&#8221; animation_type=&#8221;&#8221; animation_speed=&#8221;0.3&#8243; animation_direction=&#8221;left&#8221; hide_on_mobile=&#8221;small-visibility,medium-visibility,large-visibility&#8221; center_content=&#8221;no&#8221; last=&#8221;no&#8221; min_height=&#8221;&#8221; hover_type=&#8221;none&#8221; link=&#8221;&#8221;][fusion_text]<\/p>\n<p>REDACCI\u00d3N<\/p>\n<p>\u25cf Bajo el lema \u201cCelebrando con juego\u201d, la fiesta cultural fue dedicada, principalmente, a los ni\u00f1os y ni\u00f1as<\/p>\n<p>\u25cf La secretaria de Cultura de la Ciudad de M\u00e9xico felicit\u00f3 que la FARO sea reconocida por su trabajo en producci\u00f3n audiovisual<\/p>\n<p>\u25cf Los usuarios de todas las edades disfrutaron de proyecciones de cine, un show de clown y la realizaci\u00f3n de un mural<\/p>\n<p>Con una fiesta cultural especialmente dedicada a los ni\u00f1os y ni\u00f1as, la\u00a0<strong>F\u00e1brica de Artes y Oficios (FARO) Arag\u00f3n<\/strong>, recinto perteneciente a la\u00a0<strong>Secretar\u00eda de Cultura de la Ciudad de M\u00e9xico<\/strong>, festej\u00f3 su s\u00e9ptimo aniversario con un concierto de rock a cargo de las agrupaciones\u00a0<strong>Yucat\u00e1n a Go Go y Los Migajita Sound Band<\/strong>, un show de clown, proyecciones de cine infantil y con la realizaci\u00f3n de un mural comunitario.<\/p>\n<p>La secretaria de Cultura de la Ciudad de M\u00e9xico, Claudia Curiel de Icaza, quien estuvo presente en el evento denominado \u201cCelebrando con juego\u201d, agradeci\u00f3 el trabajo comunitario realizado por las y los usuarios y el equipo de la FARO Arag\u00f3n a lo largo de siete a\u00f1os y celebr\u00f3 que el recinto tenga una reconocida trayectoria en producci\u00f3n audiovisual.<\/p>\n<p>\u201cSimplemente quiero agradecer, no s\u00f3lo al equipo sino a ustedes los usuarios, que hoy se cumplen siete a\u00f1os de trabajo en este espacio. Queremos m\u00e1s y como saben se ha perfilado una vocaci\u00f3n de cine en este espacio y en esta FARO, por eso estamos muy contentos\u201d, declar\u00f3.<\/p>\n<p>La mandataria tambi\u00e9n celebr\u00f3 que el plan de estudios \u201ccine y producci\u00f3n audiovisual\u201d, organizado por la FARO Arag\u00f3n cuente con validez oficial de la Secretar\u00eda de Educaci\u00f3n P\u00fablica (SEP), ello con el fin formar creadores culturales.<\/p>\n<p>Mientras que el reci\u00e9n nombrado titular Vinculaci\u00f3n Cultural Comunitaria, Juan Gerardo L\u00f3pez, felicit\u00f3 a toda la comunidad aleda\u00f1a al recinto cultural por formar parte del trabajo cultural de la FARO.<\/p>\n<p>\u201cMuchas felicidades a la comunidad de la FARO Arag\u00f3n por este s\u00e9ptimo aniversario. Muchas felicidades a las vecinas y a los vecinos, a las ni\u00f1as y ni\u00f1os que viven aqu\u00ed en la Unidad Habitacional de San Juan de Arag\u00f3n, y a los vecinos de las colonias aleda\u00f1as. Qu\u00e9 bueno que est\u00e1n aqu\u00ed y vamos a disfrutar\u201d, dijo.<\/p>\n<p>Por su parte el subdirector de las FAROS, Daniel Guzm\u00e1n Contreras, agradeci\u00f3 que se fomente la cultura a los ni\u00f1os y ni\u00f1as.<\/p>\n<p>La fiesta por el s\u00e9ptimo aniversario estuvo enfocada a celebrar a los usuarios m\u00e1s peque\u00f1os de la Faro, ya que arranc\u00f3 con una serie de cortometrajes infantiles a cargo de La Matatena; tambi\u00e9n se realiz\u00f3 un mural comunitario donde se plasmaron huellas y mensajes de felicitaciones por parte de los asistentes.<\/p>\n<p>Igualmente se present\u00f3 un d\u00fao de payasos de Cirko de Bolsillo con los Estrouberry Clowns, donde los ni\u00f1os presenciaron un espect\u00e1culo de comedia y malabares.<\/p>\n<p>Finalmente, todos asistentes, principalmente ni\u00f1os y ni\u00f1as, se pusieron a bailar, correr, re\u00edr y a brincar al ritmo de rock y ska con Yucat\u00e1n a Go Go, quienes dedicaron el concierto a todos los que festejaban su cumplea\u00f1os. Entre las canciones que tocaron se encuentran \u201cNo me des m\u00e1s pollito\u201d, \u201cEl Ni\u00f1o mutante\u201d, \u201cSe comi\u00f3\u201d, \u201cVisteme de Kaliman\u201d y \u201cLos mayas\u201d.<\/p>\n<p>Los Migajita Sound Band cerraron la fiesta con sonidos de rock, reggae, ska, jazz, cumbia, balkan, salsa y son. Los asistentes corearon y bailaron \u201cLa cumbia del monstruo\u201d, \u201cLas calaveras\u201d y el \u201cRock del pandita\u201d.<\/p>\n<p>Cabe destacar que la celebraci\u00f3n por el s\u00e9ptimo aniversario se realizar\u00e1 todo el mes de agosto, por lo que este domingo habr\u00e1 una proyecci\u00f3n de los productos audiovisuales realizados por la comunidad de Arag\u00f3n y el s\u00e1bado 19 habr\u00e1 muestras de m\u00fasica y danza.<\/p>\n<p>El domingo 20 el p\u00fablico disfrutar\u00e1 de presentaciones esc\u00e9nicas, realizados por los usuarios de los talleres que se imparten en la Faro. Adem\u00e1s, el 26 de agosto se proyectar\u00e1 la identidad cinematogr\u00e1fica de la FARO mediante \u201cPerformance Audiovisuales\u201d, que combina composiciones sonoras, live cinema, presentaciones esc\u00e9nicas y una proyecci\u00f3n y sonorizaci\u00f3n de la pel\u00edcula Metr\u00f3polis, de Fritz Lang, por parte de Sonido Xibalb\u00e1.<\/p>\n<p>La fiesta cerrar\u00e1 con broche de oro el domingo 27 de agosto con \u201cHistorias Danzoneras\u201d, en la cual habr\u00e1 espect\u00e1culos de m\u00fasica y baile a cargo del proyecto Danz\u00f3n chilango.<\/p>\n<p>Para conocer todas las actividades de la Secretar\u00eda de Cultura capitalina se puede consultar la Cartelera de la Ciudad de M\u00e9xico (<a href=\"https:\/\/cartelera.cdmx.gob.mx\/\">https:\/\/cartelera.cdmx.gob.mx\/<\/a>) y las redes sociales de la Secretar\u00eda de Cultura: Facebook, Twitter, Instagram y YouTube.<\/p>\n<div dir=\"auto\"><a class=\"x1i10hfl xjbqb8w x6umtig x1b1mbwd xaqea5y xav7gou x9f619 x1ypdohk xt0psk2 xe8uvvx xdj266r x11i5rnm xat24cr x1mh8g0r xexx8yu x4uap5 x18d9i69 xkhd6sd x16tdsg8 x1hl2dhg xggy1nq x1a2a7pz xt0b8zv x1qq9wsj xo1l8bm\" tabindex=\"0\" role=\"link\" href=\"https:\/\/www.facebook.com\/hashtag\/faroaragon?__eep__=6&amp;__cft__[0]=AZVtcQHob9lgm24neJhUVlRqoJuFEo_a5oVLrjRRX1WHX4CwPtXHeRQdxzefGZw8EwxayOha2EDjPjvY5ymygspH9b5TNDUrevdSOAkghbGXiUU0wAbBMapOngAfpd9oh9s&amp;__tn__=*NK-R\">#FaroAragon<\/a><\/div>\n<div dir=\"auto\"><a class=\"x1i10hfl xjbqb8w x6umtig x1b1mbwd xaqea5y xav7gou x9f619 x1ypdohk xt0psk2 xe8uvvx xdj266r x11i5rnm xat24cr x1mh8g0r xexx8yu x4uap5 x18d9i69 xkhd6sd x16tdsg8 x1hl2dhg xggy1nq x1a2a7pz xt0b8zv x1qq9wsj xo1l8bm\" tabindex=\"0\" role=\"link\" href=\"https:\/\/www.facebook.com\/hashtag\/secretariadeculturacdmx?__eep__=6&amp;__cft__[0]=AZVtcQHob9lgm24neJhUVlRqoJuFEo_a5oVLrjRRX1WHX4CwPtXHeRQdxzefGZw8EwxayOha2EDjPjvY5ymygspH9b5TNDUrevdSOAkghbGXiUU0wAbBMapOngAfpd9oh9s&amp;__tn__=*NK-R\">#secretariadeculturacdmx<\/a><\/div>\n<div dir=\"auto\"><a class=\"x1i10hfl xjbqb8w x6umtig x1b1mbwd xaqea5y xav7gou x9f619 x1ypdohk xt0psk2 xe8uvvx xdj266r x11i5rnm xat24cr x1mh8g0r xexx8yu x4uap5 x18d9i69 xkhd6sd x16tdsg8 x1hl2dhg xggy1nq x1a2a7pz xt0b8zv x1qq9wsj xo1l8bm\" tabindex=\"0\" role=\"link\" href=\"https:\/\/www.facebook.com\/hashtag\/yucatanagogo?__eep__=6&amp;__cft__[0]=AZVtcQHob9lgm24neJhUVlRqoJuFEo_a5oVLrjRRX1WHX4CwPtXHeRQdxzefGZw8EwxayOha2EDjPjvY5ymygspH9b5TNDUrevdSOAkghbGXiUU0wAbBMapOngAfpd9oh9s&amp;__tn__=*NK-R\">#YucatanAgogo<\/a><\/div>\n<div dir=\"auto\"><a class=\"x1i10hfl xjbqb8w x6umtig x1b1mbwd xaqea5y xav7gou x9f619 x1ypdohk xt0psk2 xe8uvvx xdj266r x11i5rnm xat24cr x1mh8g0r xexx8yu x4uap5 x18d9i69 xkhd6sd x16tdsg8 x1hl2dhg xggy1nq x1a2a7pz xt0b8zv x1qq9wsj xo1l8bm\" tabindex=\"0\" role=\"link\" href=\"https:\/\/www.facebook.com\/hashtag\/bitacoracdmx?__eep__=6&amp;__cft__[0]=AZVtcQHob9lgm24neJhUVlRqoJuFEo_a5oVLrjRRX1WHX4CwPtXHeRQdxzefGZw8EwxayOha2EDjPjvY5ymygspH9b5TNDUrevdSOAkghbGXiUU0wAbBMapOngAfpd9oh9s&amp;__tn__=*NK-R\">#bitacoracdmx<\/a><\/div>\n<p>[\/fusion_text][fusion_imageframe image_id=&#8221;52389|medium&#8221; max_width=&#8221;&#8221; style_type=&#8221;&#8221; blur=&#8221;&#8221; stylecolor=&#8221;&#8221; hover_type=&#8221;none&#8221; bordersize=&#8221;&#8221; bordercolor=&#8221;&#8221; borderradius=&#8221;&#8221; align=&#8221;none&#8221; lightbox=&#8221;no&#8221; gallery_id=&#8221;&#8221; lightbox_image=&#8221;&#8221; lightbox_image_id=&#8221;&#8221; alt=&#8221;&#8221; link=&#8221;&#8221; linktarget=&#8221;_self&#8221; hide_on_mobile=&#8221;small-visibility,medium-visibility,large-visibility&#8221; class=&#8221;&#8221; id=&#8221;&#8221; animation_type=&#8221;&#8221; animation_direction=&#8221;left&#8221; animation_speed=&#8221;0.3&#8243; animation_offset=&#8221;&#8221;]https:\/\/www.bitacoracdmx.com\/wp-content\/uploads\/2023\/08\/WhatsApp-Image-2023-08-12-at-7.09.51-PM-300&#215;225.jpeg[\/fusion_imageframe][\/fusion_builder_column][\/fusion_builder_row][\/fusion_builder_container]<\/p>\n","protected":false},"excerpt":{"rendered":"<p>[fusion_builder_container hundred_percent=&#8221;no&#8221; equal_height_columns=&#8221;no&#8221; menu_anchor=&#8221;&#8221; hide_on_mobile=&#8221;small-visibility,medium-visibility,large-visibility&#8221; class=&#8221;&#8221; id=&#8221;&#8221; background_color=&#8221;&#8221; background_image=&#8221;&#8221; background_position=&#8221;center center&#8221; background_repeat=&#8221;no-repeat&#8221; fade=&#8221;no&#8221; background_parallax=&#8221;none&#8221; parallax_speed=&#8221;0.3&#8243; video_mp4=&#8221;&#8221; video_webm=&#8221;&#8221; video_ogv=&#8221;&#8221; video_url=&#8221;&#8221; video_aspect_ratio=&#8221;16:9&#8243; video_loop=&#8221;yes&#8221; video_mute=&#8221;yes&#8221; overlay_color=&#8221;&#8221; video_preview_image=&#8221;&#8221; border_size=&#8221;&#8221; border_color=&#8221;&#8221; border_style=&#8221;solid&#8221; padding_top=&#8221;&#8221; padding_bottom=&#8221;&#8221; padding_left=&#8221;&#8221; padding_right=&#8221;&#8221;][fusion_builder_row][fusion_builder_column type=&#8221;1_1&#8243; layout=&#8221;1_1&#8243; background_position=&#8221;left top&#8221; background_color=&#8221;&#8221; border_size=&#8221;&#8221; border_color=&#8221;&#8221; border_style=&#8221;solid&#8221; border_position=&#8221;all&#8221; spacing=&#8221;yes&#8221; background_image=&#8221;&#8221; background_repeat=&#8221;no-repeat&#8221; padding_top=&#8221;&#8221; padding_right=&#8221;&#8221; padding_bottom=&#8221;&#8221; padding_left=&#8221;&#8221; margin_top=&#8221;0px&#8221; margin_bottom=&#8221;0px&#8221; class=&#8221;&#8221; id=&#8221;&#8221; animation_type=&#8221;&#8221; animation_speed=&#8221;0.3&#8243; animation_direction=&#8221;left&#8221; hide_on_mobile=&#8221;small-visibility,medium-visibility,large-visibility&#8221; center_content=&#8221;no&#8221; last=&#8221;no&#8221; min_height=&#8221;&#8221; hover_type=&#8221;none&#8221; link=&#8221;&#8221;][fusion_text] REDACCI\u00d3N \u25cf Bajo el lema \u201cCelebrando con juego\u201d, la fiesta cultural fue dedicada, principalmente, a los ni\u00f1os y ni\u00f1as \u25cf La secretaria de Cultura de la Ciudad de M\u00e9xico felicit\u00f3 que la FARO sea reconocida por su trabajo en producci\u00f3n [&hellip;]<\/p>\n","protected":false},"author":1,"featured_media":52389,"comment_status":"open","ping_status":"open","sticky":false,"template":"","format":"standard","meta":{"footnotes":""},"categories":[5,4,9],"tags":[],"_links":{"self":[{"href":"https:\/\/www.bitacoracdmx.com\/index.php?rest_route=\/wp\/v2\/posts\/52388"}],"collection":[{"href":"https:\/\/www.bitacoracdmx.com\/index.php?rest_route=\/wp\/v2\/posts"}],"about":[{"href":"https:\/\/www.bitacoracdmx.com\/index.php?rest_route=\/wp\/v2\/types\/post"}],"author":[{"embeddable":true,"href":"https:\/\/www.bitacoracdmx.com\/index.php?rest_route=\/wp\/v2\/users\/1"}],"replies":[{"embeddable":true,"href":"https:\/\/www.bitacoracdmx.com\/index.php?rest_route=%2Fwp%2Fv2%2Fcomments&post=52388"}],"version-history":[{"count":1,"href":"https:\/\/www.bitacoracdmx.com\/index.php?rest_route=\/wp\/v2\/posts\/52388\/revisions"}],"predecessor-version":[{"id":52390,"href":"https:\/\/www.bitacoracdmx.com\/index.php?rest_route=\/wp\/v2\/posts\/52388\/revisions\/52390"}],"wp:featuredmedia":[{"embeddable":true,"href":"https:\/\/www.bitacoracdmx.com\/index.php?rest_route=\/wp\/v2\/media\/52389"}],"wp:attachment":[{"href":"https:\/\/www.bitacoracdmx.com\/index.php?rest_route=%2Fwp%2Fv2%2Fmedia&parent=52388"}],"wp:term":[{"taxonomy":"category","embeddable":true,"href":"https:\/\/www.bitacoracdmx.com\/index.php?rest_route=%2Fwp%2Fv2%2Fcategories&post=52388"},{"taxonomy":"post_tag","embeddable":true,"href":"https:\/\/www.bitacoracdmx.com\/index.php?rest_route=%2Fwp%2Fv2%2Ftags&post=52388"}],"curies":[{"name":"wp","href":"https:\/\/api.w.org\/{rel}","templated":true}]}}