{"id":52391,"date":"2023-08-14T05:07:12","date_gmt":"2023-08-14T05:07:12","guid":{"rendered":"https:\/\/www.bitacoracdmx.com\/?p=52391"},"modified":"2023-08-14T05:07:12","modified_gmt":"2023-08-14T05:07:12","slug":"mario-vallejo-considerado-para-el-equipo-ideal-de-lfa","status":"publish","type":"post","link":"https:\/\/www.bitacoracdmx.com\/?p=52391","title":{"rendered":"Mario Vallejo, considerado para el equipo ideal de LFA"},"content":{"rendered":"<p>[fusion_builder_container hundred_percent=&#8221;no&#8221; equal_height_columns=&#8221;no&#8221; menu_anchor=&#8221;&#8221; hide_on_mobile=&#8221;small-visibility,medium-visibility,large-visibility&#8221; class=&#8221;&#8221; id=&#8221;&#8221; background_color=&#8221;&#8221; background_image=&#8221;&#8221; background_position=&#8221;center center&#8221; background_repeat=&#8221;no-repeat&#8221; fade=&#8221;no&#8221; background_parallax=&#8221;none&#8221; parallax_speed=&#8221;0.3&#8243; video_mp4=&#8221;&#8221; video_webm=&#8221;&#8221; video_ogv=&#8221;&#8221; video_url=&#8221;&#8221; video_aspect_ratio=&#8221;16:9&#8243; video_loop=&#8221;yes&#8221; video_mute=&#8221;yes&#8221; overlay_color=&#8221;&#8221; video_preview_image=&#8221;&#8221; border_size=&#8221;&#8221; border_color=&#8221;&#8221; border_style=&#8221;solid&#8221; padding_top=&#8221;&#8221; padding_bottom=&#8221;&#8221; padding_left=&#8221;&#8221; padding_right=&#8221;&#8221;][fusion_builder_row][fusion_builder_column type=&#8221;1_1&#8243; layout=&#8221;1_1&#8243; background_position=&#8221;left top&#8221; background_color=&#8221;&#8221; border_size=&#8221;&#8221; border_color=&#8221;&#8221; border_style=&#8221;solid&#8221; border_position=&#8221;all&#8221; spacing=&#8221;yes&#8221; background_image=&#8221;&#8221; background_repeat=&#8221;no-repeat&#8221; padding_top=&#8221;&#8221; padding_right=&#8221;&#8221; padding_bottom=&#8221;&#8221; padding_left=&#8221;&#8221; margin_top=&#8221;0px&#8221; margin_bottom=&#8221;0px&#8221; class=&#8221;&#8221; id=&#8221;&#8221; animation_type=&#8221;&#8221; animation_speed=&#8221;0.3&#8243; animation_direction=&#8221;left&#8221; hide_on_mobile=&#8221;small-visibility,medium-visibility,large-visibility&#8221; center_content=&#8221;no&#8221; last=&#8221;no&#8221; min_height=&#8221;&#8221; hover_type=&#8221;none&#8221; link=&#8221;&#8221;][fusion_text]<\/p>\n<p>REDACCI\u00d3N<\/p>\n<p>&#8211;El liniero ofensivo est\u00e1 nominado a guardia izquierdo All-Pro<\/p>\n<p>La Liga de Futbol Americano Profesional (LFA) dio a conocer la lista de candidatos a guardia izquierdo All-Pro, en la que se encuentra el jugador de Reds, Mario Vallejo, quien utiliza el n\u00famero 61 en el jersey y es un experimentado en el circuito, ya que acaba de cumplir su sexta temporada en la liga.<\/p>\n<p>El regiomontano lleg\u00f3 al nivel profesional en 2016, a\u00f1o de nacimiento de LFA y desde aquel momento ha sido parte de tres equipos, pero ahora es un firme defensor de los colores y uniforme Reds.<\/p>\n<p>A pesar de vivir en el Estado de M\u00e9xico (Toluca), su pasi\u00f3n por el deporte lo llev\u00f3 a representar al equipo capitalino, con quien lleg\u00f3 en el 2022, a\u00f1o en el que se coron\u00f3 campe\u00f3n en la extinta Liga FAM, y se mantuvo con ellos, ahora como Reds, en su primer a\u00f1o en la LFA.<\/p>\n<p>Despu\u00e9s de su trayectoria en el football nacional y, al enterarse de su nominaci\u00f3n, Mario se siente feliz por encontrarse entre tanto talento.<\/p>\n<p>\u201cMe gusta saber que todav\u00eda sigo considerado dentro de los mejores de M\u00e9xico en la posici\u00f3n\u201d, mencion\u00f3 en entrevista y agreg\u00f3 que \u201cpase lo que pase con el resultado (de la votaci\u00f3n), ya ganamos al ser uno de los cuatro mejores\u201d.<\/p>\n<p>En las nominaciones, adem\u00e1s del representante de Reds, se encuentra Sa\u00fal Sauceda de Fundidores de Monterrey, Ramiro Pruneda de Dinos de Saltillo y Ra\u00fal Espinoza de Reyes de Jalisco.<\/p>\n<p>El ganador formar\u00e1 parte de la que ser\u00e1 considerada la l\u00ednea ideal de la LFA y es elegido de manera democr\u00e1tica por los entrenadores en jefe de los equipos de la Liga, 10 miembros de la prensa especializada y la afici\u00f3n en votaci\u00f3n de redes sociales.<\/p>\n<p>La marea roja podr\u00e1 votar por Mario Vallejo en las redes sociales de la LFA:<\/p>\n<p>&#8211; Facebook: Liga de F\u00fatbol Americano Profesional LFA<br \/>\n&#8211; Instagram: @lfamex<br \/>\n&#8211; Twitter: LFAmex<\/p>\n<p>\u201cEs un gusto y privilegio para m\u00ed representar a los Reds en esta nominaci\u00f3n y estoy agradecido con el HC (Ra\u00fal Rivera), nuestro due\u00f1o (Carlos Lazo) y toda la organizaci\u00f3n, pero sobre todo, con la afici\u00f3n, por todo el apoyo que nos brindaron\u201d, finaliz\u00f3 el jugador.<\/p>\n<div dir=\"auto\"><a class=\"x1i10hfl xjbqb8w x6umtig x1b1mbwd xaqea5y xav7gou x9f619 x1ypdohk xt0psk2 xe8uvvx xdj266r x11i5rnm xat24cr x1mh8g0r xexx8yu x4uap5 x18d9i69 xkhd6sd x16tdsg8 x1hl2dhg xggy1nq x1a2a7pz xt0b8zv x1qq9wsj xo1l8bm\" tabindex=\"0\" role=\"link\" href=\"https:\/\/www.facebook.com\/hashtag\/redscdmx?__eep__=6&amp;__cft__[0]=AZUIXfFhymjCPDNU-KzgB1oGjYHB2jAh-Lc9mk9qnSqzQhghG8D0TNA_G8B8_ZAID-tSV73WdPaj_kbhazKZ-Txzk-AMs_XzSRN2o32116mQlXNxXAr6Q4LhW49jz_UPcIc&amp;__tn__=*NK-R\">#redscdmx<\/a><\/div>\n<div dir=\"auto\"><a class=\"x1i10hfl xjbqb8w x6umtig x1b1mbwd xaqea5y xav7gou x9f619 x1ypdohk xt0psk2 xe8uvvx xdj266r x11i5rnm xat24cr x1mh8g0r xexx8yu x4uap5 x18d9i69 xkhd6sd x16tdsg8 x1hl2dhg xggy1nq x1a2a7pz xt0b8zv x1qq9wsj xo1l8bm\" tabindex=\"0\" role=\"link\" href=\"https:\/\/www.facebook.com\/hashtag\/redslfa?__eep__=6&amp;__cft__[0]=AZUIXfFhymjCPDNU-KzgB1oGjYHB2jAh-Lc9mk9qnSqzQhghG8D0TNA_G8B8_ZAID-tSV73WdPaj_kbhazKZ-Txzk-AMs_XzSRN2o32116mQlXNxXAr6Q4LhW49jz_UPcIc&amp;__tn__=*NK-R\">#RedsLFA<\/a><\/div>\n<div dir=\"auto\"><a class=\"x1i10hfl xjbqb8w x6umtig x1b1mbwd xaqea5y xav7gou x9f619 x1ypdohk xt0psk2 xe8uvvx xdj266r x11i5rnm xat24cr x1mh8g0r xexx8yu x4uap5 x18d9i69 xkhd6sd x16tdsg8 x1hl2dhg xggy1nq x1a2a7pz xt0b8zv x1qq9wsj xo1l8bm\" tabindex=\"0\" role=\"link\" href=\"https:\/\/www.facebook.com\/hashtag\/bitacoracdmx?__eep__=6&amp;__cft__[0]=AZUIXfFhymjCPDNU-KzgB1oGjYHB2jAh-Lc9mk9qnSqzQhghG8D0TNA_G8B8_ZAID-tSV73WdPaj_kbhazKZ-Txzk-AMs_XzSRN2o32116mQlXNxXAr6Q4LhW49jz_UPcIc&amp;__tn__=*NK-R\">#bitacoracdmx<\/a><\/div>\n<p>[\/fusion_text][fusion_imageframe image_id=&#8221;52392|medium&#8221; max_width=&#8221;&#8221; style_type=&#8221;&#8221; blur=&#8221;&#8221; stylecolor=&#8221;&#8221; hover_type=&#8221;none&#8221; bordersize=&#8221;&#8221; bordercolor=&#8221;&#8221; borderradius=&#8221;&#8221; align=&#8221;none&#8221; lightbox=&#8221;no&#8221; gallery_id=&#8221;&#8221; lightbox_image=&#8221;&#8221; lightbox_image_id=&#8221;&#8221; alt=&#8221;&#8221; link=&#8221;&#8221; linktarget=&#8221;_self&#8221; hide_on_mobile=&#8221;small-visibility,medium-visibility,large-visibility&#8221; class=&#8221;&#8221; id=&#8221;&#8221; animation_type=&#8221;&#8221; animation_direction=&#8221;left&#8221; animation_speed=&#8221;0.3&#8243; animation_offset=&#8221;&#8221;]https:\/\/www.bitacoracdmx.com\/wp-content\/uploads\/2023\/08\/WhatsApp-Image-2023-08-04-at-5.46.36-PM-1-300&#215;240.jpeg[\/fusion_imageframe][\/fusion_builder_column][\/fusion_builder_row][\/fusion_builder_container]<\/p>\n","protected":false},"excerpt":{"rendered":"<p>[fusion_builder_container hundred_percent=&#8221;no&#8221; equal_height_columns=&#8221;no&#8221; menu_anchor=&#8221;&#8221; hide_on_mobile=&#8221;small-visibility,medium-visibility,large-visibility&#8221; class=&#8221;&#8221; id=&#8221;&#8221; background_color=&#8221;&#8221; background_image=&#8221;&#8221; background_position=&#8221;center center&#8221; background_repeat=&#8221;no-repeat&#8221; fade=&#8221;no&#8221; background_parallax=&#8221;none&#8221; parallax_speed=&#8221;0.3&#8243; video_mp4=&#8221;&#8221; video_webm=&#8221;&#8221; video_ogv=&#8221;&#8221; video_url=&#8221;&#8221; video_aspect_ratio=&#8221;16:9&#8243; video_loop=&#8221;yes&#8221; video_mute=&#8221;yes&#8221; overlay_color=&#8221;&#8221; video_preview_image=&#8221;&#8221; border_size=&#8221;&#8221; border_color=&#8221;&#8221; border_style=&#8221;solid&#8221; padding_top=&#8221;&#8221; padding_bottom=&#8221;&#8221; padding_left=&#8221;&#8221; padding_right=&#8221;&#8221;][fusion_builder_row][fusion_builder_column type=&#8221;1_1&#8243; layout=&#8221;1_1&#8243; background_position=&#8221;left top&#8221; background_color=&#8221;&#8221; border_size=&#8221;&#8221; border_color=&#8221;&#8221; border_style=&#8221;solid&#8221; border_position=&#8221;all&#8221; spacing=&#8221;yes&#8221; background_image=&#8221;&#8221; background_repeat=&#8221;no-repeat&#8221; padding_top=&#8221;&#8221; padding_right=&#8221;&#8221; padding_bottom=&#8221;&#8221; padding_left=&#8221;&#8221; margin_top=&#8221;0px&#8221; margin_bottom=&#8221;0px&#8221; class=&#8221;&#8221; id=&#8221;&#8221; animation_type=&#8221;&#8221; animation_speed=&#8221;0.3&#8243; animation_direction=&#8221;left&#8221; hide_on_mobile=&#8221;small-visibility,medium-visibility,large-visibility&#8221; center_content=&#8221;no&#8221; last=&#8221;no&#8221; min_height=&#8221;&#8221; hover_type=&#8221;none&#8221; link=&#8221;&#8221;][fusion_text] REDACCI\u00d3N &#8211;El liniero ofensivo est\u00e1 nominado a guardia izquierdo All-Pro La Liga de Futbol Americano Profesional (LFA) dio a conocer la lista de candidatos a guardia izquierdo All-Pro, en la que se encuentra el jugador de Reds, Mario Vallejo, quien [&hellip;]<\/p>\n","protected":false},"author":1,"featured_media":52392,"comment_status":"open","ping_status":"open","sticky":false,"template":"","format":"standard","meta":{"footnotes":""},"categories":[6,9],"tags":[],"_links":{"self":[{"href":"https:\/\/www.bitacoracdmx.com\/index.php?rest_route=\/wp\/v2\/posts\/52391"}],"collection":[{"href":"https:\/\/www.bitacoracdmx.com\/index.php?rest_route=\/wp\/v2\/posts"}],"about":[{"href":"https:\/\/www.bitacoracdmx.com\/index.php?rest_route=\/wp\/v2\/types\/post"}],"author":[{"embeddable":true,"href":"https:\/\/www.bitacoracdmx.com\/index.php?rest_route=\/wp\/v2\/users\/1"}],"replies":[{"embeddable":true,"href":"https:\/\/www.bitacoracdmx.com\/index.php?rest_route=%2Fwp%2Fv2%2Fcomments&post=52391"}],"version-history":[{"count":1,"href":"https:\/\/www.bitacoracdmx.com\/index.php?rest_route=\/wp\/v2\/posts\/52391\/revisions"}],"predecessor-version":[{"id":52393,"href":"https:\/\/www.bitacoracdmx.com\/index.php?rest_route=\/wp\/v2\/posts\/52391\/revisions\/52393"}],"wp:featuredmedia":[{"embeddable":true,"href":"https:\/\/www.bitacoracdmx.com\/index.php?rest_route=\/wp\/v2\/media\/52392"}],"wp:attachment":[{"href":"https:\/\/www.bitacoracdmx.com\/index.php?rest_route=%2Fwp%2Fv2%2Fmedia&parent=52391"}],"wp:term":[{"taxonomy":"category","embeddable":true,"href":"https:\/\/www.bitacoracdmx.com\/index.php?rest_route=%2Fwp%2Fv2%2Fcategories&post=52391"},{"taxonomy":"post_tag","embeddable":true,"href":"https:\/\/www.bitacoracdmx.com\/index.php?rest_route=%2Fwp%2Fv2%2Ftags&post=52391"}],"curies":[{"name":"wp","href":"https:\/\/api.w.org\/{rel}","templated":true}]}}