{"id":52394,"date":"2023-08-14T05:15:39","date_gmt":"2023-08-14T05:15:39","guid":{"rendered":"https:\/\/www.bitacoracdmx.com\/?p=52394"},"modified":"2023-08-14T05:15:39","modified_gmt":"2023-08-14T05:15:39","slug":"gala-del-ballet-folklorico-de-mexico-con-la-compania-mono-blanco","status":"publish","type":"post","link":"https:\/\/www.bitacoracdmx.com\/?p=52394","title":{"rendered":"Gala del Ballet Folkl\u00f3rico de M\u00e9xico con la compa\u00f1\u00eda Mono Blanco"},"content":{"rendered":"<p>[fusion_builder_container hundred_percent=&#8221;no&#8221; equal_height_columns=&#8221;no&#8221; menu_anchor=&#8221;&#8221; hide_on_mobile=&#8221;small-visibility,medium-visibility,large-visibility&#8221; class=&#8221;&#8221; id=&#8221;&#8221; background_color=&#8221;&#8221; background_image=&#8221;&#8221; background_position=&#8221;center center&#8221; background_repeat=&#8221;no-repeat&#8221; fade=&#8221;no&#8221; background_parallax=&#8221;none&#8221; parallax_speed=&#8221;0.3&#8243; video_mp4=&#8221;&#8221; video_webm=&#8221;&#8221; video_ogv=&#8221;&#8221; video_url=&#8221;&#8221; video_aspect_ratio=&#8221;16:9&#8243; video_loop=&#8221;yes&#8221; video_mute=&#8221;yes&#8221; overlay_color=&#8221;&#8221; video_preview_image=&#8221;&#8221; border_size=&#8221;&#8221; border_color=&#8221;&#8221; border_style=&#8221;solid&#8221; padding_top=&#8221;&#8221; padding_bottom=&#8221;&#8221; padding_left=&#8221;&#8221; padding_right=&#8221;&#8221;][fusion_builder_row][fusion_builder_column type=&#8221;1_1&#8243; layout=&#8221;1_1&#8243; background_position=&#8221;left top&#8221; background_color=&#8221;&#8221; border_size=&#8221;&#8221; border_color=&#8221;&#8221; border_style=&#8221;solid&#8221; border_position=&#8221;all&#8221; spacing=&#8221;yes&#8221; background_image=&#8221;&#8221; background_repeat=&#8221;no-repeat&#8221; padding_top=&#8221;&#8221; padding_right=&#8221;&#8221; padding_bottom=&#8221;&#8221; padding_left=&#8221;&#8221; margin_top=&#8221;0px&#8221; margin_bottom=&#8221;0px&#8221; class=&#8221;&#8221; id=&#8221;&#8221; animation_type=&#8221;&#8221; animation_speed=&#8221;0.3&#8243; animation_direction=&#8221;left&#8221; hide_on_mobile=&#8221;small-visibility,medium-visibility,large-visibility&#8221; center_content=&#8221;no&#8221; last=&#8221;no&#8221; min_height=&#8221;&#8221; hover_type=&#8221;none&#8221; link=&#8221;&#8221;][fusion_text]<\/p>\n<p>REDACCI\u00d3N<\/p>\n<ul>\n<li>La gala se celebrar\u00e1 el mi\u00e9rcoles 16 de agosto a las 20:30 h en la sala principal del Palacio de Bellas Artes<\/li>\n<li>El programa del BFM entrecruza el Son Jarocho como m\u00fasica festiva y comunitaria con las majestuosas coreograf\u00edas de Amalia Hern\u00e1ndez<\/li>\n<\/ul>\n<p>El pr\u00f3ximo mi\u00e9rcoles 16 de agosto el Ballet Folkl\u00f3rico de M\u00e9xico presentar\u00e1 una gala acompa\u00f1ado de la compa\u00f1\u00eda de Son jarocho, Mono Blanco.<\/p>\n<p>Fundado en 1977, el Grupo Mono Blanco naci\u00f3 con la idea de reivindicar el Son Jarocho como m\u00fasica festiva y comunitaria. En 1980 se inicia la era de Don Arcadio Hidalgo y el<\/p>\n<p>Grupo Mono Blanco. Una nueva etapa para el son, que a la postre, dar\u00eda muchos frutos. Los j\u00f3venes de Mono Blanco ten\u00edan la energ\u00eda e iniciativa, y Don Arcadio el conocimiento y respeto para llegar a las nuevas propuestas partiendo de las ra\u00edces. La trayectoria del grupo ha sido exitosa, pero su trabajo m\u00e1s importante lo realizan dentro de la comunidad jarocha donde el trabajo se enfoca a promover la tradici\u00f3n con el programa: \u201cPromoci\u00f3n y difusi\u00f3n del son jarocho a trav\u00e9s del fandango\u201d. De este modo, mediante una gran cantidad de talleres de m\u00fasica, zapateado y fabricaci\u00f3n de instrumentos, se apoya en gran medida el inter\u00e9s de los j\u00f3venes por el g\u00e9nero.<\/p>\n<p>Por \u00fanica ocasi\u00f3n, el Ballet Folkl\u00f3rico de M\u00e9xico de Amalia Hern\u00e1ndez deleitar\u00e1 a su p\u00fablico con un programa festivo y colaborativo. Pensado para disfrutar de las coreograf\u00edas pero tambi\u00e9n del Son jarocho, esta es una oportunidad \u00fanica para conocer la riqueza de la m\u00fasica tradicional a trav\u00e9s del fandango y de su comuni\u00f3n con la danza folkl\u00f3rica.<\/p>\n<div dir=\"auto\"><a class=\"x1i10hfl xjbqb8w x6umtig x1b1mbwd xaqea5y xav7gou x9f619 x1ypdohk xt0psk2 xe8uvvx xdj266r x11i5rnm xat24cr x1mh8g0r xexx8yu x4uap5 x18d9i69 xkhd6sd x16tdsg8 x1hl2dhg xggy1nq x1a2a7pz xt0b8zv x1qq9wsj xo1l8bm\" tabindex=\"0\" role=\"link\" href=\"https:\/\/www.facebook.com\/hashtag\/monoblanco?__eep__=6&amp;__cft__[0]=AZUSwW1mzaZsHdKoiI_P-5RfRSZApF8mR0lPTEOKTtvq57yiNuDKiQ5fbnuGQh93QjKnToJo6vKSzDGVWsTQAK9MztA8nk4LJ39yZIuOyx5P7lZIlsvzGw1yOYKiVGhnYjk&amp;__tn__=*NK-R\">#monoblanco<\/a><\/div>\n<div dir=\"auto\"><a class=\"x1i10hfl xjbqb8w x6umtig x1b1mbwd xaqea5y xav7gou x9f619 x1ypdohk xt0psk2 xe8uvvx xdj266r x11i5rnm xat24cr x1mh8g0r xexx8yu x4uap5 x18d9i69 xkhd6sd x16tdsg8 x1hl2dhg xggy1nq x1a2a7pz xt0b8zv x1qq9wsj xo1l8bm\" tabindex=\"0\" role=\"link\" href=\"https:\/\/www.facebook.com\/hashtag\/balletfolkloricodemexico?__eep__=6&amp;__cft__[0]=AZUSwW1mzaZsHdKoiI_P-5RfRSZApF8mR0lPTEOKTtvq57yiNuDKiQ5fbnuGQh93QjKnToJo6vKSzDGVWsTQAK9MztA8nk4LJ39yZIuOyx5P7lZIlsvzGw1yOYKiVGhnYjk&amp;__tn__=*NK-R\">#balletfolkloricodemexico<\/a><\/div>\n<div dir=\"auto\"><a class=\"x1i10hfl xjbqb8w x6umtig x1b1mbwd xaqea5y xav7gou x9f619 x1ypdohk xt0psk2 xe8uvvx xdj266r x11i5rnm xat24cr x1mh8g0r xexx8yu x4uap5 x18d9i69 xkhd6sd x16tdsg8 x1hl2dhg xggy1nq x1a2a7pz xt0b8zv x1qq9wsj xo1l8bm\" tabindex=\"0\" role=\"link\" href=\"https:\/\/www.facebook.com\/hashtag\/palaciodebellasartes?__eep__=6&amp;__cft__[0]=AZUSwW1mzaZsHdKoiI_P-5RfRSZApF8mR0lPTEOKTtvq57yiNuDKiQ5fbnuGQh93QjKnToJo6vKSzDGVWsTQAK9MztA8nk4LJ39yZIuOyx5P7lZIlsvzGw1yOYKiVGhnYjk&amp;__tn__=*NK-R\">#palaciodebellasartes<\/a><\/div>\n<p>[\/fusion_text][fusion_imageframe image_id=&#8221;52395|medium&#8221; max_width=&#8221;&#8221; style_type=&#8221;&#8221; blur=&#8221;&#8221; stylecolor=&#8221;&#8221; hover_type=&#8221;none&#8221; bordersize=&#8221;&#8221; bordercolor=&#8221;&#8221; borderradius=&#8221;&#8221; align=&#8221;none&#8221; lightbox=&#8221;no&#8221; gallery_id=&#8221;&#8221; lightbox_image=&#8221;&#8221; lightbox_image_id=&#8221;&#8221; alt=&#8221;&#8221; link=&#8221;&#8221; linktarget=&#8221;_self&#8221; hide_on_mobile=&#8221;small-visibility,medium-visibility,large-visibility&#8221; class=&#8221;&#8221; id=&#8221;&#8221; animation_type=&#8221;&#8221; animation_direction=&#8221;left&#8221; animation_speed=&#8221;0.3&#8243; animation_offset=&#8221;&#8221;]https:\/\/www.bitacoracdmx.com\/wp-content\/uploads\/2023\/08\/WhatsApp-Image-2023-08-11-at-3.48.00-PM-169&#215;300.jpeg[\/fusion_imageframe][\/fusion_builder_column][\/fusion_builder_row][\/fusion_builder_container]<\/p>\n","protected":false},"excerpt":{"rendered":"<p>[fusion_builder_container hundred_percent=&#8221;no&#8221; equal_height_columns=&#8221;no&#8221; menu_anchor=&#8221;&#8221; hide_on_mobile=&#8221;small-visibility,medium-visibility,large-visibility&#8221; class=&#8221;&#8221; id=&#8221;&#8221; background_color=&#8221;&#8221; background_image=&#8221;&#8221; background_position=&#8221;center center&#8221; background_repeat=&#8221;no-repeat&#8221; fade=&#8221;no&#8221; background_parallax=&#8221;none&#8221; parallax_speed=&#8221;0.3&#8243; video_mp4=&#8221;&#8221; video_webm=&#8221;&#8221; video_ogv=&#8221;&#8221; video_url=&#8221;&#8221; video_aspect_ratio=&#8221;16:9&#8243; video_loop=&#8221;yes&#8221; video_mute=&#8221;yes&#8221; overlay_color=&#8221;&#8221; video_preview_image=&#8221;&#8221; border_size=&#8221;&#8221; border_color=&#8221;&#8221; border_style=&#8221;solid&#8221; padding_top=&#8221;&#8221; padding_bottom=&#8221;&#8221; padding_left=&#8221;&#8221; padding_right=&#8221;&#8221;][fusion_builder_row][fusion_builder_column type=&#8221;1_1&#8243; layout=&#8221;1_1&#8243; background_position=&#8221;left top&#8221; background_color=&#8221;&#8221; border_size=&#8221;&#8221; border_color=&#8221;&#8221; border_style=&#8221;solid&#8221; border_position=&#8221;all&#8221; spacing=&#8221;yes&#8221; background_image=&#8221;&#8221; background_repeat=&#8221;no-repeat&#8221; padding_top=&#8221;&#8221; padding_right=&#8221;&#8221; padding_bottom=&#8221;&#8221; padding_left=&#8221;&#8221; margin_top=&#8221;0px&#8221; margin_bottom=&#8221;0px&#8221; class=&#8221;&#8221; id=&#8221;&#8221; animation_type=&#8221;&#8221; animation_speed=&#8221;0.3&#8243; animation_direction=&#8221;left&#8221; hide_on_mobile=&#8221;small-visibility,medium-visibility,large-visibility&#8221; center_content=&#8221;no&#8221; last=&#8221;no&#8221; min_height=&#8221;&#8221; hover_type=&#8221;none&#8221; link=&#8221;&#8221;][fusion_text] REDACCI\u00d3N La gala se celebrar\u00e1 el mi\u00e9rcoles 16 de agosto a las 20:30 h en la sala principal del Palacio de Bellas Artes El programa del BFM entrecruza el Son Jarocho como m\u00fasica festiva y comunitaria con las majestuosas coreograf\u00edas [&hellip;]<\/p>\n","protected":false},"author":1,"featured_media":52395,"comment_status":"open","ping_status":"open","sticky":false,"template":"","format":"standard","meta":{"footnotes":""},"categories":[5,4,9],"tags":[],"_links":{"self":[{"href":"https:\/\/www.bitacoracdmx.com\/index.php?rest_route=\/wp\/v2\/posts\/52394"}],"collection":[{"href":"https:\/\/www.bitacoracdmx.com\/index.php?rest_route=\/wp\/v2\/posts"}],"about":[{"href":"https:\/\/www.bitacoracdmx.com\/index.php?rest_route=\/wp\/v2\/types\/post"}],"author":[{"embeddable":true,"href":"https:\/\/www.bitacoracdmx.com\/index.php?rest_route=\/wp\/v2\/users\/1"}],"replies":[{"embeddable":true,"href":"https:\/\/www.bitacoracdmx.com\/index.php?rest_route=%2Fwp%2Fv2%2Fcomments&post=52394"}],"version-history":[{"count":1,"href":"https:\/\/www.bitacoracdmx.com\/index.php?rest_route=\/wp\/v2\/posts\/52394\/revisions"}],"predecessor-version":[{"id":52396,"href":"https:\/\/www.bitacoracdmx.com\/index.php?rest_route=\/wp\/v2\/posts\/52394\/revisions\/52396"}],"wp:featuredmedia":[{"embeddable":true,"href":"https:\/\/www.bitacoracdmx.com\/index.php?rest_route=\/wp\/v2\/media\/52395"}],"wp:attachment":[{"href":"https:\/\/www.bitacoracdmx.com\/index.php?rest_route=%2Fwp%2Fv2%2Fmedia&parent=52394"}],"wp:term":[{"taxonomy":"category","embeddable":true,"href":"https:\/\/www.bitacoracdmx.com\/index.php?rest_route=%2Fwp%2Fv2%2Fcategories&post=52394"},{"taxonomy":"post_tag","embeddable":true,"href":"https:\/\/www.bitacoracdmx.com\/index.php?rest_route=%2Fwp%2Fv2%2Ftags&post=52394"}],"curies":[{"name":"wp","href":"https:\/\/api.w.org\/{rel}","templated":true}]}}