{"id":52422,"date":"2023-08-15T02:14:24","date_gmt":"2023-08-15T02:14:24","guid":{"rendered":"https:\/\/www.bitacoracdmx.com\/?p=52422"},"modified":"2023-08-15T02:14:24","modified_gmt":"2023-08-15T02:14:24","slug":"victor-jesse-ponen-al-mundo-de-la-moda-dentro-de-la-casa-de-los-famosos","status":"publish","type":"post","link":"https:\/\/www.bitacoracdmx.com\/?p=52422","title":{"rendered":"Victor &#038; Jesse ponen al mundo de la moda dentro de La Casa de los Famosos"},"content":{"rendered":"<p>[fusion_builder_container hundred_percent=&#8221;no&#8221; equal_height_columns=&#8221;no&#8221; menu_anchor=&#8221;&#8221; hide_on_mobile=&#8221;small-visibility,medium-visibility,large-visibility&#8221; class=&#8221;&#8221; id=&#8221;&#8221; background_color=&#8221;&#8221; background_image=&#8221;&#8221; background_position=&#8221;center center&#8221; background_repeat=&#8221;no-repeat&#8221; fade=&#8221;no&#8221; background_parallax=&#8221;none&#8221; parallax_speed=&#8221;0.3&#8243; video_mp4=&#8221;&#8221; video_webm=&#8221;&#8221; video_ogv=&#8221;&#8221; video_url=&#8221;&#8221; video_aspect_ratio=&#8221;16:9&#8243; video_loop=&#8221;yes&#8221; video_mute=&#8221;yes&#8221; overlay_color=&#8221;&#8221; video_preview_image=&#8221;&#8221; border_size=&#8221;&#8221; border_color=&#8221;&#8221; border_style=&#8221;solid&#8221; padding_top=&#8221;&#8221; padding_bottom=&#8221;&#8221; padding_left=&#8221;&#8221; padding_right=&#8221;&#8221;][fusion_builder_row][fusion_builder_column type=&#8221;1_1&#8243; layout=&#8221;1_1&#8243; background_position=&#8221;left top&#8221; background_color=&#8221;&#8221; border_size=&#8221;&#8221; border_color=&#8221;&#8221; border_style=&#8221;solid&#8221; border_position=&#8221;all&#8221; spacing=&#8221;yes&#8221; background_image=&#8221;&#8221; background_repeat=&#8221;no-repeat&#8221; padding_top=&#8221;&#8221; padding_right=&#8221;&#8221; padding_bottom=&#8221;&#8221; padding_left=&#8221;&#8221; margin_top=&#8221;0px&#8221; margin_bottom=&#8221;0px&#8221; class=&#8221;&#8221; id=&#8221;&#8221; animation_type=&#8221;&#8221; animation_speed=&#8221;0.3&#8243; animation_direction=&#8221;left&#8221; hide_on_mobile=&#8221;small-visibility,medium-visibility,large-visibility&#8221; center_content=&#8221;no&#8221; last=&#8221;no&#8221; min_height=&#8221;&#8221; hover_type=&#8221;none&#8221; link=&#8221;&#8221;][fusion_text]<\/p>\n<p>REDACCI\u00d3N<\/p>\n<p dir=\"ltr\">&#8211;\u00a0\u00a0Poncho De Nigris luce elegante en la final.<\/p>\n<p dir=\"ltr\">&#8211;\u00a0\u00a0Odalys Ram\u00edrez, luci\u00f3 deslumbrante y elegante.<\/p>\n<p dir=\"ltr\">&#8211;\u00a0\u00a0Sof\u00eda Rivera Torres fue la m\u00e1s consentida por los dise\u00f1adores.<\/p>\n<p dir=\"ltr\">&#8211;\u00a0\u00a0Con lo anterior Victor &amp; Jesse cumplen con su misi\u00f3n en moda.<\/p>\n<p dir=\"ltr\">Los reconocidos dise\u00f1adores de moda mexicanos, Victor &amp; Jesse, nuevamente han deslumbrado al mundo del entretenimiento al vestir a un grupo selecto de participantes y finalistas del popular reality show &#8220;La Casa de los Famosos M\u00e9xico&#8221;. Con su arte en el vestir, visi\u00f3n en la elegancia y originalidad, Victor &amp; Jesse han elevado el estilo de Wendy Guevara, la ganadora, as\u00ed como de Poncho De Nigris, Odalys Ram\u00edrez y Sof\u00eda Rivera Torres, figuras distintivas del programa.<\/p>\n<p dir=\"ltr\">El trabajo de colaboraci\u00f3n entre Victor &amp; Jesse y las estrellas de &#8220;La Casa de los Famosos M\u00e9xico&#8221; ha demostrado una vez m\u00e1s su capacidad para adaptarse a las necesidades y estilos diversos. Su direcci\u00f3n en la individualidad y la personalizaci\u00f3n ha dejado una huella indeleble en el mundo de la moda y el entretenimiento.<\/p>\n<p dir=\"ltr\">Poncho De Nigris, uno de los personajes m\u00e1s pol\u00e9micos del reality, luc\u00eda un smoking negro cl\u00e1sico con las solapas con pedrer\u00eda, d\u00e1ndole un toque casual con unos tenis blancos.<\/p>\n<p dir=\"ltr\">Odalys Ram\u00edrez, conductora destacada de La Casa de los Famoso M\u00e9xico, brill\u00f3 en la gala con un elgante vestido largo, en color amarillo, escote strapless, drapeado y con una pronunciada abertura en la pierna derecha, el cual estilizaba su elegante presencia y figura.<\/p>\n<p dir=\"ltr\">Sof\u00eda Rivera Torres fue la m\u00e1s consentida por los dise\u00f1adores ya que en la semifinal port\u00f3 un vestido amarillo, corto de manga larga, con un gran escote y confeccionado con pedrer\u00eda que la hizo brillar en sus participaciones. En la gran final destac\u00f3 con el autonombrado \u201clook de la noche\u201d, un vestido vanguardista de transparencia verde. Con este dise\u00f1o Victor &amp; Jesse explotaron al m\u00e1ximo la sensualidad innata de la bella conductora.<\/p>\n<p dir=\"ltr\">La misi\u00f3n y visi\u00f3n de Victor &amp; Jesse es vestir a cada una de las celebridades y a la socialit\u00e9, cuidando a detalle y haciendo un estudio minucioso de la fisionom\u00eda de cada una de ellas para resaltar sus atributos y aspectos de su personalidad y que de esta fusi\u00f3n surja un look \u00fanico e inigualable. Con cada dise\u00f1o creado por los dise\u00f1adores dan forma a sue\u00f1os plasmados por a\u00f1os y ayudan a cumplir las fantas\u00edas y caprichos de la moda de los famosos.<\/p>\n<p dir=\"ltr\">Victor &amp; Jesse seguir\u00e1n poniendo en alto el nombre de M\u00e9xico en el dise\u00f1o y la moda.<\/p>\n<div dir=\"auto\"><a class=\"x1i10hfl xjbqb8w x6umtig x1b1mbwd xaqea5y xav7gou x9f619 x1ypdohk xt0psk2 xe8uvvx xdj266r x11i5rnm xat24cr x1mh8g0r xexx8yu x4uap5 x18d9i69 xkhd6sd x16tdsg8 x1hl2dhg xggy1nq x1a2a7pz xt0b8zv x1qq9wsj xo1l8bm\" tabindex=\"0\" role=\"link\" href=\"https:\/\/www.facebook.com\/hashtag\/victoryjesse?__eep__=6&amp;__cft__[0]=AZUfk3pQtlT4imavv69h5wZ_tQmdozcR0VGEqsVL3M5NzPYeLYboRim-JIk8Jk7CNHARBDtQEdCarCGNmRVjc0kL5bVQkEss6hzq5k5OM6q13qZgA0byCqUapPI0cH9lkuM&amp;__tn__=*NK-R\">#victoryjesse<\/a><\/div>\n<div dir=\"auto\"><a class=\"x1i10hfl xjbqb8w x6umtig x1b1mbwd xaqea5y xav7gou x9f619 x1ypdohk xt0psk2 xe8uvvx xdj266r x11i5rnm xat24cr x1mh8g0r xexx8yu x4uap5 x18d9i69 xkhd6sd x16tdsg8 x1hl2dhg xggy1nq x1a2a7pz xt0b8zv x1qq9wsj xo1l8bm\" tabindex=\"0\" role=\"link\" href=\"https:\/\/www.facebook.com\/hashtag\/lacasadelosfamososmx?__eep__=6&amp;__cft__[0]=AZUfk3pQtlT4imavv69h5wZ_tQmdozcR0VGEqsVL3M5NzPYeLYboRim-JIk8Jk7CNHARBDtQEdCarCGNmRVjc0kL5bVQkEss6hzq5k5OM6q13qZgA0byCqUapPI0cH9lkuM&amp;__tn__=*NK-R\">#LaCasaDeLosFamososMx<\/a><\/div>\n<div dir=\"auto\"><a class=\"x1i10hfl xjbqb8w x6umtig x1b1mbwd xaqea5y xav7gou x9f619 x1ypdohk xt0psk2 xe8uvvx xdj266r x11i5rnm xat24cr x1mh8g0r xexx8yu x4uap5 x18d9i69 xkhd6sd x16tdsg8 x1hl2dhg xggy1nq x1a2a7pz xt0b8zv x1qq9wsj xo1l8bm\" tabindex=\"0\" role=\"link\" href=\"https:\/\/www.facebook.com\/hashtag\/bitacoracdmx?__eep__=6&amp;__cft__[0]=AZUfk3pQtlT4imavv69h5wZ_tQmdozcR0VGEqsVL3M5NzPYeLYboRim-JIk8Jk7CNHARBDtQEdCarCGNmRVjc0kL5bVQkEss6hzq5k5OM6q13qZgA0byCqUapPI0cH9lkuM&amp;__tn__=*NK-R\">#bitacoracdmx<\/a><\/div>\n<p>[\/fusion_text][fusion_imageframe image_id=&#8221;52423|medium&#8221; max_width=&#8221;&#8221; style_type=&#8221;&#8221; blur=&#8221;&#8221; stylecolor=&#8221;&#8221; hover_type=&#8221;none&#8221; bordersize=&#8221;&#8221; bordercolor=&#8221;&#8221; borderradius=&#8221;&#8221; align=&#8221;none&#8221; lightbox=&#8221;no&#8221; gallery_id=&#8221;&#8221; lightbox_image=&#8221;&#8221; lightbox_image_id=&#8221;&#8221; alt=&#8221;&#8221; link=&#8221;&#8221; linktarget=&#8221;_self&#8221; hide_on_mobile=&#8221;small-visibility,medium-visibility,large-visibility&#8221; class=&#8221;&#8221; id=&#8221;&#8221; animation_type=&#8221;&#8221; animation_direction=&#8221;left&#8221; animation_speed=&#8221;0.3&#8243; animation_offset=&#8221;&#8221;]https:\/\/www.bitacoracdmx.com\/wp-content\/uploads\/2023\/08\/Sofi\u0301a-1-255&#215;300.jpeg[\/fusion_imageframe][\/fusion_builder_column][\/fusion_builder_row][\/fusion_builder_container]<\/p>\n","protected":false},"excerpt":{"rendered":"<p>[fusion_builder_container hundred_percent=&#8221;no&#8221; equal_height_columns=&#8221;no&#8221; menu_anchor=&#8221;&#8221; hide_on_mobile=&#8221;small-visibility,medium-visibility,large-visibility&#8221; class=&#8221;&#8221; id=&#8221;&#8221; background_color=&#8221;&#8221; background_image=&#8221;&#8221; background_position=&#8221;center center&#8221; background_repeat=&#8221;no-repeat&#8221; fade=&#8221;no&#8221; background_parallax=&#8221;none&#8221; parallax_speed=&#8221;0.3&#8243; video_mp4=&#8221;&#8221; video_webm=&#8221;&#8221; video_ogv=&#8221;&#8221; video_url=&#8221;&#8221; video_aspect_ratio=&#8221;16:9&#8243; video_loop=&#8221;yes&#8221; video_mute=&#8221;yes&#8221; overlay_color=&#8221;&#8221; video_preview_image=&#8221;&#8221; border_size=&#8221;&#8221; border_color=&#8221;&#8221; border_style=&#8221;solid&#8221; padding_top=&#8221;&#8221; padding_bottom=&#8221;&#8221; padding_left=&#8221;&#8221; padding_right=&#8221;&#8221;][fusion_builder_row][fusion_builder_column type=&#8221;1_1&#8243; layout=&#8221;1_1&#8243; background_position=&#8221;left top&#8221; background_color=&#8221;&#8221; border_size=&#8221;&#8221; border_color=&#8221;&#8221; border_style=&#8221;solid&#8221; border_position=&#8221;all&#8221; spacing=&#8221;yes&#8221; background_image=&#8221;&#8221; background_repeat=&#8221;no-repeat&#8221; padding_top=&#8221;&#8221; padding_right=&#8221;&#8221; padding_bottom=&#8221;&#8221; padding_left=&#8221;&#8221; margin_top=&#8221;0px&#8221; margin_bottom=&#8221;0px&#8221; class=&#8221;&#8221; id=&#8221;&#8221; animation_type=&#8221;&#8221; animation_speed=&#8221;0.3&#8243; animation_direction=&#8221;left&#8221; hide_on_mobile=&#8221;small-visibility,medium-visibility,large-visibility&#8221; center_content=&#8221;no&#8221; last=&#8221;no&#8221; min_height=&#8221;&#8221; hover_type=&#8221;none&#8221; link=&#8221;&#8221;][fusion_text] REDACCI\u00d3N &#8211;\u00a0\u00a0Poncho De Nigris luce elegante en la final. &#8211;\u00a0\u00a0Odalys Ram\u00edrez, luci\u00f3 deslumbrante y elegante. &#8211;\u00a0\u00a0Sof\u00eda Rivera Torres fue la m\u00e1s consentida por los dise\u00f1adores. &#8211;\u00a0\u00a0Con lo anterior Victor &amp; Jesse cumplen con su misi\u00f3n en moda. Los reconocidos dise\u00f1adores [&hellip;]<\/p>\n","protected":false},"author":1,"featured_media":52423,"comment_status":"open","ping_status":"open","sticky":false,"template":"","format":"standard","meta":{"footnotes":""},"categories":[7,9],"tags":[],"_links":{"self":[{"href":"https:\/\/www.bitacoracdmx.com\/index.php?rest_route=\/wp\/v2\/posts\/52422"}],"collection":[{"href":"https:\/\/www.bitacoracdmx.com\/index.php?rest_route=\/wp\/v2\/posts"}],"about":[{"href":"https:\/\/www.bitacoracdmx.com\/index.php?rest_route=\/wp\/v2\/types\/post"}],"author":[{"embeddable":true,"href":"https:\/\/www.bitacoracdmx.com\/index.php?rest_route=\/wp\/v2\/users\/1"}],"replies":[{"embeddable":true,"href":"https:\/\/www.bitacoracdmx.com\/index.php?rest_route=%2Fwp%2Fv2%2Fcomments&post=52422"}],"version-history":[{"count":2,"href":"https:\/\/www.bitacoracdmx.com\/index.php?rest_route=\/wp\/v2\/posts\/52422\/revisions"}],"predecessor-version":[{"id":52425,"href":"https:\/\/www.bitacoracdmx.com\/index.php?rest_route=\/wp\/v2\/posts\/52422\/revisions\/52425"}],"wp:featuredmedia":[{"embeddable":true,"href":"https:\/\/www.bitacoracdmx.com\/index.php?rest_route=\/wp\/v2\/media\/52423"}],"wp:attachment":[{"href":"https:\/\/www.bitacoracdmx.com\/index.php?rest_route=%2Fwp%2Fv2%2Fmedia&parent=52422"}],"wp:term":[{"taxonomy":"category","embeddable":true,"href":"https:\/\/www.bitacoracdmx.com\/index.php?rest_route=%2Fwp%2Fv2%2Fcategories&post=52422"},{"taxonomy":"post_tag","embeddable":true,"href":"https:\/\/www.bitacoracdmx.com\/index.php?rest_route=%2Fwp%2Fv2%2Ftags&post=52422"}],"curies":[{"name":"wp","href":"https:\/\/api.w.org\/{rel}","templated":true}]}}