{"id":52438,"date":"2023-08-15T03:35:39","date_gmt":"2023-08-15T03:35:39","guid":{"rendered":"https:\/\/www.bitacoracdmx.com\/?p=52438"},"modified":"2023-08-15T03:35:39","modified_gmt":"2023-08-15T03:35:39","slug":"natalia-lafourcade-anuncia-un-segundo-concierto-en-el-auditorio-nacional","status":"publish","type":"post","link":"https:\/\/www.bitacoracdmx.com\/?p=52438","title":{"rendered":"Natalia Lafourcade anuncia un segundo concierto en el Auditorio Nacional"},"content":{"rendered":"<p>[fusion_builder_container hundred_percent=&#8221;no&#8221; equal_height_columns=&#8221;no&#8221; menu_anchor=&#8221;&#8221; hide_on_mobile=&#8221;small-visibility,medium-visibility,large-visibility&#8221; class=&#8221;&#8221; id=&#8221;&#8221; background_color=&#8221;&#8221; background_image=&#8221;&#8221; background_position=&#8221;center center&#8221; background_repeat=&#8221;no-repeat&#8221; fade=&#8221;no&#8221; background_parallax=&#8221;none&#8221; parallax_speed=&#8221;0.3&#8243; video_mp4=&#8221;&#8221; video_webm=&#8221;&#8221; video_ogv=&#8221;&#8221; video_url=&#8221;&#8221; video_aspect_ratio=&#8221;16:9&#8243; video_loop=&#8221;yes&#8221; video_mute=&#8221;yes&#8221; overlay_color=&#8221;&#8221; video_preview_image=&#8221;&#8221; border_size=&#8221;&#8221; border_color=&#8221;&#8221; border_style=&#8221;solid&#8221; padding_top=&#8221;&#8221; padding_bottom=&#8221;&#8221; padding_left=&#8221;&#8221; padding_right=&#8221;&#8221;][fusion_builder_row][fusion_builder_column type=&#8221;1_1&#8243; layout=&#8221;1_1&#8243; background_position=&#8221;left top&#8221; background_color=&#8221;&#8221; border_size=&#8221;&#8221; border_color=&#8221;&#8221; border_style=&#8221;solid&#8221; border_position=&#8221;all&#8221; spacing=&#8221;yes&#8221; background_image=&#8221;&#8221; background_repeat=&#8221;no-repeat&#8221; padding_top=&#8221;&#8221; padding_right=&#8221;&#8221; padding_bottom=&#8221;&#8221; padding_left=&#8221;&#8221; margin_top=&#8221;0px&#8221; margin_bottom=&#8221;0px&#8221; class=&#8221;&#8221; id=&#8221;&#8221; animation_type=&#8221;&#8221; animation_speed=&#8221;0.3&#8243; animation_direction=&#8221;left&#8221; hide_on_mobile=&#8221;small-visibility,medium-visibility,large-visibility&#8221; center_content=&#8221;no&#8221; last=&#8221;no&#8221; min_height=&#8221;&#8221; hover_type=&#8221;none&#8221; link=&#8221;&#8221;][fusion_text]<\/p>\n<p>REDACCI\u00d3N<\/p>\n<div class=\"pr-story--element-space\">\n<div class=\"pr-story-subheader\">\n<h3 class=\"pr-story--subheader text--wrap pr-font--sans\">7 de noviembre \u2013 AGOTADO<\/h3>\n<\/div>\n<\/div>\n<div class=\"pr-story--element-space\">\n<div class=\"pr-story-subheader\">\n<h3 class=\"pr-story--subheader text--wrap pr-font--sans\">NUEVA FECHA: 14 DE NOVIEMBRE \u2013 AUDITORIO NACIONAL<\/h3>\n<\/div>\n<\/div>\n<div class=\"pr-story--element-space\">\n<div class=\"pr-story-subheader\">\n<h3 class=\"pr-story--subheader text--wrap pr-font--sans\">Preventa Citibanamex: 16 de agosto, 11:00 am<\/h3>\n<\/div>\n<\/div>\n<div class=\"pr-story--element-space\">\n<div class=\"pr-story-paragraph\">\n<div class=\"pr-story--text\"><b>Venta General: 17 de agosto a trav\u00e9s de\u00a0<\/b><a href=\"http:\/\/www.ticketmaster.com.mx\/\"><b>www.ticketmaster.com.mx<\/b><\/a><b><\/b><\/div>\n<div><\/div>\n<\/div>\n<\/div>\n<div class=\"pr-story--element-space\">\n<div class=\"pr-story-paragraph\">\n<div class=\"pr-story--text\"><b>Natalia Lafourcade<\/b>, la reconocida artista, compositora, int\u00e9rprete y productora musical veracruzana, luego de m\u00e1s de cinco a\u00f1os fuera de los escenarios, se reencuentra con sus seguidores en su esperado\u00a0<b><i>De Todas las Flores Tour 2023<\/i><\/b>.<\/div>\n<div><\/div>\n<\/div>\n<\/div>\n<div class=\"pr-story--element-space\">\n<div class=\"pr-story-paragraph\">\n<div class=\"pr-story--text\">Esta serie especial de conciertos inici\u00f3 en el Carnegie Hall de NY el pasado 27 de octubre, cuando se present\u00f3 formalmente su disco<b><i>\u00a0De Todas las Flores<\/i><\/b>. Hasta hoy, la gira internacional ha recorrido diferentes pa\u00edses con lleno total en todas las plazas y sobre todo, dejando muy en alto el nombre de nuestro pa\u00eds y el suyo como artista, resaltando que el arte mexicano, al unirse con los sabores de Am\u00e9rica latina y del mundo, se enriquece y trasciende en cada coraz\u00f3n que lo escucha. Canad\u00e1, Francia, Espa\u00f1a, USA, Argentina, Chile, Per\u00fa, Venezuela y Caracas son los pa\u00edses que anteceden a M\u00e9xico, en esta preparaci\u00f3n para unirse con su p\u00fablico m\u00e1s querido y a\u00fan faltan m\u00e1s por anunciar. M\u00e1s de 70,000 personas han vivido la experiencia de <b><i>De Todas Las Flores Tour 2023,\u00a0<\/i><\/b>incluyendo dos MovistarArena sold out, en Buenos Aires y Bogot\u00e1 y el legendario The Greel Teather en Los \u00c1ngeles, California.<\/div>\n<div><\/div>\n<\/div>\n<\/div>\n<div class=\"pr-story--element-space\">\n<div class=\"pr-story-paragraph\">\n<div class=\"pr-story--text\">Como uno de los momentos m\u00e1s importantes de la gira,\u00a0<b>Natalia Lafourcade<\/b> decidi\u00f3 acercarse a su M\u00e9xico para presentar su m\u00fasica el <b>7 de noviembre en el Auditorio Nacional en la Ciudad de M\u00e9xico, el 22 de noviembre en el Auditorio Citibanamex en Monterrey y el 26 de noviembre en el Auditorio Telmex en Guadalajara<\/b>. Era de esperarse que tras m\u00e1s de 5 a\u00f1os de no compartir en ese emblem\u00e1tico lugar, el Auditorio Nacional en la Ciudad de M\u00e9xico ha agotado todas sus entradas y ahora, en respuesta al gran cari\u00f1o de su gente, Natalia anuncia una fecha m\u00e1s en el m\u00e1ximo escenario de Reforma.<\/div>\n<div><\/div>\n<\/div>\n<\/div>\n<div class=\"pr-story--element-space\">\n<div class=\"pr-story-paragraph\">\n<div class=\"pr-story--text\">Los\u00a0<b>boletos\u00a0<\/b>para esta nueva cita estar\u00e1n en\u00a0<b>Preventa Citibanamex\u00a0<\/b>el\u00a0<b>16 de agosto a las 11 am\u00a0<\/b>a trav\u00e9s<b>\u00a0<\/b>de\u00a0<a href=\"http:\/\/www.ticketmaster.com.mx\/\"><b>www.ticketmaster.com.mx<\/b><\/a><b>.\u00a0<\/b>La venta general comenzar\u00e1 un d\u00eda despu\u00e9s.<\/div>\n<div><\/div>\n<\/div>\n<\/div>\n<div class=\"pr-story--element-space\">\n<div class=\"pr-story-paragraph\">\n<div class=\"pr-story--text\"><b>Natalia Lafourcade\u00a0<\/b>ha dejado una huella imborrable en la m\u00fasica latinoamericana a lo largo de m\u00e1s de 20 a\u00f1os de carrera. Con temas como \u201cEn el 2000\u201d, \u201cUn Derecho de Nacimiento\u201d, \u201cHasta la Ra\u00edz\u201d, \u201cNunca es Suficiente\u201d, \u201cT\u00fa S\u00ed Sabes Quererme\u201d y ahora \u201cEl Lugar Correcto\u201d, \u201cDe Todas las Flores\u201d y \u201cTierra querida\u201d en honor a Casa Madero, la vin\u00edcola m\u00e1s antigua de Am\u00e9rica, ha conectado con el coraz\u00f3n de millones de fans en todo el mundo.<\/div>\n<div><\/div>\n<\/div>\n<\/div>\n<div class=\"pr-story--element-space\">\n<div class=\"pr-story-paragraph\">\n<div class=\"pr-story--text\"><b><i>De Todas las Flores\u00a0<\/i><\/b>es un diario musical que muestra la evoluci\u00f3n art\u00edstica de\u00a0<b>Natalia<\/b>. Despu\u00e9s de siete a\u00f1os de espera, Natalia regres\u00f3 al estudio de grabaci\u00f3n para ofrecernos doce canciones in\u00e9ditas que exploran temas como la vulnerabilidad, la vida y la muerte, la feminidad, la naturaleza, lo m\u00edstico, el amor y el desamor. La experiencia visual y auditiva de\u00a0<b><i>De Todas las Flores 2023\u00a0<\/i><\/b>ya ha dejado huella.<\/div>\n<div><\/div>\n<\/div>\n<\/div>\n<div class=\"pr-story--element-space\">\n<div class=\"pr-story-paragraph\">\n<div class=\"pr-story--text\">\u201cEntrando en escena a paso lento, con una expresi\u00f3n de humildad, nerviosismo y respeto hacia la audiencia al mismo tiempo, la cantante se sienta en la silla. Con la guitarra en la mano, un vestido oscuro de gran vuelo se extiende debajo de sus faldas, simulando un mar de l\u00e1grimas a sus pies.\u201d\u00a0<b>Montreal hispano.<\/b><\/div>\n<div><\/div>\n<\/div>\n<\/div>\n<div class=\"pr-story--element-space\">\n<div class=\"pr-story-paragraph\">\n<div class=\"pr-story--text\">\u201cComo una hechicera, la artista ha hecho viajar al p\u00fablico por sus propias debilidades y fortalezas, en un rencuentro entre la mexicana y sus seguidores espa\u00f1oles largamente esperado.\u201d\u00a0<b>Agencia EFE.<\/b><\/div>\n<div><\/div>\n<\/div>\n<\/div>\n<div class=\"pr-story--element-space\">\n<div class=\"pr-story-paragraph\">\n<div class=\"pr-story--text\">\u201cNatalia cuenta su cuento, con sus elementos, con sus colores, con sus melod\u00edas, melancol\u00edas, y alabanzas a la vida y a la naturaleza.\u201d\u00a0<b>Ana B\u00e1ez, Madrid.<\/b><\/div>\n<div><\/div>\n<\/div>\n<\/div>\n<div class=\"pr-story--element-space\">\n<div class=\"pr-story-paragraph\">\n<div class=\"pr-story--text\">\u201cY as\u00ed pas\u00f3 una nueva visita al pa\u00eds de Natalia Lafourcade, una artista que supo reinventarse y consigui\u00f3 la maduraci\u00f3n art\u00edstica cuando comprendi\u00f3 que\u00a0el tesoro estaba m\u00e1s cerca de lo que cre\u00eda:\u00a0en su propia tierra.\u201d\u00a0<b>P\u00e1gina 12, Argentina.<\/b><\/div>\n<div><\/div>\n<\/div>\n<\/div>\n<div class=\"pr-story--element-space\">\n<div class=\"pr-story-paragraph\">\n<div class=\"pr-story--text\">La gira\u00a0<b><i>De Todas las Flores 2023\u00a0<\/i><\/b>es una experiencia \u00edntima e inolvidable para los fans de\u00a0<b>Natalia<\/b>. La propuesta esc\u00e9nica y musical son un parteaguas en la manera de comunicarse de Natalia como artista.<\/div>\n<div><\/div>\n<\/div>\n<\/div>\n<div class=\"pr-story--element-space\">\n<div class=\"pr-story-paragraph\">\n<div class=\"pr-story--text\">\u00a1No te pierdas sus conciertos en\u00a0<b>M\u00e9xico<\/b>! Los boletos para Monterrey y Guadalajara ya est\u00e1n a la venta.<\/div>\n<\/div>\n<\/div>\n<div><\/div>\n<div>\n<div dir=\"auto\"><a class=\"x1i10hfl xjbqb8w x6umtig x1b1mbwd xaqea5y xav7gou x9f619 x1ypdohk xt0psk2 xe8uvvx xdj266r x11i5rnm xat24cr x1mh8g0r xexx8yu x4uap5 x18d9i69 xkhd6sd x16tdsg8 x1hl2dhg xggy1nq x1a2a7pz xt0b8zv x1qq9wsj xo1l8bm\" tabindex=\"0\" role=\"link\" href=\"https:\/\/www.facebook.com\/hashtag\/natalialafourcade?__eep__=6&amp;__cft__[0]=AZVSa_q_dW0GjijMTujbhFdmmPpf4th4VBlc0y89YgpS89tFfwFfziEuKpfKxiKw393RMsHXK_A5zeIh4Tc80Lr0RZ2vc2Bn8VoVIiiak6ANgVt7CWAETxhy0SjavFZBx1U&amp;__tn__=*NK-R\">#NataliaLafourcade<\/a><\/div>\n<div dir=\"auto\"><a class=\"x1i10hfl xjbqb8w x6umtig x1b1mbwd xaqea5y xav7gou x9f619 x1ypdohk xt0psk2 xe8uvvx xdj266r x11i5rnm xat24cr x1mh8g0r xexx8yu x4uap5 x18d9i69 xkhd6sd x16tdsg8 x1hl2dhg xggy1nq x1a2a7pz xt0b8zv x1qq9wsj xo1l8bm\" tabindex=\"0\" role=\"link\" href=\"https:\/\/www.facebook.com\/hashtag\/auditorionacional?__eep__=6&amp;__cft__[0]=AZVSa_q_dW0GjijMTujbhFdmmPpf4th4VBlc0y89YgpS89tFfwFfziEuKpfKxiKw393RMsHXK_A5zeIh4Tc80Lr0RZ2vc2Bn8VoVIiiak6ANgVt7CWAETxhy0SjavFZBx1U&amp;__tn__=*NK-R\">#AuditorioNacional<\/a><\/div>\n<div dir=\"auto\"><a class=\"x1i10hfl xjbqb8w x6umtig x1b1mbwd xaqea5y xav7gou x9f619 x1ypdohk xt0psk2 xe8uvvx xdj266r x11i5rnm xat24cr x1mh8g0r xexx8yu x4uap5 x18d9i69 xkhd6sd x16tdsg8 x1hl2dhg xggy1nq x1a2a7pz xt0b8zv x1qq9wsj xo1l8bm\" tabindex=\"0\" role=\"link\" href=\"https:\/\/www.facebook.com\/hashtag\/detodaslasflorestour?__eep__=6&amp;__cft__[0]=AZVSa_q_dW0GjijMTujbhFdmmPpf4th4VBlc0y89YgpS89tFfwFfziEuKpfKxiKw393RMsHXK_A5zeIh4Tc80Lr0RZ2vc2Bn8VoVIiiak6ANgVt7CWAETxhy0SjavFZBx1U&amp;__tn__=*NK-R\">#DeTodasLasFloresTour<\/a><\/div>\n<div dir=\"auto\"><a class=\"x1i10hfl xjbqb8w x6umtig x1b1mbwd xaqea5y xav7gou x9f619 x1ypdohk xt0psk2 xe8uvvx xdj266r x11i5rnm xat24cr x1mh8g0r xexx8yu x4uap5 x18d9i69 xkhd6sd x16tdsg8 x1hl2dhg xggy1nq x1a2a7pz xt0b8zv x1qq9wsj xo1l8bm\" tabindex=\"0\" role=\"link\" href=\"https:\/\/www.facebook.com\/hashtag\/ocesa?__eep__=6&amp;__cft__[0]=AZVSa_q_dW0GjijMTujbhFdmmPpf4th4VBlc0y89YgpS89tFfwFfziEuKpfKxiKw393RMsHXK_A5zeIh4Tc80Lr0RZ2vc2Bn8VoVIiiak6ANgVt7CWAETxhy0SjavFZBx1U&amp;__tn__=*NK-R\">#OCESA<\/a><\/div>\n<div dir=\"auto\"><a class=\"x1i10hfl xjbqb8w x6umtig x1b1mbwd xaqea5y xav7gou x9f619 x1ypdohk xt0psk2 xe8uvvx xdj266r x11i5rnm xat24cr x1mh8g0r xexx8yu x4uap5 x18d9i69 xkhd6sd x16tdsg8 x1hl2dhg xggy1nq x1a2a7pz xt0b8zv x1qq9wsj xo1l8bm\" tabindex=\"0\" role=\"link\" href=\"https:\/\/www.facebook.com\/hashtag\/ticketmaster?__eep__=6&amp;__cft__[0]=AZVSa_q_dW0GjijMTujbhFdmmPpf4th4VBlc0y89YgpS89tFfwFfziEuKpfKxiKw393RMsHXK_A5zeIh4Tc80Lr0RZ2vc2Bn8VoVIiiak6ANgVt7CWAETxhy0SjavFZBx1U&amp;__tn__=*NK-R\">#ticketmaster<\/a><\/div>\n<div dir=\"auto\"><a class=\"x1i10hfl xjbqb8w x6umtig x1b1mbwd xaqea5y xav7gou x9f619 x1ypdohk xt0psk2 xe8uvvx xdj266r x11i5rnm xat24cr x1mh8g0r xexx8yu x4uap5 x18d9i69 xkhd6sd x16tdsg8 x1hl2dhg xggy1nq x1a2a7pz xt0b8zv x1qq9wsj xo1l8bm\" tabindex=\"0\" role=\"link\" href=\"https:\/\/www.facebook.com\/hashtag\/bitacoracdmx?__eep__=6&amp;__cft__[0]=AZVSa_q_dW0GjijMTujbhFdmmPpf4th4VBlc0y89YgpS89tFfwFfziEuKpfKxiKw393RMsHXK_A5zeIh4Tc80Lr0RZ2vc2Bn8VoVIiiak6ANgVt7CWAETxhy0SjavFZBx1U&amp;__tn__=*NK-R\">#bitacoracdmx<\/a><\/div>\n<\/div>\n<p>[\/fusion_text][fusion_imageframe image_id=&#8221;52439|medium&#8221; max_width=&#8221;&#8221; style_type=&#8221;&#8221; blur=&#8221;&#8221; stylecolor=&#8221;&#8221; hover_type=&#8221;none&#8221; bordersize=&#8221;&#8221; bordercolor=&#8221;&#8221; borderradius=&#8221;&#8221; align=&#8221;none&#8221; lightbox=&#8221;no&#8221; gallery_id=&#8221;&#8221; lightbox_image=&#8221;&#8221; lightbox_image_id=&#8221;&#8221; alt=&#8221;&#8221; link=&#8221;&#8221; linktarget=&#8221;_self&#8221; hide_on_mobile=&#8221;small-visibility,medium-visibility,large-visibility&#8221; class=&#8221;&#8221; id=&#8221;&#8221; animation_type=&#8221;&#8221; animation_direction=&#8221;left&#8221; animation_speed=&#8221;0.3&#8243; animation_offset=&#8221;&#8221;]https:\/\/www.bitacoracdmx.com\/wp-content\/uploads\/2023\/08\/image_processing20230814-1061562-1279qdf-300&#215;210.jpg[\/fusion_imageframe][\/fusion_builder_column][\/fusion_builder_row][\/fusion_builder_container]<\/p>\n","protected":false},"excerpt":{"rendered":"<p>[fusion_builder_container hundred_percent=&#8221;no&#8221; equal_height_columns=&#8221;no&#8221; menu_anchor=&#8221;&#8221; hide_on_mobile=&#8221;small-visibility,medium-visibility,large-visibility&#8221; class=&#8221;&#8221; id=&#8221;&#8221; background_color=&#8221;&#8221; background_image=&#8221;&#8221; background_position=&#8221;center center&#8221; background_repeat=&#8221;no-repeat&#8221; fade=&#8221;no&#8221; background_parallax=&#8221;none&#8221; parallax_speed=&#8221;0.3&#8243; video_mp4=&#8221;&#8221; video_webm=&#8221;&#8221; video_ogv=&#8221;&#8221; video_url=&#8221;&#8221; video_aspect_ratio=&#8221;16:9&#8243; video_loop=&#8221;yes&#8221; video_mute=&#8221;yes&#8221; overlay_color=&#8221;&#8221; video_preview_image=&#8221;&#8221; border_size=&#8221;&#8221; border_color=&#8221;&#8221; border_style=&#8221;solid&#8221; padding_top=&#8221;&#8221; padding_bottom=&#8221;&#8221; padding_left=&#8221;&#8221; padding_right=&#8221;&#8221;][fusion_builder_row][fusion_builder_column type=&#8221;1_1&#8243; layout=&#8221;1_1&#8243; background_position=&#8221;left top&#8221; background_color=&#8221;&#8221; border_size=&#8221;&#8221; border_color=&#8221;&#8221; border_style=&#8221;solid&#8221; border_position=&#8221;all&#8221; spacing=&#8221;yes&#8221; background_image=&#8221;&#8221; background_repeat=&#8221;no-repeat&#8221; padding_top=&#8221;&#8221; padding_right=&#8221;&#8221; padding_bottom=&#8221;&#8221; padding_left=&#8221;&#8221; margin_top=&#8221;0px&#8221; margin_bottom=&#8221;0px&#8221; class=&#8221;&#8221; id=&#8221;&#8221; animation_type=&#8221;&#8221; animation_speed=&#8221;0.3&#8243; animation_direction=&#8221;left&#8221; hide_on_mobile=&#8221;small-visibility,medium-visibility,large-visibility&#8221; center_content=&#8221;no&#8221; last=&#8221;no&#8221; min_height=&#8221;&#8221; hover_type=&#8221;none&#8221; link=&#8221;&#8221;][fusion_text] REDACCI\u00d3N 7 de noviembre \u2013 AGOTADO NUEVA FECHA: 14 DE NOVIEMBRE \u2013 AUDITORIO NACIONAL Preventa Citibanamex: 16 de agosto, 11:00 am Venta General: 17 de agosto a trav\u00e9s de\u00a0www.ticketmaster.com.mx Natalia Lafourcade, la reconocida artista, compositora, int\u00e9rprete y productora musical veracruzana, [&hellip;]<\/p>\n","protected":false},"author":1,"featured_media":52439,"comment_status":"open","ping_status":"open","sticky":false,"template":"","format":"standard","meta":{"footnotes":""},"categories":[9,11],"tags":[],"_links":{"self":[{"href":"https:\/\/www.bitacoracdmx.com\/index.php?rest_route=\/wp\/v2\/posts\/52438"}],"collection":[{"href":"https:\/\/www.bitacoracdmx.com\/index.php?rest_route=\/wp\/v2\/posts"}],"about":[{"href":"https:\/\/www.bitacoracdmx.com\/index.php?rest_route=\/wp\/v2\/types\/post"}],"author":[{"embeddable":true,"href":"https:\/\/www.bitacoracdmx.com\/index.php?rest_route=\/wp\/v2\/users\/1"}],"replies":[{"embeddable":true,"href":"https:\/\/www.bitacoracdmx.com\/index.php?rest_route=%2Fwp%2Fv2%2Fcomments&post=52438"}],"version-history":[{"count":1,"href":"https:\/\/www.bitacoracdmx.com\/index.php?rest_route=\/wp\/v2\/posts\/52438\/revisions"}],"predecessor-version":[{"id":52440,"href":"https:\/\/www.bitacoracdmx.com\/index.php?rest_route=\/wp\/v2\/posts\/52438\/revisions\/52440"}],"wp:featuredmedia":[{"embeddable":true,"href":"https:\/\/www.bitacoracdmx.com\/index.php?rest_route=\/wp\/v2\/media\/52439"}],"wp:attachment":[{"href":"https:\/\/www.bitacoracdmx.com\/index.php?rest_route=%2Fwp%2Fv2%2Fmedia&parent=52438"}],"wp:term":[{"taxonomy":"category","embeddable":true,"href":"https:\/\/www.bitacoracdmx.com\/index.php?rest_route=%2Fwp%2Fv2%2Fcategories&post=52438"},{"taxonomy":"post_tag","embeddable":true,"href":"https:\/\/www.bitacoracdmx.com\/index.php?rest_route=%2Fwp%2Fv2%2Ftags&post=52438"}],"curies":[{"name":"wp","href":"https:\/\/api.w.org\/{rel}","templated":true}]}}