{"id":52441,"date":"2023-08-15T03:47:58","date_gmt":"2023-08-15T03:47:58","guid":{"rendered":"https:\/\/www.bitacoracdmx.com\/?p=52441"},"modified":"2023-08-15T03:47:58","modified_gmt":"2023-08-15T03:47:58","slug":"arranca-foro-cdmx-capital-del-sonido-para-crear-plan-de-salvaguardia-para-cultura-sonidera","status":"publish","type":"post","link":"https:\/\/www.bitacoracdmx.com\/?p=52441","title":{"rendered":"Arranca \u201cFORO CDMX CAPITAL DEL SONIDO\u201d para crear PLAN DE SALVAGUARDIA para CULTURA SONIDERA"},"content":{"rendered":"<p>[fusion_builder_container hundred_percent=&#8221;no&#8221; equal_height_columns=&#8221;no&#8221; menu_anchor=&#8221;&#8221; hide_on_mobile=&#8221;small-visibility,medium-visibility,large-visibility&#8221; class=&#8221;&#8221; id=&#8221;&#8221; background_color=&#8221;&#8221; background_image=&#8221;&#8221; background_position=&#8221;center center&#8221; background_repeat=&#8221;no-repeat&#8221; fade=&#8221;no&#8221; background_parallax=&#8221;none&#8221; parallax_speed=&#8221;0.3&#8243; video_mp4=&#8221;&#8221; video_webm=&#8221;&#8221; video_ogv=&#8221;&#8221; video_url=&#8221;&#8221; video_aspect_ratio=&#8221;16:9&#8243; video_loop=&#8221;yes&#8221; video_mute=&#8221;yes&#8221; overlay_color=&#8221;&#8221; video_preview_image=&#8221;&#8221; border_size=&#8221;&#8221; border_color=&#8221;&#8221; border_style=&#8221;solid&#8221; padding_top=&#8221;&#8221; padding_bottom=&#8221;&#8221; padding_left=&#8221;&#8221; padding_right=&#8221;&#8221;][fusion_builder_row][fusion_builder_column type=&#8221;1_1&#8243; layout=&#8221;1_1&#8243; background_position=&#8221;left top&#8221; background_color=&#8221;&#8221; border_size=&#8221;&#8221; border_color=&#8221;&#8221; border_style=&#8221;solid&#8221; border_position=&#8221;all&#8221; spacing=&#8221;yes&#8221; background_image=&#8221;&#8221; background_repeat=&#8221;no-repeat&#8221; padding_top=&#8221;&#8221; padding_right=&#8221;&#8221; padding_bottom=&#8221;&#8221; padding_left=&#8221;&#8221; margin_top=&#8221;0px&#8221; margin_bottom=&#8221;0px&#8221; class=&#8221;&#8221; id=&#8221;&#8221; animation_type=&#8221;&#8221; animation_speed=&#8221;0.3&#8243; animation_direction=&#8221;left&#8221; hide_on_mobile=&#8221;small-visibility,medium-visibility,large-visibility&#8221; center_content=&#8221;no&#8221; last=&#8221;no&#8221; min_height=&#8221;&#8221; hover_type=&#8221;none&#8221; link=&#8221;&#8221;][fusion_text]<\/p>\n<p>REDACCI\u00d3N<\/p>\n<p>\u25cf Sonideras, sonideros, expertos, acad\u00e9micos y representantes de la industria musical como promotores, distribuidores y locutores debatir\u00e1n y aportar\u00e1n durante cuatro d\u00edas que dura el Foro sobre desaf\u00edos, retos y oportunidades en torno a su trabajo, como seguridad, igualdad, derechos de autor, nuevas tecnolog\u00edas, trabajo, bienestar, espacio p\u00fablico y baile<\/p>\n<p>\u25cf Irene Soria, representante l\u00edder de Creative Commons M\u00e9xico, y los investigadores Mariana Delgado y Juli\u00e1n Woodside, acompa\u00f1aron a representantes de la cultura sonidera como Guadalupe Tlacomulco Mac\u00edas, conocida como Lupita La Cigarrita de Sonido Radio Voz, Oscar Elizalde de Sonido Casanova, David Mendoza de Sonido Retro, Ra\u00fal Hern\u00e1ndez de Sonido Mr. Pachanga, Elizabeth Medina, \u00c1ngel Ortiz, Rafael Mill\u00e1n y Alberto Garc\u00eda<\/p>\n<p>\u25cf El Foro inici\u00f3 con la mesa\u00a0<strong>\u201cCultura: m\u00fasica y circulaci\u00f3n musical\u201d<\/strong>\u00a0que seguir\u00e1n el martes con\u00a0<strong>\u201cCiudad: espacio p\u00fablico y baile\u201d<\/strong>, el mi\u00e9rcoles 16 con\u00a0<strong>\u201cSociedad: g\u00e9nero e inclusi\u00f3n\u201d<\/strong>, mientras que el jueves 17 se llevar\u00e1 a cabo\u00a0<strong>\u201cSociedad: trabajo y bienestar\u201d<\/strong><\/p>\n<p>Este lunes 14 de agosto dio inicio en el\u00a0<strong>Centro Cultural El Rule el \u201cForo CDMX. Capital del Sonido\u201d<\/strong>, que estar\u00e1 compuesto por cinco mesas de trabajo que se llevar\u00e1n a cabo hasta el jueves 17 de agosto, que servir\u00e1n para crear un\u00a0<strong>Plan de Salvaguardia<\/strong>\u00a0que acompa\u00f1e a la\u00a0<strong>Declaratoria de Patrimonio Cultural Inmaterial de la Cultura Sonidera en la Ciudad de M\u00e9xico<\/strong>, iniciativa impulsada por la Secretar\u00eda de Cultura capitalina.<\/p>\n<p><strong>Jorge Muci\u00f1o Arias<\/strong>, director general de\u00a0<strong>Gesti\u00f3n Institucional y Cooperaci\u00f3n Cultural de la Secretar\u00eda de Cultura local<\/strong>; y\u00a0<strong>Mariana Delgado<\/strong>, investigadora de la cultura sonidera, gestora cultural y productora, dieron la bienvenida a sonideras, sonideros, expertos, acad\u00e9micos y representantes de la industria musical como promotores, distribuidores y locutores con una agenda de cuatro d\u00edas en los que se analizar\u00e1n problemas y oportunidades que tendr\u00e1 la cultura sonidera cuando se realice la Declaratoria de Patrimonio Cultural.<\/p>\n<p>\u201cEstos ejercicios son fundamentales para poder construir un documento lo m\u00e1s incluyente y ampl\u00edo posible. Si bien es cierto que hay un punto de partida para dar cierta certeza al movimiento, hay otros elementos que son importantes\u201d, asegur\u00f3 Muci\u00f1o Arias.<\/p>\n<p>\u201cEn alg\u00fan punto podemos hablar de la posibilidad de preservar expresiones que en el transcurso de los a\u00f1os se han ido perdiendo o colecciones que actualmente son propiedad de particulares que podr\u00edan donarse a la comunidad\u201d, dijo el funcionario.<\/p>\n<p>\u201cNosotros (Secretar\u00eda de Cultura de la Ciudad de M\u00e9xico) tenemos que llevarnos esta informaci\u00f3n para entregarle un documento que estar\u00e1 a su consideraci\u00f3n para ver qu\u00e9 tanto logramos identificar y plasmar las necesidades de su movimiento\u201d, asever\u00f3 Muci\u00f1o sobre la importancia de estos foros y mesas de trabajo.<\/p>\n<p>Por su parte, Mariana Delgado asegur\u00f3 que en estas mesas de trabajo se generar\u00e1n propuestas \u201cque pueden incumbir a otras dependencias del Gobierno e inclusive a otros sectores de la cultural, de la econom\u00eda, de la pol\u00edtica y de la sociedad, pero desde luego a la comunidad de sonideras y sonideros\u201d.<\/p>\n<p>Explic\u00f3 que la importancia de esta lista de propuestas para el Plan de Salvaguardia son gu\u00edas que se tendr\u00e1n que seguir en los pr\u00f3ximos a\u00f1os para que esta cultura sonidera para que alcance \u201cel ejercicio m\u00e1s esplendoroso de su trabajo. No es una varita m\u00e1gica, es una manera de comenzar a trabajar y hacernos responsables\u201d.<\/p>\n<p>La salvaguardia es un plan de protecci\u00f3n que acompa\u00f1a a la Declaratoria en el que se toman medidas para garantizar la viabilidad del patrimonio, es decir, acciones enfocadas para que la comunidad siga practicando y transmitiendo esa expresi\u00f3n.<\/p>\n<p>Para ello el patrimonio se identifica, de documenta, se investiga, se preserva, protege, promueve, valoriza, y transmite, tarea para la que es la propia comunidad sonidera la m\u00e1s calificada.<\/p>\n<p>El objetivo del \u201cForo CDMX. Capital del Sonido\u201d es realizar un inventario en el que se define la comunidad, se acuerda un procedimiento y principalmente se identifican riesgos y amenazas, incluso los hipot\u00e9ticos escenarios futuros m\u00e1s negativos para advertir medidas que ayuden a perseverar la cultura sonidera.<\/p>\n<p>Un Patrimonio Cultural Inmaterial se trata de usos, expresiones, representaciones y conocimientos que una comunidad o grupo reconoce como tal, que tiene tres caracter\u00edsticas en las que se tiene que enfocar el plan de salvaguarda: es recreado constantemente por las comunidades, se transmite de generaci\u00f3n en generaci\u00f3n, infunde un sentimiento de identidad y continuidad.<\/p>\n<p>Este lunes inici\u00f3 con la mesa\u00a0<strong>\u201cCultura: m\u00fasica y circulaci\u00f3n musical\u201d<\/strong>\u00a0en el que principalmente se discutieron necesidades, problemas y riesgos, en la que los participantes expresaron sus inquietudes sobre seguridad, nuevas tecnolog\u00edas y derechos de autor; el martes 15 se llevar\u00e1 cabo\u00a0<strong>\u201cCiudad: espacio p\u00fablico y baile\u201d<\/strong>; el mi\u00e9rcoles 16 se realizar\u00e1\u00a0<strong>\u201cSociedad: g\u00e9nero e inclusi\u00f3n\u201d<\/strong>, mientras que el jueves 17 se llevar\u00e1 a cabo\u00a0<strong>\u201cSociedad: trabajo y bienestar\u201d<\/strong>.<\/p>\n<p>Irene Soria, representante l\u00edder de Creative Commons M\u00e9xico; Juli\u00e1n Woodside, investigador y ensayista enfocado en m\u00fasica, memoria cultural y medios, encabezaron a los especialistas entre los que estuvieron tambi\u00e9n los investigadores C\u00e9sar Rebolledo y Elizabeth Rivera.<\/p>\n<p>Fernando y C\u00e9sar Machado, as\u00ed como la locutora Mari Cruz Neri representaron a la industria musical, mientras que las sonideras y sonideros fueron representados por Guadalupe Tlacomulco Mac\u00edas, conocida como Lupita La Cigarrita de Sonido Radio Voz, Oscar Elizalde de Sonido Casanova, David Mendoza de Sonido Retro, Ra\u00fal Hern\u00e1ndez de Sonido Mr. Pachanga, Elizabeth Medina, \u00c1ngel Ortiz, Rafael Mill\u00e1n y Alberto Garc\u00eda.<\/p>\n<p>Este foro es parte de los trabajos que ha venido realizado la Secretar\u00eda de Cultura de la Ciudad de M\u00e9xico desde el inicio de esta administraci\u00f3n, no solo en torno a la Declaratoria de Patrimonio Cultural Inmaterial, sino tambi\u00e9n en los eventos que se han organizado para empoderar y dar visibilizaci\u00f3n a este movimiento que hist\u00f3ricamente ha sido degradado.<\/p>\n<p>En marzo pasado se realiz\u00f3 el Gran Baile de Sonideras y Sonideros en el Z\u00f3calo en el marco del Festival Noche de Primavera, que marc\u00f3 un evento sin precedentes al reunir a m\u00e1s de 30 sonideros durante m\u00e1s de 12 horas, en donde m\u00e1s de 100 mil personas disfrutaron al ritmo de dinast\u00edas cl\u00e1sicas como la dinast\u00eda Rojo (La Changa y La Changa Jr.) y la dinast\u00eda Perea del Pe\u00f1\u00f3n de los Ba\u00f1os (La Conga y Eckos), entre muchas otras.<\/p>\n<p>Para conocer a detalle estos foros y todas las actividades de la Secretar\u00eda de Cultura de la Ciudad de M\u00e9xico se pueden consultar la Cartelera de la Ciudad de M\u00e9xico (<a href=\"https:\/\/cartelera.cdmx.gob.mx\/\">https:\/\/cartelera.cdmx.gob.mx\/<\/a>) en la que se concentran estas y todas las actividades de la Secretar\u00eda de Cultura de la Ciudad de M\u00e9xico.<\/p>\n<div dir=\"auto\"><a class=\"x1i10hfl xjbqb8w x6umtig x1b1mbwd xaqea5y xav7gou x9f619 x1ypdohk xt0psk2 xe8uvvx xdj266r x11i5rnm xat24cr x1mh8g0r xexx8yu x4uap5 x18d9i69 xkhd6sd x16tdsg8 x1hl2dhg xggy1nq x1a2a7pz xt0b8zv x1qq9wsj xo1l8bm\" tabindex=\"0\" role=\"link\" href=\"https:\/\/www.facebook.com\/hashtag\/secretariadeculturacdmx?__eep__=6&amp;__cft__[0]=AZWztZ0ELa_2xA526SOIQ-TOMWJwEm3WsK3rcuhpyGt_nSsMEvwa0qgNpP-5xMYPR6ysaFLGvfSrmwK4R5Od9NeS-k37ww0l0GjhIr875VTV4KX1xLLRMeYrEw4jwpsD03s&amp;__tn__=*NK-R\">#secretariadeculturacdmx<\/a><\/div>\n<div dir=\"auto\"><a class=\"x1i10hfl xjbqb8w x6umtig x1b1mbwd xaqea5y xav7gou x9f619 x1ypdohk xt0psk2 xe8uvvx xdj266r x11i5rnm xat24cr x1mh8g0r xexx8yu x4uap5 x18d9i69 xkhd6sd x16tdsg8 x1hl2dhg xggy1nq x1a2a7pz xt0b8zv x1qq9wsj xo1l8bm\" tabindex=\"0\" role=\"link\" href=\"https:\/\/www.facebook.com\/hashtag\/bitacoracdmx?__eep__=6&amp;__cft__[0]=AZWztZ0ELa_2xA526SOIQ-TOMWJwEm3WsK3rcuhpyGt_nSsMEvwa0qgNpP-5xMYPR6ysaFLGvfSrmwK4R5Od9NeS-k37ww0l0GjhIr875VTV4KX1xLLRMeYrEw4jwpsD03s&amp;__tn__=*NK-R\">#bitacoracdmx<\/a><\/div>\n<p>[\/fusion_text][fusion_imageframe image_id=&#8221;52442|medium&#8221; max_width=&#8221;&#8221; style_type=&#8221;&#8221; blur=&#8221;&#8221; stylecolor=&#8221;&#8221; hover_type=&#8221;none&#8221; bordersize=&#8221;&#8221; bordercolor=&#8221;&#8221; borderradius=&#8221;&#8221; align=&#8221;none&#8221; lightbox=&#8221;no&#8221; gallery_id=&#8221;&#8221; lightbox_image=&#8221;&#8221; lightbox_image_id=&#8221;&#8221; alt=&#8221;&#8221; link=&#8221;&#8221; linktarget=&#8221;_self&#8221; hide_on_mobile=&#8221;small-visibility,medium-visibility,large-visibility&#8221; class=&#8221;&#8221; id=&#8221;&#8221; animation_type=&#8221;&#8221; animation_direction=&#8221;left&#8221; animation_speed=&#8221;0.3&#8243; animation_offset=&#8221;&#8221;]https:\/\/www.bitacoracdmx.com\/wp-content\/uploads\/2023\/08\/WhatsApp-Image-2023-08-14-at-8.36.49-PM-300&#215;200.jpeg[\/fusion_imageframe][\/fusion_builder_column][\/fusion_builder_row][\/fusion_builder_container]<\/p>\n","protected":false},"excerpt":{"rendered":"<p>[fusion_builder_container hundred_percent=&#8221;no&#8221; equal_height_columns=&#8221;no&#8221; menu_anchor=&#8221;&#8221; hide_on_mobile=&#8221;small-visibility,medium-visibility,large-visibility&#8221; class=&#8221;&#8221; id=&#8221;&#8221; background_color=&#8221;&#8221; background_image=&#8221;&#8221; background_position=&#8221;center center&#8221; background_repeat=&#8221;no-repeat&#8221; fade=&#8221;no&#8221; background_parallax=&#8221;none&#8221; parallax_speed=&#8221;0.3&#8243; video_mp4=&#8221;&#8221; video_webm=&#8221;&#8221; video_ogv=&#8221;&#8221; video_url=&#8221;&#8221; video_aspect_ratio=&#8221;16:9&#8243; video_loop=&#8221;yes&#8221; video_mute=&#8221;yes&#8221; overlay_color=&#8221;&#8221; video_preview_image=&#8221;&#8221; border_size=&#8221;&#8221; border_color=&#8221;&#8221; border_style=&#8221;solid&#8221; padding_top=&#8221;&#8221; padding_bottom=&#8221;&#8221; padding_left=&#8221;&#8221; padding_right=&#8221;&#8221;][fusion_builder_row][fusion_builder_column type=&#8221;1_1&#8243; layout=&#8221;1_1&#8243; background_position=&#8221;left top&#8221; background_color=&#8221;&#8221; border_size=&#8221;&#8221; border_color=&#8221;&#8221; border_style=&#8221;solid&#8221; border_position=&#8221;all&#8221; spacing=&#8221;yes&#8221; background_image=&#8221;&#8221; background_repeat=&#8221;no-repeat&#8221; padding_top=&#8221;&#8221; padding_right=&#8221;&#8221; padding_bottom=&#8221;&#8221; padding_left=&#8221;&#8221; margin_top=&#8221;0px&#8221; margin_bottom=&#8221;0px&#8221; class=&#8221;&#8221; id=&#8221;&#8221; animation_type=&#8221;&#8221; animation_speed=&#8221;0.3&#8243; animation_direction=&#8221;left&#8221; hide_on_mobile=&#8221;small-visibility,medium-visibility,large-visibility&#8221; center_content=&#8221;no&#8221; last=&#8221;no&#8221; min_height=&#8221;&#8221; hover_type=&#8221;none&#8221; link=&#8221;&#8221;][fusion_text] REDACCI\u00d3N \u25cf Sonideras, sonideros, expertos, acad\u00e9micos y representantes de la industria musical como promotores, distribuidores y locutores debatir\u00e1n y aportar\u00e1n durante cuatro d\u00edas que dura el Foro sobre desaf\u00edos, retos y oportunidades en torno a su trabajo, como seguridad, igualdad, [&hellip;]<\/p>\n","protected":false},"author":1,"featured_media":52442,"comment_status":"open","ping_status":"open","sticky":false,"template":"","format":"standard","meta":{"footnotes":""},"categories":[4,9],"tags":[],"_links":{"self":[{"href":"https:\/\/www.bitacoracdmx.com\/index.php?rest_route=\/wp\/v2\/posts\/52441"}],"collection":[{"href":"https:\/\/www.bitacoracdmx.com\/index.php?rest_route=\/wp\/v2\/posts"}],"about":[{"href":"https:\/\/www.bitacoracdmx.com\/index.php?rest_route=\/wp\/v2\/types\/post"}],"author":[{"embeddable":true,"href":"https:\/\/www.bitacoracdmx.com\/index.php?rest_route=\/wp\/v2\/users\/1"}],"replies":[{"embeddable":true,"href":"https:\/\/www.bitacoracdmx.com\/index.php?rest_route=%2Fwp%2Fv2%2Fcomments&post=52441"}],"version-history":[{"count":1,"href":"https:\/\/www.bitacoracdmx.com\/index.php?rest_route=\/wp\/v2\/posts\/52441\/revisions"}],"predecessor-version":[{"id":52443,"href":"https:\/\/www.bitacoracdmx.com\/index.php?rest_route=\/wp\/v2\/posts\/52441\/revisions\/52443"}],"wp:featuredmedia":[{"embeddable":true,"href":"https:\/\/www.bitacoracdmx.com\/index.php?rest_route=\/wp\/v2\/media\/52442"}],"wp:attachment":[{"href":"https:\/\/www.bitacoracdmx.com\/index.php?rest_route=%2Fwp%2Fv2%2Fmedia&parent=52441"}],"wp:term":[{"taxonomy":"category","embeddable":true,"href":"https:\/\/www.bitacoracdmx.com\/index.php?rest_route=%2Fwp%2Fv2%2Fcategories&post=52441"},{"taxonomy":"post_tag","embeddable":true,"href":"https:\/\/www.bitacoracdmx.com\/index.php?rest_route=%2Fwp%2Fv2%2Ftags&post=52441"}],"curies":[{"name":"wp","href":"https:\/\/api.w.org\/{rel}","templated":true}]}}