{"id":52445,"date":"2023-08-15T23:47:44","date_gmt":"2023-08-15T23:47:44","guid":{"rendered":"https:\/\/www.bitacoracdmx.com\/?p=52445"},"modified":"2023-08-15T23:47:44","modified_gmt":"2023-08-15T23:47:44","slug":"giff-presenta-el-segundo-ciclo-mas-cine-mexicano-por-favor","status":"publish","type":"post","link":"https:\/\/www.bitacoracdmx.com\/?p=52445","title":{"rendered":"GIFF presenta el segundo ciclo &#8220;M\u00c1S CINE MEXICANO, POR FAVOR&#8221;"},"content":{"rendered":"<p>[fusion_builder_container hundred_percent=&#8221;no&#8221; equal_height_columns=&#8221;no&#8221; menu_anchor=&#8221;&#8221; hide_on_mobile=&#8221;small-visibility,medium-visibility,large-visibility&#8221; class=&#8221;&#8221; id=&#8221;&#8221; background_color=&#8221;&#8221; background_image=&#8221;&#8221; background_position=&#8221;center center&#8221; background_repeat=&#8221;no-repeat&#8221; fade=&#8221;no&#8221; background_parallax=&#8221;none&#8221; parallax_speed=&#8221;0.3&#8243; video_mp4=&#8221;&#8221; video_webm=&#8221;&#8221; video_ogv=&#8221;&#8221; video_url=&#8221;&#8221; video_aspect_ratio=&#8221;16:9&#8243; video_loop=&#8221;yes&#8221; video_mute=&#8221;yes&#8221; overlay_color=&#8221;&#8221; video_preview_image=&#8221;&#8221; border_size=&#8221;&#8221; border_color=&#8221;&#8221; border_style=&#8221;solid&#8221; padding_top=&#8221;&#8221; padding_bottom=&#8221;&#8221; padding_left=&#8221;&#8221; padding_right=&#8221;&#8221;][fusion_builder_row][fusion_builder_column type=&#8221;1_1&#8243; layout=&#8221;1_1&#8243; background_position=&#8221;left top&#8221; background_color=&#8221;&#8221; border_size=&#8221;&#8221; border_color=&#8221;&#8221; border_style=&#8221;solid&#8221; border_position=&#8221;all&#8221; spacing=&#8221;yes&#8221; background_image=&#8221;&#8221; background_repeat=&#8221;no-repeat&#8221; padding_top=&#8221;&#8221; padding_right=&#8221;&#8221; padding_bottom=&#8221;&#8221; padding_left=&#8221;&#8221; margin_top=&#8221;0px&#8221; margin_bottom=&#8221;0px&#8221; class=&#8221;&#8221; id=&#8221;&#8221; animation_type=&#8221;&#8221; animation_speed=&#8221;0.3&#8243; animation_direction=&#8221;left&#8221; hide_on_mobile=&#8221;small-visibility,medium-visibility,large-visibility&#8221; center_content=&#8221;no&#8221; last=&#8221;no&#8221; min_height=&#8221;&#8221; hover_type=&#8221;none&#8221; link=&#8221;&#8221;][fusion_text]<\/p>\n<p>REDACCI\u00d3N<\/p>\n<h3><strong>En el marco del D\u00eda Nacional del Cine Mexicano, el GIFF anuncia la segunda edici\u00f3n del ciclo \u201cM\u00e1s cine mexicano, por favor\u201d.<br aria-hidden=\"true\" \/><br aria-hidden=\"true\" \/>Con apoyo de EFICINE Distribuci\u00f3n, se proyectar\u00e1n 6 pel\u00edculas mexicanas en 6 centros culturales del pa\u00eds.<br aria-hidden=\"true\" \/><br aria-hidden=\"true\" \/>\u201cM\u00e1s cine mexicano, por favor\u201d promueve la difusi\u00f3n del cine nacional creando nuevos p\u00fablicos.<br aria-hidden=\"true\" \/><br aria-hidden=\"true\" \/>La muestra incluye cine de ficci\u00f3n y documental que se proyectar\u00e1 durante m\u00e1s de cuatro meses en Aguascalientes, Chiapas, Estado de M\u00e9xico, Nayarit y Guanajuato.<\/strong><\/h3>\n<h3>El Festival Internacional de Cine Guanajuato (GIFF), reconocido por su compromiso con la promoci\u00f3n y difusi\u00f3n del cine mexicano, se enorgullece en anunciar la realizaci\u00f3n de la segunda edici\u00f3n del ciclo \u201cM\u00e1s cine mexicano, por favor\u201d, un proyecto destinado a fomentar la apreciaci\u00f3n del s\u00e9ptimo arte y ampliar el alcance de las propuestas cinematogr\u00e1ficas nacionales. Este ciclo se llevar\u00e1 a cabo durante cuatro meses y medio, del 16 de septiembre al 15 de diciembre de 2023, en seis sedes culturales representativas de cinco estados de la Rep\u00fablica Mexicana.<br aria-hidden=\"true\" \/><br aria-hidden=\"true\" \/>Este ciclo de cine es posible gracias al Est\u00edmulo Fiscal a Proyectos de Inversi\u00f3n en la Producci\u00f3n y Distribuci\u00f3n Cinematogr\u00e1fica Nacional (EFICINE) 189 y la empresa mexicana de paqueter\u00eda Estafeta, que ha decidido colaborar con el Festival para fortalecer los v\u00ednculos del cine mexicano con su audiencia natural, llevando lo mejor de la producci\u00f3n nacional de gira por todo el pa\u00eds.<br aria-hidden=\"true\" \/><br aria-hidden=\"true\" \/>Con el objetivo de continuar creando nuevos p\u00fablicos para el cine mexicano y destacando la importancia de la difusi\u00f3n cultural a trav\u00e9s del medio cinematogr\u00e1fico, esta edici\u00f3n de \u201cM\u00e1s cine mexicano, por favor\u201d se enfocar\u00e1 en promover seis emocionantes largometrajes mexicanos. La selecci\u00f3n se mantiene centrada en el p\u00fablico joven, diversificando sus categor\u00edas y sosteniendo el g\u00e9nero documental para mantener di\u00e1logos ricos y reflexiones sobre temas relevantes.<br aria-hidden=\"true\" \/><br aria-hidden=\"true\" \/>El ciclo se llevar\u00e1 a cabo en seis sedes culturales cuidadosamente seleccionadas por su ubicaci\u00f3n estrat\u00e9gica y prestigio en el \u00e1mbito cultural nacional.<br aria-hidden=\"true\" \/><br aria-hidden=\"true\" \/>La distribuci\u00f3n de las proyecciones abarcar\u00e1 los siguientes espacios de exhibici\u00f3n: Cinema Nubo &#8211; Aguascalientes, Aguascalientes; Kinoki Foro Cultural Independiente &#8211; San Crist\u00f3bal de las Casas, Chiapas; Cineteca Mexiquense \u2013 Toluca, Estado de M\u00e9xico; Nayar LabCinema \u2013 Tepic, Nayarit; Cine la Mina \u2013 Guanajuato, Guanajuato; y Compartimento Cinematogr\u00e1fico &#8211; San Miguel de Allende, Guanajuato. De esta forma se ampl\u00eda el acceso a propuestas cinematogr\u00e1ficas de calidad y se enriquece la oferta cultural en estos territorios.<br aria-hidden=\"true\" \/><br aria-hidden=\"true\" \/>Este es un momento crucial para los festivales y la distribuci\u00f3n alternativa de cine en M\u00e9xico. La consolidaci\u00f3n de un circuito de salas y muestras independientes es esencial para llevar pel\u00edculas significativas a sus audiencias, al igual que para promover un di\u00e1logo cultural vibrante en todo el pa\u00eds.<br aria-hidden=\"true\" \/><br aria-hidden=\"true\" \/>Las pel\u00edculas que se proyectar\u00e1n son:<br aria-hidden=\"true\" \/>&#8211;\u00a0<em>El secreto del Dr. Grinberg<\/em>, Dir. Ida Cu\u00e9llar.<br aria-hidden=\"true\" \/>&#8211;\u00a0<em>Ll\u00e9vate mis amores<\/em>, Dir. Arturo Gonz\u00e1lez Villase\u00f1or.<br aria-hidden=\"true\" \/>&#8211;\u00a0<em>Los Hamsters<\/em>, Dir. Gilberto Gonz\u00e1lez Penilla.<br aria-hidden=\"true\" \/>&#8211;\u00a0<em>Los Lobos<\/em>, Dir. Samuel Kishi.<br aria-hidden=\"true\" \/>&#8211;\u00a0<em>Mapa de sue\u00f1os latinoamericanos<\/em>, Dir. Mart\u00edn Weber.<br aria-hidden=\"true\" \/>&#8211;\u00a0<em>Maquinaria Panamericana<\/em>, Dir. Joaqu\u00edn Alejandro del Paso.<br aria-hidden=\"true\" \/><br aria-hidden=\"true\" \/>La celebraci\u00f3n de la XXVI edici\u00f3n del Festival Internacional de Cine Guanajuato confirm\u00f3 la experiencia y dedicaci\u00f3n por llevar distintas muestras al p\u00fablico mexicano. La segunda edici\u00f3n del ciclo \u201cM\u00e1s cine mexicano, por favor\u201d fortalecer\u00e1 la conexi\u00f3n entre cineastas y audiencias, generando un impacto cultural duradero y enriquecedor.<br aria-hidden=\"true\" \/><br aria-hidden=\"true\" \/>Para m\u00e1s informaci\u00f3n sobre fechas, horarios y actividades complementarias, visita giff.mx.<\/h3>\n<h3><strong>FB: GIFFMexico<br aria-hidden=\"true\" \/>IG: @giffmx<br aria-hidden=\"true\" \/>X: @giffmx<\/strong><\/h3>\n<div dir=\"auto\"><a class=\"x1i10hfl xjbqb8w x6umtig x1b1mbwd xaqea5y xav7gou x9f619 x1ypdohk xt0psk2 xe8uvvx xdj266r x11i5rnm xat24cr x1mh8g0r xexx8yu x4uap5 x18d9i69 xkhd6sd x16tdsg8 x1hl2dhg xggy1nq x1a2a7pz xt0b8zv x1qq9wsj xo1l8bm\" tabindex=\"0\" role=\"link\" href=\"https:\/\/www.facebook.com\/hashtag\/giff?__eep__=6&amp;__cft__[0]=AZV5yR0w9rMkZ-G_bPV2UkeMtOAPztInfgotmNTFfQEsbCzo_Sd0EUydcbW664KTZKS38QDESeMYDhLMn0Y5_eJ4CaUTbCa2gPI9Q5PV8SFleMHadXzdjOGmoTgDM6zOAxI&amp;__tn__=*NK-R\">#giff<\/a><\/div>\n<div dir=\"auto\"><a class=\"x1i10hfl xjbqb8w x6umtig x1b1mbwd xaqea5y xav7gou x9f619 x1ypdohk xt0psk2 xe8uvvx xdj266r x11i5rnm xat24cr x1mh8g0r xexx8yu x4uap5 x18d9i69 xkhd6sd x16tdsg8 x1hl2dhg xggy1nq x1a2a7pz xt0b8zv x1qq9wsj xo1l8bm\" tabindex=\"0\" role=\"link\" href=\"https:\/\/www.facebook.com\/hashtag\/mascinemexicanoporfavor?__eep__=6&amp;__cft__[0]=AZV5yR0w9rMkZ-G_bPV2UkeMtOAPztInfgotmNTFfQEsbCzo_Sd0EUydcbW664KTZKS38QDESeMYDhLMn0Y5_eJ4CaUTbCa2gPI9Q5PV8SFleMHadXzdjOGmoTgDM6zOAxI&amp;__tn__=*NK-R\">#mascinemexicanoporfavor<\/a><\/div>\n<div dir=\"auto\"><a class=\"x1i10hfl xjbqb8w x6umtig x1b1mbwd xaqea5y xav7gou x9f619 x1ypdohk xt0psk2 xe8uvvx xdj266r x11i5rnm xat24cr x1mh8g0r xexx8yu x4uap5 x18d9i69 xkhd6sd x16tdsg8 x1hl2dhg xggy1nq x1a2a7pz xt0b8zv x1qq9wsj xo1l8bm\" tabindex=\"0\" role=\"link\" href=\"https:\/\/www.facebook.com\/hashtag\/bitacoracdmx?__eep__=6&amp;__cft__[0]=AZV5yR0w9rMkZ-G_bPV2UkeMtOAPztInfgotmNTFfQEsbCzo_Sd0EUydcbW664KTZKS38QDESeMYDhLMn0Y5_eJ4CaUTbCa2gPI9Q5PV8SFleMHadXzdjOGmoTgDM6zOAxI&amp;__tn__=*NK-R\">#bitacoracdmx<\/a><\/div>\n<p>[\/fusion_text][fusion_imageframe image_id=&#8221;52446|medium&#8221; max_width=&#8221;&#8221; style_type=&#8221;&#8221; blur=&#8221;&#8221; stylecolor=&#8221;&#8221; hover_type=&#8221;none&#8221; bordersize=&#8221;&#8221; bordercolor=&#8221;&#8221; borderradius=&#8221;&#8221; align=&#8221;none&#8221; lightbox=&#8221;no&#8221; gallery_id=&#8221;&#8221; lightbox_image=&#8221;&#8221; lightbox_image_id=&#8221;&#8221; alt=&#8221;&#8221; link=&#8221;&#8221; linktarget=&#8221;_self&#8221; hide_on_mobile=&#8221;small-visibility,medium-visibility,large-visibility&#8221; class=&#8221;&#8221; id=&#8221;&#8221; animation_type=&#8221;&#8221; animation_direction=&#8221;left&#8221; animation_speed=&#8221;0.3&#8243; animation_offset=&#8221;&#8221;]https:\/\/www.bitacoracdmx.com\/wp-content\/uploads\/2023\/08\/367430195_864522921733608_1643013929382883135_n-232&#215;300.jpg[\/fusion_imageframe][\/fusion_builder_column][\/fusion_builder_row][\/fusion_builder_container]<\/p>\n","protected":false},"excerpt":{"rendered":"<p>[fusion_builder_container hundred_percent=&#8221;no&#8221; equal_height_columns=&#8221;no&#8221; menu_anchor=&#8221;&#8221; hide_on_mobile=&#8221;small-visibility,medium-visibility,large-visibility&#8221; class=&#8221;&#8221; id=&#8221;&#8221; background_color=&#8221;&#8221; background_image=&#8221;&#8221; background_position=&#8221;center center&#8221; background_repeat=&#8221;no-repeat&#8221; fade=&#8221;no&#8221; background_parallax=&#8221;none&#8221; parallax_speed=&#8221;0.3&#8243; video_mp4=&#8221;&#8221; video_webm=&#8221;&#8221; video_ogv=&#8221;&#8221; video_url=&#8221;&#8221; video_aspect_ratio=&#8221;16:9&#8243; video_loop=&#8221;yes&#8221; video_mute=&#8221;yes&#8221; overlay_color=&#8221;&#8221; video_preview_image=&#8221;&#8221; border_size=&#8221;&#8221; border_color=&#8221;&#8221; border_style=&#8221;solid&#8221; padding_top=&#8221;&#8221; padding_bottom=&#8221;&#8221; padding_left=&#8221;&#8221; padding_right=&#8221;&#8221;][fusion_builder_row][fusion_builder_column type=&#8221;1_1&#8243; layout=&#8221;1_1&#8243; background_position=&#8221;left top&#8221; background_color=&#8221;&#8221; border_size=&#8221;&#8221; border_color=&#8221;&#8221; border_style=&#8221;solid&#8221; border_position=&#8221;all&#8221; spacing=&#8221;yes&#8221; background_image=&#8221;&#8221; background_repeat=&#8221;no-repeat&#8221; padding_top=&#8221;&#8221; padding_right=&#8221;&#8221; padding_bottom=&#8221;&#8221; padding_left=&#8221;&#8221; margin_top=&#8221;0px&#8221; margin_bottom=&#8221;0px&#8221; class=&#8221;&#8221; id=&#8221;&#8221; animation_type=&#8221;&#8221; animation_speed=&#8221;0.3&#8243; animation_direction=&#8221;left&#8221; hide_on_mobile=&#8221;small-visibility,medium-visibility,large-visibility&#8221; center_content=&#8221;no&#8221; last=&#8221;no&#8221; min_height=&#8221;&#8221; hover_type=&#8221;none&#8221; link=&#8221;&#8221;][fusion_text] REDACCI\u00d3N En el marco del D\u00eda Nacional del Cine Mexicano, el GIFF anuncia la segunda edici\u00f3n del ciclo \u201cM\u00e1s cine mexicano, por favor\u201d.Con apoyo de EFICINE Distribuci\u00f3n, se proyectar\u00e1n 6 pel\u00edculas mexicanas en 6 centros culturales del pa\u00eds.\u201cM\u00e1s cine mexicano, [&hellip;]<\/p>\n","protected":false},"author":1,"featured_media":52446,"comment_status":"open","ping_status":"open","sticky":false,"template":"","format":"standard","meta":{"footnotes":""},"categories":[3,9],"tags":[],"_links":{"self":[{"href":"https:\/\/www.bitacoracdmx.com\/index.php?rest_route=\/wp\/v2\/posts\/52445"}],"collection":[{"href":"https:\/\/www.bitacoracdmx.com\/index.php?rest_route=\/wp\/v2\/posts"}],"about":[{"href":"https:\/\/www.bitacoracdmx.com\/index.php?rest_route=\/wp\/v2\/types\/post"}],"author":[{"embeddable":true,"href":"https:\/\/www.bitacoracdmx.com\/index.php?rest_route=\/wp\/v2\/users\/1"}],"replies":[{"embeddable":true,"href":"https:\/\/www.bitacoracdmx.com\/index.php?rest_route=%2Fwp%2Fv2%2Fcomments&post=52445"}],"version-history":[{"count":1,"href":"https:\/\/www.bitacoracdmx.com\/index.php?rest_route=\/wp\/v2\/posts\/52445\/revisions"}],"predecessor-version":[{"id":52447,"href":"https:\/\/www.bitacoracdmx.com\/index.php?rest_route=\/wp\/v2\/posts\/52445\/revisions\/52447"}],"wp:featuredmedia":[{"embeddable":true,"href":"https:\/\/www.bitacoracdmx.com\/index.php?rest_route=\/wp\/v2\/media\/52446"}],"wp:attachment":[{"href":"https:\/\/www.bitacoracdmx.com\/index.php?rest_route=%2Fwp%2Fv2%2Fmedia&parent=52445"}],"wp:term":[{"taxonomy":"category","embeddable":true,"href":"https:\/\/www.bitacoracdmx.com\/index.php?rest_route=%2Fwp%2Fv2%2Fcategories&post=52445"},{"taxonomy":"post_tag","embeddable":true,"href":"https:\/\/www.bitacoracdmx.com\/index.php?rest_route=%2Fwp%2Fv2%2Ftags&post=52445"}],"curies":[{"name":"wp","href":"https:\/\/api.w.org\/{rel}","templated":true}]}}