{"id":52448,"date":"2023-08-15T23:54:36","date_gmt":"2023-08-15T23:54:36","guid":{"rendered":"https:\/\/www.bitacoracdmx.com\/?p=52448"},"modified":"2023-08-15T23:54:36","modified_gmt":"2023-08-15T23:54:36","slug":"kamp-fest-cdmx-se-pone-al-2x1-en-el-palacio-de-los-deportes","status":"publish","type":"post","link":"https:\/\/www.bitacoracdmx.com\/?p=52448","title":{"rendered":"KAMP FEST CDMX se pone al 2X1 en el PALACIO DE LOS DEPORTES"},"content":{"rendered":"<p>[fusion_builder_container hundred_percent=&#8221;no&#8221; equal_height_columns=&#8221;no&#8221; menu_anchor=&#8221;&#8221; hide_on_mobile=&#8221;small-visibility,medium-visibility,large-visibility&#8221; class=&#8221;&#8221; id=&#8221;&#8221; background_color=&#8221;&#8221; background_image=&#8221;&#8221; background_position=&#8221;center center&#8221; background_repeat=&#8221;no-repeat&#8221; fade=&#8221;no&#8221; background_parallax=&#8221;none&#8221; parallax_speed=&#8221;0.3&#8243; video_mp4=&#8221;&#8221; video_webm=&#8221;&#8221; video_ogv=&#8221;&#8221; video_url=&#8221;&#8221; video_aspect_ratio=&#8221;16:9&#8243; video_loop=&#8221;yes&#8221; video_mute=&#8221;yes&#8221; overlay_color=&#8221;&#8221; video_preview_image=&#8221;&#8221; border_size=&#8221;&#8221; border_color=&#8221;&#8221; border_style=&#8221;solid&#8221; padding_top=&#8221;&#8221; padding_bottom=&#8221;&#8221; padding_left=&#8221;&#8221; padding_right=&#8221;&#8221;][fusion_builder_row][fusion_builder_column type=&#8221;1_1&#8243; layout=&#8221;1_1&#8243; background_position=&#8221;left top&#8221; background_color=&#8221;&#8221; border_size=&#8221;&#8221; border_color=&#8221;&#8221; border_style=&#8221;solid&#8221; border_position=&#8221;all&#8221; spacing=&#8221;yes&#8221; background_image=&#8221;&#8221; background_repeat=&#8221;no-repeat&#8221; padding_top=&#8221;&#8221; padding_right=&#8221;&#8221; padding_bottom=&#8221;&#8221; padding_left=&#8221;&#8221; margin_top=&#8221;0px&#8221; margin_bottom=&#8221;0px&#8221; class=&#8221;&#8221; id=&#8221;&#8221; animation_type=&#8221;&#8221; animation_speed=&#8221;0.3&#8243; animation_direction=&#8221;left&#8221; hide_on_mobile=&#8221;small-visibility,medium-visibility,large-visibility&#8221; center_content=&#8221;no&#8221; last=&#8221;no&#8221; min_height=&#8221;&#8221; hover_type=&#8221;none&#8221; link=&#8221;&#8221;][fusion_text]<\/p>\n<p>REDACCI\u00d3N<\/p>\n<p><i>*El Festival se llevar\u00e1 a cabo los d\u00edas S\u00e1bado 19 y Domingo 20 de Agosto de 2023 en el Palacio de los Deportes de CDMX<\/i><\/p>\n<p><i>*<b>Boletos a la venta en el Sistema Ticketmaster y en taquillas del Palacio<\/b><\/i><\/p>\n<p><b><i>*Preventa especial 19 y 20 de Julio, Venta general Lunes 24 de Julio<\/i><\/b><\/p>\n<p><b>El esperado festival de m\u00fasica K-Pop, Kamp Music Festival, ha dado la estocada final presentando un cartel inmenso y plet\u00f3rico de estrellas que llegar\u00e1n en su primera edici\u00f3n al Palacio de los Deportes de la Ciudad de M\u00e9xico. Por dos d\u00edas, el s\u00e1bado 19 y domingo 20 de Agosto, las m\u00e1s grandes estrellas del K-Pop se presentar\u00e1n para una cita con la historia. El cartel es un sue\u00f1o hecho realidad, pues estar\u00e1n presentes Baekhyun de EXO, 8Turn, BamBam, CHUNG HA, Seulgi de Red Velvet, Cravity, Sik-K with friends, Hori7on, iKon, Lapillus, Limelight, Monsta X, NMIXX y TFN. Ser\u00e1 sin duda, el evento m\u00e1s grande de este g\u00e9nero que se haya presentado en M\u00e9xico y Latinoam\u00e9rica.<\/b><\/p>\n<p><b>Este acontecimiento hist\u00f3rico que ning\u00fan fandom querr\u00e1 perderse y una oportunidad irrepetible de ver a todos sus artistas favoritos de K-Pop por dos m\u00e1gicas tardes sobre el escenario. Los organizadores del evento ya hab\u00edan anunciado que\u00a0<a id=\"LPlnk175171\" name=\"x_m_7282673836851069724_m_5980273342974739228__Hlk132304916\"><\/a>8Turn, Cravity, Horizon, Limelight, Monsta X, NMIXX, adem\u00e1s de figuras como BamBam, iKON, Lapillus, TFN, Chung HA y Sik-K, ser\u00edan parte del line up, sin embargo, ya con un cartel fortalecido por Baekhyun, todo est\u00e1 hecho para que esta sea la mayor experiencia que pueda vivir un verdadero seguidor de esta cultura. ES POR ELLO QUE PARA QUE NADIE SE QUEDE AFUERA, SE PONE AL 2&#215;1 PARA EL SHOW DEL PALACIO DE LOS DEPORTES.<\/b><\/p>\n<p><b>De esta forma, Baekhyun de EXO y Super M volver\u00e1 a subir a un escenario en M\u00e9xico luego de la pandemia. Lo que hace muy especial esta presentaci\u00f3n, es que Baekhyun har\u00e1 este show justo despu\u00e9s de regresar de cumplir su servicio militar obligatorio. Byun Baekhyun comenz\u00f3 su entrenamiento para ser cantante a los 11 a\u00f1os, inspirado por el veterano idol surcoreano Rain. Despu\u00e9s de ser descubierto por un agente, se uni\u00f3 a SM Entertainment en 2011 y se present\u00f3 como el octavo miembro de EXO. Baekhyun se destac\u00f3 como el vocalista principal de EXO-K y es considerado una de las voces m\u00e1s claras y vers\u00e1tiles. Ha incursionado en la actuaci\u00f3n y mostr\u00f3 sus habilidades en programas de televisi\u00f3n y artes marciales. En 2019 lanz\u00f3 su primer \u00e1lbum en solitario, en el que se alej\u00f3 de las baladas y se reinvent\u00f3 con el EDM pop. Adem\u00e1s, tiene un canal de YouTube donde comparte su vida fuera de los escenarios con sus fans.<\/b><\/p>\n<p><b>Seulgi de Red Velvet se suma al cartel final. Kang Seul-gi conocida como Seulgi, es una cantante y bailarina surcoreana. Despu\u00e9s de siete a\u00f1os de entrenamiento, debut\u00f3 como integrante de Red Velvet, bajo SM Entertainment y el grupo proyecto Got the Beat en 2022. Adem\u00e1s, lanz\u00f3 su EP debut como solista, 28 Reasons, en octubre de 2022. En el a\u00f1o 2014 debuta con Red Velvet el 1 de agosto con el sencillo Happiness. Despu\u00e9s de su debut el grupo se mantuvo activo regresando el a\u00f1o siguiente con otro hit que cautiv\u00f3 al p\u00fablico. Seulgi desde su debut empez\u00f3 a ser parte de actividades en solitario, formando parte de proyectos como Girls Next Dolor y Secreto Unnies.<\/b><\/p>\n<p><b>KAMP Music Festival se erige como un festival de primer mundo, pues no s\u00f3lo habr\u00e1 actuaciones musicales de gran nivel, sino tambi\u00e9n un sinf\u00edn de actividades en torno a este fen\u00f3meno cultural y social, como gastronom\u00eda, juegos, exposiciones de arte y colaboraciones con el artista pop de renombre mundial Kenny Scharf.<\/b><\/p>\n<p><b>Tim Kim, CEO de KAMP Music Festivals, dice que Corea y Am\u00e9rica Latina siempre han tenido una estrecha conexi\u00f3n cultural y que el inmenso fandom latino de K-POP es uno de los m\u00e1s apasionados en todo el mundo por lo que es emocionante traer este festival a la Ciudad de M\u00e9xico. El Palacio de los Deportes ser\u00e1 el inmueble que recibir\u00e1 este gran evento los d\u00edas S\u00e1bado 19 y Domingo 20 de agosto.<\/b><\/p>\n<p><b>Las localidades estar\u00e1n a la venta en el Sistema Ticketmaster y en taquillas del Palacio de los Deportes. Y HASTA AGOTAR EXISTENCIAS, ESTAR\u00c1 AL 2&#215;1 POR UN TIEMPO MUY LIMITADO.<\/b><\/p>\n<p><b>\u00a1No te pierdas este acontecimiento hist\u00f3rico y vive la mayor experiencia K-Pop en M\u00e9xico y Latinoam\u00e9rica!\u00a0<\/b><\/p>\n<div dir=\"auto\"><a class=\"x1i10hfl xjbqb8w x6umtig x1b1mbwd xaqea5y xav7gou x9f619 x1ypdohk xt0psk2 xe8uvvx xdj266r x11i5rnm xat24cr x1mh8g0r xexx8yu x4uap5 x18d9i69 xkhd6sd x16tdsg8 x1hl2dhg xggy1nq x1a2a7pz xt0b8zv x1qq9wsj xo1l8bm\" tabindex=\"0\" role=\"link\" href=\"https:\/\/www.facebook.com\/hashtag\/kampfestcdmx?__eep__=6&amp;__cft__[0]=AZU3vFj942V8ybqKLSA0-O6nvLXglyjBtt4CqFw5b6_s4JngnZwvYSdBylnjzOfLxOOxSBca6AyZims3M_9ZICJZN221q2IWwJ_-p7Z_phpAYSiVls18ZXw3wHcOA4pqMRQ&amp;__tn__=*NK-R\">#KampFestCDMX<\/a><\/div>\n<div dir=\"auto\"><a class=\"x1i10hfl xjbqb8w x6umtig x1b1mbwd xaqea5y xav7gou x9f619 x1ypdohk xt0psk2 xe8uvvx xdj266r x11i5rnm xat24cr x1mh8g0r xexx8yu x4uap5 x18d9i69 xkhd6sd x16tdsg8 x1hl2dhg xggy1nq x1a2a7pz xt0b8zv x1qq9wsj xo1l8bm\" tabindex=\"0\" role=\"link\" href=\"https:\/\/www.facebook.com\/hashtag\/kampfest?__eep__=6&amp;__cft__[0]=AZU3vFj942V8ybqKLSA0-O6nvLXglyjBtt4CqFw5b6_s4JngnZwvYSdBylnjzOfLxOOxSBca6AyZims3M_9ZICJZN221q2IWwJ_-p7Z_phpAYSiVls18ZXw3wHcOA4pqMRQ&amp;__tn__=*NK-R\">#kampfest<\/a><\/div>\n<div dir=\"auto\"><a class=\"x1i10hfl xjbqb8w x6umtig x1b1mbwd xaqea5y xav7gou x9f619 x1ypdohk xt0psk2 xe8uvvx xdj266r x11i5rnm xat24cr x1mh8g0r xexx8yu x4uap5 x18d9i69 xkhd6sd x16tdsg8 x1hl2dhg xggy1nq x1a2a7pz xt0b8zv x1qq9wsj xo1l8bm\" tabindex=\"0\" role=\"link\" href=\"https:\/\/www.facebook.com\/hashtag\/kpop?__eep__=6&amp;__cft__[0]=AZU3vFj942V8ybqKLSA0-O6nvLXglyjBtt4CqFw5b6_s4JngnZwvYSdBylnjzOfLxOOxSBca6AyZims3M_9ZICJZN221q2IWwJ_-p7Z_phpAYSiVls18ZXw3wHcOA4pqMRQ&amp;__tn__=*NK-R\">#kpop<\/a><\/div>\n<div dir=\"auto\"><a class=\"x1i10hfl xjbqb8w x6umtig x1b1mbwd xaqea5y xav7gou x9f619 x1ypdohk xt0psk2 xe8uvvx xdj266r x11i5rnm xat24cr x1mh8g0r xexx8yu x4uap5 x18d9i69 xkhd6sd x16tdsg8 x1hl2dhg xggy1nq x1a2a7pz xt0b8zv x1qq9wsj xo1l8bm\" tabindex=\"0\" role=\"link\" href=\"https:\/\/www.facebook.com\/hashtag\/bitacoracdmx?__eep__=6&amp;__cft__[0]=AZU3vFj942V8ybqKLSA0-O6nvLXglyjBtt4CqFw5b6_s4JngnZwvYSdBylnjzOfLxOOxSBca6AyZims3M_9ZICJZN221q2IWwJ_-p7Z_phpAYSiVls18ZXw3wHcOA4pqMRQ&amp;__tn__=*NK-R\">#bitacoracdmx<\/a><\/div>\n<p>[\/fusion_text][fusion_imageframe image_id=&#8221;52449|medium&#8221; max_width=&#8221;&#8221; style_type=&#8221;&#8221; blur=&#8221;&#8221; stylecolor=&#8221;&#8221; hover_type=&#8221;none&#8221; bordersize=&#8221;&#8221; bordercolor=&#8221;&#8221; borderradius=&#8221;&#8221; align=&#8221;none&#8221; lightbox=&#8221;no&#8221; gallery_id=&#8221;&#8221; lightbox_image=&#8221;&#8221; lightbox_image_id=&#8221;&#8221; alt=&#8221;&#8221; link=&#8221;&#8221; linktarget=&#8221;_self&#8221; hide_on_mobile=&#8221;small-visibility,medium-visibility,large-visibility&#8221; class=&#8221;&#8221; id=&#8221;&#8221; animation_type=&#8221;&#8221; animation_direction=&#8221;left&#8221; animation_speed=&#8221;0.3&#8243; animation_offset=&#8221;&#8221;]https:\/\/www.bitacoracdmx.com\/wp-content\/uploads\/2023\/08\/descargar-2023-08-15T174955.974-300&#215;300.png[\/fusion_imageframe][\/fusion_builder_column][\/fusion_builder_row][\/fusion_builder_container]<\/p>\n","protected":false},"excerpt":{"rendered":"<p>[fusion_builder_container hundred_percent=&#8221;no&#8221; equal_height_columns=&#8221;no&#8221; menu_anchor=&#8221;&#8221; hide_on_mobile=&#8221;small-visibility,medium-visibility,large-visibility&#8221; class=&#8221;&#8221; id=&#8221;&#8221; background_color=&#8221;&#8221; background_image=&#8221;&#8221; background_position=&#8221;center center&#8221; background_repeat=&#8221;no-repeat&#8221; fade=&#8221;no&#8221; background_parallax=&#8221;none&#8221; parallax_speed=&#8221;0.3&#8243; video_mp4=&#8221;&#8221; video_webm=&#8221;&#8221; video_ogv=&#8221;&#8221; video_url=&#8221;&#8221; video_aspect_ratio=&#8221;16:9&#8243; video_loop=&#8221;yes&#8221; video_mute=&#8221;yes&#8221; overlay_color=&#8221;&#8221; video_preview_image=&#8221;&#8221; border_size=&#8221;&#8221; border_color=&#8221;&#8221; border_style=&#8221;solid&#8221; padding_top=&#8221;&#8221; padding_bottom=&#8221;&#8221; padding_left=&#8221;&#8221; padding_right=&#8221;&#8221;][fusion_builder_row][fusion_builder_column type=&#8221;1_1&#8243; layout=&#8221;1_1&#8243; background_position=&#8221;left top&#8221; background_color=&#8221;&#8221; border_size=&#8221;&#8221; border_color=&#8221;&#8221; border_style=&#8221;solid&#8221; border_position=&#8221;all&#8221; spacing=&#8221;yes&#8221; background_image=&#8221;&#8221; background_repeat=&#8221;no-repeat&#8221; padding_top=&#8221;&#8221; padding_right=&#8221;&#8221; padding_bottom=&#8221;&#8221; padding_left=&#8221;&#8221; margin_top=&#8221;0px&#8221; margin_bottom=&#8221;0px&#8221; class=&#8221;&#8221; id=&#8221;&#8221; animation_type=&#8221;&#8221; animation_speed=&#8221;0.3&#8243; animation_direction=&#8221;left&#8221; hide_on_mobile=&#8221;small-visibility,medium-visibility,large-visibility&#8221; center_content=&#8221;no&#8221; last=&#8221;no&#8221; min_height=&#8221;&#8221; hover_type=&#8221;none&#8221; link=&#8221;&#8221;][fusion_text] REDACCI\u00d3N *El Festival se llevar\u00e1 a cabo los d\u00edas S\u00e1bado 19 y Domingo 20 de Agosto de 2023 en el Palacio de los Deportes de CDMX *Boletos a la venta en el Sistema Ticketmaster y en taquillas del Palacio *Preventa [&hellip;]<\/p>\n","protected":false},"author":1,"featured_media":52449,"comment_status":"open","ping_status":"open","sticky":false,"template":"","format":"standard","meta":{"footnotes":""},"categories":[9,11],"tags":[],"_links":{"self":[{"href":"https:\/\/www.bitacoracdmx.com\/index.php?rest_route=\/wp\/v2\/posts\/52448"}],"collection":[{"href":"https:\/\/www.bitacoracdmx.com\/index.php?rest_route=\/wp\/v2\/posts"}],"about":[{"href":"https:\/\/www.bitacoracdmx.com\/index.php?rest_route=\/wp\/v2\/types\/post"}],"author":[{"embeddable":true,"href":"https:\/\/www.bitacoracdmx.com\/index.php?rest_route=\/wp\/v2\/users\/1"}],"replies":[{"embeddable":true,"href":"https:\/\/www.bitacoracdmx.com\/index.php?rest_route=%2Fwp%2Fv2%2Fcomments&post=52448"}],"version-history":[{"count":1,"href":"https:\/\/www.bitacoracdmx.com\/index.php?rest_route=\/wp\/v2\/posts\/52448\/revisions"}],"predecessor-version":[{"id":52450,"href":"https:\/\/www.bitacoracdmx.com\/index.php?rest_route=\/wp\/v2\/posts\/52448\/revisions\/52450"}],"wp:featuredmedia":[{"embeddable":true,"href":"https:\/\/www.bitacoracdmx.com\/index.php?rest_route=\/wp\/v2\/media\/52449"}],"wp:attachment":[{"href":"https:\/\/www.bitacoracdmx.com\/index.php?rest_route=%2Fwp%2Fv2%2Fmedia&parent=52448"}],"wp:term":[{"taxonomy":"category","embeddable":true,"href":"https:\/\/www.bitacoracdmx.com\/index.php?rest_route=%2Fwp%2Fv2%2Fcategories&post=52448"},{"taxonomy":"post_tag","embeddable":true,"href":"https:\/\/www.bitacoracdmx.com\/index.php?rest_route=%2Fwp%2Fv2%2Ftags&post=52448"}],"curies":[{"name":"wp","href":"https:\/\/api.w.org\/{rel}","templated":true}]}}