{"id":52466,"date":"2023-08-17T02:19:27","date_gmt":"2023-08-17T02:19:27","guid":{"rendered":"https:\/\/www.bitacoracdmx.com\/?p=52466"},"modified":"2023-08-17T02:19:27","modified_gmt":"2023-08-17T02:19:27","slug":"el-cine-mexicano-celebra-su-dia-con-la-inauguracion-de-la-cineteca-nacional-de-las-artes","status":"publish","type":"post","link":"https:\/\/www.bitacoracdmx.com\/?p=52466","title":{"rendered":"El cine mexicano celebra su d\u00eda con la inauguraci\u00f3n de la  Cineteca Nacional de las Artes"},"content":{"rendered":"<p>[fusion_builder_container hundred_percent=&#8221;no&#8221; equal_height_columns=&#8221;no&#8221; menu_anchor=&#8221;&#8221; hide_on_mobile=&#8221;small-visibility,medium-visibility,large-visibility&#8221; class=&#8221;&#8221; id=&#8221;&#8221; background_color=&#8221;&#8221; background_image=&#8221;&#8221; background_position=&#8221;center center&#8221; background_repeat=&#8221;no-repeat&#8221; fade=&#8221;no&#8221; background_parallax=&#8221;none&#8221; parallax_speed=&#8221;0.3&#8243; video_mp4=&#8221;&#8221; video_webm=&#8221;&#8221; video_ogv=&#8221;&#8221; video_url=&#8221;&#8221; video_aspect_ratio=&#8221;16:9&#8243; video_loop=&#8221;yes&#8221; video_mute=&#8221;yes&#8221; overlay_color=&#8221;&#8221; video_preview_image=&#8221;&#8221; border_size=&#8221;&#8221; border_color=&#8221;&#8221; border_style=&#8221;solid&#8221; padding_top=&#8221;&#8221; padding_bottom=&#8221;&#8221; padding_left=&#8221;&#8221; padding_right=&#8221;&#8221;][fusion_builder_row][fusion_builder_column type=&#8221;1_1&#8243; layout=&#8221;1_1&#8243; background_position=&#8221;left top&#8221; background_color=&#8221;&#8221; border_size=&#8221;&#8221; border_color=&#8221;&#8221; border_style=&#8221;solid&#8221; border_position=&#8221;all&#8221; spacing=&#8221;yes&#8221; background_image=&#8221;&#8221; background_repeat=&#8221;no-repeat&#8221; padding_top=&#8221;&#8221; padding_right=&#8221;&#8221; padding_bottom=&#8221;&#8221; padding_left=&#8221;&#8221; margin_top=&#8221;0px&#8221; margin_bottom=&#8221;0px&#8221; class=&#8221;&#8221; id=&#8221;&#8221; animation_type=&#8221;&#8221; animation_speed=&#8221;0.3&#8243; animation_direction=&#8221;left&#8221; hide_on_mobile=&#8221;small-visibility,medium-visibility,large-visibility&#8221; center_content=&#8221;no&#8221; last=&#8221;no&#8221; min_height=&#8221;&#8221; hover_type=&#8221;none&#8221; link=&#8221;&#8221;][fusion_text]<\/p>\n<p>REDACCI\u00d3N<\/p>\n<ul type=\"disc\">\n<li><b>El recinto ser\u00e1 un lugar dedicado a reconocer lo mejor de la cinematograf\u00eda de M\u00e9xico, a trav\u00e9s de un recorrido por su historia<\/b><\/li>\n<\/ul>\n<p>La celebraci\u00f3n del D\u00eda Nacional del Cine Mexicano, conmemorado este martes 15 de agosto, se visti\u00f3 de gala con la apertura de la nueva Cineteca Nacional de las Artes, un lugar que celebrar\u00e1 y exhibir\u00e1 la diversidad de la cinematograf\u00eda nacional e internacional, adem\u00e1s de sumar a la apertura de nuevos espacios y llegar a m\u00e1s p\u00fablicos.<\/p>\n<p>En la ceremonia de inauguraci\u00f3n, la secretaria de Cultura del Gobierno de M\u00e9xico, Alejandra Frausto Guerrero, explic\u00f3 la importancia de la recuperaci\u00f3n de la gran diversidad del cine mexicano y de las herramientas para que se produzca y se exhiban m\u00e1s proyectos.<\/p>\n<p>\u201cEs muy importante que despu\u00e9s de la pandemia, con lo que sufrimos, recuperemos las salas de cine. El acto colectivo del cine es \u00fanico; el cine se hace en colectivo y nunca va a ser lo mismo ver una pel\u00edcula en casa, pues la experiencia de ir al cine es inigualable. Eso no se compara con ninguna otra experiencia, es la mejor manera de abstraernos, de convertirnos en otras personas y de sentir lo que el cine nos da\u201d, agreg\u00f3 Frausto Guerrero.<\/p>\n<p>A la ceremonia de inauguraci\u00f3n, que tambi\u00e9n festej\u00f3 la trayectoria y el aniversario del nacimiento de la actriz Mar\u00eda Rojo, asistieron la secretaria de Gobernaci\u00f3n, Luisa Mar\u00eda Alcalde Luj\u00e1n; el director general del Instituto Mexicano del Seguro Social, Zo\u00e9 Robledo; la subsecretaria de Desarrollo Cultural de la Secretar\u00eda de Cultura, Marina N\u00fa\u00f1ez Bespalova; la\u00a0directora general del Instituto Mexicano de Cinematograf\u00eda (Imcine), Mar\u00eda Novaro Pe\u00f1aloza;\u00a0el jefe de Gobierno de la Ciudad de M\u00e9xico, Mart\u00ed Batres Guadarrama, y\u00a0el director general de la Cineteca Nacional, Alejandro Pelayo Rangel, entre otros.<\/p>\n<p>La titular de Gobernaci\u00f3n\u00a0resalt\u00f3 que este es un d\u00eda de recuperaci\u00f3n de espacios para la cultura, de reivindicaci\u00f3n del derecho de las artes.<\/p>\n<p>&#8220;Es a trav\u00e9s de este maravilloso arte que podemos fijar la mirada en otras realidades, culturas, lenguajes y en otros tiempos que nos permiten escapar de nuestro d\u00eda a d\u00eda, del mundo cotidiano y permite alimentar la mente, el coraz\u00f3n, el esp\u00edritu y reivindicar el derecho a la libertad de expresi\u00f3n&#8221;, afirm\u00f3.<\/p>\n<p>En el evento, la Secretar\u00eda de Cultura del Gobierno de M\u00e9xico y el IMSS firmaron un convenio de colaboraci\u00f3n para promover la cultura cinematogr\u00e1fica a trav\u00e9s de diversas actividades que permitan dar acceso al p\u00fablico en general.<\/p>\n<p>El director general del instituto, Zo\u00e9 Robledo, se\u00f1al\u00f3 que, a partir de este convenio la red de teatros del Seguro Social ser\u00e1 el espacio para que el cine tenga ese car\u00e1cter nacional, a partir de cursos y exhibiciones de cine gratuito de las colecciones de Vinculaci\u00f3n Comunitaria y de cine mexicano que tiene la Cineteca Nacional.<\/p>\n<p>Indic\u00f3 que no solo se prev\u00e9 el intercambio de material cinematogr\u00e1fico para exhibici\u00f3n en el Cine Linterna M\u00e1gica y los 38 teatros del IMSS, tambi\u00e9n se tendr\u00e1 la posibilidad de ofrecer al p\u00fablico y a la audiencia alternativas para la recreaci\u00f3n y la cultura. \u201cEs hora de que volvamos a ese origen\u201d, dijo.<\/p>\n<p>El jefe de Gobierno, Mart\u00ed Batres Guadarrama, se\u00f1al\u00f3 que\u00a0el cine quiere decir que es arte:\u00a0&#8220;es recreaci\u00f3n, es placer; pero es tambi\u00e9n conciencia nacional, de ese tama\u00f1o es la importancia del cine y, particularmente, del cine mexicano. Por eso me da mucha alegr\u00eda que no tengamos ya solo la Cineteca all\u00e1 en Xoco, que tambi\u00e9n tengamos la Cineteca aqu\u00ed, y que pronto \u2013Alejandra nos dar\u00e1 la noticia\u2013 tendremos la Cineteca tambi\u00e9n en Chapultepec, en el proyecto (Chapultepec) Naturaleza y Cultura&#8221;.<\/p>\n<p>Como parte de la celebraci\u00f3n se reconoci\u00f3 la trayectoria de la actriz Mar\u00eda Rojo, quien\u00a0record\u00f3 a las y los varios cineastas con los que trabaj\u00f3 a lo largo de su carrera, al destacar el cine que hizo con Felipe Cazals, Jorge Fons y Jaime Humberto Hermosillo, recientemente fallecidos: &#8220;Sin todos ellos, \u00bfyo hubiera sido Mar\u00eda Rojo? Yo estoy agradecido porque soy por ellos&#8221;.<\/p>\n<p>Al respecto, la directora general del Imcine, Mar\u00eda Novaro Pe\u00f1aloza, reconoci\u00f3 el compromiso de la homenajeada, tanto como actriz como en su trabajo como servidora p\u00fablica: &#8220;cuando el cine estaba siendo pr\u00e1cticamente desmantelado, Mar\u00eda Rojo pele\u00f3 espacios, pele\u00f3 apoyos, sin ella no s\u00e9 habr\u00eda empezado la reconstrucci\u00f3n de nuestro cine&#8221;.<\/p>\n<p>La primera semana despu\u00e9s de su inauguraci\u00f3n, la Cineteca Nacional de las Artes recibir\u00e1 de manera gratuita a sus visitantes; posteriormente y a partir del 15 de septiembre sus entradas estar\u00e1n al 2&#215;1 para extender todo un mes la doble celebraci\u00f3n del cine mexicano.<\/p>\n<p>Durante este mes, en la cartelera de la Cineteca Nacional de las Artes podr\u00e1n apreciar producciones nacionales entre cortometrajes y largometrajes que abarcan una gran variedad de t\u00edtulos y g\u00e9neros, y puede ser consultada en\u00a0<a id=\"LPlnk700190\" href=\"https:\/\/www.cinetecanacional.net\/\" target=\"_blank\" rel=\"noopener noreferrer\" data-auth=\"NotApplicable\" data-linkindex=\"0\">https:\/\/www.cinetecanacional.net\/<\/a>.<\/p>\n<p>El conjunto multicinema, ubicado en el Centro Nacional de las Artes (Cenart) y que fue operado por la iniciativa privada,\u00a0ser\u00e1 un espacio dedicado al reconocimiento de directores, actrices y actores debutantes en las d\u00e9cadas de los 60 y 70, dentro de lo que se conoce como el movimiento de\u00a0<i>cine de autor<\/i>; una etapa prodigiosa para el cine nacional mexicano. No obstante, la Cineteca Nacional de las Artes augura tambi\u00e9n un nuevo espacio para dar cabida a producciones mexicanas que buscan una oportunidad de llegar al p\u00fablico.<\/p>\n<p>Por ello, a manera de rendir un homenaje a su contribuci\u00f3n al cine nacional, se instalaron doce cajas de luz con la biograf\u00eda de los directores m\u00e1s sobresalientes durante los a\u00f1os sesenta y setenta en la entrada de cada una de las salas, tanto en planta baja como en el piso superior.<\/p>\n<p>Las primeras tres salas corresponden a los cineastas recientemente fallecidos, Felipe Cazals, Jorge Fons y Jaime Humberto Hermosillo, quienes con su legado seguir\u00e1n presentes en las pantallas de esta Cineteca Nacional de las Artes y en la historia del cine mexicano.<\/p>\n<p>En este recuento, est\u00e1n tambi\u00e9n\u00a0<i>a Arturo Ripstein, Ernesto G\u00f3mez Cruz, Paul Leduc, Luis Alcoriza, Alberto Isaac, Alfonso Arau, Sergio Olhovich, Carlos Enrique Taboada, Rub\u00e9n G\u00e1mez.\u00a0<\/i>Tambi\u00e9n se homenajear\u00e1 el trabajo de primeras actrices, como<i>\u00a0Mar\u00eda Rojo, Blanca Guerra, Diana Bracho, Ofelia Medina, Patricia Reyes Sp\u00edndola, Lucha Villa,\u00a0<\/i>y de los primeros actores<i>\u00a0Ignacio L\u00f3pez Tarso, Jos\u00e9 Carlos Ru\u00edz, Pedro Armend\u00e1riz, Jr., H\u00e9ctor Bonilla y Manuel Ojeda.<\/i><\/p>\n<p>Sigue las redes sociales de la Secretar\u00eda de Cultura en Twitter (@cultura_mx), Facebook (\/SecretariaCulturaMX) e Instagram (@culturamx).<\/p>\n<div dir=\"auto\"><a class=\"x1i10hfl xjbqb8w x6umtig x1b1mbwd xaqea5y xav7gou x9f619 x1ypdohk xt0psk2 xe8uvvx xdj266r x11i5rnm xat24cr x1mh8g0r xexx8yu x4uap5 x18d9i69 xkhd6sd x16tdsg8 x1hl2dhg xggy1nq x1a2a7pz xt0b8zv x1qq9wsj xo1l8bm\" tabindex=\"0\" role=\"link\" href=\"https:\/\/www.facebook.com\/hashtag\/cinetecanacionaldelasartes?__eep__=6&amp;__cft__[0]=AZUBpJbsmlGHfHOt5n7WQq861yc9PBDk9wj8vvFI4NwV3XlVtxAt-ddDQZbqsagUkGhccRyqf5ocJB1SeCfUn-eulJwRftCWtK_KJ43-wxsiWKGBWKWc7ELPb0y4lScQ8bY&amp;__tn__=*NK-R\">#CinetecaNacionaldelasArtes<\/a><\/div>\n<div dir=\"auto\"><a class=\"x1i10hfl xjbqb8w x6umtig x1b1mbwd xaqea5y xav7gou x9f619 x1ypdohk xt0psk2 xe8uvvx xdj266r x11i5rnm xat24cr x1mh8g0r xexx8yu x4uap5 x18d9i69 xkhd6sd x16tdsg8 x1hl2dhg xggy1nq x1a2a7pz xt0b8zv x1qq9wsj xo1l8bm\" tabindex=\"0\" role=\"link\" href=\"https:\/\/www.facebook.com\/hashtag\/diadelcinemexicano?__eep__=6&amp;__cft__[0]=AZUBpJbsmlGHfHOt5n7WQq861yc9PBDk9wj8vvFI4NwV3XlVtxAt-ddDQZbqsagUkGhccRyqf5ocJB1SeCfUn-eulJwRftCWtK_KJ43-wxsiWKGBWKWc7ELPb0y4lScQ8bY&amp;__tn__=*NK-R\">#DiaDelCineMexicano<\/a><\/div>\n<div dir=\"auto\"><a class=\"x1i10hfl xjbqb8w x6umtig x1b1mbwd xaqea5y xav7gou x9f619 x1ypdohk xt0psk2 xe8uvvx xdj266r x11i5rnm xat24cr x1mh8g0r xexx8yu x4uap5 x18d9i69 xkhd6sd x16tdsg8 x1hl2dhg xggy1nq x1a2a7pz xt0b8zv x1qq9wsj xo1l8bm\" tabindex=\"0\" role=\"link\" href=\"https:\/\/www.facebook.com\/hashtag\/secretariadecultura?__eep__=6&amp;__cft__[0]=AZUBpJbsmlGHfHOt5n7WQq861yc9PBDk9wj8vvFI4NwV3XlVtxAt-ddDQZbqsagUkGhccRyqf5ocJB1SeCfUn-eulJwRftCWtK_KJ43-wxsiWKGBWKWc7ELPb0y4lScQ8bY&amp;__tn__=*NK-R\">#secretariadecultura<\/a><\/div>\n<div dir=\"auto\"><a class=\"x1i10hfl xjbqb8w x6umtig x1b1mbwd xaqea5y xav7gou x9f619 x1ypdohk xt0psk2 xe8uvvx xdj266r x11i5rnm xat24cr x1mh8g0r xexx8yu x4uap5 x18d9i69 xkhd6sd x16tdsg8 x1hl2dhg xggy1nq x1a2a7pz xt0b8zv x1qq9wsj xo1l8bm\" tabindex=\"0\" role=\"link\" href=\"https:\/\/www.facebook.com\/hashtag\/bitacoracdmx?__eep__=6&amp;__cft__[0]=AZUBpJbsmlGHfHOt5n7WQq861yc9PBDk9wj8vvFI4NwV3XlVtxAt-ddDQZbqsagUkGhccRyqf5ocJB1SeCfUn-eulJwRftCWtK_KJ43-wxsiWKGBWKWc7ELPb0y4lScQ8bY&amp;__tn__=*NK-R\">#bitacoracdmx<\/a><\/div>\n<p>[\/fusion_text][fusion_imageframe image_id=&#8221;52467|medium&#8221; max_width=&#8221;&#8221; style_type=&#8221;&#8221; blur=&#8221;&#8221; stylecolor=&#8221;&#8221; hover_type=&#8221;none&#8221; bordersize=&#8221;&#8221; bordercolor=&#8221;&#8221; borderradius=&#8221;&#8221; align=&#8221;none&#8221; lightbox=&#8221;no&#8221; gallery_id=&#8221;&#8221; lightbox_image=&#8221;&#8221; lightbox_image_id=&#8221;&#8221; alt=&#8221;&#8221; link=&#8221;&#8221; linktarget=&#8221;_self&#8221; hide_on_mobile=&#8221;small-visibility,medium-visibility,large-visibility&#8221; class=&#8221;&#8221; id=&#8221;&#8221; animation_type=&#8221;&#8221; animation_direction=&#8221;left&#8221; animation_speed=&#8221;0.3&#8243; animation_offset=&#8221;&#8221;]https:\/\/www.bitacoracdmx.com\/wp-content\/uploads\/2023\/08\/229A4548-300&#215;196.jpg[\/fusion_imageframe][\/fusion_builder_column][\/fusion_builder_row][\/fusion_builder_container]<\/p>\n","protected":false},"excerpt":{"rendered":"<p>[fusion_builder_container hundred_percent=&#8221;no&#8221; equal_height_columns=&#8221;no&#8221; menu_anchor=&#8221;&#8221; hide_on_mobile=&#8221;small-visibility,medium-visibility,large-visibility&#8221; class=&#8221;&#8221; id=&#8221;&#8221; background_color=&#8221;&#8221; background_image=&#8221;&#8221; background_position=&#8221;center center&#8221; background_repeat=&#8221;no-repeat&#8221; fade=&#8221;no&#8221; background_parallax=&#8221;none&#8221; parallax_speed=&#8221;0.3&#8243; video_mp4=&#8221;&#8221; video_webm=&#8221;&#8221; video_ogv=&#8221;&#8221; video_url=&#8221;&#8221; video_aspect_ratio=&#8221;16:9&#8243; video_loop=&#8221;yes&#8221; video_mute=&#8221;yes&#8221; overlay_color=&#8221;&#8221; video_preview_image=&#8221;&#8221; border_size=&#8221;&#8221; border_color=&#8221;&#8221; border_style=&#8221;solid&#8221; padding_top=&#8221;&#8221; padding_bottom=&#8221;&#8221; padding_left=&#8221;&#8221; padding_right=&#8221;&#8221;][fusion_builder_row][fusion_builder_column type=&#8221;1_1&#8243; layout=&#8221;1_1&#8243; background_position=&#8221;left top&#8221; background_color=&#8221;&#8221; border_size=&#8221;&#8221; border_color=&#8221;&#8221; border_style=&#8221;solid&#8221; border_position=&#8221;all&#8221; spacing=&#8221;yes&#8221; background_image=&#8221;&#8221; background_repeat=&#8221;no-repeat&#8221; padding_top=&#8221;&#8221; padding_right=&#8221;&#8221; padding_bottom=&#8221;&#8221; padding_left=&#8221;&#8221; margin_top=&#8221;0px&#8221; margin_bottom=&#8221;0px&#8221; class=&#8221;&#8221; id=&#8221;&#8221; animation_type=&#8221;&#8221; animation_speed=&#8221;0.3&#8243; animation_direction=&#8221;left&#8221; hide_on_mobile=&#8221;small-visibility,medium-visibility,large-visibility&#8221; center_content=&#8221;no&#8221; last=&#8221;no&#8221; min_height=&#8221;&#8221; hover_type=&#8221;none&#8221; link=&#8221;&#8221;][fusion_text] REDACCI\u00d3N El recinto ser\u00e1 un lugar dedicado a reconocer lo mejor de la cinematograf\u00eda de M\u00e9xico, a trav\u00e9s de un recorrido por su historia La celebraci\u00f3n del D\u00eda Nacional del Cine Mexicano, conmemorado este martes 15 de agosto, se visti\u00f3 [&hellip;]<\/p>\n","protected":false},"author":1,"featured_media":52467,"comment_status":"open","ping_status":"open","sticky":false,"template":"","format":"standard","meta":{"footnotes":""},"categories":[3,9],"tags":[],"_links":{"self":[{"href":"https:\/\/www.bitacoracdmx.com\/index.php?rest_route=\/wp\/v2\/posts\/52466"}],"collection":[{"href":"https:\/\/www.bitacoracdmx.com\/index.php?rest_route=\/wp\/v2\/posts"}],"about":[{"href":"https:\/\/www.bitacoracdmx.com\/index.php?rest_route=\/wp\/v2\/types\/post"}],"author":[{"embeddable":true,"href":"https:\/\/www.bitacoracdmx.com\/index.php?rest_route=\/wp\/v2\/users\/1"}],"replies":[{"embeddable":true,"href":"https:\/\/www.bitacoracdmx.com\/index.php?rest_route=%2Fwp%2Fv2%2Fcomments&post=52466"}],"version-history":[{"count":1,"href":"https:\/\/www.bitacoracdmx.com\/index.php?rest_route=\/wp\/v2\/posts\/52466\/revisions"}],"predecessor-version":[{"id":52468,"href":"https:\/\/www.bitacoracdmx.com\/index.php?rest_route=\/wp\/v2\/posts\/52466\/revisions\/52468"}],"wp:featuredmedia":[{"embeddable":true,"href":"https:\/\/www.bitacoracdmx.com\/index.php?rest_route=\/wp\/v2\/media\/52467"}],"wp:attachment":[{"href":"https:\/\/www.bitacoracdmx.com\/index.php?rest_route=%2Fwp%2Fv2%2Fmedia&parent=52466"}],"wp:term":[{"taxonomy":"category","embeddable":true,"href":"https:\/\/www.bitacoracdmx.com\/index.php?rest_route=%2Fwp%2Fv2%2Fcategories&post=52466"},{"taxonomy":"post_tag","embeddable":true,"href":"https:\/\/www.bitacoracdmx.com\/index.php?rest_route=%2Fwp%2Fv2%2Ftags&post=52466"}],"curies":[{"name":"wp","href":"https:\/\/api.w.org\/{rel}","templated":true}]}}