{"id":52469,"date":"2023-08-17T02:29:59","date_gmt":"2023-08-17T02:29:59","guid":{"rendered":"https:\/\/www.bitacoracdmx.com\/?p=52469"},"modified":"2023-08-17T02:29:59","modified_gmt":"2023-08-17T02:29:59","slug":"anuncian-segunda-muestra-de-cine-de-puebla-cinergia","status":"publish","type":"post","link":"https:\/\/www.bitacoracdmx.com\/?p=52469","title":{"rendered":"Anuncian Segunda Muestra de Cine de Puebla Cinergia"},"content":{"rendered":"<p>[fusion_builder_container hundred_percent=&#8221;no&#8221; equal_height_columns=&#8221;no&#8221; menu_anchor=&#8221;&#8221; hide_on_mobile=&#8221;small-visibility,medium-visibility,large-visibility&#8221; class=&#8221;&#8221; id=&#8221;&#8221; background_color=&#8221;&#8221; background_image=&#8221;&#8221; background_position=&#8221;center center&#8221; background_repeat=&#8221;no-repeat&#8221; fade=&#8221;no&#8221; background_parallax=&#8221;none&#8221; parallax_speed=&#8221;0.3&#8243; video_mp4=&#8221;&#8221; video_webm=&#8221;&#8221; video_ogv=&#8221;&#8221; video_url=&#8221;&#8221; video_aspect_ratio=&#8221;16:9&#8243; video_loop=&#8221;yes&#8221; video_mute=&#8221;yes&#8221; overlay_color=&#8221;&#8221; video_preview_image=&#8221;&#8221; border_size=&#8221;&#8221; border_color=&#8221;&#8221; border_style=&#8221;solid&#8221; padding_top=&#8221;&#8221; padding_bottom=&#8221;&#8221; padding_left=&#8221;&#8221; padding_right=&#8221;&#8221;][fusion_builder_row][fusion_builder_column type=&#8221;1_1&#8243; layout=&#8221;1_1&#8243; background_position=&#8221;left top&#8221; background_color=&#8221;&#8221; border_size=&#8221;&#8221; border_color=&#8221;&#8221; border_style=&#8221;solid&#8221; border_position=&#8221;all&#8221; spacing=&#8221;yes&#8221; background_image=&#8221;&#8221; background_repeat=&#8221;no-repeat&#8221; padding_top=&#8221;&#8221; padding_right=&#8221;&#8221; padding_bottom=&#8221;&#8221; padding_left=&#8221;&#8221; margin_top=&#8221;0px&#8221; margin_bottom=&#8221;0px&#8221; class=&#8221;&#8221; id=&#8221;&#8221; animation_type=&#8221;&#8221; animation_speed=&#8221;0.3&#8243; animation_direction=&#8221;left&#8221; hide_on_mobile=&#8221;small-visibility,medium-visibility,large-visibility&#8221; center_content=&#8221;no&#8221; last=&#8221;no&#8221; min_height=&#8221;&#8221; hover_type=&#8221;none&#8221; link=&#8221;&#8221;][fusion_text]<\/p>\n<p>REDACCI\u00d3N<\/p>\n<p class=\"x_MsoNormal\"><span lang=\"ES\">\u00b7 <\/span><b><span lang=\"ES\">Es realizada por el Instituto Municipal de Arte y Cultura de Puebla y Canacine<\/span><\/b><\/p>\n<p class=\"x_MsoNormal\"><span lang=\"ES\">\u00b7 <\/span><b><span lang=\"ES\">Se llevar\u00e1 a cabo del 22 al 26 de agosto<\/span><\/b><\/p>\n<p class=\"x_MsoNormal\"><span lang=\"ES\">\u00b7 <\/span><b><span lang=\"ES\">Este a\u00f1o llevar\u00e1 como tem\u00e1tica tres l\u00edneas centrales<\/span><\/b><\/p>\n<p class=\"x_MsoNormal\"><span lang=\"ES\">A unos d\u00edas de finalizar la\u00a0<i>Fiesta del Libro<\/i>, el\u00a0<b>IMACP<\/b>\u00a0(<b>Instituto Municipal de Arte y Cultura de Puebla<\/b>) prepara\u00a0<\/span>en colaboraci\u00f3n con la\u00a0<b>C\u00e1mara Nacional de la industria Cinematogr\u00e1fica<\/b>\u00a0(<b>CANACINE<\/b>) en\u00a0<b>Puebla<\/b>\u00a0<span lang=\"ES\">su pr\u00f3ximo evento gratuito.<\/span><\/p>\n<p class=\"x_MsoNormal\"><b><span lang=\"ES\">La Segunda Muestra de Cine Cinergia<\/span><\/b><span lang=\"ES\">\u00a0se llevar\u00e1 a cabo del 22 al 26 de agosto en Teatro de la Ciudad, Cinemateca\u00a0<i>Luis Bu\u00f1uel<\/i>\u00a0y Museo Casa del Mendrugo, un esfuerzo de dicho Instituto con instancias como\u00a0<b>Canacine<\/b>,\u00a0<b>Secretaria de Cultura de Puebla<\/b>, la\u00a0<b>Alianza Francesa de Puebla<\/b>\u00a0y universidades como la\u00a0<b>Buap<\/b>,\u00a0<b>Upaep<\/b>\u00a0y\u00a0<b>Cinema<\/b>.<\/span><\/p>\n<p class=\"x_MsoNormal\"><span lang=\"ES\">El objetivo es difundir la industria cinematogr\u00e1fica en Puebla y generar redes entres estudiantes de cine, personalidades del s\u00e9ptimo arte y p\u00fablico en general.<\/span><\/p>\n<p class=\"x_MsoNormal\"><span lang=\"ES\">La edici\u00f3n de este a\u00f1o llevar\u00e1 como tem\u00e1tica tres l\u00edneas centrales. La primera es el\u00a0<b>reconocimiento a mujeres artistas<\/b>\u00a0y por esa raz\u00f3n se llevar\u00e1 a cabo un homenaje a\u00a0<b>Elena Garro<\/b>\u00a0en su 25 aniversario luctuoso a trav\u00e9s de la proyecci\u00f3n del documental\u00a0<i>La Cuarta Casa<\/i>, misma que estar\u00e1 acompa\u00f1ada de un conversatorio previo. Tambi\u00e9n se presentar\u00e1 un ciclo in\u00e9dito de cortometrajes de\u00a0<b>Alice Guy<\/b>, cineasta francesa que ha sido se\u00f1alada como pionera del s\u00e9ptimo arte y la primera mujer en filmar una pel\u00edcula de ficci\u00f3n.<\/span><\/p>\n<p class=\"x_MsoNormal\"><span lang=\"ES\">Del mismo modo se proyectar\u00e1 el documental\u00a0<b>Leonora despu\u00e9s del pincel<\/b>, filme sobre el trabajo de\u00a0<b>Leonora Carrington<\/b>, autora inglesa cuya importancia dentro de la cultura mexicana es innegable.<\/span><\/p>\n<p class=\"x_MsoNormal\"><span lang=\"ES\">Otra l\u00ednea tem\u00e1tica ser\u00e1 la\u00a0<b>importancia del cine independiente<\/b>\u00a0y por esa raz\u00f3n la muestra incluir\u00e1 una Selecci\u00f3n Oficial de 8 largometrajes mexicanos\u00a0<\/span>curados por\u00a0<b>CANACINE<\/b>, los cuales<span lang=\"ES\">\u00a0se proyectar\u00e1n en Teatro de la Ciudad y Cinemateca\u00a0<i>Luis Bu\u00f1uel<\/i>, mismos que abordan diversos g\u00e9neros que van desde el documental hasta el drama, el terror y el cine infantil.<\/span><\/p>\n<p class=\"x_MsoNormal\"><span lang=\"ES\">Los t\u00edtulos son: Observar las aves;\u00a0<i>Ok, est\u00e1 bien<\/i>;\u00a0<i>Leonora despu\u00e9s del pincel<\/i>;\u00a0<i>Luna Mortis<\/i>;\u00a0<i>Expira<\/i>;\u00a0<i>La noche del pirata<\/i>;\u00a0<i>Mis demonios nunca juraron soledad<\/i>; y\u00a0<i>Preludios, las otras partituras de Dios<\/i>.<\/span><\/p>\n<p class=\"x_MsoNormal\"><span lang=\"ES\">Otra parte interesante de la muestra ser\u00e1 la parte de talleres y M\u00e1ster Class, pues\u00a0<b>Cinergia<\/b>\u00a0incluir\u00e1 charlas sobre c\u00f3mo hacer una pel\u00edcula desde su planteamiento hasta su producci\u00f3n, filmaci\u00f3n y distribuci\u00f3n, todo de la mano de invitados como D-Ra\u00edz Producciones, casa productora que nos ha entregado varios de los filmes independientes m\u00e1s importantes de los \u00faltimos a\u00f1os en M\u00e9xico, as\u00ed como La Tuerca Films, productora independiente del norte del pa\u00eds, cuyo trabajo ha llegado a festivales internacionales y quienes siempre han estado interesados en promover a los nuevos cineastas.<\/span><\/p>\n<p class=\"x_MsoNormal\"><span lang=\"ES\">La tercera l\u00ednea tem\u00e1tica est\u00e1 enfocada a la\u00a0<b>difusi\u00f3n de cortometrajes estudiantiles<\/b>, mismos que incluir\u00e1n trabajos de nuevos creadores egresados de universidades como la Buap, la Upaep y la Universidad Cinema y que adem\u00e1s de promover sus obras y darles un espacio de exhibici\u00f3n, permitir\u00e1n que el p\u00fablico poblano conozca la industria cinematogr\u00e1fica de su municipio. Aunado a estos cortometrajes, se presentar\u00e1 la serie documental de cuatro episodios\u00a0<i>De poblano a poblano<\/i><\/span>,\u00a0<span lang=\"ES\">misma que presenta una serie de entrevistas a personalidades de Puebla como\u00a0<b>Xavier Robles<\/b>,\u00a0<b>Alex Lora<\/b>\u00a0y\u00a0<b>Fritz Glockner<\/b>.<\/span><\/p>\n<p class=\"x_MsoNormal\"><span lang=\"ES\">Como actividades de clausura se incluir\u00e1 un evento de convivencia en Santos Remedios, donde varios DJs pondr\u00e1n ambiente con soundtracks de pel\u00edculas. Tambi\u00e9n se llevar\u00e1 a cabo la alfombra roja y premiere del largometraje\u00a0<i>Donde corre el agua<\/i>\u00a0del cineasta\u00a0<b>Juan Carlos Blanco<\/b>\u00a0en Teatro de la Ciudad. Esta y las dem\u00e1s actividades podr\u00e1n consultarse en la programaci\u00f3n general que difundir\u00e1<\/span>\u00a0la\u00a0<b>C\u00e1mara Nacional de la Industria<\/b><b>\u00a0<\/b><b>Cinematogr\u00e1fica<\/b>\u00a0y\u00a0<span lang=\"ES\">el\u00a0<b>Instituto Municipal de Arte y Cultura de Puebla<\/b>.<\/span><\/p>\n<div dir=\"auto\"><a class=\"x1i10hfl xjbqb8w x6umtig x1b1mbwd xaqea5y xav7gou x9f619 x1ypdohk xt0psk2 xe8uvvx xdj266r x11i5rnm xat24cr x1mh8g0r xexx8yu x4uap5 x18d9i69 xkhd6sd x16tdsg8 x1hl2dhg xggy1nq x1a2a7pz xt0b8zv x1qq9wsj xo1l8bm\" tabindex=\"0\" role=\"link\" href=\"https:\/\/www.facebook.com\/hashtag\/muestradecinedelaciudaddepuebla?__eep__=6&amp;__cft__[0]=AZU32ZWveAmw7bWbBBYuCYt2nrLgPyYs8w6OYHqbTdh7veE8bEZpLPtA39JOCfXwTSdAT1p6C49HiwgpRzOupxmIU9yxDjefFmhr3hYPo82zFJ4zfR972SuWh1xlN2w75fk&amp;__tn__=*NK-R\">#muestradecinedelaciudaddepuebla<\/a><\/div>\n<div dir=\"auto\"><a class=\"x1i10hfl xjbqb8w x6umtig x1b1mbwd xaqea5y xav7gou x9f619 x1ypdohk xt0psk2 xe8uvvx xdj266r x11i5rnm xat24cr x1mh8g0r xexx8yu x4uap5 x18d9i69 xkhd6sd x16tdsg8 x1hl2dhg xggy1nq x1a2a7pz xt0b8zv x1qq9wsj xo1l8bm\" tabindex=\"0\" role=\"link\" href=\"https:\/\/www.facebook.com\/hashtag\/bitacoracdmx?__eep__=6&amp;__cft__[0]=AZU32ZWveAmw7bWbBBYuCYt2nrLgPyYs8w6OYHqbTdh7veE8bEZpLPtA39JOCfXwTSdAT1p6C49HiwgpRzOupxmIU9yxDjefFmhr3hYPo82zFJ4zfR972SuWh1xlN2w75fk&amp;__tn__=*NK-R\">#bitacoracdmx<\/a><\/div>\n<p>[\/fusion_text][fusion_imageframe image_id=&#8221;52470|medium&#8221; max_width=&#8221;&#8221; style_type=&#8221;&#8221; blur=&#8221;&#8221; stylecolor=&#8221;&#8221; hover_type=&#8221;none&#8221; bordersize=&#8221;&#8221; bordercolor=&#8221;&#8221; borderradius=&#8221;&#8221; align=&#8221;none&#8221; lightbox=&#8221;no&#8221; gallery_id=&#8221;&#8221; lightbox_image=&#8221;&#8221; lightbox_image_id=&#8221;&#8221; alt=&#8221;&#8221; link=&#8221;&#8221; linktarget=&#8221;_self&#8221; hide_on_mobile=&#8221;small-visibility,medium-visibility,large-visibility&#8221; class=&#8221;&#8221; id=&#8221;&#8221; animation_type=&#8221;&#8221; animation_direction=&#8221;left&#8221; animation_speed=&#8221;0.3&#8243; animation_offset=&#8221;&#8221;]https:\/\/www.bitacoracdmx.com\/wp-content\/uploads\/2023\/08\/2da-muestra-de-cine-de-la-ciudad-de-Puebla-196&#215;300.jpeg[\/fusion_imageframe][\/fusion_builder_column][\/fusion_builder_row][\/fusion_builder_container]<\/p>\n","protected":false},"excerpt":{"rendered":"<p>[fusion_builder_container hundred_percent=&#8221;no&#8221; equal_height_columns=&#8221;no&#8221; menu_anchor=&#8221;&#8221; hide_on_mobile=&#8221;small-visibility,medium-visibility,large-visibility&#8221; class=&#8221;&#8221; id=&#8221;&#8221; background_color=&#8221;&#8221; background_image=&#8221;&#8221; background_position=&#8221;center center&#8221; background_repeat=&#8221;no-repeat&#8221; fade=&#8221;no&#8221; background_parallax=&#8221;none&#8221; parallax_speed=&#8221;0.3&#8243; video_mp4=&#8221;&#8221; video_webm=&#8221;&#8221; video_ogv=&#8221;&#8221; video_url=&#8221;&#8221; video_aspect_ratio=&#8221;16:9&#8243; video_loop=&#8221;yes&#8221; video_mute=&#8221;yes&#8221; overlay_color=&#8221;&#8221; video_preview_image=&#8221;&#8221; border_size=&#8221;&#8221; border_color=&#8221;&#8221; border_style=&#8221;solid&#8221; padding_top=&#8221;&#8221; padding_bottom=&#8221;&#8221; padding_left=&#8221;&#8221; padding_right=&#8221;&#8221;][fusion_builder_row][fusion_builder_column type=&#8221;1_1&#8243; layout=&#8221;1_1&#8243; background_position=&#8221;left top&#8221; background_color=&#8221;&#8221; border_size=&#8221;&#8221; border_color=&#8221;&#8221; border_style=&#8221;solid&#8221; border_position=&#8221;all&#8221; spacing=&#8221;yes&#8221; background_image=&#8221;&#8221; background_repeat=&#8221;no-repeat&#8221; padding_top=&#8221;&#8221; padding_right=&#8221;&#8221; padding_bottom=&#8221;&#8221; padding_left=&#8221;&#8221; margin_top=&#8221;0px&#8221; margin_bottom=&#8221;0px&#8221; class=&#8221;&#8221; id=&#8221;&#8221; animation_type=&#8221;&#8221; animation_speed=&#8221;0.3&#8243; animation_direction=&#8221;left&#8221; hide_on_mobile=&#8221;small-visibility,medium-visibility,large-visibility&#8221; center_content=&#8221;no&#8221; last=&#8221;no&#8221; min_height=&#8221;&#8221; hover_type=&#8221;none&#8221; link=&#8221;&#8221;][fusion_text] REDACCI\u00d3N \u00b7 Es realizada por el Instituto Municipal de Arte y Cultura de Puebla y Canacine \u00b7 Se llevar\u00e1 a cabo del 22 al 26 de agosto \u00b7 Este a\u00f1o llevar\u00e1 como tem\u00e1tica tres l\u00edneas centrales A unos d\u00edas de [&hellip;]<\/p>\n","protected":false},"author":1,"featured_media":52470,"comment_status":"open","ping_status":"open","sticky":false,"template":"","format":"standard","meta":{"footnotes":""},"categories":[3,9],"tags":[],"_links":{"self":[{"href":"https:\/\/www.bitacoracdmx.com\/index.php?rest_route=\/wp\/v2\/posts\/52469"}],"collection":[{"href":"https:\/\/www.bitacoracdmx.com\/index.php?rest_route=\/wp\/v2\/posts"}],"about":[{"href":"https:\/\/www.bitacoracdmx.com\/index.php?rest_route=\/wp\/v2\/types\/post"}],"author":[{"embeddable":true,"href":"https:\/\/www.bitacoracdmx.com\/index.php?rest_route=\/wp\/v2\/users\/1"}],"replies":[{"embeddable":true,"href":"https:\/\/www.bitacoracdmx.com\/index.php?rest_route=%2Fwp%2Fv2%2Fcomments&post=52469"}],"version-history":[{"count":1,"href":"https:\/\/www.bitacoracdmx.com\/index.php?rest_route=\/wp\/v2\/posts\/52469\/revisions"}],"predecessor-version":[{"id":52471,"href":"https:\/\/www.bitacoracdmx.com\/index.php?rest_route=\/wp\/v2\/posts\/52469\/revisions\/52471"}],"wp:featuredmedia":[{"embeddable":true,"href":"https:\/\/www.bitacoracdmx.com\/index.php?rest_route=\/wp\/v2\/media\/52470"}],"wp:attachment":[{"href":"https:\/\/www.bitacoracdmx.com\/index.php?rest_route=%2Fwp%2Fv2%2Fmedia&parent=52469"}],"wp:term":[{"taxonomy":"category","embeddable":true,"href":"https:\/\/www.bitacoracdmx.com\/index.php?rest_route=%2Fwp%2Fv2%2Fcategories&post=52469"},{"taxonomy":"post_tag","embeddable":true,"href":"https:\/\/www.bitacoracdmx.com\/index.php?rest_route=%2Fwp%2Fv2%2Ftags&post=52469"}],"curies":[{"name":"wp","href":"https:\/\/api.w.org\/{rel}","templated":true}]}}