{"id":52475,"date":"2023-08-17T02:57:54","date_gmt":"2023-08-17T02:57:54","guid":{"rendered":"https:\/\/www.bitacoracdmx.com\/?p=52475"},"modified":"2023-08-17T02:57:54","modified_gmt":"2023-08-17T02:57:54","slug":"grupo-bryndis-celebrara-4-decadas-cantandole-al-amor-en-el-teatro-metropolitan","status":"publish","type":"post","link":"https:\/\/www.bitacoracdmx.com\/?p=52475","title":{"rendered":"GRUPO BRYNDIS celebrar\u00e1 4 D\u00c9CADAS cant\u00e1ndole al amor en el TEATRO METROPOLITAN"},"content":{"rendered":"<p>[fusion_builder_container hundred_percent=&#8221;no&#8221; equal_height_columns=&#8221;no&#8221; menu_anchor=&#8221;&#8221; hide_on_mobile=&#8221;small-visibility,medium-visibility,large-visibility&#8221; class=&#8221;&#8221; id=&#8221;&#8221; background_color=&#8221;&#8221; background_image=&#8221;&#8221; background_position=&#8221;center center&#8221; background_repeat=&#8221;no-repeat&#8221; fade=&#8221;no&#8221; background_parallax=&#8221;none&#8221; parallax_speed=&#8221;0.3&#8243; video_mp4=&#8221;&#8221; video_webm=&#8221;&#8221; video_ogv=&#8221;&#8221; video_url=&#8221;&#8221; video_aspect_ratio=&#8221;16:9&#8243; video_loop=&#8221;yes&#8221; video_mute=&#8221;yes&#8221; overlay_color=&#8221;&#8221; video_preview_image=&#8221;&#8221; border_size=&#8221;&#8221; border_color=&#8221;&#8221; border_style=&#8221;solid&#8221; padding_top=&#8221;&#8221; padding_bottom=&#8221;&#8221; padding_left=&#8221;&#8221; padding_right=&#8221;&#8221;][fusion_builder_row][fusion_builder_column type=&#8221;1_1&#8243; layout=&#8221;1_1&#8243; background_position=&#8221;left top&#8221; background_color=&#8221;&#8221; border_size=&#8221;&#8221; border_color=&#8221;&#8221; border_style=&#8221;solid&#8221; border_position=&#8221;all&#8221; spacing=&#8221;yes&#8221; background_image=&#8221;&#8221; background_repeat=&#8221;no-repeat&#8221; padding_top=&#8221;&#8221; padding_right=&#8221;&#8221; padding_bottom=&#8221;&#8221; padding_left=&#8221;&#8221; margin_top=&#8221;0px&#8221; margin_bottom=&#8221;0px&#8221; class=&#8221;&#8221; id=&#8221;&#8221; animation_type=&#8221;&#8221; animation_speed=&#8221;0.3&#8243; animation_direction=&#8221;left&#8221; hide_on_mobile=&#8221;small-visibility,medium-visibility,large-visibility&#8221; center_content=&#8221;no&#8221; last=&#8221;no&#8221; min_height=&#8221;&#8221; hover_type=&#8221;none&#8221; link=&#8221;&#8221;][fusion_text]<\/p>\n<p>REDACCI\u00d3N<\/p>\n<p><i>*Se presentar\u00e1 por primera vez en el prestigioso Teatro Metropolitan el pr\u00f3ximo 10 de septiembre a partir de las seis de la tarde<\/i><\/p>\n<p><i>*Boletos a la venta en el Sistema Ticketmaster y en taquillas del inmueble<\/i><\/p>\n<p>El renombrado Grupo Bryndis, reconocido como &#8220;El Grupo que le Canta al Amor&#8221;, est\u00e1 listo para marcar un hito en su exitosa carrera musical al presentarse por primera vez en el prestigioso Teatro Metropolitan el pr\u00f3ximo 10 de septiembre. Con cuatro d\u00e9cadas de trayectoria inigualable, la agrupaci\u00f3n ha conquistado los corazones de sus seguidores gracias a su dedicaci\u00f3n y pasi\u00f3n inquebrantable por la m\u00fasica. Boletos a la venta en el Sistema Ticketmaster y en taquillas del inmueble.<\/p>\n<p>Desde sus inicios, Grupo Bryndis ha mantenido un inquebrantable compromiso con su p\u00fablico. Cada disco que han producido a lo largo de su ilustre carrera ha sido una muestra palpable de la entrega y el amor que la banda tiene hacia sus admiradores. Desde el primer d\u00eda que ingresan al estudio de grabaci\u00f3n, su \u00fanico pensamiento es crear melod\u00edas que no solo sean placenteras al o\u00eddo, sino que tambi\u00e9n resuenen en el coraz\u00f3n de quienes los escuchan.<\/p>\n<p>La persistencia y la dedicaci\u00f3n de Grupo Bryndis se han traducido en un s\u00f3lido v\u00ednculo con su audiencia. A trav\u00e9s de los a\u00f1os, han logrado mantenerse en la preferencia del p\u00fablico, demostrando que su m\u00fasica trasciende generaciones y fronteras. El hecho de celebrar cuatro d\u00e9cadas de \u00e9xito no solo es un testimonio de su talento art\u00edstico, sino tambi\u00e9n de su compromiso constante con sus seguidores.<\/p>\n<p>El Teatro Metropolitan, un \u00edcono cultural en la Ciudad de M\u00e9xico, se convertir\u00e1 en el escenario de esta memorable celebraci\u00f3n. Los asistentes tendr\u00e1n la oportunidad de disfrutar de una velada llena de emociones, donde Grupo Bryndis repasar\u00e1 sus \u00e9xitos m\u00e1s ic\u00f3nicos y presentar\u00e1 nuevos elementos que enriquecer\u00e1n su propuesta musical. La noche promete ser un viaje a trav\u00e9s del tiempo, donde se revivir\u00e1n momentos inolvidables y se crear\u00e1n nuevos recuerdos.<\/p>\n<p>En este aniversario tan especial, Grupo Bryndis reafirma su compromiso de seguir regalando melod\u00edas que despierten emociones y hagan latir los corazones de sus seguidores. La banda agradece profundamente el apoyo y cari\u00f1o de sus fan\u00e1ticos a lo largo de estas cuatro d\u00e9cadas y espera compartir este hito con ellos en una noche que quedar\u00e1 grabada en la memoria de todos los presentes.<\/p>\n<p>Grupo Bryndis se presentar\u00e1 por primera vez en el prestigioso Teatro Metropolitan el pr\u00f3ximo 10 de septiembre a partir de las seis de la tarde. Boletos a la venta en el Sistema Ticketmaster y en taquillas del inmueble.<\/p>\n<div dir=\"auto\"><a class=\"x1i10hfl xjbqb8w x6umtig x1b1mbwd xaqea5y xav7gou x9f619 x1ypdohk xt0psk2 xe8uvvx xdj266r x11i5rnm xat24cr x1mh8g0r xexx8yu x4uap5 x18d9i69 xkhd6sd x16tdsg8 x1hl2dhg xggy1nq x1a2a7pz xt0b8zv x1qq9wsj xo1l8bm\" tabindex=\"0\" role=\"link\" href=\"https:\/\/www.facebook.com\/hashtag\/grupobryndis?__eep__=6&amp;__cft__[0]=AZW5Qam1t5SO7_aA77zgcYo9unbMzA-Vk7XoKNlhRMnUiwPQ-Fip9-4Nwvpl5PfID8bH9i9TQAvPJUKFUB97-JcXR5yzGmzST7lxPnbdNj1eUT4G4vucW2V-ZCdb42vvEZ0&amp;__tn__=*NK-R\">#GrupoBryndis<\/a><\/div>\n<div dir=\"auto\"><a class=\"x1i10hfl xjbqb8w x6umtig x1b1mbwd xaqea5y xav7gou x9f619 x1ypdohk xt0psk2 xe8uvvx xdj266r x11i5rnm xat24cr x1mh8g0r xexx8yu x4uap5 x18d9i69 xkhd6sd x16tdsg8 x1hl2dhg xggy1nq x1a2a7pz xt0b8zv x1qq9wsj xo1l8bm\" tabindex=\"0\" role=\"link\" href=\"https:\/\/www.facebook.com\/hashtag\/teatrometropolitan?__eep__=6&amp;__cft__[0]=AZW5Qam1t5SO7_aA77zgcYo9unbMzA-Vk7XoKNlhRMnUiwPQ-Fip9-4Nwvpl5PfID8bH9i9TQAvPJUKFUB97-JcXR5yzGmzST7lxPnbdNj1eUT4G4vucW2V-ZCdb42vvEZ0&amp;__tn__=*NK-R\">#TeatroMetropolitan<\/a><\/div>\n<div dir=\"auto\"><a class=\"x1i10hfl xjbqb8w x6umtig x1b1mbwd xaqea5y xav7gou x9f619 x1ypdohk xt0psk2 xe8uvvx xdj266r x11i5rnm xat24cr x1mh8g0r xexx8yu x4uap5 x18d9i69 xkhd6sd x16tdsg8 x1hl2dhg xggy1nq x1a2a7pz xt0b8zv x1qq9wsj xo1l8bm\" tabindex=\"0\" role=\"link\" href=\"https:\/\/www.facebook.com\/hashtag\/ticketmaster?__eep__=6&amp;__cft__[0]=AZW5Qam1t5SO7_aA77zgcYo9unbMzA-Vk7XoKNlhRMnUiwPQ-Fip9-4Nwvpl5PfID8bH9i9TQAvPJUKFUB97-JcXR5yzGmzST7lxPnbdNj1eUT4G4vucW2V-ZCdb42vvEZ0&amp;__tn__=*NK-R\">#ticketmaster<\/a><\/div>\n<div dir=\"auto\"><a class=\"x1i10hfl xjbqb8w x6umtig x1b1mbwd xaqea5y xav7gou x9f619 x1ypdohk xt0psk2 xe8uvvx xdj266r x11i5rnm xat24cr x1mh8g0r xexx8yu x4uap5 x18d9i69 xkhd6sd x16tdsg8 x1hl2dhg xggy1nq x1a2a7pz xt0b8zv x1qq9wsj xo1l8bm\" tabindex=\"0\" role=\"link\" href=\"https:\/\/www.facebook.com\/hashtag\/bitacoracdmx?__eep__=6&amp;__cft__[0]=AZW5Qam1t5SO7_aA77zgcYo9unbMzA-Vk7XoKNlhRMnUiwPQ-Fip9-4Nwvpl5PfID8bH9i9TQAvPJUKFUB97-JcXR5yzGmzST7lxPnbdNj1eUT4G4vucW2V-ZCdb42vvEZ0&amp;__tn__=*NK-R\">#bitacoracdmx<\/a><\/div>\n<p>[\/fusion_text][fusion_imageframe image_id=&#8221;52476|medium&#8221; max_width=&#8221;&#8221; style_type=&#8221;&#8221; blur=&#8221;&#8221; stylecolor=&#8221;&#8221; hover_type=&#8221;none&#8221; bordersize=&#8221;&#8221; bordercolor=&#8221;&#8221; borderradius=&#8221;&#8221; align=&#8221;none&#8221; lightbox=&#8221;no&#8221; gallery_id=&#8221;&#8221; lightbox_image=&#8221;&#8221; lightbox_image_id=&#8221;&#8221; alt=&#8221;&#8221; link=&#8221;&#8221; linktarget=&#8221;_self&#8221; hide_on_mobile=&#8221;small-visibility,medium-visibility,large-visibility&#8221; class=&#8221;&#8221; id=&#8221;&#8221; animation_type=&#8221;&#8221; animation_direction=&#8221;left&#8221; animation_speed=&#8221;0.3&#8243; animation_offset=&#8221;&#8221;]https:\/\/www.bitacoracdmx.com\/wp-content\/uploads\/2023\/08\/BRYNDIS-SEPT-2023-METROPOLITAN-CARTEL-300&#215;300.jpg[\/fusion_imageframe][\/fusion_builder_column][\/fusion_builder_row][\/fusion_builder_container]<\/p>\n","protected":false},"excerpt":{"rendered":"<p>[fusion_builder_container hundred_percent=&#8221;no&#8221; equal_height_columns=&#8221;no&#8221; menu_anchor=&#8221;&#8221; hide_on_mobile=&#8221;small-visibility,medium-visibility,large-visibility&#8221; class=&#8221;&#8221; id=&#8221;&#8221; background_color=&#8221;&#8221; background_image=&#8221;&#8221; background_position=&#8221;center center&#8221; background_repeat=&#8221;no-repeat&#8221; fade=&#8221;no&#8221; background_parallax=&#8221;none&#8221; parallax_speed=&#8221;0.3&#8243; video_mp4=&#8221;&#8221; video_webm=&#8221;&#8221; video_ogv=&#8221;&#8221; video_url=&#8221;&#8221; video_aspect_ratio=&#8221;16:9&#8243; video_loop=&#8221;yes&#8221; video_mute=&#8221;yes&#8221; overlay_color=&#8221;&#8221; video_preview_image=&#8221;&#8221; border_size=&#8221;&#8221; border_color=&#8221;&#8221; border_style=&#8221;solid&#8221; padding_top=&#8221;&#8221; padding_bottom=&#8221;&#8221; padding_left=&#8221;&#8221; padding_right=&#8221;&#8221;][fusion_builder_row][fusion_builder_column type=&#8221;1_1&#8243; layout=&#8221;1_1&#8243; background_position=&#8221;left top&#8221; background_color=&#8221;&#8221; border_size=&#8221;&#8221; border_color=&#8221;&#8221; border_style=&#8221;solid&#8221; border_position=&#8221;all&#8221; spacing=&#8221;yes&#8221; background_image=&#8221;&#8221; background_repeat=&#8221;no-repeat&#8221; padding_top=&#8221;&#8221; padding_right=&#8221;&#8221; padding_bottom=&#8221;&#8221; padding_left=&#8221;&#8221; margin_top=&#8221;0px&#8221; margin_bottom=&#8221;0px&#8221; class=&#8221;&#8221; id=&#8221;&#8221; animation_type=&#8221;&#8221; animation_speed=&#8221;0.3&#8243; animation_direction=&#8221;left&#8221; hide_on_mobile=&#8221;small-visibility,medium-visibility,large-visibility&#8221; center_content=&#8221;no&#8221; last=&#8221;no&#8221; min_height=&#8221;&#8221; hover_type=&#8221;none&#8221; link=&#8221;&#8221;][fusion_text] REDACCI\u00d3N *Se presentar\u00e1 por primera vez en el prestigioso Teatro Metropolitan el pr\u00f3ximo 10 de septiembre a partir de las seis de la tarde *Boletos a la venta en el Sistema Ticketmaster y en taquillas del inmueble El renombrado Grupo [&hellip;]<\/p>\n","protected":false},"author":1,"featured_media":52476,"comment_status":"open","ping_status":"open","sticky":false,"template":"","format":"standard","meta":{"footnotes":""},"categories":[9,11],"tags":[],"_links":{"self":[{"href":"https:\/\/www.bitacoracdmx.com\/index.php?rest_route=\/wp\/v2\/posts\/52475"}],"collection":[{"href":"https:\/\/www.bitacoracdmx.com\/index.php?rest_route=\/wp\/v2\/posts"}],"about":[{"href":"https:\/\/www.bitacoracdmx.com\/index.php?rest_route=\/wp\/v2\/types\/post"}],"author":[{"embeddable":true,"href":"https:\/\/www.bitacoracdmx.com\/index.php?rest_route=\/wp\/v2\/users\/1"}],"replies":[{"embeddable":true,"href":"https:\/\/www.bitacoracdmx.com\/index.php?rest_route=%2Fwp%2Fv2%2Fcomments&post=52475"}],"version-history":[{"count":1,"href":"https:\/\/www.bitacoracdmx.com\/index.php?rest_route=\/wp\/v2\/posts\/52475\/revisions"}],"predecessor-version":[{"id":52477,"href":"https:\/\/www.bitacoracdmx.com\/index.php?rest_route=\/wp\/v2\/posts\/52475\/revisions\/52477"}],"wp:featuredmedia":[{"embeddable":true,"href":"https:\/\/www.bitacoracdmx.com\/index.php?rest_route=\/wp\/v2\/media\/52476"}],"wp:attachment":[{"href":"https:\/\/www.bitacoracdmx.com\/index.php?rest_route=%2Fwp%2Fv2%2Fmedia&parent=52475"}],"wp:term":[{"taxonomy":"category","embeddable":true,"href":"https:\/\/www.bitacoracdmx.com\/index.php?rest_route=%2Fwp%2Fv2%2Fcategories&post=52475"},{"taxonomy":"post_tag","embeddable":true,"href":"https:\/\/www.bitacoracdmx.com\/index.php?rest_route=%2Fwp%2Fv2%2Ftags&post=52475"}],"curies":[{"name":"wp","href":"https:\/\/api.w.org\/{rel}","templated":true}]}}