{"id":52484,"date":"2023-08-17T03:33:03","date_gmt":"2023-08-17T03:33:03","guid":{"rendered":"https:\/\/www.bitacoracdmx.com\/?p=52484"},"modified":"2023-08-17T03:33:03","modified_gmt":"2023-08-17T03:33:03","slug":"cuco-dara-un-concierto-en-solitario-en-la-ciudad-de-mexico","status":"publish","type":"post","link":"https:\/\/www.bitacoracdmx.com\/?p=52484","title":{"rendered":"Cuco \u00a1Dar\u00e1 un concierto en solitario en la Ciudad de M\u00e9xico!"},"content":{"rendered":"<p>[fusion_builder_container hundred_percent=&#8221;no&#8221; equal_height_columns=&#8221;no&#8221; menu_anchor=&#8221;&#8221; hide_on_mobile=&#8221;small-visibility,medium-visibility,large-visibility&#8221; class=&#8221;&#8221; id=&#8221;&#8221; background_color=&#8221;&#8221; background_image=&#8221;&#8221; background_position=&#8221;center center&#8221; background_repeat=&#8221;no-repeat&#8221; fade=&#8221;no&#8221; background_parallax=&#8221;none&#8221; parallax_speed=&#8221;0.3&#8243; video_mp4=&#8221;&#8221; video_webm=&#8221;&#8221; video_ogv=&#8221;&#8221; video_url=&#8221;&#8221; video_aspect_ratio=&#8221;16:9&#8243; video_loop=&#8221;yes&#8221; video_mute=&#8221;yes&#8221; overlay_color=&#8221;&#8221; video_preview_image=&#8221;&#8221; border_size=&#8221;&#8221; border_color=&#8221;&#8221; border_style=&#8221;solid&#8221; padding_top=&#8221;&#8221; padding_bottom=&#8221;&#8221; padding_left=&#8221;&#8221; padding_right=&#8221;&#8221;][fusion_builder_row][fusion_builder_column type=&#8221;1_1&#8243; layout=&#8221;1_1&#8243; background_position=&#8221;left top&#8221; background_color=&#8221;&#8221; border_size=&#8221;&#8221; border_color=&#8221;&#8221; border_style=&#8221;solid&#8221; border_position=&#8221;all&#8221; spacing=&#8221;yes&#8221; background_image=&#8221;&#8221; background_repeat=&#8221;no-repeat&#8221; padding_top=&#8221;&#8221; padding_right=&#8221;&#8221; padding_bottom=&#8221;&#8221; padding_left=&#8221;&#8221; margin_top=&#8221;0px&#8221; margin_bottom=&#8221;0px&#8221; class=&#8221;&#8221; id=&#8221;&#8221; animation_type=&#8221;&#8221; animation_speed=&#8221;0.3&#8243; animation_direction=&#8221;left&#8221; hide_on_mobile=&#8221;small-visibility,medium-visibility,large-visibility&#8221; center_content=&#8221;no&#8221; last=&#8221;no&#8221; min_height=&#8221;&#8221; hover_type=&#8221;none&#8221; link=&#8221;&#8221;][fusion_text]<\/p>\n<p>REDACCI\u00d3N<\/p>\n<div class=\"pr-story--element-space\">\n<div class=\"pr-story-subheader\">\n<h3 class=\"pr-story--subheader text--wrap pr-font--sans\">S\u00e1bado 4 de noviembre, 2023<\/h3>\n<\/div>\n<\/div>\n<div class=\"pr-story--element-space\">\n<div class=\"pr-story-subheader\">\n<h3 class=\"pr-story--subheader text--wrap pr-font--sans\">Preventa Citibanamex: 17 de agosto, 10 AM<\/h3>\n<\/div>\n<\/div>\n<div class=\"pr-story--element-space\">\n<div class=\"pr-story-paragraph\">\n<div class=\"pr-story--text\">\u00a1Tenemos una cita lo-fi este oto\u00f1o! El aclamado cantante, compositor y productor\u00a0<b>Cuco\u00a0<\/b>regresar\u00e1 a la\u00a0<b>Ciudad de M\u00e9xico\u00a0<\/b>para ofrecer un envolvente concierto en solitario. Despu\u00e9s de haber acompa\u00f1ado a Tame Impala como abridor en el Palacio de los Deportes a inicios de a\u00f1o,\u00a0<b>Cuco\u00a0<\/b>vuelve para dar un emocionante\u00a0<i>headline show<\/i>\u00a0en el\u00a0<b>Pabell\u00f3n Oeste\u00a0<\/b>el\u00a0<b>s\u00e1bado 4 de noviembre<\/b>.<\/div>\n<div><\/div>\n<\/div>\n<\/div>\n<div class=\"pr-story--element-space\">\n<div class=\"pr-story-paragraph\">\n<div class=\"pr-story--text\">Los\u00a0<b>boletos\u00a0<\/b>estar\u00e1n disponibles en la\u00a0<b>Preventa Citibanamex\u00a0<\/b>el\u00a0<b>17 de agosto\u00a0<\/b>a las\u00a0<b>10 AM\u00a0<\/b>hora local por medio de\u00a0<a href=\"http:\/\/www.ticketmaster.com.mx\/\"><b>www.ticketmaster.com.mx<\/b><\/a>; la venta general iniciar\u00e1 el 18 de agosto a las 10 AM hora local por\u00a0<b>Ticketmaster\u00a0<\/b>y en la taquilla del Palacio de los Deportes.<\/div>\n<div><\/div>\n<\/div>\n<\/div>\n<div class=\"pr-story--element-space\">\n<div class=\"pr-story-paragraph\">\n<div class=\"pr-story--text\">Desde muy temprano en su carrera, las canciones de\u00a0<b>Cuco\u00a0<\/b>parecieron conectar con el p\u00fablico en internet. El autor de \u00e9xitos como \u201cLover Is a Day\u201d, \u201cPiel Canela\u201d, \u201cLo Que Siento\u201d, entre otros, se ha ganado la simpat\u00eda de audiencias tanto en espa\u00f1ol como en ingl\u00e9s y, con su nuevo \u00e1lbum,\u00a0<b><i>Fantasy Getaway<\/i><\/b>, lanzado en 2022,\u00a0<b>Cuco\u00a0<\/b>presenta un nuevo cap\u00edtulo en su carrera. \u00a1Tenemos una cita en el\u00a0<b>Pabell\u00f3n Oeste\u00a0<\/b>en\u00a0<b>noviembre<\/b>!<\/div>\n<div><\/div>\n<\/div>\n<\/div>\n<div class=\"pr-story--element-space\">\n<div class=\"pr-story-paragraph\">\n<div class=\"pr-story--text\"><b>Adem\u00e1s de abrirle a Tame Impala en sus dos conciertos en el Palacio de los Deportes, Cuco fue parte del festival Corona Capital 2021.<\/b><\/div>\n<div><\/div>\n<\/div>\n<\/div>\n<div class=\"pr-story--element-space\">\n<div class=\"pr-story-paragraph\">\n<div class=\"pr-story--text\"><b>Acerca de Cuco:<\/b><\/div>\n<\/div>\n<\/div>\n<div class=\"pr-story--element-space\">\n<div class=\"pr-story-paragraph\">\n<div class=\"pr-story--text\">Desde muy temprano en su carrera, las canciones de\u00a0<b>Cuco<\/b>\u00a0parecieron conectar con el p\u00fablico en internet, con un bedroom pop aesthetic y su evidente talento, que reson\u00f3 por razones obvias. Grabados en casa y compartidos a trav\u00e9s de Bandcamp y SoundCloud, proyectos autoeditados como\u00a0<b><i>Wannabewithu<\/i><\/b>, de 2016, y\u00a0<b><i>Chiquito EP<\/i><\/b>, de 2018, mezclaban obras pegadizas y cercanas en ingl\u00e9s y espa\u00f1ol, lo que hizo que\u00a0<b>Cuco<\/b>\u00a0se ganara la simpat\u00eda de otros j\u00f3venes latinoamericanos y fans de cantautores indie. Sin l\u00edmites entre g\u00e9neros, experiment\u00f3 con estilos y sonidos, incorporando el mariachi, el R&amp;B, la psicodelia y el rap, as\u00ed como otras formas en su variado panorama.<\/div>\n<div><\/div>\n<\/div>\n<\/div>\n<div class=\"pr-story--element-space\">\n<div class=\"pr-story-paragraph\">\n<div class=\"pr-story--text\">Las reproducciones de sus canciones pasaron de miles a cientos de miles, lo que le llev\u00f3 a tocar en vivo m\u00e1s a menudo, llegando a multitudes cada vez mayores en giras y festivales. \u201c<i>Siempre me parecer\u00e1 surrealista<\/i>\u201d, dice. \u201c<i>Nunca doy por sentado si veo a tanta gente en un concierto, ya sabes, no s\u00e9 si al d\u00eda siguiente volver\u00e9 a ver eso otra vez; siempre se agradece<\/i>\u201d.<\/div>\n<div><\/div>\n<\/div>\n<\/div>\n<div class=\"pr-story--element-space\">\n<div class=\"pr-story-paragraph\">\n<div class=\"pr-story--text\">Tras el lanzamiento del formidable y \u00fanico\u00a0<b><i>Para M\u00ed<\/i><\/b>\u00a0de 2019 (su debut de larga duraci\u00f3n desde que firm\u00f3 con Interscope), el crecimiento exponencial y el desarrollo de\u00a0<b>Cuco<\/b>\u00a0como artista se hicieron innegables. Con su \u00faltimo \u00e1lbum,\u00a0<b><i>Fantasy Getaway<\/i><\/b>,\u00a0<b>Cuco<\/b>\u00a0hace m\u00e1s grande su panorama sonoro, presentando un nuevo cap\u00edtulo para su carrera en el que su crecimiento y capacidad para asumir riesgos obtiene grandes resultados.<\/div>\n<\/div>\n<\/div>\n<div><\/div>\n<div>\n<div dir=\"auto\"><a class=\"x1i10hfl xjbqb8w x6umtig x1b1mbwd xaqea5y xav7gou x9f619 x1ypdohk xt0psk2 xe8uvvx xdj266r x11i5rnm xat24cr x1mh8g0r xexx8yu x4uap5 x18d9i69 xkhd6sd x16tdsg8 x1hl2dhg xggy1nq x1a2a7pz xt0b8zv x1qq9wsj xo1l8bm\" tabindex=\"0\" role=\"link\" href=\"https:\/\/www.facebook.com\/hashtag\/cuco?__eep__=6&amp;__cft__[0]=AZU41bMCTZ4SIPjUrqTL5YyAK1no_vAypNp7ZjDphQAMyFomSRdSRizlD_QllfxOnIzTXad7p-MXJw2KUVlZCzosP0hGFuZ190YdsHnJPqzbKLEnCRKEsaj91JGJ0UwN5k4&amp;__tn__=*NK-R\">#cuco<\/a><\/div>\n<div dir=\"auto\"><a class=\"x1i10hfl xjbqb8w x6umtig x1b1mbwd xaqea5y xav7gou x9f619 x1ypdohk xt0psk2 xe8uvvx xdj266r x11i5rnm xat24cr x1mh8g0r xexx8yu x4uap5 x18d9i69 xkhd6sd x16tdsg8 x1hl2dhg xggy1nq x1a2a7pz xt0b8zv x1qq9wsj xo1l8bm\" tabindex=\"0\" role=\"link\" href=\"https:\/\/www.facebook.com\/hashtag\/pabellonoeste?__eep__=6&amp;__cft__[0]=AZU41bMCTZ4SIPjUrqTL5YyAK1no_vAypNp7ZjDphQAMyFomSRdSRizlD_QllfxOnIzTXad7p-MXJw2KUVlZCzosP0hGFuZ190YdsHnJPqzbKLEnCRKEsaj91JGJ0UwN5k4&amp;__tn__=*NK-R\">#pabellonoeste<\/a><\/div>\n<div dir=\"auto\"><a class=\"x1i10hfl xjbqb8w x6umtig x1b1mbwd xaqea5y xav7gou x9f619 x1ypdohk xt0psk2 xe8uvvx xdj266r x11i5rnm xat24cr x1mh8g0r xexx8yu x4uap5 x18d9i69 xkhd6sd x16tdsg8 x1hl2dhg xggy1nq x1a2a7pz xt0b8zv x1qq9wsj xo1l8bm\" tabindex=\"0\" role=\"link\" href=\"https:\/\/www.facebook.com\/hashtag\/ocesa?__eep__=6&amp;__cft__[0]=AZU41bMCTZ4SIPjUrqTL5YyAK1no_vAypNp7ZjDphQAMyFomSRdSRizlD_QllfxOnIzTXad7p-MXJw2KUVlZCzosP0hGFuZ190YdsHnJPqzbKLEnCRKEsaj91JGJ0UwN5k4&amp;__tn__=*NK-R\">#OCESA<\/a><\/div>\n<div dir=\"auto\"><a class=\"x1i10hfl xjbqb8w x6umtig x1b1mbwd xaqea5y xav7gou x9f619 x1ypdohk xt0psk2 xe8uvvx xdj266r x11i5rnm xat24cr x1mh8g0r xexx8yu x4uap5 x18d9i69 xkhd6sd x16tdsg8 x1hl2dhg xggy1nq x1a2a7pz xt0b8zv x1qq9wsj xo1l8bm\" tabindex=\"0\" role=\"link\" href=\"https:\/\/www.facebook.com\/hashtag\/ticketmaster?__eep__=6&amp;__cft__[0]=AZU41bMCTZ4SIPjUrqTL5YyAK1no_vAypNp7ZjDphQAMyFomSRdSRizlD_QllfxOnIzTXad7p-MXJw2KUVlZCzosP0hGFuZ190YdsHnJPqzbKLEnCRKEsaj91JGJ0UwN5k4&amp;__tn__=*NK-R\">#ticketmaster<\/a><\/div>\n<div dir=\"auto\"><a class=\"x1i10hfl xjbqb8w x6umtig x1b1mbwd xaqea5y xav7gou x9f619 x1ypdohk xt0psk2 xe8uvvx xdj266r x11i5rnm xat24cr x1mh8g0r xexx8yu x4uap5 x18d9i69 xkhd6sd x16tdsg8 x1hl2dhg xggy1nq x1a2a7pz xt0b8zv x1qq9wsj xo1l8bm\" tabindex=\"0\" role=\"link\" href=\"https:\/\/www.facebook.com\/hashtag\/bitacoracdmx?__eep__=6&amp;__cft__[0]=AZU41bMCTZ4SIPjUrqTL5YyAK1no_vAypNp7ZjDphQAMyFomSRdSRizlD_QllfxOnIzTXad7p-MXJw2KUVlZCzosP0hGFuZ190YdsHnJPqzbKLEnCRKEsaj91JGJ0UwN5k4&amp;__tn__=*NK-R\">#bitacoracdmx<\/a><\/div>\n<\/div>\n<p>[\/fusion_text][fusion_imageframe image_id=&#8221;52485|medium&#8221; max_width=&#8221;&#8221; style_type=&#8221;&#8221; blur=&#8221;&#8221; stylecolor=&#8221;&#8221; hover_type=&#8221;none&#8221; bordersize=&#8221;&#8221; bordercolor=&#8221;&#8221; borderradius=&#8221;&#8221; align=&#8221;none&#8221; lightbox=&#8221;no&#8221; gallery_id=&#8221;&#8221; lightbox_image=&#8221;&#8221; lightbox_image_id=&#8221;&#8221; alt=&#8221;&#8221; link=&#8221;&#8221; linktarget=&#8221;_self&#8221; hide_on_mobile=&#8221;small-visibility,medium-visibility,large-visibility&#8221; class=&#8221;&#8221; id=&#8221;&#8221; animation_type=&#8221;&#8221; animation_direction=&#8221;left&#8221; animation_speed=&#8221;0.3&#8243; animation_offset=&#8221;&#8221;]https:\/\/www.bitacoracdmx.com\/wp-content\/uploads\/2023\/08\/image_processing20230816-1115088-1cgadyy-300&#215;205.jpg[\/fusion_imageframe][\/fusion_builder_column][\/fusion_builder_row][\/fusion_builder_container]<\/p>\n","protected":false},"excerpt":{"rendered":"<p>[fusion_builder_container hundred_percent=&#8221;no&#8221; equal_height_columns=&#8221;no&#8221; menu_anchor=&#8221;&#8221; hide_on_mobile=&#8221;small-visibility,medium-visibility,large-visibility&#8221; class=&#8221;&#8221; id=&#8221;&#8221; background_color=&#8221;&#8221; background_image=&#8221;&#8221; background_position=&#8221;center center&#8221; background_repeat=&#8221;no-repeat&#8221; fade=&#8221;no&#8221; background_parallax=&#8221;none&#8221; parallax_speed=&#8221;0.3&#8243; video_mp4=&#8221;&#8221; video_webm=&#8221;&#8221; video_ogv=&#8221;&#8221; video_url=&#8221;&#8221; video_aspect_ratio=&#8221;16:9&#8243; video_loop=&#8221;yes&#8221; video_mute=&#8221;yes&#8221; overlay_color=&#8221;&#8221; video_preview_image=&#8221;&#8221; border_size=&#8221;&#8221; border_color=&#8221;&#8221; border_style=&#8221;solid&#8221; padding_top=&#8221;&#8221; padding_bottom=&#8221;&#8221; padding_left=&#8221;&#8221; padding_right=&#8221;&#8221;][fusion_builder_row][fusion_builder_column type=&#8221;1_1&#8243; layout=&#8221;1_1&#8243; background_position=&#8221;left top&#8221; background_color=&#8221;&#8221; border_size=&#8221;&#8221; border_color=&#8221;&#8221; border_style=&#8221;solid&#8221; border_position=&#8221;all&#8221; spacing=&#8221;yes&#8221; background_image=&#8221;&#8221; background_repeat=&#8221;no-repeat&#8221; padding_top=&#8221;&#8221; padding_right=&#8221;&#8221; padding_bottom=&#8221;&#8221; padding_left=&#8221;&#8221; margin_top=&#8221;0px&#8221; margin_bottom=&#8221;0px&#8221; class=&#8221;&#8221; id=&#8221;&#8221; animation_type=&#8221;&#8221; animation_speed=&#8221;0.3&#8243; animation_direction=&#8221;left&#8221; hide_on_mobile=&#8221;small-visibility,medium-visibility,large-visibility&#8221; center_content=&#8221;no&#8221; last=&#8221;no&#8221; min_height=&#8221;&#8221; hover_type=&#8221;none&#8221; link=&#8221;&#8221;][fusion_text] REDACCI\u00d3N S\u00e1bado 4 de noviembre, 2023 Preventa Citibanamex: 17 de agosto, 10 AM \u00a1Tenemos una cita lo-fi este oto\u00f1o! El aclamado cantante, compositor y productor\u00a0Cuco\u00a0regresar\u00e1 a la\u00a0Ciudad de M\u00e9xico\u00a0para ofrecer un envolvente concierto en solitario. Despu\u00e9s de haber acompa\u00f1ado a [&hellip;]<\/p>\n","protected":false},"author":1,"featured_media":52485,"comment_status":"open","ping_status":"open","sticky":false,"template":"","format":"standard","meta":{"footnotes":""},"categories":[9,11],"tags":[],"_links":{"self":[{"href":"https:\/\/www.bitacoracdmx.com\/index.php?rest_route=\/wp\/v2\/posts\/52484"}],"collection":[{"href":"https:\/\/www.bitacoracdmx.com\/index.php?rest_route=\/wp\/v2\/posts"}],"about":[{"href":"https:\/\/www.bitacoracdmx.com\/index.php?rest_route=\/wp\/v2\/types\/post"}],"author":[{"embeddable":true,"href":"https:\/\/www.bitacoracdmx.com\/index.php?rest_route=\/wp\/v2\/users\/1"}],"replies":[{"embeddable":true,"href":"https:\/\/www.bitacoracdmx.com\/index.php?rest_route=%2Fwp%2Fv2%2Fcomments&post=52484"}],"version-history":[{"count":1,"href":"https:\/\/www.bitacoracdmx.com\/index.php?rest_route=\/wp\/v2\/posts\/52484\/revisions"}],"predecessor-version":[{"id":52486,"href":"https:\/\/www.bitacoracdmx.com\/index.php?rest_route=\/wp\/v2\/posts\/52484\/revisions\/52486"}],"wp:featuredmedia":[{"embeddable":true,"href":"https:\/\/www.bitacoracdmx.com\/index.php?rest_route=\/wp\/v2\/media\/52485"}],"wp:attachment":[{"href":"https:\/\/www.bitacoracdmx.com\/index.php?rest_route=%2Fwp%2Fv2%2Fmedia&parent=52484"}],"wp:term":[{"taxonomy":"category","embeddable":true,"href":"https:\/\/www.bitacoracdmx.com\/index.php?rest_route=%2Fwp%2Fv2%2Fcategories&post=52484"},{"taxonomy":"post_tag","embeddable":true,"href":"https:\/\/www.bitacoracdmx.com\/index.php?rest_route=%2Fwp%2Fv2%2Ftags&post=52484"}],"curies":[{"name":"wp","href":"https:\/\/api.w.org\/{rel}","templated":true}]}}