{"id":52490,"date":"2023-08-17T03:57:09","date_gmt":"2023-08-17T03:57:09","guid":{"rendered":"https:\/\/www.bitacoracdmx.com\/?p=52490"},"modified":"2023-08-17T03:57:09","modified_gmt":"2023-08-17T03:57:09","slug":"arranca-la-xxii-edicion-del-festival-macabro-con-estreno-nacional-en-el-teatro-de-la-ciudad","status":"publish","type":"post","link":"https:\/\/www.bitacoracdmx.com\/?p=52490","title":{"rendered":"Arranca la XXII EDICI\u00d3N del FESTIVAL MACABRO con estreno nacional en el TEATRO DE LA CIUDAD"},"content":{"rendered":"<p>[fusion_builder_container hundred_percent=&#8221;no&#8221; equal_height_columns=&#8221;no&#8221; menu_anchor=&#8221;&#8221; hide_on_mobile=&#8221;small-visibility,medium-visibility,large-visibility&#8221; class=&#8221;&#8221; id=&#8221;&#8221; background_color=&#8221;&#8221; background_image=&#8221;&#8221; background_position=&#8221;center center&#8221; background_repeat=&#8221;no-repeat&#8221; fade=&#8221;no&#8221; background_parallax=&#8221;none&#8221; parallax_speed=&#8221;0.3&#8243; video_mp4=&#8221;&#8221; video_webm=&#8221;&#8221; video_ogv=&#8221;&#8221; video_url=&#8221;&#8221; video_aspect_ratio=&#8221;16:9&#8243; video_loop=&#8221;yes&#8221; video_mute=&#8221;yes&#8221; overlay_color=&#8221;&#8221; video_preview_image=&#8221;&#8221; border_size=&#8221;&#8221; border_color=&#8221;&#8221; border_style=&#8221;solid&#8221; padding_top=&#8221;&#8221; padding_bottom=&#8221;&#8221; padding_left=&#8221;&#8221; padding_right=&#8221;&#8221;][fusion_builder_row][fusion_builder_column type=&#8221;1_1&#8243; layout=&#8221;1_1&#8243; background_position=&#8221;left top&#8221; background_color=&#8221;&#8221; border_size=&#8221;&#8221; border_color=&#8221;&#8221; border_style=&#8221;solid&#8221; border_position=&#8221;all&#8221; spacing=&#8221;yes&#8221; background_image=&#8221;&#8221; background_repeat=&#8221;no-repeat&#8221; padding_top=&#8221;&#8221; padding_right=&#8221;&#8221; padding_bottom=&#8221;&#8221; padding_left=&#8221;&#8221; margin_top=&#8221;0px&#8221; margin_bottom=&#8221;0px&#8221; class=&#8221;&#8221; id=&#8221;&#8221; animation_type=&#8221;&#8221; animation_speed=&#8221;0.3&#8243; animation_direction=&#8221;left&#8221; hide_on_mobile=&#8221;small-visibility,medium-visibility,large-visibility&#8221; center_content=&#8221;no&#8221; last=&#8221;no&#8221; min_height=&#8221;&#8221; hover_type=&#8221;none&#8221; link=&#8221;&#8221;][fusion_text]<\/p>\n<p>REDACCI\u00d3N<\/p>\n<p>\u25cf La funci\u00f3n inaugural cont\u00f3 con el estreno en M\u00e9xico de la cinta\u00a0<em>Give me an A<\/em>, con la presencia de la actriz Erika Miranda<\/p>\n<p>\u25cf 20 sedes capitalinas, incluidas las FAROS y Centros Culturales, adem\u00e1s de una cartelera virtual en Cindie! y FilminLatino, ofrecer\u00e1n 110 pel\u00edculas, 35 largometrajes y 65 cortometrajes con 34 estrenos nacionales, latinoamericanos y mundiales<\/p>\n<p>Con la proyecci\u00f3n por primera vez en M\u00e9xico de la cinta estadounidense\u00a0<em>Give me an A<\/em>, la cual cont\u00f3 con la participaci\u00f3n especial de una de sus actrices, Erika Miranda, desde el\u00a0<strong>Teatro de la Ciudad &#8220;Esperanza Iris&#8221;<\/strong>, as\u00ed arranc\u00f3 funciones la\u00a0<strong>vig\u00e9sima segunda edici\u00f3n de Macabro Festival Internacional de Cine de Horror de la Ciudad de M\u00e9xico<\/strong>, que se llevar\u00e1 a cabo hasta el\u00a0<strong>27 de agosto<\/strong>\u00a0en formato h\u00edbrido con\u00a0<strong>20 sedes<\/strong>\u00a0capitalinas y dos virtuales.<\/p>\n<p>\u201cRegresamos con nuevos retos y nuevas propuestas, con un carnaval pagano que promete como siempre una programaci\u00f3n integrada con lo mejor del cine contempor\u00e1neo e independiente del g\u00e9nero, nacional e internacional\u201d, explic\u00f3 desde el escenario del colosal recinto teatral la directora del festival Edna Campos Tenorio.<\/p>\n<p>Acompa\u00f1ada del Se\u00f1or Macabro, la fundadora del encuentro cinematogr\u00e1fico, que cuenta con el apoyo del Fideicomiso para la Promoci\u00f3n y Desarrollo del Cine Mexicano en la Ciudad de M\u00e9xico (PROCINECDMX), adelant\u00f3 que el p\u00fablico podr\u00e1 ver en esta edici\u00f3n la evoluci\u00f3n del g\u00e9nero en lo que va del siglo XXI, desde qui\u00e9n lo hace, con una mayor participaci\u00f3n femenina, tal es el caso de la cinta inaugural, as\u00ed como sus temas de inter\u00e9s, sus protagonistas, su evoluci\u00f3n y sus nuevos monstruos.<\/p>\n<p>El festival dio inicio con la proyecci\u00f3n de la cinta estadounidense\u00a0<em>Give me an A<\/em>, la cual cont\u00f3 con la presencia de la actriz Erika Miranda, quien adelant\u00f3 al p\u00fablico la inmersi\u00f3n en una antolog\u00eda de terror, comedia \u00e1cida y ciencia ficci\u00f3n, que aborda algunos de los temas m\u00e1s importantes de las mujeres como son el derecho a la maternidad, al aborto y los m\u00e9todos anticonceptivos, as\u00ed como los nuevos m\u00e9todos de concepci\u00f3n, desde una cr\u00edtica al patriarcado, un di\u00e1logo sobre los derechos reproductivos de las mujeres y la importancia de la autonom\u00eda corporal.<\/p>\n<p>\u201cSomos 17 mujeres directoras que nos juntamos para contar nuestras emociones y nuestras reacciones, ojal\u00e1 que podamos impulsar un cambio\u201d, comparti\u00f3 la actriz de la cinta que presenta 17 cortometrajes tejidos en un di\u00e1logo femenino que podr\u00e1 disfrutarse de nuevo este viernes 18 de agosto en la Cineteca Nacional, con la participaci\u00f3n de la directora Natasha Halevi.<\/p>\n<p>La cinta marc\u00f3 el inicio del encuentro cinematogr\u00e1fico que honra el cine de terror, horror, fant\u00e1stico y ciencia ficci\u00f3n, el cual ofrecer\u00e1 110 pel\u00edculas, 35 largometrajes, 24 estrenos nacionales, tres estrenos latinoamericanos y cinco mundiales, as\u00ed como 65 cortometrajes y fos estrenos de Macabro Coven, provenientes de 45 pa\u00edses, algunos disponibles en las plataformas Cindie! y FilminLatino.<\/p>\n<p>Las funciones llegar\u00e1n tambi\u00e9n al Museo Pante\u00f3n de San Fernando, el Museo Archivo de Fotograf\u00eda, el Centro Cultural \u201cEl Rule\u201d, el Centro Cultural \u201cXavier Villaurrutia\u201d, las F\u00e1bricas de Artes y Oficios (FAROS) Oriente, Arag\u00f3n y Cosmos, recintos de la\u00a0<strong>Secretar\u00eda de Cultura capitalina<\/strong>, as\u00ed como a la Cineteca Nacional, el Cinemat\u00f3grafo del Chopo, la Casa del Lago, la Casa del Cine, la Biblioteca de M\u00e9xico, Audiovideorama, Centro de Cultura Digital, el Circo Volador, Ceccan Mx, la Facultad de Estudios Superiores de la UNAM, Radio IPN y el Centro Cultural \u201cJaime Torres Bodet\u201d, de esta misma casa de estudios, adem\u00e1s de la Cinemateca \u201cLuis Bu\u00f1uel\u201d en Puebla.<\/p>\n<p>El cartel de este a\u00f1o, \u201cCarnaval Macabro\u201d, fue obra de Diego \u00c1lvarez y Roxana Ru\u00edz, inform\u00f3 Edna Campos, el cual entrar\u00e1 en una rifa que ser\u00e1 dada a conocer en las redes sociales del festival y estuvo inspirado en el carnaval veneciano, las sociedades secretas y el renacimiento, para conectar lo cl\u00e1sico con la sangre nueva del terror y la fantas\u00eda en una fiesta pagana con cultos, celebraciones inici\u00e1ticas, rituales oscuros y m\u00e1scaras.<\/p>\n<p>La clausura del encuentro ser\u00e1 en la Casa del Lago el viernes, 25 de agosto, cuando se llevar\u00e1 acabo la ceremonia de premiaci\u00f3n y posteriormente se exhibir\u00e1 la cinta\u00a0<em>Minore<\/em>, con la presencia del director Konstantinos Koutsoliotas.<\/p>\n<p>Los cl\u00e1sicos y M\u00e9xico Macabro llevar\u00e1n el mi\u00e9rcoles, 16 de agosto, a las 18:00 horas,\u00a0<em>Veneno para las hadas<\/em>, de Carlos Enrique Taboada (1986) al Museo Pante\u00f3n de San Fernando y\u00a0<em>Las mujeres panteras<\/em>, de Ren\u00e9 Cardona, el mi\u00e9rcoles, 23 de agosto, a las 17:00 horas en la FARO Cosmos.<\/p>\n<p>Para conocer toda la programaci\u00f3n de la\u00a0<strong>vig\u00e9sima segunda edici\u00f3n de Macabro Festival Internacional de Cine de Horror de la Ciudad de M\u00e9xico<\/strong>, que se llevar\u00e1 a cabo del\u00a0<strong>15 al 27 de agosto<\/strong>, visite la p\u00e1gina web: www.macabro.mx.<\/p>\n<p>Con estas actividades la Secretar\u00eda de Cultura capitalina garantiza el ejercicio de los derechos culturales de los habitantes y visitantes de la capital. Para conocer todas las actividades de la Secretar\u00eda de Cultura capitalina se puede consultar la Cartelera de la Ciudad de M\u00e9xico (<a href=\"https:\/\/cartelera.cdmx.gob.mx\/\">https:\/\/cartelera.cdmx.gob.mx\/<\/a>) y las redes sociales en Facebook, Twitter, Instagram y YouTube.<\/p>\n<div dir=\"auto\"><a class=\"x1i10hfl xjbqb8w x6umtig x1b1mbwd xaqea5y xav7gou x9f619 x1ypdohk xt0psk2 xe8uvvx xdj266r x11i5rnm xat24cr x1mh8g0r xexx8yu x4uap5 x18d9i69 xkhd6sd x16tdsg8 x1hl2dhg xggy1nq x1a2a7pz xt0b8zv x1qq9wsj xo1l8bm\" tabindex=\"0\" role=\"link\" href=\"https:\/\/www.facebook.com\/hashtag\/festivalmacabro?__eep__=6&amp;__cft__[0]=AZUvD8F2FBaDuDI6XmNqbdOzZjOSv6LwbKYJUGbC9PR0BK-OKJ79i1ZRDZcsGKyjOSUwtTu6UpEid0QerFMNj9f7QUQJxMO1pu0AeKtZxfSCcnX0g6uBKAHczUiCLg3jp34&amp;__tn__=*NK-R\">#festivalmacabro<\/a><\/div>\n<div dir=\"auto\"><a class=\"x1i10hfl xjbqb8w x6umtig x1b1mbwd xaqea5y xav7gou x9f619 x1ypdohk xt0psk2 xe8uvvx xdj266r x11i5rnm xat24cr x1mh8g0r xexx8yu x4uap5 x18d9i69 xkhd6sd x16tdsg8 x1hl2dhg xggy1nq x1a2a7pz xt0b8zv x1qq9wsj xo1l8bm\" tabindex=\"0\" role=\"link\" href=\"https:\/\/www.facebook.com\/hashtag\/teatrodelaciudadesperanzairis?__eep__=6&amp;__cft__[0]=AZUvD8F2FBaDuDI6XmNqbdOzZjOSv6LwbKYJUGbC9PR0BK-OKJ79i1ZRDZcsGKyjOSUwtTu6UpEid0QerFMNj9f7QUQJxMO1pu0AeKtZxfSCcnX0g6uBKAHczUiCLg3jp34&amp;__tn__=*NK-R\">#TeatroDeLaCiudadEsperanzaIris<\/a><\/div>\n<div dir=\"auto\"><a class=\"x1i10hfl xjbqb8w x6umtig x1b1mbwd xaqea5y xav7gou x9f619 x1ypdohk xt0psk2 xe8uvvx xdj266r x11i5rnm xat24cr x1mh8g0r xexx8yu x4uap5 x18d9i69 xkhd6sd x16tdsg8 x1hl2dhg xggy1nq x1a2a7pz xt0b8zv x1qq9wsj xo1l8bm\" tabindex=\"0\" role=\"link\" href=\"https:\/\/www.facebook.com\/hashtag\/secretariadeculturacdmx?__eep__=6&amp;__cft__[0]=AZUvD8F2FBaDuDI6XmNqbdOzZjOSv6LwbKYJUGbC9PR0BK-OKJ79i1ZRDZcsGKyjOSUwtTu6UpEid0QerFMNj9f7QUQJxMO1pu0AeKtZxfSCcnX0g6uBKAHczUiCLg3jp34&amp;__tn__=*NK-R\">#secretariadeculturacdmx<\/a><\/div>\n<div dir=\"auto\"><a class=\"x1i10hfl xjbqb8w x6umtig x1b1mbwd xaqea5y xav7gou x9f619 x1ypdohk xt0psk2 xe8uvvx xdj266r x11i5rnm xat24cr x1mh8g0r xexx8yu x4uap5 x18d9i69 xkhd6sd x16tdsg8 x1hl2dhg xggy1nq x1a2a7pz xt0b8zv x1qq9wsj xo1l8bm\" tabindex=\"0\" role=\"link\" href=\"https:\/\/www.facebook.com\/hashtag\/bitacoracdmx?__eep__=6&amp;__cft__[0]=AZUvD8F2FBaDuDI6XmNqbdOzZjOSv6LwbKYJUGbC9PR0BK-OKJ79i1ZRDZcsGKyjOSUwtTu6UpEid0QerFMNj9f7QUQJxMO1pu0AeKtZxfSCcnX0g6uBKAHczUiCLg3jp34&amp;__tn__=*NK-R\">#bitacoracdmx<\/a><\/div>\n<p>[\/fusion_text][fusion_imageframe image_id=&#8221;52491|medium&#8221; max_width=&#8221;&#8221; style_type=&#8221;&#8221; blur=&#8221;&#8221; stylecolor=&#8221;&#8221; hover_type=&#8221;none&#8221; bordersize=&#8221;&#8221; bordercolor=&#8221;&#8221; borderradius=&#8221;&#8221; align=&#8221;none&#8221; lightbox=&#8221;no&#8221; gallery_id=&#8221;&#8221; lightbox_image=&#8221;&#8221; lightbox_image_id=&#8221;&#8221; alt=&#8221;&#8221; link=&#8221;&#8221; linktarget=&#8221;_self&#8221; hide_on_mobile=&#8221;small-visibility,medium-visibility,large-visibility&#8221; class=&#8221;&#8221; id=&#8221;&#8221; animation_type=&#8221;&#8221; animation_direction=&#8221;left&#8221; animation_speed=&#8221;0.3&#8243; animation_offset=&#8221;&#8221;]https:\/\/www.bitacoracdmx.com\/wp-content\/uploads\/2023\/08\/WhatsApp-Image-2023-08-16-at-9.09.31-AM-2-300&#215;200.jpeg[\/fusion_imageframe][\/fusion_builder_column][\/fusion_builder_row][\/fusion_builder_container]<\/p>\n","protected":false},"excerpt":{"rendered":"<p>[fusion_builder_container hundred_percent=&#8221;no&#8221; equal_height_columns=&#8221;no&#8221; menu_anchor=&#8221;&#8221; hide_on_mobile=&#8221;small-visibility,medium-visibility,large-visibility&#8221; class=&#8221;&#8221; id=&#8221;&#8221; background_color=&#8221;&#8221; background_image=&#8221;&#8221; background_position=&#8221;center center&#8221; background_repeat=&#8221;no-repeat&#8221; fade=&#8221;no&#8221; background_parallax=&#8221;none&#8221; parallax_speed=&#8221;0.3&#8243; video_mp4=&#8221;&#8221; video_webm=&#8221;&#8221; video_ogv=&#8221;&#8221; video_url=&#8221;&#8221; video_aspect_ratio=&#8221;16:9&#8243; video_loop=&#8221;yes&#8221; video_mute=&#8221;yes&#8221; overlay_color=&#8221;&#8221; video_preview_image=&#8221;&#8221; border_size=&#8221;&#8221; border_color=&#8221;&#8221; border_style=&#8221;solid&#8221; padding_top=&#8221;&#8221; padding_bottom=&#8221;&#8221; padding_left=&#8221;&#8221; padding_right=&#8221;&#8221;][fusion_builder_row][fusion_builder_column type=&#8221;1_1&#8243; layout=&#8221;1_1&#8243; background_position=&#8221;left top&#8221; background_color=&#8221;&#8221; border_size=&#8221;&#8221; border_color=&#8221;&#8221; border_style=&#8221;solid&#8221; border_position=&#8221;all&#8221; spacing=&#8221;yes&#8221; background_image=&#8221;&#8221; background_repeat=&#8221;no-repeat&#8221; padding_top=&#8221;&#8221; padding_right=&#8221;&#8221; padding_bottom=&#8221;&#8221; padding_left=&#8221;&#8221; margin_top=&#8221;0px&#8221; margin_bottom=&#8221;0px&#8221; class=&#8221;&#8221; id=&#8221;&#8221; animation_type=&#8221;&#8221; animation_speed=&#8221;0.3&#8243; animation_direction=&#8221;left&#8221; hide_on_mobile=&#8221;small-visibility,medium-visibility,large-visibility&#8221; center_content=&#8221;no&#8221; last=&#8221;no&#8221; min_height=&#8221;&#8221; hover_type=&#8221;none&#8221; link=&#8221;&#8221;][fusion_text] REDACCI\u00d3N \u25cf La funci\u00f3n inaugural cont\u00f3 con el estreno en M\u00e9xico de la cinta\u00a0Give me an A, con la presencia de la actriz Erika Miranda \u25cf 20 sedes capitalinas, incluidas las FAROS y Centros Culturales, adem\u00e1s de una cartelera virtual [&hellip;]<\/p>\n","protected":false},"author":1,"featured_media":52491,"comment_status":"open","ping_status":"open","sticky":false,"template":"","format":"standard","meta":{"footnotes":""},"categories":[3,9],"tags":[],"_links":{"self":[{"href":"https:\/\/www.bitacoracdmx.com\/index.php?rest_route=\/wp\/v2\/posts\/52490"}],"collection":[{"href":"https:\/\/www.bitacoracdmx.com\/index.php?rest_route=\/wp\/v2\/posts"}],"about":[{"href":"https:\/\/www.bitacoracdmx.com\/index.php?rest_route=\/wp\/v2\/types\/post"}],"author":[{"embeddable":true,"href":"https:\/\/www.bitacoracdmx.com\/index.php?rest_route=\/wp\/v2\/users\/1"}],"replies":[{"embeddable":true,"href":"https:\/\/www.bitacoracdmx.com\/index.php?rest_route=%2Fwp%2Fv2%2Fcomments&post=52490"}],"version-history":[{"count":1,"href":"https:\/\/www.bitacoracdmx.com\/index.php?rest_route=\/wp\/v2\/posts\/52490\/revisions"}],"predecessor-version":[{"id":52492,"href":"https:\/\/www.bitacoracdmx.com\/index.php?rest_route=\/wp\/v2\/posts\/52490\/revisions\/52492"}],"wp:featuredmedia":[{"embeddable":true,"href":"https:\/\/www.bitacoracdmx.com\/index.php?rest_route=\/wp\/v2\/media\/52491"}],"wp:attachment":[{"href":"https:\/\/www.bitacoracdmx.com\/index.php?rest_route=%2Fwp%2Fv2%2Fmedia&parent=52490"}],"wp:term":[{"taxonomy":"category","embeddable":true,"href":"https:\/\/www.bitacoracdmx.com\/index.php?rest_route=%2Fwp%2Fv2%2Fcategories&post=52490"},{"taxonomy":"post_tag","embeddable":true,"href":"https:\/\/www.bitacoracdmx.com\/index.php?rest_route=%2Fwp%2Fv2%2Ftags&post=52490"}],"curies":[{"name":"wp","href":"https:\/\/api.w.org\/{rel}","templated":true}]}}