{"id":52499,"date":"2023-08-18T01:58:10","date_gmt":"2023-08-18T01:58:10","guid":{"rendered":"https:\/\/www.bitacoracdmx.com\/?p=52499"},"modified":"2023-08-18T01:58:10","modified_gmt":"2023-08-18T01:58:10","slug":"el-circuito-chiapaneco-de-artes-escenicas-2023-arranca-con-una-programacion-teatral-musical-y-poetica","status":"publish","type":"post","link":"https:\/\/www.bitacoracdmx.com\/?p=52499","title":{"rendered":"El Circuito chiapaneco de artes esc\u00e9nicas 2023 arranca con una programaci\u00f3n teatral, musical y po\u00e9tica"},"content":{"rendered":"<p>[fusion_builder_container hundred_percent=&#8221;no&#8221; equal_height_columns=&#8221;no&#8221; menu_anchor=&#8221;&#8221; hide_on_mobile=&#8221;small-visibility,medium-visibility,large-visibility&#8221; class=&#8221;&#8221; id=&#8221;&#8221; background_color=&#8221;&#8221; background_image=&#8221;&#8221; background_position=&#8221;center center&#8221; background_repeat=&#8221;no-repeat&#8221; fade=&#8221;no&#8221; background_parallax=&#8221;none&#8221; parallax_speed=&#8221;0.3&#8243; video_mp4=&#8221;&#8221; video_webm=&#8221;&#8221; video_ogv=&#8221;&#8221; video_url=&#8221;&#8221; video_aspect_ratio=&#8221;16:9&#8243; video_loop=&#8221;yes&#8221; video_mute=&#8221;yes&#8221; overlay_color=&#8221;&#8221; video_preview_image=&#8221;&#8221; border_size=&#8221;&#8221; border_color=&#8221;&#8221; border_style=&#8221;solid&#8221; padding_top=&#8221;&#8221; padding_bottom=&#8221;&#8221; padding_left=&#8221;&#8221; padding_right=&#8221;&#8221;][fusion_builder_row][fusion_builder_column type=&#8221;1_1&#8243; layout=&#8221;1_1&#8243; background_position=&#8221;left top&#8221; background_color=&#8221;&#8221; border_size=&#8221;&#8221; border_color=&#8221;&#8221; border_style=&#8221;solid&#8221; border_position=&#8221;all&#8221; spacing=&#8221;yes&#8221; background_image=&#8221;&#8221; background_repeat=&#8221;no-repeat&#8221; padding_top=&#8221;&#8221; padding_right=&#8221;&#8221; padding_bottom=&#8221;&#8221; padding_left=&#8221;&#8221; margin_top=&#8221;0px&#8221; margin_bottom=&#8221;0px&#8221; class=&#8221;&#8221; id=&#8221;&#8221; animation_type=&#8221;&#8221; animation_speed=&#8221;0.3&#8243; animation_direction=&#8221;left&#8221; hide_on_mobile=&#8221;small-visibility,medium-visibility,large-visibility&#8221; center_content=&#8221;no&#8221; last=&#8221;no&#8221; min_height=&#8221;&#8221; hover_type=&#8221;none&#8221; link=&#8221;&#8221;][fusion_text]<\/p>\n<p>REDACCI\u00d3N<\/p>\n<p>\u2022 Conformado por siete obras y un concierto de entrada libre para adultos, infancias y j\u00f3venes audiencias<br aria-hidden=\"true\" \/>\u2022 Un circuito multidisciplinar donde convergen la danza, el clown y la poes\u00eda<br aria-hidden=\"true\" \/>\u2022 Eventos de entrada gratuita en diversas sedes de la entidad chiapaneca, del 18 de agosto al 29 de septiembre 2023<\/p>\n<table class=\"x_mcnTextBlock\" border=\"0\" width=\"100%\" cellspacing=\"0\" cellpadding=\"0\">\n<tbody class=\"x_mcnTextBlockOuter\">\n<tr>\n<td class=\"x_mcnTextBlockInner\" valign=\"top\">\n<table class=\"x_mcnTextContentContainer\" border=\"0\" width=\"100%\" cellspacing=\"0\" cellpadding=\"0\" align=\"left\">\n<tbody>\n<tr>\n<td class=\"x_mcnTextContent\" valign=\"top\">\n<div>\n<div>\n<div>La Secretar\u00eda de Cultura del Gobierno de M\u00e9xico, a trav\u00e9s del Centro Cultural Hel\u00e9nico, y el Consejo Estatal para las Culturas y las Artes de Chiapas se congratulan por el arranque del Circuito chiapaneco de artes esc\u00e9nicas, programa que se desprende de la convocatoria Rutas esc\u00e9nicas estatales 2023, que se realizar\u00e1 del 18 de agosto al 29 de septiembre a lo largo de la entidad.<br aria-hidden=\"true\" \/><br aria-hidden=\"true\" \/>Las siete obras y el concierto que componen este programa se sirven de la m\u00fasica, la danza y el <em>clown<\/em>\u00a0y la poes\u00eda para llevar al p\u00fablico a reflexionar en torno a temas humanos como el amor, la infidelidad, la identidad, la soledad, el ecocidio, la migraci\u00f3n y el feminismo. Este circuito de artes busca generar rutas de encuentro entre las y los creadores y espectadores, a la vez que promueve la circulaci\u00f3n art\u00edstica esc\u00e9nica dentro de la entidad.<br aria-hidden=\"true\" \/><br aria-hidden=\"true\" \/>Con el fin de expandir la ruta de exposici\u00f3n y difusi\u00f3n de las artes esc\u00e9nicas chiapanecas, las puestas se presentar\u00e1n a lo largo y ancho de la entidad, en ciudades y municipios como: Tapachula de C\u00f3rdova y Ordo\u00f1ez, Tuxtla Chico, Tuzant\u00e1n, Pijijiapan, Puerto Arista, Cintalapa, Tuxtla Guti\u00e9rrez, Chiapa de Corzo, Villaflores, San Fernando, La Trinitaria, Comit\u00e1n de Dom\u00ednguez, Las Margaritas, Berrioz\u00e1bal, Tonal\u00e1 y Villa Corzo.<br aria-hidden=\"true\" \/><br aria-hidden=\"true\" \/>Las activades de entrada gratuita que el p\u00fablico podr\u00e1 disfrutar son las siguientes:<br aria-hidden=\"true\" \/><br aria-hidden=\"true\" \/><strong><em>Mul\u00e1toro. Tr\u00edo jazz-son<\/em><\/strong>, con la direcci\u00f3n musical de Jaime Reyes, (del 18, 19 y 20 de agosto). Es un concepto sonoro e innovador que se atreve a mezclar las m\u00fasicas tradicionales con ritmos que en el fondo de su ra\u00edz se encuentran hermanados con el jazz y el blues. El resultado es una obra en peque\u00f1o formato, en la que se desarrollan sonoridades y se juega con elementos est\u00e9ticos de la tradici\u00f3n jarocha, a trav\u00e9s de una adaptaci\u00f3n del g\u00e9nero danc\u00edstico y musical.<br aria-hidden=\"true\" \/><br aria-hidden=\"true\" \/><strong><em>Portadores de sue\u00f1os. Alegor\u00eda po\u00e9tica para un coraz\u00f3n con esperanza<\/em><\/strong>, de Teatro Ef\u00edmero, (del 19 al 24 de agosto). Es una obra que fusiona teatro, danza, m\u00fasica, poes\u00eda y proyecciones multimedia en donde se contraponen la ternura, el amor fraternal, la solidaridad, la vida comunitaria y la maternidad como s\u00edmbolos de esperanza ante el futuro y frente al ego\u00edsmo, la competencia mercantil, la cotidiana violaci\u00f3n de los derechos humanos y el ecocidio.<br aria-hidden=\"true\" \/><br aria-hidden=\"true\" \/><strong><em>Fallas de origen<\/em><\/strong>, de Ulises Soto, (del 26 de agosto al 23 de septiembre). Milka y Josu\u00e9 esperan su ansiado reencuentro, entre el silencio y la tensi\u00f3n de lo que ha sido una larga espera. \u00bfQu\u00e9 fue lo que fall\u00f3 en ese gran plan? Para \u00e9l, fue dejar que invadieran su mundo; para ella, haber confiado en su mejor amigo y haber so\u00f1ado con bailar en un gran escenario. En ese atardecer, ella y \u00e9l descubren que a\u00fan no tienen el control de nada, que son los otros y las otras quienes controlar\u00e1n ese reencuentro y enviar\u00e1n las resoluciones para componer las fallas de origen.<br aria-hidden=\"true\" \/><br aria-hidden=\"true\" \/><strong><em>Julieta virtual<\/em><\/strong>, de Julio Fer, (del 1 al 10 de septiembre). La pieza es un provocador panfleto abiertamente pol\u00edtico que resucita a la Julieta de Shakespeare para crear un virus de justicia feminista en la red. Julieta quiere redimir la realidad de su atrofia parox\u00edstica para incitar a la acci\u00f3n. La vuelta a la vida de Julieta, desde la tradici\u00f3n literaria, es la resurrecci\u00f3n de una infamia en contra de las mujeres, perpetrada durante siglos por las costumbres relatadas a trav\u00e9s de la propia cultura.<br aria-hidden=\"true\" \/><br aria-hidden=\"true\" \/><strong><em>Niebla o el cielo entre los pies<\/em><\/strong>, de Gabriela Ottogalli (del 3 al 29 de septiembre). \u201cM\u201d, protagonista de la obra, se encuentra en tr\u00e1nsito. Sostenida por la propia l\u00f3gica del mundo\u00a0<em>clown<\/em>, \u201cM\u201d es un personaje entra\u00f1able que se deja ver en cada estado emocional. Est\u00e1 sobre su maleta, escondida entre la niebla que habita entre el pasado y el presente, as\u00ed como entre im\u00e1genes que vienen, intempestivamente, hacia ella.<br aria-hidden=\"true\" \/><br aria-hidden=\"true\" \/><strong><em>Polita<\/em><\/strong>, de Priscila Morales L\u00f3pez (del 8 al 29 de septiembre). Como todas las ni\u00f1as, Polita debe crecer, pero no le es f\u00e1cil. Polita es el l\u00edmite entre ser ni\u00f1a y convertirse en adulta. Muchos cambios suceden en su cuerpo, mente y coraz\u00f3n; explosiones, pensamientos, sentires que no entiende ni comprende. Se aleja de todos, no se gusta, ni siquiera sabe qu\u00e9 quiere. Se siente sola. Y de pronto aparece Amil, quien tomar\u00e1 su mano, la acompa\u00f1ar\u00e1 y le ense\u00f1ar\u00e1 que puede confiar, que todo lo que le sucede es completamente normal: crecer es bueno, y acompa\u00f1ada de una amiga, es mucho mejor.<br aria-hidden=\"true\" \/><br aria-hidden=\"true\" \/><strong><em>El gran salto de Jacinto<\/em><\/strong>, de Gabriela Gonz\u00e1lez D\u00e1vila (del 21 al 28 de septiembre). Jacinto, un joven trabajador del teatro, de repente y sin saber c\u00f3mo, se ve obligado a salir a escena ante el retraso de los actores. Con esta experiencia descubrir\u00e1 su verdadera vocaci\u00f3n, pero\u2026 \u00bfConseguir\u00e1 superar sus miedos y convertirse en un verdadero artista?<br aria-hidden=\"true\" \/><br aria-hidden=\"true\" \/><strong><em>Rosa de dos aromas<\/em><\/strong>, de Emilio Carballido (del 24 de agosto al 9 septiembre). Dos mujeres que comparten el amor de un hombre se conocen en la sala de espera de la c\u00e1rcel, en donde aguardan para ver a su compa\u00f1ero sentimental, quien ha cometido un delito. La esposa y la amante tienen que unir esfuerzos con el objetivo de conseguir una gran suma de dinero para liberarlo. En el proceso surge la amistad entre ellas, se vuelven confidentes y c\u00f3mplices. \u00bfPodr\u00e1 sobrevivir esa amistad a pesar de las circunstancias?, \u00bfvolver\u00e1n a ser rivales una vez conseguido su prop\u00f3sito?<br aria-hidden=\"true\" \/><br aria-hidden=\"true\" \/>De esta forma \u2014en concordancia con los ejes de trabajo de la Secretar\u00eda de Cultura federal, el Centro Cultural Hel\u00e9nico contin\u00faa sumando esfuerzos para que las y los creadores esc\u00e9nicos de M\u00e9xico tengan cada vez m\u00e1s espacios para hacer escuchar su voz, compartir su talento con un mayor n\u00famero de personas y seguir construyendo una escena diversa.<br aria-hidden=\"true\" \/><br aria-hidden=\"true\" \/>Se invita a las personas interesadas a consultar la programaci\u00f3n completa en las p\u00e1ginas <strong>helenico.gob.mx<\/strong>,\u00a0<strong>mexicoescultura.com<\/strong>\u00a0y\u00a0<strong>conecultachiapas.gob.mx<\/strong>.<\/div>\n<\/div>\n<\/div>\n<div><\/div>\n<div>\n<div dir=\"auto\"><a class=\"x1i10hfl xjbqb8w x6umtig x1b1mbwd xaqea5y xav7gou x9f619 x1ypdohk xt0psk2 xe8uvvx xdj266r x11i5rnm xat24cr x1mh8g0r xexx8yu x4uap5 x18d9i69 xkhd6sd x16tdsg8 x1hl2dhg xggy1nq x1a2a7pz xt0b8zv x1qq9wsj xo1l8bm\" tabindex=\"0\" role=\"link\" href=\"https:\/\/www.facebook.com\/hashtag\/secretariadecultura?__eep__=6&amp;__cft__[0]=AZV7tayuyjP92Eplwj2WCnZaPvBxp8b2OP6_0YygDBlXTvkYFMGGEBn6_EsI0MGuYeVsHnH3w7mZT0siS_zXcgCVB5rnQK5MmdRdTNIK2YHk5PW7GzjWTKpYtbAlWEf7KIs&amp;__tn__=*NK-R\">#secretariadecultura<\/a><\/div>\n<div dir=\"auto\"><a class=\"x1i10hfl xjbqb8w x6umtig x1b1mbwd xaqea5y xav7gou x9f619 x1ypdohk xt0psk2 xe8uvvx xdj266r x11i5rnm xat24cr x1mh8g0r xexx8yu x4uap5 x18d9i69 xkhd6sd x16tdsg8 x1hl2dhg xggy1nq x1a2a7pz xt0b8zv x1qq9wsj xo1l8bm\" tabindex=\"0\" role=\"link\" href=\"https:\/\/www.facebook.com\/hashtag\/centroculturalhelenico?__eep__=6&amp;__cft__[0]=AZV7tayuyjP92Eplwj2WCnZaPvBxp8b2OP6_0YygDBlXTvkYFMGGEBn6_EsI0MGuYeVsHnH3w7mZT0siS_zXcgCVB5rnQK5MmdRdTNIK2YHk5PW7GzjWTKpYtbAlWEf7KIs&amp;__tn__=*NK-R\">#centroculturalhelenico<\/a><\/div>\n<div dir=\"auto\"><a class=\"x1i10hfl xjbqb8w x6umtig x1b1mbwd xaqea5y xav7gou x9f619 x1ypdohk xt0psk2 xe8uvvx xdj266r x11i5rnm xat24cr x1mh8g0r xexx8yu x4uap5 x18d9i69 xkhd6sd x16tdsg8 x1hl2dhg xggy1nq x1a2a7pz xt0b8zv x1qq9wsj xo1l8bm\" tabindex=\"0\" role=\"link\" href=\"https:\/\/www.facebook.com\/hashtag\/bitacoracdmx?__eep__=6&amp;__cft__[0]=AZV7tayuyjP92Eplwj2WCnZaPvBxp8b2OP6_0YygDBlXTvkYFMGGEBn6_EsI0MGuYeVsHnH3w7mZT0siS_zXcgCVB5rnQK5MmdRdTNIK2YHk5PW7GzjWTKpYtbAlWEf7KIs&amp;__tn__=*NK-R\">#bitacoracdmx<\/a><\/div>\n<\/div>\n<\/td>\n<\/tr>\n<\/tbody>\n<\/table>\n<\/td>\n<\/tr>\n<\/tbody>\n<\/table>\n<table class=\"x_mcnImageBlock\" border=\"0\" width=\"100%\" cellspacing=\"0\" cellpadding=\"0\">\n<tbody class=\"x_mcnImageBlockOuter\">\n<tr>\n<td class=\"x_mcnImageBlockInner\" valign=\"top\"><\/td>\n<\/tr>\n<\/tbody>\n<\/table>\n<p>[\/fusion_text][fusion_imageframe image_id=&#8221;52500|medium&#8221; max_width=&#8221;&#8221; style_type=&#8221;&#8221; blur=&#8221;&#8221; stylecolor=&#8221;&#8221; hover_type=&#8221;none&#8221; bordersize=&#8221;&#8221; bordercolor=&#8221;&#8221; borderradius=&#8221;&#8221; align=&#8221;none&#8221; lightbox=&#8221;no&#8221; gallery_id=&#8221;&#8221; lightbox_image=&#8221;&#8221; lightbox_image_id=&#8221;&#8221; alt=&#8221;&#8221; link=&#8221;&#8221; linktarget=&#8221;_self&#8221; hide_on_mobile=&#8221;small-visibility,medium-visibility,large-visibility&#8221; class=&#8221;&#8221; id=&#8221;&#8221; animation_type=&#8221;&#8221; animation_direction=&#8221;left&#8221; animation_speed=&#8221;0.3&#8243; animation_offset=&#8221;&#8221;]https:\/\/www.bitacoracdmx.com\/wp-content\/uploads\/2023\/08\/Rutas-chiapas-300&#215;300.jpg[\/fusion_imageframe][\/fusion_builder_column][\/fusion_builder_row][\/fusion_builder_container]<\/p>\n","protected":false},"excerpt":{"rendered":"<p>[fusion_builder_container hundred_percent=&#8221;no&#8221; equal_height_columns=&#8221;no&#8221; menu_anchor=&#8221;&#8221; hide_on_mobile=&#8221;small-visibility,medium-visibility,large-visibility&#8221; class=&#8221;&#8221; id=&#8221;&#8221; background_color=&#8221;&#8221; background_image=&#8221;&#8221; background_position=&#8221;center center&#8221; background_repeat=&#8221;no-repeat&#8221; fade=&#8221;no&#8221; background_parallax=&#8221;none&#8221; parallax_speed=&#8221;0.3&#8243; video_mp4=&#8221;&#8221; video_webm=&#8221;&#8221; video_ogv=&#8221;&#8221; video_url=&#8221;&#8221; video_aspect_ratio=&#8221;16:9&#8243; video_loop=&#8221;yes&#8221; video_mute=&#8221;yes&#8221; overlay_color=&#8221;&#8221; video_preview_image=&#8221;&#8221; border_size=&#8221;&#8221; border_color=&#8221;&#8221; border_style=&#8221;solid&#8221; padding_top=&#8221;&#8221; padding_bottom=&#8221;&#8221; padding_left=&#8221;&#8221; padding_right=&#8221;&#8221;][fusion_builder_row][fusion_builder_column type=&#8221;1_1&#8243; layout=&#8221;1_1&#8243; background_position=&#8221;left top&#8221; background_color=&#8221;&#8221; border_size=&#8221;&#8221; border_color=&#8221;&#8221; border_style=&#8221;solid&#8221; border_position=&#8221;all&#8221; spacing=&#8221;yes&#8221; background_image=&#8221;&#8221; background_repeat=&#8221;no-repeat&#8221; padding_top=&#8221;&#8221; padding_right=&#8221;&#8221; padding_bottom=&#8221;&#8221; padding_left=&#8221;&#8221; margin_top=&#8221;0px&#8221; margin_bottom=&#8221;0px&#8221; class=&#8221;&#8221; id=&#8221;&#8221; animation_type=&#8221;&#8221; animation_speed=&#8221;0.3&#8243; animation_direction=&#8221;left&#8221; hide_on_mobile=&#8221;small-visibility,medium-visibility,large-visibility&#8221; center_content=&#8221;no&#8221; last=&#8221;no&#8221; min_height=&#8221;&#8221; hover_type=&#8221;none&#8221; link=&#8221;&#8221;][fusion_text] REDACCI\u00d3N \u2022 Conformado por siete obras y un concierto de entrada libre para adultos, infancias y j\u00f3venes audiencias\u2022 Un circuito multidisciplinar donde convergen la danza, el clown y la poes\u00eda\u2022 Eventos de entrada gratuita en diversas sedes de la entidad [&hellip;]<\/p>\n","protected":false},"author":1,"featured_media":52500,"comment_status":"open","ping_status":"open","sticky":false,"template":"","format":"standard","meta":{"footnotes":""},"categories":[9,14],"tags":[],"_links":{"self":[{"href":"https:\/\/www.bitacoracdmx.com\/index.php?rest_route=\/wp\/v2\/posts\/52499"}],"collection":[{"href":"https:\/\/www.bitacoracdmx.com\/index.php?rest_route=\/wp\/v2\/posts"}],"about":[{"href":"https:\/\/www.bitacoracdmx.com\/index.php?rest_route=\/wp\/v2\/types\/post"}],"author":[{"embeddable":true,"href":"https:\/\/www.bitacoracdmx.com\/index.php?rest_route=\/wp\/v2\/users\/1"}],"replies":[{"embeddable":true,"href":"https:\/\/www.bitacoracdmx.com\/index.php?rest_route=%2Fwp%2Fv2%2Fcomments&post=52499"}],"version-history":[{"count":2,"href":"https:\/\/www.bitacoracdmx.com\/index.php?rest_route=\/wp\/v2\/posts\/52499\/revisions"}],"predecessor-version":[{"id":52502,"href":"https:\/\/www.bitacoracdmx.com\/index.php?rest_route=\/wp\/v2\/posts\/52499\/revisions\/52502"}],"wp:featuredmedia":[{"embeddable":true,"href":"https:\/\/www.bitacoracdmx.com\/index.php?rest_route=\/wp\/v2\/media\/52500"}],"wp:attachment":[{"href":"https:\/\/www.bitacoracdmx.com\/index.php?rest_route=%2Fwp%2Fv2%2Fmedia&parent=52499"}],"wp:term":[{"taxonomy":"category","embeddable":true,"href":"https:\/\/www.bitacoracdmx.com\/index.php?rest_route=%2Fwp%2Fv2%2Fcategories&post=52499"},{"taxonomy":"post_tag","embeddable":true,"href":"https:\/\/www.bitacoracdmx.com\/index.php?rest_route=%2Fwp%2Fv2%2Ftags&post=52499"}],"curies":[{"name":"wp","href":"https:\/\/api.w.org\/{rel}","templated":true}]}}