{"id":52508,"date":"2023-08-20T16:20:03","date_gmt":"2023-08-20T16:20:03","guid":{"rendered":"https:\/\/www.bitacoracdmx.com\/?p=52508"},"modified":"2023-08-20T16:20:03","modified_gmt":"2023-08-20T16:20:03","slug":"un-concierto-irrepetible-la-barranca-regresa-al-escenario-del-teatro-metropolitan-para-festejar-28-anos-de-excelsa-carrera-musical","status":"publish","type":"post","link":"https:\/\/www.bitacoracdmx.com\/?p=52508","title":{"rendered":"\u00a1\u00a1\u00a1Un concierto irrepetible!!!  La Barranca regresa al escenario del Teatro Metrop\u00f3litan para festejar  28 a\u00f1os de excelsa carrera musical"},"content":{"rendered":"<p>[fusion_builder_container hundred_percent=&#8221;no&#8221; equal_height_columns=&#8221;no&#8221; menu_anchor=&#8221;&#8221; hide_on_mobile=&#8221;small-visibility,medium-visibility,large-visibility&#8221; class=&#8221;&#8221; id=&#8221;&#8221; background_color=&#8221;&#8221; background_image=&#8221;&#8221; background_position=&#8221;center center&#8221; background_repeat=&#8221;no-repeat&#8221; fade=&#8221;no&#8221; background_parallax=&#8221;none&#8221; parallax_speed=&#8221;0.3&#8243; video_mp4=&#8221;&#8221; video_webm=&#8221;&#8221; video_ogv=&#8221;&#8221; video_url=&#8221;&#8221; video_aspect_ratio=&#8221;16:9&#8243; video_loop=&#8221;yes&#8221; video_mute=&#8221;yes&#8221; overlay_color=&#8221;&#8221; video_preview_image=&#8221;&#8221; border_size=&#8221;&#8221; border_color=&#8221;&#8221; border_style=&#8221;solid&#8221; padding_top=&#8221;&#8221; padding_bottom=&#8221;&#8221; padding_left=&#8221;&#8221; padding_right=&#8221;&#8221;][fusion_builder_row][fusion_builder_column type=&#8221;1_1&#8243; layout=&#8221;1_1&#8243; background_position=&#8221;left top&#8221; background_color=&#8221;&#8221; border_size=&#8221;&#8221; border_color=&#8221;&#8221; border_style=&#8221;solid&#8221; border_position=&#8221;all&#8221; spacing=&#8221;yes&#8221; background_image=&#8221;&#8221; background_repeat=&#8221;no-repeat&#8221; padding_top=&#8221;&#8221; padding_right=&#8221;&#8221; padding_bottom=&#8221;&#8221; padding_left=&#8221;&#8221; margin_top=&#8221;0px&#8221; margin_bottom=&#8221;0px&#8221; class=&#8221;&#8221; id=&#8221;&#8221; animation_type=&#8221;&#8221; animation_speed=&#8221;0.3&#8243; animation_direction=&#8221;left&#8221; hide_on_mobile=&#8221;small-visibility,medium-visibility,large-visibility&#8221; center_content=&#8221;no&#8221; last=&#8221;no&#8221; min_height=&#8221;&#8221; hover_type=&#8221;none&#8221; link=&#8221;&#8221;][fusion_text]<\/p>\n<p>REDACCI\u00d3N<\/p>\n<p>Realizar\u00e1n una exquisita retrospectiva por sus m\u00e1s de 10 \u00e1lbumes de estudio, asimismo tocar\u00e1n algunas canciones del que ser\u00e1 su nuevo trabajo discogr\u00e1fico<\/p>\n<p>S\u00e1bado 9 de septiembre \u2013 20:00 horas<\/p>\n<p>Para benepl\u00e1cito de sus fervientes fans, La Barranca retornar\u00e1 a los escenarios de la capital mexicana para ofrecer lo mejor de su vasto repertorio musical, adem\u00e1s de dar a conocer algunos de sus temas nuevos, que formar\u00e1n parte del que ser\u00e1 su nuevo material discogr\u00e1fico. La fecha pactada para este emotivo e irrepetible concierto ser\u00e1 el s\u00e1bado 9 de septiembre en uno de los mejores y entra\u00f1ables lugares de la capital mexicana, el Teatro Metrop\u00f3litan.<\/p>\n<p>El legado de la banda es inmenso, tanto en el aspecto musical como en el acervo cultural a nuestro pa\u00eds. Desde 1995, La Barranca dio vida a grandes himnos musicales como \u201cD\u00eda Negro\u201d, \u201cQu\u00e9mate lento\u201d, \u201cEl s\u00edndrome\u201d, \u201cLa fuga de Rub\u00e9n\u201d, \u201cAnimal en extinci\u00f3n\u201d, \u201cHendrix\u201d, \u201cLa expedici\u00f3n\u201d, \u201cLa lengua del alma\u201d, \u201cFlores de invierno\u201d, \u201cCuervos\u201d, \u201cM\u00e1scara de rel\u00e1mpago\u201d, entre otras.<\/p>\n<p>Su evoluci\u00f3n ha conseguido llegar a diferentes audiencias de toda Latinoam\u00e9rica y Estados Unidos, convirti\u00e9ndose no solo en una banda de rock legendaria, sino en un referente de la m\u00fasica mexicana, ya que es uno de los proyectos pioneros que inici\u00f3 con lo que formalmente se conoce como: rock alternativo e independiente. La Barranca cuenta con 12 producciones de larga duraci\u00f3n y tiene m\u00e1s de 50 mil oyentes mensuales en Spotify.<\/p>\n<p>La Barranca est\u00e1 de regreso para celebrar con su p\u00fablico una historia llena de grandes momentos, no como un simple acto de nostalgia, sino para honrar esa trayectoria y hacerla valer en el escenario.<\/p>\n<p>La cita para este emotivo y nost\u00e1lgico concierto ser\u00e1 el pr\u00f3ximo s\u00e1bado 9 de septiembre en el Teatro Metrop\u00f3litan. Los boletos se encuentran a la venta en las taquillas del inmueble y a trav\u00e9s del Sistema Ticketmaster<\/p>\n<div dir=\"auto\"><a class=\"x1i10hfl xjbqb8w x6umtig x1b1mbwd xaqea5y xav7gou x9f619 x1ypdohk xt0psk2 xe8uvvx xdj266r x11i5rnm xat24cr x1mh8g0r xexx8yu x4uap5 x18d9i69 xkhd6sd x16tdsg8 x1hl2dhg xggy1nq x1a2a7pz xt0b8zv x1qq9wsj xo1l8bm\" tabindex=\"0\" role=\"link\" href=\"https:\/\/www.facebook.com\/hashtag\/labarranca?__eep__=6&amp;__cft__[0]=AZWG-0B8wgVU36um8YydbXoLJKUNR-eQO-IBNj8SFyMMzV8wz3TMusU4z3OrmMKJ-J_X8CPGTQJmh3CTWnSomrg8S6LxystWnykwjaFRJWqD6MR727blizTsJt4eyn9ng8k&amp;__tn__=*NK-R\">#LaBarranca<\/a><\/div>\n<div dir=\"auto\"><a class=\"x1i10hfl xjbqb8w x6umtig x1b1mbwd xaqea5y xav7gou x9f619 x1ypdohk xt0psk2 xe8uvvx xdj266r x11i5rnm xat24cr x1mh8g0r xexx8yu x4uap5 x18d9i69 xkhd6sd x16tdsg8 x1hl2dhg xggy1nq x1a2a7pz xt0b8zv x1qq9wsj xo1l8bm\" tabindex=\"0\" role=\"link\" href=\"https:\/\/www.facebook.com\/hashtag\/teatrometropolitan?__eep__=6&amp;__cft__[0]=AZWG-0B8wgVU36um8YydbXoLJKUNR-eQO-IBNj8SFyMMzV8wz3TMusU4z3OrmMKJ-J_X8CPGTQJmh3CTWnSomrg8S6LxystWnykwjaFRJWqD6MR727blizTsJt4eyn9ng8k&amp;__tn__=*NK-R\">#TeatroMetropolitan<\/a><\/div>\n<div dir=\"auto\"><a class=\"x1i10hfl xjbqb8w x6umtig x1b1mbwd xaqea5y xav7gou x9f619 x1ypdohk xt0psk2 xe8uvvx xdj266r x11i5rnm xat24cr x1mh8g0r xexx8yu x4uap5 x18d9i69 xkhd6sd x16tdsg8 x1hl2dhg xggy1nq x1a2a7pz xt0b8zv x1qq9wsj xo1l8bm\" tabindex=\"0\" role=\"link\" href=\"https:\/\/www.facebook.com\/hashtag\/ticketmaster?__eep__=6&amp;__cft__[0]=AZWG-0B8wgVU36um8YydbXoLJKUNR-eQO-IBNj8SFyMMzV8wz3TMusU4z3OrmMKJ-J_X8CPGTQJmh3CTWnSomrg8S6LxystWnykwjaFRJWqD6MR727blizTsJt4eyn9ng8k&amp;__tn__=*NK-R\">#ticketmaster<\/a><\/div>\n<div dir=\"auto\"><a class=\"x1i10hfl xjbqb8w x6umtig x1b1mbwd xaqea5y xav7gou x9f619 x1ypdohk xt0psk2 xe8uvvx xdj266r x11i5rnm xat24cr x1mh8g0r xexx8yu x4uap5 x18d9i69 xkhd6sd x16tdsg8 x1hl2dhg xggy1nq x1a2a7pz xt0b8zv x1qq9wsj xo1l8bm\" tabindex=\"0\" role=\"link\" href=\"https:\/\/www.facebook.com\/hashtag\/bitacoracdmx?__eep__=6&amp;__cft__[0]=AZWG-0B8wgVU36um8YydbXoLJKUNR-eQO-IBNj8SFyMMzV8wz3TMusU4z3OrmMKJ-J_X8CPGTQJmh3CTWnSomrg8S6LxystWnykwjaFRJWqD6MR727blizTsJt4eyn9ng8k&amp;__tn__=*NK-R\">#bitacoracdmx<\/a><\/div>\n<p>[\/fusion_text][fusion_imageframe image_id=&#8221;52509|medium&#8221; max_width=&#8221;&#8221; style_type=&#8221;&#8221; blur=&#8221;&#8221; stylecolor=&#8221;&#8221; hover_type=&#8221;none&#8221; bordersize=&#8221;&#8221; bordercolor=&#8221;&#8221; borderradius=&#8221;&#8221; align=&#8221;none&#8221; lightbox=&#8221;no&#8221; gallery_id=&#8221;&#8221; lightbox_image=&#8221;&#8221; lightbox_image_id=&#8221;&#8221; alt=&#8221;&#8221; link=&#8221;&#8221; linktarget=&#8221;_self&#8221; hide_on_mobile=&#8221;small-visibility,medium-visibility,large-visibility&#8221; class=&#8221;&#8221; id=&#8221;&#8221; animation_type=&#8221;&#8221; animation_direction=&#8221;left&#8221; animation_speed=&#8221;0.3&#8243; animation_offset=&#8221;&#8221;]https:\/\/www.bitacoracdmx.com\/wp-content\/uploads\/2023\/08\/366622813_867626368089930_776538204161559066_n-169&#215;300.jpg[\/fusion_imageframe][\/fusion_builder_column][\/fusion_builder_row][\/fusion_builder_container]<\/p>\n","protected":false},"excerpt":{"rendered":"<p>[fusion_builder_container hundred_percent=&#8221;no&#8221; equal_height_columns=&#8221;no&#8221; menu_anchor=&#8221;&#8221; hide_on_mobile=&#8221;small-visibility,medium-visibility,large-visibility&#8221; class=&#8221;&#8221; id=&#8221;&#8221; background_color=&#8221;&#8221; background_image=&#8221;&#8221; background_position=&#8221;center center&#8221; background_repeat=&#8221;no-repeat&#8221; fade=&#8221;no&#8221; background_parallax=&#8221;none&#8221; parallax_speed=&#8221;0.3&#8243; video_mp4=&#8221;&#8221; video_webm=&#8221;&#8221; video_ogv=&#8221;&#8221; video_url=&#8221;&#8221; video_aspect_ratio=&#8221;16:9&#8243; video_loop=&#8221;yes&#8221; video_mute=&#8221;yes&#8221; overlay_color=&#8221;&#8221; video_preview_image=&#8221;&#8221; border_size=&#8221;&#8221; border_color=&#8221;&#8221; border_style=&#8221;solid&#8221; padding_top=&#8221;&#8221; padding_bottom=&#8221;&#8221; padding_left=&#8221;&#8221; padding_right=&#8221;&#8221;][fusion_builder_row][fusion_builder_column type=&#8221;1_1&#8243; layout=&#8221;1_1&#8243; background_position=&#8221;left top&#8221; background_color=&#8221;&#8221; border_size=&#8221;&#8221; border_color=&#8221;&#8221; border_style=&#8221;solid&#8221; border_position=&#8221;all&#8221; spacing=&#8221;yes&#8221; background_image=&#8221;&#8221; background_repeat=&#8221;no-repeat&#8221; padding_top=&#8221;&#8221; padding_right=&#8221;&#8221; padding_bottom=&#8221;&#8221; padding_left=&#8221;&#8221; margin_top=&#8221;0px&#8221; margin_bottom=&#8221;0px&#8221; class=&#8221;&#8221; id=&#8221;&#8221; animation_type=&#8221;&#8221; animation_speed=&#8221;0.3&#8243; animation_direction=&#8221;left&#8221; hide_on_mobile=&#8221;small-visibility,medium-visibility,large-visibility&#8221; center_content=&#8221;no&#8221; last=&#8221;no&#8221; min_height=&#8221;&#8221; hover_type=&#8221;none&#8221; link=&#8221;&#8221;][fusion_text] REDACCI\u00d3N Realizar\u00e1n una exquisita retrospectiva por sus m\u00e1s de 10 \u00e1lbumes de estudio, asimismo tocar\u00e1n algunas canciones del que ser\u00e1 su nuevo trabajo discogr\u00e1fico S\u00e1bado 9 de septiembre \u2013 20:00 horas Para benepl\u00e1cito de sus fervientes fans, La Barranca retornar\u00e1 [&hellip;]<\/p>\n","protected":false},"author":1,"featured_media":52509,"comment_status":"open","ping_status":"open","sticky":false,"template":"","format":"standard","meta":{"footnotes":""},"categories":[9,11],"tags":[],"_links":{"self":[{"href":"https:\/\/www.bitacoracdmx.com\/index.php?rest_route=\/wp\/v2\/posts\/52508"}],"collection":[{"href":"https:\/\/www.bitacoracdmx.com\/index.php?rest_route=\/wp\/v2\/posts"}],"about":[{"href":"https:\/\/www.bitacoracdmx.com\/index.php?rest_route=\/wp\/v2\/types\/post"}],"author":[{"embeddable":true,"href":"https:\/\/www.bitacoracdmx.com\/index.php?rest_route=\/wp\/v2\/users\/1"}],"replies":[{"embeddable":true,"href":"https:\/\/www.bitacoracdmx.com\/index.php?rest_route=%2Fwp%2Fv2%2Fcomments&post=52508"}],"version-history":[{"count":1,"href":"https:\/\/www.bitacoracdmx.com\/index.php?rest_route=\/wp\/v2\/posts\/52508\/revisions"}],"predecessor-version":[{"id":52510,"href":"https:\/\/www.bitacoracdmx.com\/index.php?rest_route=\/wp\/v2\/posts\/52508\/revisions\/52510"}],"wp:featuredmedia":[{"embeddable":true,"href":"https:\/\/www.bitacoracdmx.com\/index.php?rest_route=\/wp\/v2\/media\/52509"}],"wp:attachment":[{"href":"https:\/\/www.bitacoracdmx.com\/index.php?rest_route=%2Fwp%2Fv2%2Fmedia&parent=52508"}],"wp:term":[{"taxonomy":"category","embeddable":true,"href":"https:\/\/www.bitacoracdmx.com\/index.php?rest_route=%2Fwp%2Fv2%2Fcategories&post=52508"},{"taxonomy":"post_tag","embeddable":true,"href":"https:\/\/www.bitacoracdmx.com\/index.php?rest_route=%2Fwp%2Fv2%2Ftags&post=52508"}],"curies":[{"name":"wp","href":"https:\/\/api.w.org\/{rel}","templated":true}]}}