{"id":52517,"date":"2023-08-20T17:01:11","date_gmt":"2023-08-20T17:01:11","guid":{"rendered":"https:\/\/www.bitacoracdmx.com\/?p=52517"},"modified":"2023-08-20T17:01:11","modified_gmt":"2023-08-20T17:01:11","slug":"el-foro-alternativo-se-congratula-con-la-presentacion-de-romero-despues-otra-vez-la-noche","status":"publish","type":"post","link":"https:\/\/www.bitacoracdmx.com\/?p=52517","title":{"rendered":"El Foro Alternativo se congratula con la presentaci\u00f3n de: Romero. Despu\u00e9s, otra vez, la noche"},"content":{"rendered":"<p>[fusion_builder_container hundred_percent=&#8221;no&#8221; equal_height_columns=&#8221;no&#8221; menu_anchor=&#8221;&#8221; hide_on_mobile=&#8221;small-visibility,medium-visibility,large-visibility&#8221; class=&#8221;&#8221; id=&#8221;&#8221; background_color=&#8221;&#8221; background_image=&#8221;&#8221; background_position=&#8221;center center&#8221; background_repeat=&#8221;no-repeat&#8221; fade=&#8221;no&#8221; background_parallax=&#8221;none&#8221; parallax_speed=&#8221;0.3&#8243; video_mp4=&#8221;&#8221; video_webm=&#8221;&#8221; video_ogv=&#8221;&#8221; video_url=&#8221;&#8221; video_aspect_ratio=&#8221;16:9&#8243; video_loop=&#8221;yes&#8221; video_mute=&#8221;yes&#8221; overlay_color=&#8221;&#8221; video_preview_image=&#8221;&#8221; border_size=&#8221;&#8221; border_color=&#8221;&#8221; border_style=&#8221;solid&#8221; padding_top=&#8221;&#8221; padding_bottom=&#8221;&#8221; padding_left=&#8221;&#8221; padding_right=&#8221;&#8221;][fusion_builder_row][fusion_builder_column type=&#8221;1_1&#8243; layout=&#8221;1_1&#8243; background_position=&#8221;left top&#8221; background_color=&#8221;&#8221; border_size=&#8221;&#8221; border_color=&#8221;&#8221; border_style=&#8221;solid&#8221; border_position=&#8221;all&#8221; spacing=&#8221;yes&#8221; background_image=&#8221;&#8221; background_repeat=&#8221;no-repeat&#8221; padding_top=&#8221;&#8221; padding_right=&#8221;&#8221; padding_bottom=&#8221;&#8221; padding_left=&#8221;&#8221; margin_top=&#8221;0px&#8221; margin_bottom=&#8221;0px&#8221; class=&#8221;&#8221; id=&#8221;&#8221; animation_type=&#8221;&#8221; animation_speed=&#8221;0.3&#8243; animation_direction=&#8221;left&#8221; hide_on_mobile=&#8221;small-visibility,medium-visibility,large-visibility&#8221; center_content=&#8221;no&#8221; last=&#8221;no&#8221; min_height=&#8221;&#8221; hover_type=&#8221;none&#8221; link=&#8221;&#8221;][fusion_text]<\/p>\n<p>REDACCI\u00d3N<\/p>\n<p>\u2022 Un proyecto de La Galera Teatro y Pasionaria Laboratorio Esc\u00e9nico,<br aria-hidden=\"true\" \/>con el apoyo de IBERESCENA<br aria-hidden=\"true\" \/>\u2022 Con la dramaturgia y la direcci\u00f3n de Diego Fernando Montoya<br aria-hidden=\"true\" \/>y las actuaciones de Ren\u00e9 Lovo y Omar Renderos<br aria-hidden=\"true\" \/>\u2022 Preventa del 30% hasta el 5 de septiembre<\/p>\n<p><em>Una bala, el pecho de un hombre, un soplo, voces y despu\u00e9s, la noche<\/em><\/p>\n<p>\u00bfQu\u00e9 nos convierte en m\u00e1rtires o en parias? El dramaturgo y director colombiano Diego Fernando Montoya desentra\u00f1a esta inc\u00f3gnita en\u00a0<em>ROMERO. Despu\u00e9s, otra vez, la noche; u<\/em>na puesta en escena de La Galera Teatro, de El Salvador y Pasionaria Laboratorio Esc\u00e9nico, de Colombia, con el apoyo del fondo iberoamericano para la creaci\u00f3n de espect\u00e1culos de las artes esc\u00e9nicas de IBERESCENA, que tendr\u00e1 una breve temporada del 6 al 28 de septiembre \u2014los mi\u00e9rcoles y jueves a las 20:000 horas, en el Foro Alternativo\u2014.<\/p>\n<p><em>ROMERO. Despu\u00e9s, otra vez, la noche<\/em>\u00a0es el resultado de un proceso de laboratorio teatral en torno a la figura de Monse\u00f1or Romero (1917-1980), un arzobispo salvadore\u00f1o reconocido por su trabajo humanitario y su lucha contra la pobreza, la represi\u00f3n y la crueldad en su pa\u00eds.<\/p>\n<p>Ya el propio texto de la obra deja entrever su esp\u00edritu combatiente: \u201cEl 24 de marzo de 1980 todos est\u00e1bamos en alg\u00fan lugar y en un instante, sin saber que todos los lugares y todos los instantes son los mismos, sin pensar que nuestros cuerpos ca\u00edan exhalando un \u00faltimo am\u00e9n, sin pensar que eran nuestras propias manos las que apretaban el gatillo, sin darnos cuenta de que nosotros mismos \u00e9ramos esa bala calibre 22 que cruzaba por cent\u00e9simas de segundo hacia nuestro propio pecho\u201d. As\u00ed, en la po\u00e9tica de estas palabras y en una serie de di\u00e1logos provenientes de la entra\u00f1a, el drama indaga en los acontecimientos pol\u00edticos, sociales y culturales relacionados con el asesinato de Monse\u00f1or Romero.<\/p>\n<p>Este proyecto de investigaci\u00f3n y creaci\u00f3n se desarroll\u00f3 entre Cali, Colombia y San Salvador. Sobre el proceso teatral, Diego Fernando Montoya, apunta: \u201cSe trata de una indagaci\u00f3n sobre el mal, pero tambi\u00e9n sobre el sacrificio. Partimos de los breves minutos de un acontecimiento: un asesinato. Y desde all\u00ed, como si se tratara de una alteraci\u00f3n paradigm\u00e1tica del tiempo, fuimos hacia adelante, hacia atr\u00e1s: entre lo documental y lo ficticio, entre la historia social, pol\u00edtica y personal, escudri\u00f1ando la trayectoria de ese hecho, como si sigui\u00e9ramos la trayectoria de la bala que lo origin\u00f3\u201d.<\/p>\n<p>Sobre la construcci\u00f3n dramat\u00fargica, el director precisa que \u201cel punto de partida son los dos personajes que lo protagonizan: Monse\u00f1or Romero y uno de los mercenarios que perpetr\u00f3 su crimen. Fuimos ellos, y tambi\u00e9n nosotros, para cuestionar la acci\u00f3n misma de representarlos, para interrogarnos sobre c\u00f3mo la historia nos configura y c\u00f3mo la ineludible fuerza de los acontecimientos nos empuja a la acci\u00f3n\u201d.<\/p>\n<p>El equipo creativo se completa con el talento de Raquel Ca\u00f1as en la asistencia de producci\u00f3n; Diego Fernando Montoya Serna en el concepto sonoro; Javier R\u00edo en la escenograf\u00eda; David Osegueda en el dise\u00f1o gr\u00e1fico; Armando Rodr\u00edguez en la memoria audiovisual; Alejandro Ca\u00f1as en las fotograf\u00edas; Omar Renderos en la difusi\u00f3n; Ren\u00e9 Lovo en la producci\u00f3n ejecutiva y La Galera Teatro en la producci\u00f3n general.<\/p>\n<div>Esta coproducci\u00f3n ganadora de IBERESCENA, <strong>se presentar\u00e1 los mi\u00e9rcoles y jueves a las 20:000 horas, del 6 al 28 de septiembre, en el Foro Alternativo. El costo del boleto es de $310. Actualmente hay una preventa del 30% de descuento, v\u00e1lida hasta el 5 de septiembre<\/strong>. Las entradas se pueden adquirir en la taquilla del Centro Cultural Hel\u00e9nico, ubicado en av. Revoluci\u00f3n 1500, o en la p\u00e1gina:\u00a0<strong>helenico.gob.mx<\/strong>.<\/div>\n<div><\/div>\n<div>\n<div dir=\"auto\"><a class=\"x1i10hfl xjbqb8w x6umtig x1b1mbwd xaqea5y xav7gou x9f619 x1ypdohk xt0psk2 xe8uvvx xdj266r x11i5rnm xat24cr x1mh8g0r xexx8yu x4uap5 x18d9i69 xkhd6sd x16tdsg8 x1hl2dhg xggy1nq x1a2a7pz xt0b8zv x1qq9wsj xo1l8bm\" tabindex=\"0\" role=\"link\" href=\"https:\/\/www.facebook.com\/hashtag\/centroculturalhelenico?__eep__=6&amp;__cft__[0]=AZX-aBPc1RZb_8QoYxdXwt9N1dkLafLnZFIp8Tto3JOBR8i8nGY-glLI_3BMq2hsVW9jAyjwXpJ7yd0ai7NQ2_412Tg0U13mub6BFoNBBo7PxDgyl6_vSunBufFzJT5Oi20&amp;__tn__=*NK-R\">#centroculturalhelenico<\/a><\/div>\n<div dir=\"auto\"><a class=\"x1i10hfl xjbqb8w x6umtig x1b1mbwd xaqea5y xav7gou x9f619 x1ypdohk xt0psk2 xe8uvvx xdj266r x11i5rnm xat24cr x1mh8g0r xexx8yu x4uap5 x18d9i69 xkhd6sd x16tdsg8 x1hl2dhg xggy1nq x1a2a7pz xt0b8zv x1qq9wsj xo1l8bm\" tabindex=\"0\" role=\"link\" href=\"https:\/\/www.facebook.com\/hashtag\/foroalternativo?__eep__=6&amp;__cft__[0]=AZX-aBPc1RZb_8QoYxdXwt9N1dkLafLnZFIp8Tto3JOBR8i8nGY-glLI_3BMq2hsVW9jAyjwXpJ7yd0ai7NQ2_412Tg0U13mub6BFoNBBo7PxDgyl6_vSunBufFzJT5Oi20&amp;__tn__=*NK-R\">#foroalternativo<\/a><\/div>\n<div dir=\"auto\"><a class=\"x1i10hfl xjbqb8w x6umtig x1b1mbwd xaqea5y xav7gou x9f619 x1ypdohk xt0psk2 xe8uvvx xdj266r x11i5rnm xat24cr x1mh8g0r xexx8yu x4uap5 x18d9i69 xkhd6sd x16tdsg8 x1hl2dhg xggy1nq x1a2a7pz xt0b8zv x1qq9wsj xo1l8bm\" tabindex=\"0\" role=\"link\" href=\"https:\/\/www.facebook.com\/hashtag\/bitacoracdmx?__eep__=6&amp;__cft__[0]=AZX-aBPc1RZb_8QoYxdXwt9N1dkLafLnZFIp8Tto3JOBR8i8nGY-glLI_3BMq2hsVW9jAyjwXpJ7yd0ai7NQ2_412Tg0U13mub6BFoNBBo7PxDgyl6_vSunBufFzJT5Oi20&amp;__tn__=*NK-R\">#bitacoracdmx<\/a><\/div>\n<\/div>\n<p>[\/fusion_text][fusion_imageframe image_id=&#8221;52518|medium&#8221; max_width=&#8221;&#8221; style_type=&#8221;&#8221; blur=&#8221;&#8221; stylecolor=&#8221;&#8221; hover_type=&#8221;none&#8221; bordersize=&#8221;&#8221; bordercolor=&#8221;&#8221; borderradius=&#8221;&#8221; align=&#8221;none&#8221; lightbox=&#8221;no&#8221; gallery_id=&#8221;&#8221; lightbox_image=&#8221;&#8221; lightbox_image_id=&#8221;&#8221; alt=&#8221;&#8221; link=&#8221;&#8221; linktarget=&#8221;_self&#8221; hide_on_mobile=&#8221;small-visibility,medium-visibility,large-visibility&#8221; class=&#8221;&#8221; id=&#8221;&#8221; animation_type=&#8221;&#8221; animation_direction=&#8221;left&#8221; animation_speed=&#8221;0.3&#8243; animation_offset=&#8221;&#8221;]https:\/\/www.bitacoracdmx.com\/wp-content\/uploads\/2023\/08\/97c3d147-d24b-9c14-58fc-dece3c94b7b6-300&#215;300.jpg[\/fusion_imageframe][\/fusion_builder_column][\/fusion_builder_row][\/fusion_builder_container]<\/p>\n","protected":false},"excerpt":{"rendered":"<p>[fusion_builder_container hundred_percent=&#8221;no&#8221; equal_height_columns=&#8221;no&#8221; menu_anchor=&#8221;&#8221; hide_on_mobile=&#8221;small-visibility,medium-visibility,large-visibility&#8221; class=&#8221;&#8221; id=&#8221;&#8221; background_color=&#8221;&#8221; background_image=&#8221;&#8221; background_position=&#8221;center center&#8221; background_repeat=&#8221;no-repeat&#8221; fade=&#8221;no&#8221; background_parallax=&#8221;none&#8221; parallax_speed=&#8221;0.3&#8243; video_mp4=&#8221;&#8221; video_webm=&#8221;&#8221; video_ogv=&#8221;&#8221; video_url=&#8221;&#8221; video_aspect_ratio=&#8221;16:9&#8243; video_loop=&#8221;yes&#8221; video_mute=&#8221;yes&#8221; overlay_color=&#8221;&#8221; video_preview_image=&#8221;&#8221; border_size=&#8221;&#8221; border_color=&#8221;&#8221; border_style=&#8221;solid&#8221; padding_top=&#8221;&#8221; padding_bottom=&#8221;&#8221; padding_left=&#8221;&#8221; padding_right=&#8221;&#8221;][fusion_builder_row][fusion_builder_column type=&#8221;1_1&#8243; layout=&#8221;1_1&#8243; background_position=&#8221;left top&#8221; background_color=&#8221;&#8221; border_size=&#8221;&#8221; border_color=&#8221;&#8221; border_style=&#8221;solid&#8221; border_position=&#8221;all&#8221; spacing=&#8221;yes&#8221; background_image=&#8221;&#8221; background_repeat=&#8221;no-repeat&#8221; padding_top=&#8221;&#8221; padding_right=&#8221;&#8221; padding_bottom=&#8221;&#8221; padding_left=&#8221;&#8221; margin_top=&#8221;0px&#8221; margin_bottom=&#8221;0px&#8221; class=&#8221;&#8221; id=&#8221;&#8221; animation_type=&#8221;&#8221; animation_speed=&#8221;0.3&#8243; animation_direction=&#8221;left&#8221; hide_on_mobile=&#8221;small-visibility,medium-visibility,large-visibility&#8221; center_content=&#8221;no&#8221; last=&#8221;no&#8221; min_height=&#8221;&#8221; hover_type=&#8221;none&#8221; link=&#8221;&#8221;][fusion_text] REDACCI\u00d3N \u2022 Un proyecto de La Galera Teatro y Pasionaria Laboratorio Esc\u00e9nico,con el apoyo de IBERESCENA\u2022 Con la dramaturgia y la direcci\u00f3n de Diego Fernando Montoyay las actuaciones de Ren\u00e9 Lovo y Omar Renderos\u2022 Preventa del 30% hasta el 5 [&hellip;]<\/p>\n","protected":false},"author":1,"featured_media":52518,"comment_status":"open","ping_status":"open","sticky":false,"template":"","format":"standard","meta":{"footnotes":""},"categories":[9,14],"tags":[],"_links":{"self":[{"href":"https:\/\/www.bitacoracdmx.com\/index.php?rest_route=\/wp\/v2\/posts\/52517"}],"collection":[{"href":"https:\/\/www.bitacoracdmx.com\/index.php?rest_route=\/wp\/v2\/posts"}],"about":[{"href":"https:\/\/www.bitacoracdmx.com\/index.php?rest_route=\/wp\/v2\/types\/post"}],"author":[{"embeddable":true,"href":"https:\/\/www.bitacoracdmx.com\/index.php?rest_route=\/wp\/v2\/users\/1"}],"replies":[{"embeddable":true,"href":"https:\/\/www.bitacoracdmx.com\/index.php?rest_route=%2Fwp%2Fv2%2Fcomments&post=52517"}],"version-history":[{"count":1,"href":"https:\/\/www.bitacoracdmx.com\/index.php?rest_route=\/wp\/v2\/posts\/52517\/revisions"}],"predecessor-version":[{"id":52519,"href":"https:\/\/www.bitacoracdmx.com\/index.php?rest_route=\/wp\/v2\/posts\/52517\/revisions\/52519"}],"wp:featuredmedia":[{"embeddable":true,"href":"https:\/\/www.bitacoracdmx.com\/index.php?rest_route=\/wp\/v2\/media\/52518"}],"wp:attachment":[{"href":"https:\/\/www.bitacoracdmx.com\/index.php?rest_route=%2Fwp%2Fv2%2Fmedia&parent=52517"}],"wp:term":[{"taxonomy":"category","embeddable":true,"href":"https:\/\/www.bitacoracdmx.com\/index.php?rest_route=%2Fwp%2Fv2%2Fcategories&post=52517"},{"taxonomy":"post_tag","embeddable":true,"href":"https:\/\/www.bitacoracdmx.com\/index.php?rest_route=%2Fwp%2Fv2%2Ftags&post=52517"}],"curies":[{"name":"wp","href":"https:\/\/api.w.org\/{rel}","templated":true}]}}