{"id":52523,"date":"2023-08-20T17:21:53","date_gmt":"2023-08-20T17:21:53","guid":{"rendered":"https:\/\/www.bitacoracdmx.com\/?p=52523"},"modified":"2023-08-20T17:21:53","modified_gmt":"2023-08-20T17:21:53","slug":"el-museo-del-estanquillo-albergara-la-mirada-fotografica-de-hector-garcia-a-100-anos-de-su-nacimiento","status":"publish","type":"post","link":"https:\/\/www.bitacoracdmx.com\/?p=52523","title":{"rendered":"El MUSEO DEL ESTANQUILLO albergar\u00e1 la mirada fotogr\u00e1fica de H\u00c9CTOR GARC\u00cdA a 100 A\u00d1OS de su nacimiento"},"content":{"rendered":"<p>[fusion_builder_container hundred_percent=&#8221;no&#8221; equal_height_columns=&#8221;no&#8221; menu_anchor=&#8221;&#8221; hide_on_mobile=&#8221;small-visibility,medium-visibility,large-visibility&#8221; class=&#8221;&#8221; id=&#8221;&#8221; background_color=&#8221;&#8221; background_image=&#8221;&#8221; background_position=&#8221;center center&#8221; background_repeat=&#8221;no-repeat&#8221; fade=&#8221;no&#8221; background_parallax=&#8221;none&#8221; parallax_speed=&#8221;0.3&#8243; video_mp4=&#8221;&#8221; video_webm=&#8221;&#8221; video_ogv=&#8221;&#8221; video_url=&#8221;&#8221; video_aspect_ratio=&#8221;16:9&#8243; video_loop=&#8221;yes&#8221; video_mute=&#8221;yes&#8221; overlay_color=&#8221;&#8221; video_preview_image=&#8221;&#8221; border_size=&#8221;&#8221; border_color=&#8221;&#8221; border_style=&#8221;solid&#8221; padding_top=&#8221;&#8221; padding_bottom=&#8221;&#8221; padding_left=&#8221;&#8221; padding_right=&#8221;&#8221;][fusion_builder_row][fusion_builder_column type=&#8221;1_1&#8243; layout=&#8221;1_1&#8243; background_position=&#8221;left top&#8221; background_color=&#8221;&#8221; border_size=&#8221;&#8221; border_color=&#8221;&#8221; border_style=&#8221;solid&#8221; border_position=&#8221;all&#8221; spacing=&#8221;yes&#8221; background_image=&#8221;&#8221; background_repeat=&#8221;no-repeat&#8221; padding_top=&#8221;&#8221; padding_right=&#8221;&#8221; padding_bottom=&#8221;&#8221; padding_left=&#8221;&#8221; margin_top=&#8221;0px&#8221; margin_bottom=&#8221;0px&#8221; class=&#8221;&#8221; id=&#8221;&#8221; animation_type=&#8221;&#8221; animation_speed=&#8221;0.3&#8243; animation_direction=&#8221;left&#8221; hide_on_mobile=&#8221;small-visibility,medium-visibility,large-visibility&#8221; center_content=&#8221;no&#8221; last=&#8221;no&#8221; min_height=&#8221;&#8221; hover_type=&#8221;none&#8221; link=&#8221;&#8221;][fusion_text]<\/p>\n<p>REDACCI\u00d3N<\/p>\n<p>\u25cf El recinto capitalino presenta su nueva exposici\u00f3n\u00a0<strong><em>\u00bfQu\u00e9 me ves? H\u00e9ctor Garc\u00eda, cronista de la lente<\/em><\/strong>, la cual se encuentra abierta al p\u00fablico del 19 de agosto hasta el 22 de enero de 2024<\/p>\n<p>\u25cf Curada por el caricaturista Rafael Barajas \u201cEl Fisg\u00f3n\u201d, la muestra re\u00fane alrededor de 240 fotograf\u00edas que ofrecen una cr\u00f3nica visual de la realidad social, pol\u00edtica y cultural de M\u00e9xico en las d\u00e9cadas de 1940 a 1980<\/p>\n<p>En el marco del centenario del nacimiento de uno de los principales fot\u00f3grafos del M\u00e9xico del siglo XX, pr\u00f3ximo a celebrarse el 23 de agosto, el\u00a0<strong>Museo del Estanquillo<\/strong>\u00a0<strong>Colecciones Carlos Monsiv\u00e1is<\/strong>\u00a0presenta al p\u00fablico su nueva exposici\u00f3n\u00a0<strong><em>\u00bfQu\u00e9 me ves?<\/em><\/strong>\u00a0<strong><em>H\u00e9ctor Garc\u00eda, cronista de la lente<\/em><\/strong>, la cual abre sus puertas del\u00a0<strong>19 de agosto hasta el 22 de enero de 2024<\/strong>.<\/p>\n<p>&#8220;Para el Museo del Estanquillo es un honor estar en esta conmemoraci\u00f3n porque la relaci\u00f3n entre Carlos Monsiv\u00e1is y H\u00e9ctor Garc\u00eda fue muy fruct\u00edfera, fueron amigos, no solamente los un\u00eda una relaci\u00f3n de trabajo y colaboraci\u00f3n sino tambi\u00e9n amistosa y lo van a ver en esta exposici\u00f3n: Los dos se admiraban mutuamente.<\/p>\n<p>Carlos en sus colecciones tiene decenas de fotograf\u00edas de H\u00e9ctor Garc\u00eda, todav\u00eda no terminamos de registrar todas las fotos que Carlos coleccion\u00f3 de este gran fot\u00f3grafo a quien tambi\u00e9n escribi\u00f3 varios pr\u00f3logos y textos&#8221;, comparti\u00f3\u00a0<strong>Alejandro Brito<\/strong>, director del recinto capitalino en conferencia de prensa.<\/p>\n<p>Asimismo, desde la terraza del Museo y en compa\u00f1\u00eda del responsable de la museograf\u00eda\u00a0<strong>Evelio \u00c1lvarez<\/strong>, y de\u00a0<strong>Johan Trujillo, directora del Centro de la Imagen<\/strong>, Brito adelant\u00f3 que las y los visitantes podr\u00e1n conocer el trabajo fotoperiod\u00edstico de Garc\u00eda, a trav\u00e9s de alrededor de 240 im\u00e1genes, autor\u00eda de qui\u00e9n ilustr\u00f3 varios libros de Monsiv\u00e1is con fotograf\u00edas con\u00a0<em>Principados y potestades<\/em>\u00a0(1969) y\u00a0<em>D\u00edas de guardar<\/em>\u00a0(1970).<\/p>\n<p>&#8220;\u00c9l es uno de los fot\u00f3grafos fundamentales de M\u00e9xico durante el siglo XX, cubre todo un espectro importante de lo que fue el fotoperiodismo mexicano, un fen\u00f3meno a muchos niveles. No podemos entender al M\u00e9xico de hoy sin las fotograf\u00edas de Garc\u00eda. Coleccionar fotograf\u00edas de H\u00e9ctor Garc\u00eda es coleccionar a la Ciudad de M\u00e9xico&#8221;, extern\u00f3 el caricaturista Rafael Barajas \u201cEl Fisg\u00f3n\u201d, curador de la muestra, en la cual a trav\u00e9s de 11 n\u00facleos tem\u00e1ticos se retrata la infancia, su amor por la ciudad y sus m\u00e1s destacados fotorreportajes, as\u00ed como las m\u00e1s grandes amistades de este cronista fotogr\u00e1fico.<\/p>\n<p>La exposici\u00f3n es una iniciativa de H\u00e9ctor Garc\u00eda hijo, coordinada por las Secretar\u00edas de Cultura del Gobierno de M\u00e9xico y de la Ciudad de M\u00e9xico as\u00ed como la Fundaci\u00f3n Mar\u00eda y H\u00e9ctor Garc\u00eda, la cual se compone de nueve exposiciones en el Complejo Cultural Los Pinos, el Centro de la Imagen, la Galer\u00eda Abierta Rejas de Chapultepec, el Museo Nacional de Arte, la Embajada de Brasil en M\u00e9xico y la LMI Gallery, as\u00ed como la sede de Fundaci\u00f3n.<\/p>\n<p>&#8220;En este esfuerzo tripartita logramos reunir nueve sedes para configurar un programa expositivo conmemorativo por el centenario del natalicio de H\u00e9ctor Garc\u00eda. Esto nos permite de alguna forma tener una cobertura en los distintos puntos de la ciudad, lo que da una oportunidad no solo de honrar su legado y valorar su trabajo, sino tambi\u00e9n presentarlo y acercarlo a nuevas generaciones que quiz\u00e1 no han tenido la oportunidad de ver obra suya al tiempo que nos permitir\u00e1 presentar distintas aristas de su vasta producci\u00f3n fotogr\u00e1fica&#8221;, dijo Johan Trujillo, qui\u00e9n precis\u00f3 que las exposiciones iniciar\u00e1n con la inauguraci\u00f3n de esta muestra en el Museo del Estanquillo.<\/p>\n<p>Nacido el 23 de agosto de 1923 en la Ciudad de M\u00e9xico, H\u00e9ctor Garc\u00eda se acerc\u00f3 a la fotograf\u00eda cuando en 1946 trabaj\u00f3 como\u00a0<em>office boy<\/em>\u00a0en la revista\u00a0<em>Celuloide<\/em>\u00a0que dirig\u00eda Edmundo Valad\u00e9s, quien en su momento le dio la oportunidad de tomar la c\u00e1mara, y por el talento mostrado ingres\u00f3 a estudiar en la Academia de Arte Cinematogr\u00e1fico donde daba clases Manuel \u00c1lvarez Bravo.<\/p>\n<p>Public\u00f3 en decenas de diarios, revistas y publicaciones del pa\u00eds como \u201cM\u00e9xico en la Cultura\u201d, suplemento del diario\u00a0<em>Novedades<\/em>, dirigido por Fernando Ben\u00edtez, y del extranjero como la revista\u00a0<em>Life<\/em>. Obtuvo en tres ocasiones el Premio Nacional de Periodismo por sus fotoreportajes de movimientos sociales en 1958, 1969 y 1979, as\u00ed como el Premio Nacional de Ciencias y Artes en 2002.<\/p>\n<p>Las im\u00e1genes urbanas de Garc\u00eda se enmarcan en lugares como su barrio natal Candelaria de los Patos, La Merced, la Alameda Central, pulquer\u00edas, vecindades, peluquer\u00edas, el Palacio de Bellas Artes, Xochimilco, ferias, circos, en donde fotografi\u00f3 a campesinos, pol\u00edticos, ni\u00f1os en situaci\u00f3n de calle, vendedores ambulantes, polic\u00edas, tragafuegos, mimos, trabajadoras sexuales, cargadores de mercados, procesiones y rituales ind\u00edgenas.<\/p>\n<p>Pero H\u00e9ctor Garc\u00eda tambi\u00e9n fue un gran retratista, con su ojo entrenado y su sensibilidad creadora capt\u00f3 de manera ic\u00f3nica a importantes personajes del arte y la cultura de la talla de Juan Rulfo, Frida Kahlo, David Alfaro Siqueiros, Jos\u00e9 Clemente Orozco, Diego Rivera, Elena Poniatowska, Juan Garc\u00eda Ponce, Carlos Fuentes, Fernando Ben\u00edtez, Rosario Castellanos, Carlos Pellicer, Elena Garro, Sergio Pitol, Gerardo Murillo \u201cDr. Atl\u201d, Vicente Rojo, Silvia Pinal, Rosaura Revueltas, Pina Pellicer, To\u00f1a \u201cLa Negra\u201d, Chavela Vargas, Mar\u00eda F\u00e9lix, Dolores del R\u00edo, Pedro Infante, Germ\u00e1n Valdez \u201cTin Tan\u201d, Agust\u00edn Lara, Mario Moreno \u201cCantinflas\u201d, Jeanne Moreau, Luis Bu\u00f1uel, Adalberto Mart\u00ednez \u201cResortes\u201d, P\u00e9rez Prado, Rafael Freyre, Andy Warhol y, por supuesto, Carlos Monsiv\u00e1is.<\/p>\n<p>As\u00ed mismo, de Garc\u00eda son las fotos que aparecen en el disco\u00a0<em>Los Tepetatles<\/em>, grupo de m\u00fasica ef\u00edmero en el que particip\u00f3 Monsiv\u00e1is junto a Jos\u00e9 Luis Cuevas, Alfonso Arau, Vicente Rojo y Juli\u00e1n Bert; la historieta\u00a0<em>Lo que la mafia se llev\u00f3<\/em>, publicada por el fot\u00f3grafo en el suplemento\u00a0<em>La Cultura en M\u00e9xico<\/em>, y los stills de la pel\u00edcula\u00a0<em>Los Caifanes<\/em>, donde Monsiv\u00e1is personifica a un Santa Claus borracho. Todas ellas son im\u00e1genes incluidas en la exposici\u00f3n.<\/p>\n<p>Entre las cerca de 240 fotograf\u00edas de Garc\u00eda que presenta la exposici\u00f3n se encuentra la serie que hizo de la bailarina Gloria Mestre en una azotea, las escenas urbanas de ni\u00f1os en situaci\u00f3n de calle, la foto de\u00a0<em>La mafia<\/em>\u00a0en el bar La \u00f3pera (grupo conformado por Fernando Ben\u00edtez, Carlos Fuentes, Jos\u00e9 Luis Cuevas y Carlos Monsiv\u00e1is), el sismo de 1957 o el avistamiento de ovnis en la Ciudad de M\u00e9xico en 1965.<\/p>\n<p>Im\u00e1genes en alta resoluci\u00f3n disponible en Kit de prensa H\u00e9ctor Garc\u00eda y en la p\u00e1gina del museo\u00a0<a href=\"http:\/\/www.museodelestanquillo.cdmx.gob.mx\/exposiciones\/actuales\/que-me-ves-hector-garcia\">http:\/\/www.museodelestanquillo.cdmx.gob.mx\/exposiciones\/actuales\/que-me-ves-hector-garcia<\/a>.<\/p>\n<p>El\u00a0<strong>Museo del Estanquillo Colecciones Carlos Monsiv\u00e1is<\/strong>\u00a0est\u00e1 ubicado en Isabel la Cat\u00f3lica 26, Centro Hist\u00f3rico, con un horario de servicio de mi\u00e9rcoles a lunes de 10:00 a 18:00 horas.\u00a0<strong>Entrada libre<\/strong>.<\/p>\n<p>Con estas actividades la Secretar\u00eda de Cultura capitalina garantiza el ejercicio de los derechos culturales de los habitantes y visitantes de la capital. Para conocer todas las actividades de la Secretar\u00eda de Cultura capitalina se puede consultar la Cartelera de la Ciudad de M\u00e9xico (<a href=\"https:\/\/cartelera.cdmx.gob.mx\/\">https:\/\/cartelera.cdmx.gob.mx\/<\/a>) y las redes sociales en Facebook, Twitter, Instagram y YouTube.<\/p>\n<div dir=\"auto\"><a class=\"x1i10hfl xjbqb8w x6umtig x1b1mbwd xaqea5y xav7gou x9f619 x1ypdohk xt0psk2 xe8uvvx xdj266r x11i5rnm xat24cr x1mh8g0r xexx8yu x4uap5 x18d9i69 xkhd6sd x16tdsg8 x1hl2dhg xggy1nq x1a2a7pz xt0b8zv x1qq9wsj xo1l8bm\" tabindex=\"0\" role=\"link\" href=\"https:\/\/www.facebook.com\/hashtag\/quemeves?__eep__=6&amp;__cft__[0]=AZWTCiAFoLOZQQB18_PzCKrgK2OLLiJPVGo1w6Kr9hIIgxWxKzyZH0OhklI8YEze83_4ZXesUtaQowK_Wp8L3ZhdaH9ys52gRqNuwKjO9cVEZjNtgNm4dqUu8TauUz5xmdk&amp;__tn__=*NK-R\">#quemeves<\/a><\/div>\n<div dir=\"auto\"><a class=\"x1i10hfl xjbqb8w x6umtig x1b1mbwd xaqea5y xav7gou x9f619 x1ypdohk xt0psk2 xe8uvvx xdj266r x11i5rnm xat24cr x1mh8g0r xexx8yu x4uap5 x18d9i69 xkhd6sd x16tdsg8 x1hl2dhg xggy1nq x1a2a7pz xt0b8zv x1qq9wsj xo1l8bm\" tabindex=\"0\" role=\"link\" href=\"https:\/\/www.facebook.com\/hashtag\/hectorgarcia?__eep__=6&amp;__cft__[0]=AZWTCiAFoLOZQQB18_PzCKrgK2OLLiJPVGo1w6Kr9hIIgxWxKzyZH0OhklI8YEze83_4ZXesUtaQowK_Wp8L3ZhdaH9ys52gRqNuwKjO9cVEZjNtgNm4dqUu8TauUz5xmdk&amp;__tn__=*NK-R\">#HectorGarcia<\/a><\/div>\n<div dir=\"auto\"><a class=\"x1i10hfl xjbqb8w x6umtig x1b1mbwd xaqea5y xav7gou x9f619 x1ypdohk xt0psk2 xe8uvvx xdj266r x11i5rnm xat24cr x1mh8g0r xexx8yu x4uap5 x18d9i69 xkhd6sd x16tdsg8 x1hl2dhg xggy1nq x1a2a7pz xt0b8zv x1qq9wsj xo1l8bm\" tabindex=\"0\" role=\"link\" href=\"https:\/\/www.facebook.com\/hashtag\/museodelestanquillo?__eep__=6&amp;__cft__[0]=AZWTCiAFoLOZQQB18_PzCKrgK2OLLiJPVGo1w6Kr9hIIgxWxKzyZH0OhklI8YEze83_4ZXesUtaQowK_Wp8L3ZhdaH9ys52gRqNuwKjO9cVEZjNtgNm4dqUu8TauUz5xmdk&amp;__tn__=*NK-R\">#MuseoDelEstanquillo<\/a><\/div>\n<div dir=\"auto\"><a class=\"x1i10hfl xjbqb8w x6umtig x1b1mbwd xaqea5y xav7gou x9f619 x1ypdohk xt0psk2 xe8uvvx xdj266r x11i5rnm xat24cr x1mh8g0r xexx8yu x4uap5 x18d9i69 xkhd6sd x16tdsg8 x1hl2dhg xggy1nq x1a2a7pz xt0b8zv x1qq9wsj xo1l8bm\" tabindex=\"0\" role=\"link\" href=\"https:\/\/www.facebook.com\/hashtag\/secretariadeculturacdmx?__eep__=6&amp;__cft__[0]=AZWTCiAFoLOZQQB18_PzCKrgK2OLLiJPVGo1w6Kr9hIIgxWxKzyZH0OhklI8YEze83_4ZXesUtaQowK_Wp8L3ZhdaH9ys52gRqNuwKjO9cVEZjNtgNm4dqUu8TauUz5xmdk&amp;__tn__=*NK-R\">#secretariadeculturacdmx<\/a><\/div>\n<div dir=\"auto\"><a class=\"x1i10hfl xjbqb8w x6umtig x1b1mbwd xaqea5y xav7gou x9f619 x1ypdohk xt0psk2 xe8uvvx xdj266r x11i5rnm xat24cr x1mh8g0r xexx8yu x4uap5 x18d9i69 xkhd6sd x16tdsg8 x1hl2dhg xggy1nq x1a2a7pz xt0b8zv x1qq9wsj xo1l8bm\" tabindex=\"0\" role=\"link\" href=\"https:\/\/www.facebook.com\/hashtag\/bitacoracdmx?__eep__=6&amp;__cft__[0]=AZWTCiAFoLOZQQB18_PzCKrgK2OLLiJPVGo1w6Kr9hIIgxWxKzyZH0OhklI8YEze83_4ZXesUtaQowK_Wp8L3ZhdaH9ys52gRqNuwKjO9cVEZjNtgNm4dqUu8TauUz5xmdk&amp;__tn__=*NK-R\">#bitacoracdmx<\/a><\/div>\n<p>[\/fusion_text][fusion_imageframe image_id=&#8221;52524|medium&#8221; max_width=&#8221;&#8221; style_type=&#8221;&#8221; blur=&#8221;&#8221; stylecolor=&#8221;&#8221; hover_type=&#8221;none&#8221; bordersize=&#8221;&#8221; bordercolor=&#8221;&#8221; borderradius=&#8221;&#8221; align=&#8221;none&#8221; lightbox=&#8221;no&#8221; gallery_id=&#8221;&#8221; lightbox_image=&#8221;&#8221; lightbox_image_id=&#8221;&#8221; alt=&#8221;&#8221; link=&#8221;&#8221; linktarget=&#8221;_self&#8221; hide_on_mobile=&#8221;small-visibility,medium-visibility,large-visibility&#8221; class=&#8221;&#8221; id=&#8221;&#8221; animation_type=&#8221;&#8221; animation_direction=&#8221;left&#8221; animation_speed=&#8221;0.3&#8243; animation_offset=&#8221;&#8221;]https:\/\/www.bitacoracdmx.com\/wp-content\/uploads\/2023\/08\/WhatsApp-Image-2023-08-18-at-2.34.06-PM-249&#215;300.jpeg[\/fusion_imageframe][\/fusion_builder_column][\/fusion_builder_row][\/fusion_builder_container]<\/p>\n","protected":false},"excerpt":{"rendered":"<p>[fusion_builder_container hundred_percent=&#8221;no&#8221; equal_height_columns=&#8221;no&#8221; menu_anchor=&#8221;&#8221; hide_on_mobile=&#8221;small-visibility,medium-visibility,large-visibility&#8221; class=&#8221;&#8221; id=&#8221;&#8221; background_color=&#8221;&#8221; background_image=&#8221;&#8221; background_position=&#8221;center center&#8221; background_repeat=&#8221;no-repeat&#8221; fade=&#8221;no&#8221; background_parallax=&#8221;none&#8221; parallax_speed=&#8221;0.3&#8243; video_mp4=&#8221;&#8221; video_webm=&#8221;&#8221; video_ogv=&#8221;&#8221; video_url=&#8221;&#8221; video_aspect_ratio=&#8221;16:9&#8243; video_loop=&#8221;yes&#8221; video_mute=&#8221;yes&#8221; overlay_color=&#8221;&#8221; video_preview_image=&#8221;&#8221; border_size=&#8221;&#8221; border_color=&#8221;&#8221; border_style=&#8221;solid&#8221; padding_top=&#8221;&#8221; padding_bottom=&#8221;&#8221; padding_left=&#8221;&#8221; padding_right=&#8221;&#8221;][fusion_builder_row][fusion_builder_column type=&#8221;1_1&#8243; layout=&#8221;1_1&#8243; background_position=&#8221;left top&#8221; background_color=&#8221;&#8221; border_size=&#8221;&#8221; border_color=&#8221;&#8221; border_style=&#8221;solid&#8221; border_position=&#8221;all&#8221; spacing=&#8221;yes&#8221; background_image=&#8221;&#8221; background_repeat=&#8221;no-repeat&#8221; padding_top=&#8221;&#8221; padding_right=&#8221;&#8221; padding_bottom=&#8221;&#8221; padding_left=&#8221;&#8221; margin_top=&#8221;0px&#8221; margin_bottom=&#8221;0px&#8221; class=&#8221;&#8221; id=&#8221;&#8221; animation_type=&#8221;&#8221; animation_speed=&#8221;0.3&#8243; animation_direction=&#8221;left&#8221; hide_on_mobile=&#8221;small-visibility,medium-visibility,large-visibility&#8221; center_content=&#8221;no&#8221; last=&#8221;no&#8221; min_height=&#8221;&#8221; hover_type=&#8221;none&#8221; link=&#8221;&#8221;][fusion_text] REDACCI\u00d3N \u25cf El recinto capitalino presenta su nueva exposici\u00f3n\u00a0\u00bfQu\u00e9 me ves? H\u00e9ctor Garc\u00eda, cronista de la lente, la cual se encuentra abierta al p\u00fablico del 19 de agosto hasta el 22 de enero de 2024 \u25cf Curada por el caricaturista [&hellip;]<\/p>\n","protected":false},"author":1,"featured_media":52524,"comment_status":"open","ping_status":"open","sticky":false,"template":"","format":"standard","meta":{"footnotes":""},"categories":[9,27],"tags":[],"_links":{"self":[{"href":"https:\/\/www.bitacoracdmx.com\/index.php?rest_route=\/wp\/v2\/posts\/52523"}],"collection":[{"href":"https:\/\/www.bitacoracdmx.com\/index.php?rest_route=\/wp\/v2\/posts"}],"about":[{"href":"https:\/\/www.bitacoracdmx.com\/index.php?rest_route=\/wp\/v2\/types\/post"}],"author":[{"embeddable":true,"href":"https:\/\/www.bitacoracdmx.com\/index.php?rest_route=\/wp\/v2\/users\/1"}],"replies":[{"embeddable":true,"href":"https:\/\/www.bitacoracdmx.com\/index.php?rest_route=%2Fwp%2Fv2%2Fcomments&post=52523"}],"version-history":[{"count":1,"href":"https:\/\/www.bitacoracdmx.com\/index.php?rest_route=\/wp\/v2\/posts\/52523\/revisions"}],"predecessor-version":[{"id":52525,"href":"https:\/\/www.bitacoracdmx.com\/index.php?rest_route=\/wp\/v2\/posts\/52523\/revisions\/52525"}],"wp:featuredmedia":[{"embeddable":true,"href":"https:\/\/www.bitacoracdmx.com\/index.php?rest_route=\/wp\/v2\/media\/52524"}],"wp:attachment":[{"href":"https:\/\/www.bitacoracdmx.com\/index.php?rest_route=%2Fwp%2Fv2%2Fmedia&parent=52523"}],"wp:term":[{"taxonomy":"category","embeddable":true,"href":"https:\/\/www.bitacoracdmx.com\/index.php?rest_route=%2Fwp%2Fv2%2Fcategories&post=52523"},{"taxonomy":"post_tag","embeddable":true,"href":"https:\/\/www.bitacoracdmx.com\/index.php?rest_route=%2Fwp%2Fv2%2Ftags&post=52523"}],"curies":[{"name":"wp","href":"https:\/\/api.w.org\/{rel}","templated":true}]}}