{"id":52526,"date":"2023-08-20T17:30:38","date_gmt":"2023-08-20T17:30:38","guid":{"rendered":"https:\/\/www.bitacoracdmx.com\/?p=52526"},"modified":"2023-08-20T17:30:38","modified_gmt":"2023-08-20T17:30:38","slug":"celebra-viii-festival-mundial-del-bolero-los-dandys-martin-urieta-y-aranza","status":"publish","type":"post","link":"https:\/\/www.bitacoracdmx.com\/?p=52526","title":{"rendered":"Celebra VIII FESTIVAL MUNDIAL DEL BOLERO LOS DANDY\u2019S, MART\u00cdN URIETA y ARANZA"},"content":{"rendered":"<p>[fusion_builder_container hundred_percent=&#8221;no&#8221; equal_height_columns=&#8221;no&#8221; menu_anchor=&#8221;&#8221; hide_on_mobile=&#8221;small-visibility,medium-visibility,large-visibility&#8221; class=&#8221;&#8221; id=&#8221;&#8221; background_color=&#8221;&#8221; background_image=&#8221;&#8221; background_position=&#8221;center center&#8221; background_repeat=&#8221;no-repeat&#8221; fade=&#8221;no&#8221; background_parallax=&#8221;none&#8221; parallax_speed=&#8221;0.3&#8243; video_mp4=&#8221;&#8221; video_webm=&#8221;&#8221; video_ogv=&#8221;&#8221; video_url=&#8221;&#8221; video_aspect_ratio=&#8221;16:9&#8243; video_loop=&#8221;yes&#8221; video_mute=&#8221;yes&#8221; overlay_color=&#8221;&#8221; video_preview_image=&#8221;&#8221; border_size=&#8221;&#8221; border_color=&#8221;&#8221; border_style=&#8221;solid&#8221; padding_top=&#8221;&#8221; padding_bottom=&#8221;&#8221; padding_left=&#8221;&#8221; padding_right=&#8221;&#8221;][fusion_builder_row][fusion_builder_column type=&#8221;1_1&#8243; layout=&#8221;1_1&#8243; background_position=&#8221;left top&#8221; background_color=&#8221;&#8221; border_size=&#8221;&#8221; border_color=&#8221;&#8221; border_style=&#8221;solid&#8221; border_position=&#8221;all&#8221; spacing=&#8221;yes&#8221; background_image=&#8221;&#8221; background_repeat=&#8221;no-repeat&#8221; padding_top=&#8221;&#8221; padding_right=&#8221;&#8221; padding_bottom=&#8221;&#8221; padding_left=&#8221;&#8221; margin_top=&#8221;0px&#8221; margin_bottom=&#8221;0px&#8221; class=&#8221;&#8221; id=&#8221;&#8221; animation_type=&#8221;&#8221; animation_speed=&#8221;0.3&#8243; animation_direction=&#8221;left&#8221; hide_on_mobile=&#8221;small-visibility,medium-visibility,large-visibility&#8221; center_content=&#8221;no&#8221; last=&#8221;no&#8221; min_height=&#8221;&#8221; hover_type=&#8221;none&#8221; link=&#8221;&#8221;][fusion_text]<\/p>\n<p>REDACCI\u00d3N<\/p>\n<p>\u2022 Bajo la direcci\u00f3n art\u00edstica de Rodrigo de la Cadena, la presente edici\u00f3n rinde homenaje a Los Dandy\u2019s, a la cantante Aranza y al compositor Mart\u00edn Urieta<\/p>\n<p>\u2022 Participar\u00e1n en tres d\u00edas artistas procedentes de m\u00faltiples pa\u00edses, as\u00ed como los m\u00e1s destacados tr\u00edos y solistas mexicanos<\/p>\n<p>Con la participaci\u00f3n de m\u00e1s de cien artistas que cultivan el bolero rom\u00e1ntico como g\u00e9nero musical, procedentes de diferentes pa\u00edses, se llevar\u00e1 a cabo el\u00a0<strong>VIII Festival Mundial del Bolero<\/strong>, bajo la producci\u00f3n de su director art\u00edstico y fundador, el cantante y pianista mexicano Rodrigo de la Cadena, del\u00a0<strong>25 al 27 de agosto<\/strong>\u00a0en el\u00a0<strong>Teatro de la Ciudad Esperanza Iris<\/strong>.<\/p>\n<p>Con el apoyo de la\u00a0<strong>Direcci\u00f3n del Sistema de Teatros de la Secretar\u00eda de Cultura de la Ciudad de M\u00e9xico, el VIII Festival Mundial del Bolero<\/strong>\u00a0constar\u00e1 de tres conciertos y rendir\u00e1 homenaje a tres leyendas vivientes del bolero: el tr\u00edo-cuarteto\u00a0<strong>Los Dandy\u2019s<\/strong>, el compositor\u00a0<strong>Mart\u00edn Urieta<\/strong>\u00a0y la cantante\u00a0<strong>Aranza<\/strong>.<\/p>\n<p>El viernes 25 de agosto se reconocer\u00e1 la trayectoria de\u00a0<strong>Los Dandy\u2019s<\/strong>\u00a0con la participaci\u00f3n de\u00a0<strong>Patrizio, Los Panchos, Los Tecolines, Eric Ventura, Miguel Correa, El Escuadr\u00f3n Bohemio<\/strong>, as\u00ed como el cubano Sergio Gattrono, el grupo colombiano Los Tres Rom\u00e1nticos y el guatemalteco Eduardo Villatoro, entre muchos otros.<\/p>\n<p>Fundada el 19 de octubre de 1957,\u00a0<strong>Los Dandy\u2019s<\/strong>\u00a0cuenta con m\u00e1s de sesenta a\u00f1os de trayectoria, fue el primer tr\u00edo-cuarteto de M\u00e9xico y alcanz\u00f3 la fama con canciones como \u201cGema\u201d, \u201cTres regalos\u201d, \u201cVuela paloma\u201d, \u201cPor fin\u201d, \u201cComo un duende\u201d, \u201cCerca del mar\u201d y \u201cAlma de cristal\u201d, entre cientos m\u00e1s.<\/p>\n<p>En tanto, el s\u00e1bado 26 el concierto ser\u00e1 dedicado a Mart\u00edn Urieta con la participaci\u00f3n de Humberto Cravioto, Rosy Arango, Juan Valent\u00edn, Alberto \u00c1ngel \u201cEl Cuervo\u201d, los Hermanos Barba, Fernando Cravioto y Mar\u00eda Elena Leal, adem\u00e1s de los artistas internacionales Gretel Caz\u00f3n (Cuba), Alexandra Gravas (Grecia), Pablo Ahmad (Argentina), Edwin Alvarado (Per\u00fa) y Septeto Matamoros (Cuba).<\/p>\n<p>Por su parte, Mart\u00edn Urieta, uno de los m\u00e1s importantes compositores mexicanos, es autor de temas como \u201cAc\u00e1 entre nos\u201d, \u201cA pierna suelta\u201d, \u201cBohemio de afici\u00f3n\u201d, \u201cCompr\u00e9ndanla\u201d, \u201cIndomable\u201d, \u201cSi por m\u00ed fuera\u201d, \u201cUrge\u201d y \u201cMujeres divinas\u201d, entre otras, muchas de ellas interpretadas por los m\u00e1s destacados cantantes mexicanos.<\/p>\n<p>Y, para cerrar la fiesta, el domingo 27 subir\u00e1n al escenario: Aranza (homenajeada del d\u00eda), Carlos Cuevas, Rodrigo de la Cadena, la Orquesta Mexicana del Bolero, el Coro Sinf\u00f3nio del Instituto Polit\u00e9cnico Nacional y Los Miranda.<\/p>\n<p>Aranza es una reconocida cantante que cuenta con nueve discos y cas\u00ed 30 a\u00f1os de carrera. Ha realizado grandes colaboraciones a lo largo de su trayectoria. En 1997 interpret\u00f3 el ya cl\u00e1sico tema Dime, escrito por Armando Manzanero, y con ello se consolid\u00f3 como una de las grandes voces mexicanas.<\/p>\n<p><strong>Admisi\u00f3n<\/strong>: Luneta, $990; Primer Piso Central, $850; Primer Piso Lateral, $550; Anfiteatro, $350, y Galer\u00eda, $250. Los boletos se pueden adquirir en la taquilla del teatro y en las plataformas digitales de\u00a0<strong>Ticketmaster<\/strong>.<\/p>\n<p>Para conocer la programaci\u00f3n de la Direcci\u00f3n del Sistema de Teatros de la Ciudad de M\u00e9xico visite las redes sociales:\u00a0<strong>Facebook<\/strong>\u00a0@TeatrosCdMexico,\u00a0<strong>Twitter<\/strong>\u00a0@TeatrosCdMexico e\u00a0<strong>Instagram<\/strong>\u00a0@teatroscdmexico.<\/p>\n<div dir=\"auto\"><a class=\"x1i10hfl xjbqb8w x6umtig x1b1mbwd xaqea5y xav7gou x9f619 x1ypdohk xt0psk2 xe8uvvx xdj266r x11i5rnm xat24cr x1mh8g0r xexx8yu x4uap5 x18d9i69 xkhd6sd x16tdsg8 x1hl2dhg xggy1nq x1a2a7pz xt0b8zv x1qq9wsj xo1l8bm\" tabindex=\"0\" role=\"link\" href=\"https:\/\/www.facebook.com\/hashtag\/secretariadeculturacdmx?__eep__=6&amp;__cft__[0]=AZVk7aG4_1A_Y2Bi6so78SICiS-WczshiQfiOg8T9ch2FgPr3YW58HovPwVtz8tjUE0w2UZsXsfMAqiRB9gRCEntMP5o-FYiISwDartzDYSVEJ6-I63oRwQsD00DL-YMQKY&amp;__tn__=*NK-R\">#secretariadeculturacdmx<\/a><\/div>\n<div dir=\"auto\"><a class=\"x1i10hfl xjbqb8w x6umtig x1b1mbwd xaqea5y xav7gou x9f619 x1ypdohk xt0psk2 xe8uvvx xdj266r x11i5rnm xat24cr x1mh8g0r xexx8yu x4uap5 x18d9i69 xkhd6sd x16tdsg8 x1hl2dhg xggy1nq x1a2a7pz xt0b8zv x1qq9wsj xo1l8bm\" tabindex=\"0\" role=\"link\" href=\"https:\/\/www.facebook.com\/hashtag\/festivalmundialdelbolero?__eep__=6&amp;__cft__[0]=AZVk7aG4_1A_Y2Bi6so78SICiS-WczshiQfiOg8T9ch2FgPr3YW58HovPwVtz8tjUE0w2UZsXsfMAqiRB9gRCEntMP5o-FYiISwDartzDYSVEJ6-I63oRwQsD00DL-YMQKY&amp;__tn__=*NK-R\">#FestivalMundialDelBolero<\/a><\/div>\n<div dir=\"auto\"><a class=\"x1i10hfl xjbqb8w x6umtig x1b1mbwd xaqea5y xav7gou x9f619 x1ypdohk xt0psk2 xe8uvvx xdj266r x11i5rnm xat24cr x1mh8g0r xexx8yu x4uap5 x18d9i69 xkhd6sd x16tdsg8 x1hl2dhg xggy1nq x1a2a7pz xt0b8zv x1qq9wsj xo1l8bm\" tabindex=\"0\" role=\"link\" href=\"https:\/\/www.facebook.com\/hashtag\/teatrodelaciudadesperanzairis?__eep__=6&amp;__cft__[0]=AZVk7aG4_1A_Y2Bi6so78SICiS-WczshiQfiOg8T9ch2FgPr3YW58HovPwVtz8tjUE0w2UZsXsfMAqiRB9gRCEntMP5o-FYiISwDartzDYSVEJ6-I63oRwQsD00DL-YMQKY&amp;__tn__=*NK-R\">#TeatroDeLaCiudadEsperanzaIris<\/a><\/div>\n<div dir=\"auto\"><a class=\"x1i10hfl xjbqb8w x6umtig x1b1mbwd xaqea5y xav7gou x9f619 x1ypdohk xt0psk2 xe8uvvx xdj266r x11i5rnm xat24cr x1mh8g0r xexx8yu x4uap5 x18d9i69 xkhd6sd x16tdsg8 x1hl2dhg xggy1nq x1a2a7pz xt0b8zv x1qq9wsj xo1l8bm\" tabindex=\"0\" role=\"link\" href=\"https:\/\/www.facebook.com\/hashtag\/ticketmaster?__eep__=6&amp;__cft__[0]=AZVk7aG4_1A_Y2Bi6so78SICiS-WczshiQfiOg8T9ch2FgPr3YW58HovPwVtz8tjUE0w2UZsXsfMAqiRB9gRCEntMP5o-FYiISwDartzDYSVEJ6-I63oRwQsD00DL-YMQKY&amp;__tn__=*NK-R\">#ticketmaster<\/a><\/div>\n<div dir=\"auto\"><a class=\"x1i10hfl xjbqb8w x6umtig x1b1mbwd xaqea5y xav7gou x9f619 x1ypdohk xt0psk2 xe8uvvx xdj266r x11i5rnm xat24cr x1mh8g0r xexx8yu x4uap5 x18d9i69 xkhd6sd x16tdsg8 x1hl2dhg xggy1nq x1a2a7pz xt0b8zv x1qq9wsj xo1l8bm\" tabindex=\"0\" role=\"link\" href=\"https:\/\/www.facebook.com\/hashtag\/bitacoracdmx?__eep__=6&amp;__cft__[0]=AZVk7aG4_1A_Y2Bi6so78SICiS-WczshiQfiOg8T9ch2FgPr3YW58HovPwVtz8tjUE0w2UZsXsfMAqiRB9gRCEntMP5o-FYiISwDartzDYSVEJ6-I63oRwQsD00DL-YMQKY&amp;__tn__=*NK-R\">#bitacoracdmx<\/a><\/div>\n<p>[\/fusion_text][fusion_imageframe image_id=&#8221;52527|medium&#8221; max_width=&#8221;&#8221; style_type=&#8221;&#8221; blur=&#8221;&#8221; stylecolor=&#8221;&#8221; hover_type=&#8221;none&#8221; bordersize=&#8221;&#8221; bordercolor=&#8221;&#8221; borderradius=&#8221;&#8221; align=&#8221;none&#8221; lightbox=&#8221;no&#8221; gallery_id=&#8221;&#8221; lightbox_image=&#8221;&#8221; lightbox_image_id=&#8221;&#8221; alt=&#8221;&#8221; link=&#8221;&#8221; linktarget=&#8221;_self&#8221; hide_on_mobile=&#8221;small-visibility,medium-visibility,large-visibility&#8221; class=&#8221;&#8221; id=&#8221;&#8221; animation_type=&#8221;&#8221; animation_direction=&#8221;left&#8221; animation_speed=&#8221;0.3&#8243; animation_offset=&#8221;&#8221;]https:\/\/www.bitacoracdmx.com\/wp-content\/uploads\/2023\/08\/WhatsApp-Image-2023-08-18-at-4.51.32-PM-212&#215;300.jpeg[\/fusion_imageframe][\/fusion_builder_column][\/fusion_builder_row][\/fusion_builder_container]<\/p>\n","protected":false},"excerpt":{"rendered":"<p>[fusion_builder_container hundred_percent=&#8221;no&#8221; equal_height_columns=&#8221;no&#8221; menu_anchor=&#8221;&#8221; hide_on_mobile=&#8221;small-visibility,medium-visibility,large-visibility&#8221; class=&#8221;&#8221; id=&#8221;&#8221; background_color=&#8221;&#8221; background_image=&#8221;&#8221; background_position=&#8221;center center&#8221; background_repeat=&#8221;no-repeat&#8221; fade=&#8221;no&#8221; background_parallax=&#8221;none&#8221; parallax_speed=&#8221;0.3&#8243; video_mp4=&#8221;&#8221; video_webm=&#8221;&#8221; video_ogv=&#8221;&#8221; video_url=&#8221;&#8221; video_aspect_ratio=&#8221;16:9&#8243; video_loop=&#8221;yes&#8221; video_mute=&#8221;yes&#8221; overlay_color=&#8221;&#8221; video_preview_image=&#8221;&#8221; border_size=&#8221;&#8221; border_color=&#8221;&#8221; border_style=&#8221;solid&#8221; padding_top=&#8221;&#8221; padding_bottom=&#8221;&#8221; padding_left=&#8221;&#8221; padding_right=&#8221;&#8221;][fusion_builder_row][fusion_builder_column type=&#8221;1_1&#8243; layout=&#8221;1_1&#8243; background_position=&#8221;left top&#8221; background_color=&#8221;&#8221; border_size=&#8221;&#8221; border_color=&#8221;&#8221; border_style=&#8221;solid&#8221; border_position=&#8221;all&#8221; spacing=&#8221;yes&#8221; background_image=&#8221;&#8221; background_repeat=&#8221;no-repeat&#8221; padding_top=&#8221;&#8221; padding_right=&#8221;&#8221; padding_bottom=&#8221;&#8221; padding_left=&#8221;&#8221; margin_top=&#8221;0px&#8221; margin_bottom=&#8221;0px&#8221; class=&#8221;&#8221; id=&#8221;&#8221; animation_type=&#8221;&#8221; animation_speed=&#8221;0.3&#8243; animation_direction=&#8221;left&#8221; hide_on_mobile=&#8221;small-visibility,medium-visibility,large-visibility&#8221; center_content=&#8221;no&#8221; last=&#8221;no&#8221; min_height=&#8221;&#8221; hover_type=&#8221;none&#8221; link=&#8221;&#8221;][fusion_text] REDACCI\u00d3N \u2022 Bajo la direcci\u00f3n art\u00edstica de Rodrigo de la Cadena, la presente edici\u00f3n rinde homenaje a Los Dandy\u2019s, a la cantante Aranza y al compositor Mart\u00edn Urieta \u2022 Participar\u00e1n en tres d\u00edas artistas procedentes de m\u00faltiples pa\u00edses, as\u00ed como [&hellip;]<\/p>\n","protected":false},"author":1,"featured_media":52527,"comment_status":"open","ping_status":"open","sticky":false,"template":"","format":"standard","meta":{"footnotes":""},"categories":[9,11],"tags":[],"_links":{"self":[{"href":"https:\/\/www.bitacoracdmx.com\/index.php?rest_route=\/wp\/v2\/posts\/52526"}],"collection":[{"href":"https:\/\/www.bitacoracdmx.com\/index.php?rest_route=\/wp\/v2\/posts"}],"about":[{"href":"https:\/\/www.bitacoracdmx.com\/index.php?rest_route=\/wp\/v2\/types\/post"}],"author":[{"embeddable":true,"href":"https:\/\/www.bitacoracdmx.com\/index.php?rest_route=\/wp\/v2\/users\/1"}],"replies":[{"embeddable":true,"href":"https:\/\/www.bitacoracdmx.com\/index.php?rest_route=%2Fwp%2Fv2%2Fcomments&post=52526"}],"version-history":[{"count":1,"href":"https:\/\/www.bitacoracdmx.com\/index.php?rest_route=\/wp\/v2\/posts\/52526\/revisions"}],"predecessor-version":[{"id":52528,"href":"https:\/\/www.bitacoracdmx.com\/index.php?rest_route=\/wp\/v2\/posts\/52526\/revisions\/52528"}],"wp:featuredmedia":[{"embeddable":true,"href":"https:\/\/www.bitacoracdmx.com\/index.php?rest_route=\/wp\/v2\/media\/52527"}],"wp:attachment":[{"href":"https:\/\/www.bitacoracdmx.com\/index.php?rest_route=%2Fwp%2Fv2%2Fmedia&parent=52526"}],"wp:term":[{"taxonomy":"category","embeddable":true,"href":"https:\/\/www.bitacoracdmx.com\/index.php?rest_route=%2Fwp%2Fv2%2Fcategories&post=52526"},{"taxonomy":"post_tag","embeddable":true,"href":"https:\/\/www.bitacoracdmx.com\/index.php?rest_route=%2Fwp%2Fv2%2Ftags&post=52526"}],"curies":[{"name":"wp","href":"https:\/\/api.w.org\/{rel}","templated":true}]}}