{"id":52529,"date":"2023-08-20T17:39:28","date_gmt":"2023-08-20T17:39:28","guid":{"rendered":"https:\/\/www.bitacoracdmx.com\/?p=52529"},"modified":"2023-08-20T17:39:28","modified_gmt":"2023-08-20T17:39:28","slug":"celebra-coro-de-la-ciudad-de-mexico-su-62-aniversario-con-recital-en-el-museo-jose-luis-cuevas","status":"publish","type":"post","link":"https:\/\/www.bitacoracdmx.com\/?p=52529","title":{"rendered":"Celebra CORO DE LA CIUDAD DE M\u00c9XICO su 62 ANIVERSARIO con recital en el MUSEO JOS\u00c9 LUIS CUEVAS"},"content":{"rendered":"<p>[fusion_builder_container hundred_percent=&#8221;no&#8221; equal_height_columns=&#8221;no&#8221; menu_anchor=&#8221;&#8221; hide_on_mobile=&#8221;small-visibility,medium-visibility,large-visibility&#8221; class=&#8221;&#8221; id=&#8221;&#8221; background_color=&#8221;&#8221; background_image=&#8221;&#8221; background_position=&#8221;center center&#8221; background_repeat=&#8221;no-repeat&#8221; fade=&#8221;no&#8221; background_parallax=&#8221;none&#8221; parallax_speed=&#8221;0.3&#8243; video_mp4=&#8221;&#8221; video_webm=&#8221;&#8221; video_ogv=&#8221;&#8221; video_url=&#8221;&#8221; video_aspect_ratio=&#8221;16:9&#8243; video_loop=&#8221;yes&#8221; video_mute=&#8221;yes&#8221; overlay_color=&#8221;&#8221; video_preview_image=&#8221;&#8221; border_size=&#8221;&#8221; border_color=&#8221;&#8221; border_style=&#8221;solid&#8221; padding_top=&#8221;&#8221; padding_bottom=&#8221;&#8221; padding_left=&#8221;&#8221; padding_right=&#8221;&#8221;][fusion_builder_row][fusion_builder_column type=&#8221;1_1&#8243; layout=&#8221;1_1&#8243; background_position=&#8221;left top&#8221; background_color=&#8221;&#8221; border_size=&#8221;&#8221; border_color=&#8221;&#8221; border_style=&#8221;solid&#8221; border_position=&#8221;all&#8221; spacing=&#8221;yes&#8221; background_image=&#8221;&#8221; background_repeat=&#8221;no-repeat&#8221; padding_top=&#8221;&#8221; padding_right=&#8221;&#8221; padding_bottom=&#8221;&#8221; padding_left=&#8221;&#8221; margin_top=&#8221;0px&#8221; margin_bottom=&#8221;0px&#8221; class=&#8221;&#8221; id=&#8221;&#8221; animation_type=&#8221;&#8221; animation_speed=&#8221;0.3&#8243; animation_direction=&#8221;left&#8221; hide_on_mobile=&#8221;small-visibility,medium-visibility,large-visibility&#8221; center_content=&#8221;no&#8221; last=&#8221;no&#8221; min_height=&#8221;&#8221; hover_type=&#8221;none&#8221; link=&#8221;&#8221;][fusion_text]<\/p>\n<p>REDACCI\u00d3N<\/p>\n<p>\u25cf El espect\u00e1culo se realiz\u00f3 de forma gratuita el s\u00e1bado 19 de agosto a las 13:00 horas<\/p>\n<p>\u25cf Los asistentes pudieron disfrutar de un repertorio de m\u00fasica popular mexicana, latinoamericana, rom\u00e1ntica e infantil con temas de Agust\u00edn Lara, Armando Manzanero y Francisco Gabilondo Soler \u201cCri-Cri\u201d<\/p>\n<p>El\u00a0<strong>Coro de la Ciudad de M\u00e9xico<\/strong>, adscrito al\u00a0<strong>Gobierno capitalino<\/strong>, celebr\u00f3 su aniversario n\u00famero 62 con un concierto gratuito en el\u00a0<strong>Museo Jos\u00e9 Luis Cuevas del Centro Hist\u00f3rico<\/strong>, que incluy\u00f3 un programa de m\u00fasica popular mexicana, rom\u00e1ntica, infantil y latinoamericana.<\/p>\n<p>Presentado por el director general de Gesti\u00f3n Institucional y Cooperaci\u00f3n Cultural de la Secretar\u00eda de Cultura local, Jorge Muci\u00f1o Arias; y el director del coro, David Arontes Reyes, el programa incluy\u00f3 temas como \u201cMujer\u201d de Agust\u00edn Lara (con arreglos de Arontes Reyes), \u201cSomos novios\u201d de Armando Manzanero (con arreglos de Antonio Velasco); \u201cMont\u00f3n de tierra\u201d de Liliana Felipe (con arreglos de Tonalli Bertr\u00e1n), y \u201cNegrito Bailar\u00edn\u201d, de Francisco Gabilondo Soler \u201cCri-Cri\u201d.<\/p>\n<p>A nombre de la titular de la Secretar\u00eda de Cultura de la Ciudad de M\u00e9xico, Claudia Curiel de Icaza, Muci\u00f1o Arias felicit\u00f3 al conjunto coral por su aniversario y sus importantes participaciones en eventos c\u00edvicos ante grandes personalidades, como el expresidente franc\u00e9s Charles de Gaulle, el Rey Juan Carlos de Espa\u00f1a y el Papa Juan Pablo II.<\/p>\n<p>\u201cLa secretaria les env\u00eda las m\u00e1s cordiales felicitaciones por los 62 a\u00f1os de existencia del Coro de la Ciudad de M\u00e9xico, la cual es una agrupaci\u00f3n musical que ha visto cambiar este pa\u00eds y esta ciudad. Han visto pasar por estos 62 a\u00f1os a grandes personalidades y muchos cambios. Que sean muchos a\u00f1os m\u00e1s para el coro de la Ciudad de M\u00e9xico\u201d, dijo.<\/p>\n<p>Por su parte, Arontes Reyes mencion\u00f3 que en este concierto, la agrupaci\u00f3n coral muestra su recuperaci\u00f3n completa tras los estratos generados por la pandemia, ya ten\u00edan dificultades para reunirse todos juntos y ensayar.<\/p>\n<p>\u201cYo tom\u00e9 la direcci\u00f3n del coro un poquito antes de la pandemia. \u00cdbamos caminando y de repente nos echa para atr\u00e1s muchas cosas. Entonces retomar esto ha sido muy dif\u00edcil y poco a poco hemos logrado. Desde mi punto de vista yo creo que hasta este concierto hemos recuperado todo lo que hab\u00edamos perdido\u201d, asegur\u00f3.<\/p>\n<p>Mientras que Mario Pineda Licea, integrante del coro, y familiar de uno de los coristas fundadores declar\u00f3 que desde ni\u00f1o acud\u00eda a escuchar a la agrupaci\u00f3n, lo cual lo llenaba de alegr\u00eda, por ende decidi\u00f3 unirse al conjunto.<\/p>\n<p>\u201c\u00cdbamos a verlos hasta en los ensayos, porque me gustaba el canto. Para m\u00ed pertenecer al grupo significa algo muy bonito y muy grande porque damos continuidad al coro de la Ciudad de M\u00e9xico y somos esencia de esos integrantes. Y tras 62 a\u00f1os significa que el coro sigue vigente, con fuerza, que le sigue gustando al p\u00fablico y que el p\u00fablico sigue apreciando la buena m\u00fasica\u201d, a\u00f1adi\u00f3.<\/p>\n<p>Fundado en julio de 1961, bajo la direcci\u00f3n de Antonio Rosado Gonz\u00e1lez y Ernesto Belloc Celvillo, el Coro de la Ciudad de M\u00e9xico ha sido parte fundamental de la vida musical de la capital del pa\u00eds, en donde se ha presentado en importantes eventos c\u00edvicos de diversas entidades.<\/p>\n<p>Durante el concierto el p\u00fablico pudo bailar al ritmo de canciones como \u201cVolver\u201d de Carlos Gardel, \u201cCien a\u00f1os\u201d de Rub\u00e9n Fuentes y \u201cPerfidia\u201d de Alberto Dom\u00ednguez.<\/p>\n<p>Cabe destacar que el grupo coral tambi\u00e9n ha participado en diversos eventos masivos internacionales como en los Juegos Panamericanos y del Caribe y en los Juegos Ol\u00edmpicos de M\u00e9xico 1968. Asimismo, han interpretado de manera oficial el Himno Nacional Mexicano ante destacados dignatarios nacionales y extranjeros.<\/p>\n<p>Desde el 2018, el Coro tiene como titular a Arontes Reyes, quien es egresado de la licenciatura en Direcci\u00f3n Coral del Conservatorio Nacional de M\u00fasica y ha estado al frente de diversos coros, entre los que destacan, el Colegio de Ciencias y Humanidades Azcapotzalco, Coral Mexicano del Instituto Nacional de Bellas Artes y Literatura (INBAL), ProM\u00fasica, de la Universidad Veracruzana y Filarm\u00f3nico Universitario de la Universidad Nacional Aut\u00f3noma de M\u00e9xico (UNAM).<\/p>\n<p>Tambi\u00e9n se ha presentado en recintos del interior del pa\u00eds y en el extranjero, entre ellos, Francia, Suiza, Espa\u00f1a, Italia, Alemania, Hungr\u00eda, Argentina, Brasil, Colombia y Per\u00fa.<\/p>\n<p>La agrupaci\u00f3n estuvo acompa\u00f1ada por el pianista Luis Hern\u00e1ndez, egresado del Conservatorio Nacional de M\u00fasica en la Licenciatura en Piano, quien ha presentado recitales como solista y pianista acompa\u00f1ante en diversas salas y recintos culturales de la Ciudad de M\u00e9xico, Estado de M\u00e9xico, Guanajuato, Veracruz, Hidalgo, Tabasco, Guadalajara, Baja California Norte y, en el extranjero, en Barcelona, Espa\u00f1a. Adem\u00e1s, el conjunto coral cont\u00f3 con solistas y cantantes egresados de las principales escuelas de m\u00fasica del pa\u00eds.<\/p>\n<p>En la actualidad, el Coro de la Ciudad de M\u00e9xico cuenta con un variado repertorio de temas de m\u00fasica internacional, rom\u00e1ntica, mexicana, cl\u00e1sica, \u00f3pera, adem\u00e1s interpreta temas navide\u00f1os, infantiles y juveniles.<\/p>\n<p>Para conocer todas las actividades de la\u00a0<strong>Secretar\u00eda de Cultura capitalina<\/strong>\u00a0se puede consultar la\u00a0<strong>Cartelera de la Ciudad de M\u00e9xico<\/strong>\u00a0(<a href=\"https:\/\/cartelera.cdmx.gob.mx\/\">https:\/\/cartelera.cdmx.gob.mx\/<\/a>) y las redes sociales de la Secretar\u00eda de Cultura: Facebook, Twitter, Instagram y YouTube.<\/p>\n<div dir=\"auto\"><a class=\"x1i10hfl xjbqb8w x6umtig x1b1mbwd xaqea5y xav7gou x9f619 x1ypdohk xt0psk2 xe8uvvx xdj266r x11i5rnm xat24cr x1mh8g0r xexx8yu x4uap5 x18d9i69 xkhd6sd x16tdsg8 x1hl2dhg xggy1nq x1a2a7pz xt0b8zv x1qq9wsj xo1l8bm\" tabindex=\"0\" role=\"link\" href=\"https:\/\/www.facebook.com\/hashtag\/corodelaciudaddemexico?__eep__=6&amp;__cft__[0]=AZUEiuu3wB__QsFg3uHnY2pwndeB_LV-3kwWDExjyuGIRjjU8sK5v4dtZjBQrZuWG9tCg_I0cTiK6lRBNO-FlzY_sndATxJpTrdiBnWFCpfTvOtjxt7hhp3URGMW4slzJjAwmx0YAZXJ-Hw8Rpsjk8GZ&amp;__tn__=*NK-R\">#corodelaciudaddemexico<\/a><\/div>\n<div dir=\"auto\"><a class=\"x1i10hfl xjbqb8w x6umtig x1b1mbwd xaqea5y xav7gou x9f619 x1ypdohk xt0psk2 xe8uvvx xdj266r x11i5rnm xat24cr x1mh8g0r xexx8yu x4uap5 x18d9i69 xkhd6sd x16tdsg8 x1hl2dhg xggy1nq x1a2a7pz xt0b8zv x1qq9wsj xo1l8bm\" tabindex=\"0\" role=\"link\" href=\"https:\/\/www.facebook.com\/hashtag\/museojoseluiscuevas?__eep__=6&amp;__cft__[0]=AZUEiuu3wB__QsFg3uHnY2pwndeB_LV-3kwWDExjyuGIRjjU8sK5v4dtZjBQrZuWG9tCg_I0cTiK6lRBNO-FlzY_sndATxJpTrdiBnWFCpfTvOtjxt7hhp3URGMW4slzJjAwmx0YAZXJ-Hw8Rpsjk8GZ&amp;__tn__=*NK-R\">#museojoseluiscuevas<\/a><\/div>\n<div dir=\"auto\"><a class=\"x1i10hfl xjbqb8w x6umtig x1b1mbwd xaqea5y xav7gou x9f619 x1ypdohk xt0psk2 xe8uvvx xdj266r x11i5rnm xat24cr x1mh8g0r xexx8yu x4uap5 x18d9i69 xkhd6sd x16tdsg8 x1hl2dhg xggy1nq x1a2a7pz xt0b8zv x1qq9wsj xo1l8bm\" tabindex=\"0\" role=\"link\" href=\"https:\/\/www.facebook.com\/hashtag\/secretariadeculturacdmx?__eep__=6&amp;__cft__[0]=AZUEiuu3wB__QsFg3uHnY2pwndeB_LV-3kwWDExjyuGIRjjU8sK5v4dtZjBQrZuWG9tCg_I0cTiK6lRBNO-FlzY_sndATxJpTrdiBnWFCpfTvOtjxt7hhp3URGMW4slzJjAwmx0YAZXJ-Hw8Rpsjk8GZ&amp;__tn__=*NK-R\">#secretariadeculturacdmx<\/a><\/div>\n<div dir=\"auto\"><a class=\"x1i10hfl xjbqb8w x6umtig x1b1mbwd xaqea5y xav7gou x9f619 x1ypdohk xt0psk2 xe8uvvx xdj266r x11i5rnm xat24cr x1mh8g0r xexx8yu x4uap5 x18d9i69 xkhd6sd x16tdsg8 x1hl2dhg xggy1nq x1a2a7pz xt0b8zv x1qq9wsj xo1l8bm\" tabindex=\"0\" role=\"link\" href=\"https:\/\/www.facebook.com\/hashtag\/bitacoracdmx?__eep__=6&amp;__cft__[0]=AZUEiuu3wB__QsFg3uHnY2pwndeB_LV-3kwWDExjyuGIRjjU8sK5v4dtZjBQrZuWG9tCg_I0cTiK6lRBNO-FlzY_sndATxJpTrdiBnWFCpfTvOtjxt7hhp3URGMW4slzJjAwmx0YAZXJ-Hw8Rpsjk8GZ&amp;__tn__=*NK-R\">#bitacoracdmx<\/a><\/div>\n<p>[\/fusion_text][fusion_imageframe image_id=&#8221;52530|medium&#8221; max_width=&#8221;&#8221; style_type=&#8221;&#8221; blur=&#8221;&#8221; stylecolor=&#8221;&#8221; hover_type=&#8221;none&#8221; bordersize=&#8221;&#8221; bordercolor=&#8221;&#8221; borderradius=&#8221;&#8221; align=&#8221;none&#8221; lightbox=&#8221;no&#8221; gallery_id=&#8221;&#8221; lightbox_image=&#8221;&#8221; lightbox_image_id=&#8221;&#8221; alt=&#8221;&#8221; link=&#8221;&#8221; linktarget=&#8221;_self&#8221; hide_on_mobile=&#8221;small-visibility,medium-visibility,large-visibility&#8221; class=&#8221;&#8221; id=&#8221;&#8221; animation_type=&#8221;&#8221; animation_direction=&#8221;left&#8221; animation_speed=&#8221;0.3&#8243; animation_offset=&#8221;&#8221;]https:\/\/www.bitacoracdmx.com\/wp-content\/uploads\/2023\/08\/WhatsApp-Image-2023-08-19-at-5.57.06-PM-1-300&#215;200.jpeg[\/fusion_imageframe][\/fusion_builder_column][\/fusion_builder_row][\/fusion_builder_container]<\/p>\n","protected":false},"excerpt":{"rendered":"<p>[fusion_builder_container hundred_percent=&#8221;no&#8221; equal_height_columns=&#8221;no&#8221; menu_anchor=&#8221;&#8221; hide_on_mobile=&#8221;small-visibility,medium-visibility,large-visibility&#8221; class=&#8221;&#8221; id=&#8221;&#8221; background_color=&#8221;&#8221; background_image=&#8221;&#8221; background_position=&#8221;center center&#8221; background_repeat=&#8221;no-repeat&#8221; fade=&#8221;no&#8221; background_parallax=&#8221;none&#8221; parallax_speed=&#8221;0.3&#8243; video_mp4=&#8221;&#8221; video_webm=&#8221;&#8221; video_ogv=&#8221;&#8221; video_url=&#8221;&#8221; video_aspect_ratio=&#8221;16:9&#8243; video_loop=&#8221;yes&#8221; video_mute=&#8221;yes&#8221; overlay_color=&#8221;&#8221; video_preview_image=&#8221;&#8221; border_size=&#8221;&#8221; border_color=&#8221;&#8221; border_style=&#8221;solid&#8221; padding_top=&#8221;&#8221; padding_bottom=&#8221;&#8221; padding_left=&#8221;&#8221; padding_right=&#8221;&#8221;][fusion_builder_row][fusion_builder_column type=&#8221;1_1&#8243; layout=&#8221;1_1&#8243; background_position=&#8221;left top&#8221; background_color=&#8221;&#8221; border_size=&#8221;&#8221; border_color=&#8221;&#8221; border_style=&#8221;solid&#8221; border_position=&#8221;all&#8221; spacing=&#8221;yes&#8221; background_image=&#8221;&#8221; background_repeat=&#8221;no-repeat&#8221; padding_top=&#8221;&#8221; padding_right=&#8221;&#8221; padding_bottom=&#8221;&#8221; padding_left=&#8221;&#8221; margin_top=&#8221;0px&#8221; margin_bottom=&#8221;0px&#8221; class=&#8221;&#8221; id=&#8221;&#8221; animation_type=&#8221;&#8221; animation_speed=&#8221;0.3&#8243; animation_direction=&#8221;left&#8221; hide_on_mobile=&#8221;small-visibility,medium-visibility,large-visibility&#8221; center_content=&#8221;no&#8221; last=&#8221;no&#8221; min_height=&#8221;&#8221; hover_type=&#8221;none&#8221; link=&#8221;&#8221;][fusion_text] REDACCI\u00d3N \u25cf El espect\u00e1culo se realiz\u00f3 de forma gratuita el s\u00e1bado 19 de agosto a las 13:00 horas \u25cf Los asistentes pudieron disfrutar de un repertorio de m\u00fasica popular mexicana, latinoamericana, rom\u00e1ntica e infantil con temas de Agust\u00edn Lara, Armando [&hellip;]<\/p>\n","protected":false},"author":1,"featured_media":52530,"comment_status":"open","ping_status":"open","sticky":false,"template":"","format":"standard","meta":{"footnotes":""},"categories":[5,9,11],"tags":[],"_links":{"self":[{"href":"https:\/\/www.bitacoracdmx.com\/index.php?rest_route=\/wp\/v2\/posts\/52529"}],"collection":[{"href":"https:\/\/www.bitacoracdmx.com\/index.php?rest_route=\/wp\/v2\/posts"}],"about":[{"href":"https:\/\/www.bitacoracdmx.com\/index.php?rest_route=\/wp\/v2\/types\/post"}],"author":[{"embeddable":true,"href":"https:\/\/www.bitacoracdmx.com\/index.php?rest_route=\/wp\/v2\/users\/1"}],"replies":[{"embeddable":true,"href":"https:\/\/www.bitacoracdmx.com\/index.php?rest_route=%2Fwp%2Fv2%2Fcomments&post=52529"}],"version-history":[{"count":1,"href":"https:\/\/www.bitacoracdmx.com\/index.php?rest_route=\/wp\/v2\/posts\/52529\/revisions"}],"predecessor-version":[{"id":52531,"href":"https:\/\/www.bitacoracdmx.com\/index.php?rest_route=\/wp\/v2\/posts\/52529\/revisions\/52531"}],"wp:featuredmedia":[{"embeddable":true,"href":"https:\/\/www.bitacoracdmx.com\/index.php?rest_route=\/wp\/v2\/media\/52530"}],"wp:attachment":[{"href":"https:\/\/www.bitacoracdmx.com\/index.php?rest_route=%2Fwp%2Fv2%2Fmedia&parent=52529"}],"wp:term":[{"taxonomy":"category","embeddable":true,"href":"https:\/\/www.bitacoracdmx.com\/index.php?rest_route=%2Fwp%2Fv2%2Fcategories&post=52529"},{"taxonomy":"post_tag","embeddable":true,"href":"https:\/\/www.bitacoracdmx.com\/index.php?rest_route=%2Fwp%2Fv2%2Ftags&post=52529"}],"curies":[{"name":"wp","href":"https:\/\/api.w.org\/{rel}","templated":true}]}}