{"id":52532,"date":"2023-08-20T18:43:28","date_gmt":"2023-08-20T18:43:28","guid":{"rendered":"https:\/\/www.bitacoracdmx.com\/?p=52532"},"modified":"2023-08-20T18:43:28","modified_gmt":"2023-08-20T18:43:28","slug":"beneficia-verano-divertido-a-mas-de-55-mil-ninas-ninos-y-adolescentes-en-periodo-vacacional","status":"publish","type":"post","link":"https:\/\/www.bitacoracdmx.com\/?p=52532","title":{"rendered":"Beneficia \u201cVERANO DIVERTIDO\u201d a m\u00e1s de 55 MIL NI\u00d1AS, NI\u00d1OS y ADOLESCENTES en PERIODO VACACIONAL"},"content":{"rendered":"<p>[fusion_builder_container hundred_percent=&#8221;no&#8221; equal_height_columns=&#8221;no&#8221; menu_anchor=&#8221;&#8221; hide_on_mobile=&#8221;small-visibility,medium-visibility,large-visibility&#8221; class=&#8221;&#8221; id=&#8221;&#8221; background_color=&#8221;&#8221; background_image=&#8221;&#8221; background_position=&#8221;center center&#8221; background_repeat=&#8221;no-repeat&#8221; fade=&#8221;no&#8221; background_parallax=&#8221;none&#8221; parallax_speed=&#8221;0.3&#8243; video_mp4=&#8221;&#8221; video_webm=&#8221;&#8221; video_ogv=&#8221;&#8221; video_url=&#8221;&#8221; video_aspect_ratio=&#8221;16:9&#8243; video_loop=&#8221;yes&#8221; video_mute=&#8221;yes&#8221; overlay_color=&#8221;&#8221; video_preview_image=&#8221;&#8221; border_size=&#8221;&#8221; border_color=&#8221;&#8221; border_style=&#8221;solid&#8221; padding_top=&#8221;&#8221; padding_bottom=&#8221;&#8221; padding_left=&#8221;&#8221; padding_right=&#8221;&#8221;][fusion_builder_row][fusion_builder_column type=&#8221;1_1&#8243; layout=&#8221;1_1&#8243; background_position=&#8221;left top&#8221; background_color=&#8221;&#8221; border_size=&#8221;&#8221; border_color=&#8221;&#8221; border_style=&#8221;solid&#8221; border_position=&#8221;all&#8221; spacing=&#8221;yes&#8221; background_image=&#8221;&#8221; background_repeat=&#8221;no-repeat&#8221; padding_top=&#8221;&#8221; padding_right=&#8221;&#8221; padding_bottom=&#8221;&#8221; padding_left=&#8221;&#8221; margin_top=&#8221;0px&#8221; margin_bottom=&#8221;0px&#8221; class=&#8221;&#8221; id=&#8221;&#8221; animation_type=&#8221;&#8221; animation_speed=&#8221;0.3&#8243; animation_direction=&#8221;left&#8221; hide_on_mobile=&#8221;small-visibility,medium-visibility,large-visibility&#8221; center_content=&#8221;no&#8221; last=&#8221;no&#8221; min_height=&#8221;&#8221; hover_type=&#8221;none&#8221; link=&#8221;&#8221;][fusion_text]<\/p>\n<p>REDACCI\u00d3N<\/p>\n<p>\u25cf En el cierre de actividades de la iniciativa vacacional, ni\u00f1os, ni\u00f1as y adolescentes disfrutaron de actividades deportivas, art\u00edsticas, educativas y culturales, una muestra de cortometrajes, juegos tradicionales, ajedrez, bolos, atletismo y una carrera de costales en el Centro Cultural Los Pinos<\/p>\n<p>\u25cf Durante 19 d\u00edas, las secretar\u00edas de Cultura de la Ciudad de M\u00e9xico; de Educaci\u00f3n, Ciencia, Tecnolog\u00eda e Innovaci\u00f3n (SECTEI); el Instituto del Deporte (INDEPORTE), y el Sistema para el Desarrollo Integral de la Familia (DIF), dieron a la ciudadan\u00eda una gran variedad de actividades<\/p>\n<p>\u25cf \u201cVerano Divertido\u201d se realiz\u00f3 del 31 julio al 18 de agosto en diversos puntos de las 16 alcald\u00edas de la Ciudad de M\u00e9xico<\/p>\n<p>La iniciativa del Gobierno de la Ciudad de M\u00e9xico\u00a0<strong>\u201cVerano Divertido\u201d<\/strong>, que ofreci\u00f3 cursos, talleres, juegos, recorridos tur\u00edsticos y diversas actividades enfocadas a la poblaci\u00f3n infantil, cont\u00f3 con la participaci\u00f3n de m\u00e1s de\u00a0<strong>55 mil asistentes entre ni\u00f1os, ni\u00f1as, adolescentes y p\u00fablico en general<\/strong>\u00a0en m\u00e1s de 500 sedes de la capital del 31 de julio al 18 de agosto, y tuvo un magno cierre en el\u00a0<strong>Complejo Cultural Los Pinos<\/strong>.<\/p>\n<p>Las\u00a0<strong>secretar\u00edas de Cultura de la Ciudad de M\u00e9xico; de Educaci\u00f3n, Ciencia, Tecnolog\u00eda e Innovaci\u00f3n (SECTEI)<\/strong>, a trav\u00e9s de los\u00a0<strong>Puntos de Innovaci\u00f3n, Libertad, Arte, Educaci\u00f3n y Saberes (PILARES)<\/strong>; el\u00a0<strong>Instituto del Deporte (INDEPORTE), y el Sistema para el Desarrollo Integral de la Familia (DIF)<\/strong>\u00a0fueron las dependencias encargadas de las actividades de la segunda edici\u00f3n de \u201cVerano Divertido\u201d.<\/p>\n<p>Durante el evento de clausura, el\u00a0<strong>director de Vinculaci\u00f3n Cultural Comunitaria de la Secretar\u00eda de Cultura local, Juan Gerardo L\u00f3pez<\/strong>, dio la bienvenida a familias, ni\u00f1os, ni\u00f1as y adolescentes al Complejo Cultural Los Pinos, y felicit\u00f3 a los talleristas y promotores culturales que trabajaron durante 19 d\u00edas.<\/p>\n<p>\u201cBienvenidos a Los Pinos, que era un lugar prohibido y una ciudad sagrada a la que no se pod\u00eda penetrar a pesar de que fue creada como un acto de amor del presidente L\u00e1zaro C\u00e1rdenas a su se\u00f1ora esposa. Ahora es la casa de todas y todos los mexicanos y es una gran felicidad verla llena de ni\u00f1os y ni\u00f1as\u201d, declar\u00f3.<\/p>\n<p>El funcionario mencion\u00f3 que por parte de la Secretar\u00eda de Cultura capitalina se cont\u00f3 con 276 puntos culturales en las 16 alcald\u00edas de la Ciudad de M\u00e9xico con el fin de acercar los derechos culturales a este grupo poblacional, as\u00ed como a sus familias.<\/p>\n<p>\u201cQueremos continuar trabajando con ustedes. Esta es una ciudad de derechos, de derechos de los ni\u00f1os. En este Verano Divertido han tenido lugar los derechos de los ni\u00f1os, las ni\u00f1as y los adolescentes\u201d, agreg\u00f3.<\/p>\n<p>En tanto, el titular de los PILARES, Javier Hidalgo, agradeci\u00f3 la participaci\u00f3n de las y los menores y de las familias en el evento, en el cual la dependencia particip\u00f3 con 150 actividades distintas en sus 298 recintos culturales.<\/p>\n<p>\u201cAgradecemos a todos y todas que estemos aqu\u00ed, a los pap\u00e1s, a los ni\u00f1os y un aplauso a los maestros de deportes, cultura, educaci\u00f3n, y saberes. Estamos muy orgullosos, fueron 150 actividades distintas. Hoy estamos bien contentas y contentos por cerrar aqu\u00ed. Disfruten, hoy PILARES se viste de gala\u201d, dijo.<\/p>\n<p>Por su parte Alfonso Gordillo, director de Programas a Ni\u00f1as, Ni\u00f1os y Adolescentes del DIF mencion\u00f3 que, durante las tres semanas que dur\u00f3 el curso de verano se realizaron actividades culturales en 54 centros DIF y participaron en 16 parques lineales y 30 puntos de Barrio Adentro.<\/p>\n<p>\u201cCumplimos con el objetivo este a\u00f1o que es dejar con una sonrisa a ni\u00f1os y ni\u00f1as y adolescentes de toda la Ciudad de M\u00e9xico. Muchas gracias, nuestra recompensa es la felicidad de todas las ni\u00f1as y ni\u00f1os de nuestra ciudad\u201d, dijo<\/p>\n<p>Este evento enfocado para toda la familia, pero principalmente para las infancias, comenz\u00f3 desde las 9:00 de la ma\u00f1ana con una muestra de cortometrajes realizados por ni\u00f1as y ni\u00f1os, actividades deportivas como juegos tradicionales, ajedrez, bolos, atletismo y carrera de costales; asimismo, hubo pistas de patinaje, bicicleta, de carreras y espect\u00e1culos de teatro, m\u00fasica y danza.<\/p>\n<p>Adem\u00e1s, se ofrecieron talleres de dibujo, vitrales, m\u00e1scaras mexicanas, break dance, t\u00edteres, grabado, escultura, danza, rob\u00f3tica, y de Lengua de Se\u00f1as Mexicana. Los peque\u00f1os usuarios, tambi\u00e9n se divirtieron con cuatro inflables, cuentacuentos y ense\u00f1anza de la historia y patrimonio biocultural.<\/p>\n<p>Muchos de los visitantes que acudieron al Complejo Cultural Los Pinos participaron durante tres semanas en \u201cVerano Divertido\u201d en los diversos recintos culturales que llev\u00f3 a cabo el programa cultural, tal es el caso de Julio Guti\u00e9rrez, quien lleg\u00f3 desde la Alcald\u00eda Venustiano Carranza en compa\u00f1\u00eda de su familia al recinto que antes fue casa de los Presidentes de la Rep\u00fablica.<\/p>\n<p>\u201cYo vengo por mi nieto y se est\u00e1 divirtiendo mucho. \u00c9l estuvo en el curso de verano, ha aprendido mucho y me parece excelente que culminen aqu\u00ed el evento. Y es importante que nosotros como adultos fomentemos en las infancias el conocimiento por diversas artes y actividades\u201d, dijo.<\/p>\n<p>Mencion\u00f3 que su familia estaba muy emocionada de conocer por primera vez el Complejo Cultural Los Pinos, ya que es un lugar relevante para la memoria hist\u00f3rica del pa\u00eds.<\/p>\n<p>\u201cMe parece muy bien que se realice en Los Pinos. Le expliqu\u00e9 a mi nieto que aqu\u00ed es donde antes viv\u00edan los presidentes, tambi\u00e9n es interesante conocer lugares hist\u00f3ricos y este lugar se enriquece con estas ofertas culturales\u201d, dijo.<\/p>\n<p>Por su parte, Margarita Alvarado Ju\u00e1rez de 68 a\u00f1os lleg\u00f3 desde temprano con su hija y sus nietos para tomar diversos talleres infantiles y practicar en la pista de patinaje.<\/p>\n<p>\u201cLa verdad las actividades me gustaron mucho. Vinimos desde Tl\u00e1huac. Mis nietos est\u00e1n muy contentos. Est\u00e1 bien la convivencia porque hay mucha gente y es muy divertido para los ni\u00f1os. La convivencia es sana, no es como que algunos s\u00f3lo pueden jugar sino que todos pueden jugar y hacer todo por igual\u201d, dijo.<\/p>\n<p>\u201cVerano Divertido\u201d se llev\u00f3 a cabo en distintos puntos de las 16 alcald\u00edas de la capital, divididos en espacios con promotores culturales comunitarios, en ocho recintos de la Red de F\u00e1brica de Artes y Oficios (FAROS), en cuatro Centros Culturales y en espacios p\u00fablicos de la ciudad del programa Barrio Adentro.<\/p>\n<p>Cabe destacar que el programa cultural const\u00f3 de cinco actividades dise\u00f1adas para nueve disciplinas (literatura, m\u00fasica, danza, teatro, audiovisual, patrimonio, artes pl\u00e1sticas, oficios y arte urbano). Asimismo, se realizar\u00e1n recorridos guiados por zonas emblem\u00e1ticas de la capital, proyecciones de cine al aire libre, paseos tur\u00edsticos y creaci\u00f3n de rondas sobre la tem\u00e1tica del autocuidado.<\/p>\n<p>Para conocer todas las actividades de la\u00a0<strong>Secretar\u00eda de Cultura capitalina<\/strong>\u00a0se puede consultar la\u00a0<strong>Cartelera de la Ciudad de M\u00e9xico<\/strong>\u00a0(<a href=\"https:\/\/cartelera.cdmx.gob.mx\/\">https:\/\/cartelera.cdmx.gob.mx\/<\/a>) y las redes sociales de la Secretar\u00eda de Cultura: Facebook, Twitter, Instagram y YouTube.<\/p>\n<div dir=\"auto\"><a class=\"x1i10hfl xjbqb8w x6umtig x1b1mbwd xaqea5y xav7gou x9f619 x1ypdohk xt0psk2 xe8uvvx xdj266r x11i5rnm xat24cr x1mh8g0r xexx8yu x4uap5 x18d9i69 xkhd6sd x16tdsg8 x1hl2dhg xggy1nq x1a2a7pz xt0b8zv x1qq9wsj xo1l8bm\" tabindex=\"0\" role=\"link\" href=\"https:\/\/www.facebook.com\/hashtag\/veranodivertido?__eep__=6&amp;__cft__[0]=AZW3x9Ek4yeqLfX83pMNQFN3J6nEl4domqQEc-AlTz4Lje8euH9ND7nouLwaQvn1UYl5wI6agX0U1-U3h8GlGzu0pe7NPgn2I8QTQgsDtVU1PyftaU_lvO7K3eGcEk2P-Ro&amp;__tn__=*NK-R\">#VeranoDivertido<\/a><\/div>\n<div dir=\"auto\"><a class=\"x1i10hfl xjbqb8w x6umtig x1b1mbwd xaqea5y xav7gou x9f619 x1ypdohk xt0psk2 xe8uvvx xdj266r x11i5rnm xat24cr x1mh8g0r xexx8yu x4uap5 x18d9i69 xkhd6sd x16tdsg8 x1hl2dhg xggy1nq x1a2a7pz xt0b8zv x1qq9wsj xo1l8bm\" tabindex=\"0\" role=\"link\" href=\"https:\/\/www.facebook.com\/hashtag\/secretariadeculturacdmx?__eep__=6&amp;__cft__[0]=AZW3x9Ek4yeqLfX83pMNQFN3J6nEl4domqQEc-AlTz4Lje8euH9ND7nouLwaQvn1UYl5wI6agX0U1-U3h8GlGzu0pe7NPgn2I8QTQgsDtVU1PyftaU_lvO7K3eGcEk2P-Ro&amp;__tn__=*NK-R\">#secretariadeculturacdmx<\/a><\/div>\n<div dir=\"auto\"><a class=\"x1i10hfl xjbqb8w x6umtig x1b1mbwd xaqea5y xav7gou x9f619 x1ypdohk xt0psk2 xe8uvvx xdj266r x11i5rnm xat24cr x1mh8g0r xexx8yu x4uap5 x18d9i69 xkhd6sd x16tdsg8 x1hl2dhg xggy1nq x1a2a7pz xt0b8zv x1qq9wsj xo1l8bm\" tabindex=\"0\" role=\"link\" href=\"https:\/\/www.facebook.com\/hashtag\/bitacoracdmx?__eep__=6&amp;__cft__[0]=AZW3x9Ek4yeqLfX83pMNQFN3J6nEl4domqQEc-AlTz4Lje8euH9ND7nouLwaQvn1UYl5wI6agX0U1-U3h8GlGzu0pe7NPgn2I8QTQgsDtVU1PyftaU_lvO7K3eGcEk2P-Ro&amp;__tn__=*NK-R\">#bitacoracdmx<\/a><\/div>\n<p>[\/fusion_text][fusion_imageframe image_id=&#8221;52533|medium&#8221; max_width=&#8221;&#8221; style_type=&#8221;&#8221; blur=&#8221;&#8221; stylecolor=&#8221;&#8221; hover_type=&#8221;none&#8221; bordersize=&#8221;&#8221; bordercolor=&#8221;&#8221; borderradius=&#8221;&#8221; align=&#8221;none&#8221; lightbox=&#8221;no&#8221; gallery_id=&#8221;&#8221; lightbox_image=&#8221;&#8221; lightbox_image_id=&#8221;&#8221; alt=&#8221;&#8221; link=&#8221;&#8221; linktarget=&#8221;_self&#8221; hide_on_mobile=&#8221;small-visibility,medium-visibility,large-visibility&#8221; class=&#8221;&#8221; id=&#8221;&#8221; animation_type=&#8221;&#8221; animation_direction=&#8221;left&#8221; animation_speed=&#8221;0.3&#8243; animation_offset=&#8221;&#8221;]https:\/\/www.bitacoracdmx.com\/wp-content\/uploads\/2023\/08\/WhatsApp-Image-2023-08-19-at-7.06.46-PM-300&#215;200.jpeg[\/fusion_imageframe][\/fusion_builder_column][\/fusion_builder_row][\/fusion_builder_container]<\/p>\n","protected":false},"excerpt":{"rendered":"<p>[fusion_builder_container hundred_percent=&#8221;no&#8221; equal_height_columns=&#8221;no&#8221; menu_anchor=&#8221;&#8221; hide_on_mobile=&#8221;small-visibility,medium-visibility,large-visibility&#8221; class=&#8221;&#8221; id=&#8221;&#8221; background_color=&#8221;&#8221; background_image=&#8221;&#8221; background_position=&#8221;center center&#8221; background_repeat=&#8221;no-repeat&#8221; fade=&#8221;no&#8221; background_parallax=&#8221;none&#8221; parallax_speed=&#8221;0.3&#8243; video_mp4=&#8221;&#8221; video_webm=&#8221;&#8221; video_ogv=&#8221;&#8221; video_url=&#8221;&#8221; video_aspect_ratio=&#8221;16:9&#8243; video_loop=&#8221;yes&#8221; video_mute=&#8221;yes&#8221; overlay_color=&#8221;&#8221; video_preview_image=&#8221;&#8221; border_size=&#8221;&#8221; border_color=&#8221;&#8221; border_style=&#8221;solid&#8221; padding_top=&#8221;&#8221; padding_bottom=&#8221;&#8221; padding_left=&#8221;&#8221; padding_right=&#8221;&#8221;][fusion_builder_row][fusion_builder_column type=&#8221;1_1&#8243; layout=&#8221;1_1&#8243; background_position=&#8221;left top&#8221; background_color=&#8221;&#8221; border_size=&#8221;&#8221; border_color=&#8221;&#8221; border_style=&#8221;solid&#8221; border_position=&#8221;all&#8221; spacing=&#8221;yes&#8221; background_image=&#8221;&#8221; background_repeat=&#8221;no-repeat&#8221; padding_top=&#8221;&#8221; padding_right=&#8221;&#8221; padding_bottom=&#8221;&#8221; padding_left=&#8221;&#8221; margin_top=&#8221;0px&#8221; margin_bottom=&#8221;0px&#8221; class=&#8221;&#8221; id=&#8221;&#8221; animation_type=&#8221;&#8221; animation_speed=&#8221;0.3&#8243; animation_direction=&#8221;left&#8221; hide_on_mobile=&#8221;small-visibility,medium-visibility,large-visibility&#8221; center_content=&#8221;no&#8221; last=&#8221;no&#8221; min_height=&#8221;&#8221; hover_type=&#8221;none&#8221; link=&#8221;&#8221;][fusion_text] REDACCI\u00d3N \u25cf En el cierre de actividades de la iniciativa vacacional, ni\u00f1os, ni\u00f1as y adolescentes disfrutaron de actividades deportivas, art\u00edsticas, educativas y culturales, una muestra de cortometrajes, juegos tradicionales, ajedrez, bolos, atletismo y una carrera de costales en el Centro [&hellip;]<\/p>\n","protected":false},"author":1,"featured_media":52533,"comment_status":"open","ping_status":"open","sticky":false,"template":"","format":"standard","meta":{"footnotes":""},"categories":[5,4,9],"tags":[],"_links":{"self":[{"href":"https:\/\/www.bitacoracdmx.com\/index.php?rest_route=\/wp\/v2\/posts\/52532"}],"collection":[{"href":"https:\/\/www.bitacoracdmx.com\/index.php?rest_route=\/wp\/v2\/posts"}],"about":[{"href":"https:\/\/www.bitacoracdmx.com\/index.php?rest_route=\/wp\/v2\/types\/post"}],"author":[{"embeddable":true,"href":"https:\/\/www.bitacoracdmx.com\/index.php?rest_route=\/wp\/v2\/users\/1"}],"replies":[{"embeddable":true,"href":"https:\/\/www.bitacoracdmx.com\/index.php?rest_route=%2Fwp%2Fv2%2Fcomments&post=52532"}],"version-history":[{"count":1,"href":"https:\/\/www.bitacoracdmx.com\/index.php?rest_route=\/wp\/v2\/posts\/52532\/revisions"}],"predecessor-version":[{"id":52534,"href":"https:\/\/www.bitacoracdmx.com\/index.php?rest_route=\/wp\/v2\/posts\/52532\/revisions\/52534"}],"wp:featuredmedia":[{"embeddable":true,"href":"https:\/\/www.bitacoracdmx.com\/index.php?rest_route=\/wp\/v2\/media\/52533"}],"wp:attachment":[{"href":"https:\/\/www.bitacoracdmx.com\/index.php?rest_route=%2Fwp%2Fv2%2Fmedia&parent=52532"}],"wp:term":[{"taxonomy":"category","embeddable":true,"href":"https:\/\/www.bitacoracdmx.com\/index.php?rest_route=%2Fwp%2Fv2%2Fcategories&post=52532"},{"taxonomy":"post_tag","embeddable":true,"href":"https:\/\/www.bitacoracdmx.com\/index.php?rest_route=%2Fwp%2Fv2%2Ftags&post=52532"}],"curies":[{"name":"wp","href":"https:\/\/api.w.org\/{rel}","templated":true}]}}