{"id":52543,"date":"2023-08-21T05:08:14","date_gmt":"2023-08-21T05:08:14","guid":{"rendered":"https:\/\/www.bitacoracdmx.com\/?p=52543"},"modified":"2023-08-21T05:08:14","modified_gmt":"2023-08-21T05:08:14","slug":"anuncia-marti-batres-nuevo-record-en-la-ix-fiesta-de-las-culturas-indigenas-con-mas-de-un-millon-400-mil-visitantes","status":"publish","type":"post","link":"https:\/\/www.bitacoracdmx.com\/?p=52543","title":{"rendered":"Anuncia MART\u00cd BATRES nuevo r\u00e9cord en la IX FIESTA DE LAS CULTURAS IND\u00cdGENAS con m\u00e1s de un mill\u00f3n 400 mil visitantes"},"content":{"rendered":"<p>[fusion_builder_container hundred_percent=&#8221;no&#8221; equal_height_columns=&#8221;no&#8221; menu_anchor=&#8221;&#8221; hide_on_mobile=&#8221;small-visibility,medium-visibility,large-visibility&#8221; class=&#8221;&#8221; id=&#8221;&#8221; background_color=&#8221;&#8221; background_image=&#8221;&#8221; background_position=&#8221;center center&#8221; background_repeat=&#8221;no-repeat&#8221; fade=&#8221;no&#8221; background_parallax=&#8221;none&#8221; parallax_speed=&#8221;0.3&#8243; video_mp4=&#8221;&#8221; video_webm=&#8221;&#8221; video_ogv=&#8221;&#8221; video_url=&#8221;&#8221; video_aspect_ratio=&#8221;16:9&#8243; video_loop=&#8221;yes&#8221; video_mute=&#8221;yes&#8221; overlay_color=&#8221;&#8221; video_preview_image=&#8221;&#8221; border_size=&#8221;&#8221; border_color=&#8221;&#8221; border_style=&#8221;solid&#8221; padding_top=&#8221;&#8221; padding_bottom=&#8221;&#8221; padding_left=&#8221;&#8221; padding_right=&#8221;&#8221;][fusion_builder_row][fusion_builder_column type=&#8221;1_1&#8243; layout=&#8221;1_1&#8243; background_position=&#8221;left top&#8221; background_color=&#8221;&#8221; border_size=&#8221;&#8221; border_color=&#8221;&#8221; border_style=&#8221;solid&#8221; border_position=&#8221;all&#8221; spacing=&#8221;yes&#8221; background_image=&#8221;&#8221; background_repeat=&#8221;no-repeat&#8221; padding_top=&#8221;&#8221; padding_right=&#8221;&#8221; padding_bottom=&#8221;&#8221; padding_left=&#8221;&#8221; margin_top=&#8221;0px&#8221; margin_bottom=&#8221;0px&#8221; class=&#8221;&#8221; id=&#8221;&#8221; animation_type=&#8221;&#8221; animation_speed=&#8221;0.3&#8243; animation_direction=&#8221;left&#8221; hide_on_mobile=&#8221;small-visibility,medium-visibility,large-visibility&#8221; center_content=&#8221;no&#8221; last=&#8221;no&#8221; min_height=&#8221;&#8221; hover_type=&#8221;none&#8221; link=&#8221;&#8221;][fusion_text]<\/p>\n<p>REDACCI\u00d3N<\/p>\n<p>\u25cf El evento cultural se realiz\u00f3 del 4 al 20 de agosto, periodo en que visitantes nacionales y extranjeros disfrutaron de los sabores de la comida tradicional mexicana, compartieron ense\u00f1anzas en el C\u00edrculo de Saberes, y apreciaron artesan\u00edas y espect\u00e1culos de danza, m\u00fasica y literatura<\/p>\n<p>\u25cf En el \u00faltimo d\u00eda de actividades, el p\u00fablico asistente disfrut\u00f3 de cantos y ritmos de la Banda Monumental Oaxaque\u00f1a, del Carnaval triqui Candelaria y danzas tradicionales del grupo Citlacalli<\/p>\n<p>El Jefe de Gobierno, Mart\u00ed Batres Guadarrama, anunci\u00f3 un nuevo r\u00e9cord de la\u00a0<strong>IX Fiesta de las Culturas Ind\u00edgenas, Pueblos y Barrios Originarios de la Ciudad de M\u00e9xico<\/strong>, que del\u00a0<strong>4 al 20 de agosto<\/strong>\u00a0reuni\u00f3 en el Z\u00f3calo capitalino a\u00a0<strong>un mill\u00f3n 435 mil visitantes<\/strong>, cifra que supera el n\u00famero de asistentes de las ediciones anteriores.<\/p>\n<p>\u201cLogramos un nuevo r\u00e9cord durante la IX Fiesta de las Culturas Ind\u00edgenas, Pueblos y Barrios Originarios de la Ciudad de M\u00e9xico, con la asistencia de un mill\u00f3n 400 mil personas al Z\u00f3calo capitalino, del 4 de agosto hasta el d\u00eda de hoy\u201d, comparti\u00f3 el mandatario capitalino en sus redes sociales.<\/p>\n<p>Mart\u00ed Batres destac\u00f3 la diversidad cultural de la Ciudad de M\u00e9xico, y refrend\u00f3 el compromiso del Gobierno capitalino para proteger los derechos e inclusi\u00f3n de las comunidades ind\u00edgenas, pueblos y barrios originarios.<\/p>\n<p>\u201cSomos una Ciudad que rinde homenaje a nuestras ra\u00edces y abre espacios para que la riqueza cultural se exprese. As\u00ed reafirmamos nuestra visi\u00f3n anticolonialista, antirracista y reivindicamos nuestro pasado glorioso que tambi\u00e9n es presente. \u00a1Vivan los pueblos ind\u00edgenas!\u201d, a\u00f1adi\u00f3.<\/p>\n<p>La \u00faltima jornada de la Fiesta inici\u00f3 a las 12:00 horas de este domingo, en el escenario principal con la Banda Monumental Oaxaque\u00f1a, compuesta por alrededor de 300 integrantes que pertenecen a 11 orquestas de diversas regiones de Oaxaca, la cual hizo bailar a p\u00fablico nacional y extranjero de todas las edades con ritmos de sones y jarabes de aquella entidad del sur de M\u00e9xico.<\/p>\n<p>A las 17:00 horas, las y los asistentes se congregaron en el mismo escenario para disfrutar danzas tradicionales del grupo Citlacalli; una hora m\u00e1s tarde, la agrupaci\u00f3n Carnaval triqui Candelaria despidi\u00f3 la celebraci\u00f3n con los colores y alegr\u00eda de sus trajes t\u00edpicos y m\u00fasica tradicional.<\/p>\n<p>A lo largo del d\u00eda, en el C\u00edrculo de Saberes se ense\u00f1\u00f3 a las personas interesadas a elaborar artesan\u00edas con el taller \u201cCollares del pueblo Mexcatl (Nahua)\u201d; se leyeron poemas en la presentaci\u00f3n literaria \u201cOralibrura. Cooperaci\u00f3n editorial: Voy a crecer m\u00e1s que el dolor\u201d, de H\u00e9ctor Mart\u00ednez Rojas; y se compartieron reflexiones en el conversatorio \u201cDerecho de los pueblos y barrios originarios de la Ciudad de M\u00e9xico\u201d.<\/p>\n<p>La artesana tallerista Noem\u00ed Valencia Flores, originaria de la comunidad nahua, expres\u00f3 su entusiasmo ante el buen recibimiento de las personas para aprender c\u00f3mo se realizan collares tradicionales de los pueblos originarios. \u201cEs mi primera experiencia y me gusta la participaci\u00f3n de las personas. Fue muy buena. Estoy muy contenta de poder ense\u00f1arles lo que s\u00e9\u201d, dijo.<\/p>\n<p>Valencia Flores comparti\u00f3 que desde peque\u00f1a aprendi\u00f3 de sus padres y sus abuelos a realizar esta artesan\u00eda, principalmente para las fiestas populares de su comunidad; por lo anterior, se\u00f1al\u00f3, es importante transmitir el conocimiento a las siguientes generaciones.<\/p>\n<p>\u201cMe gusta que nos involucren en este tipo de actividades para que no se pierda el conocimiento. Hay muchas cosas que nuestros abuelos nos han ense\u00f1ado y se van perdiendo, entonces me da gusto que nos empiecen abrir las puertas para dar todo el conocimiento que tenemos\u201d, declar\u00f3.<\/p>\n<p>Entre los asistentes, Manuel Casa Urbano lleg\u00f3 junto con su esposa desde Tultitl\u00e1n, Estado de M\u00e9xico, para escuchar la Banda Monumental Oaxaque\u00f1a, comer tlayudas y tomar agua de pinole.<\/p>\n<p>\u201cPara m\u00ed esta fiesta es algo extraordinario, es algo hermoso. Nos gusta que se promuevan todas las culturas que tenemos en la Ciudad de M\u00e9xico, porque somos una cultura vasta en todo sentido: en arte, en gastronom\u00eda, en artesan\u00eda, en m\u00fasica y desde nuestros ancestros la cultura ha sido muy rica. Estamos orgullosos de nuestra cultura\u201d, dijo.<\/p>\n<p>El m\u00e9dico tradicional Nahui Ocelotl, quien tuvo un espacio en la Fiesta, consider\u00f3 que en los \u00faltimos a\u00f1os las personas han tenido m\u00e1s apertura para buscar la sanaci\u00f3n mediante curaciones y remedios ancestrales, por lo cual es fundamental seguir promoviendo este tipo de conocimiento.<\/p>\n<p>\u201cYo creo que esta medicina es muy importante porque cura el alma y el esp\u00edritu, para nosotros este tipo de sabidur\u00eda medicinal tiene un peso muy importante porque es la ra\u00edz de nuestro pueblo y de nuestra cultura. Esto hay que tomarlo con conciencia y con mucha seriedad\u201d, consider\u00f3.<\/p>\n<p>Este fin de semana tambi\u00e9n se pudo disfrutar de conciertos de m\u00fasica con Osoxe Muluk y Zuvuya, DJ que experimenta con sonidos tradicionales, etno-electr\u00f3nica, world music y sesiones de improvisaci\u00f3n; la banda de rock del pueblo comca\u00b4ac Hamac Caziim, adem\u00e1s del espect\u00e1culo multidisciplinario \u201cM\u00e9xico, el ombligo de la luna\u201d y de danza tradicional con Benhe Sshinh.<\/p>\n<p>En el C\u00edrculo de Saberes se analizaron tema de inter\u00e9s para las poblaciones originarias mediante los conversatorios \u201cLitigios estrat\u00e9gicos y derechos ling\u00fc\u00edsticos de las comunidades ind\u00edgenas residentes\u201d, \u201cRedes sociales para tejer comunidad y patrimonio cultural inmaterial\u201d y \u201cLa discriminaci\u00f3n y los ind\u00edgenas en la ciudad de M\u00e9xico\u201d.<\/p>\n<p>Tambi\u00e9n se leyeron cuentos y poemas biling\u00fces y se llev\u00f3 a cabo el taller \u201cUn derecho de pueblos y barrios originarios de la Ciudad de M\u00e9xico, herbolaria para ni\u00f1os\u201d.<\/p>\n<p>Durante m\u00e1s de dos semanas, el Z\u00f3calo capitalino se llen\u00f3 de aromas y sabores tradicionales mexicanos con platillos como mole, cemitas, tlayudas, cecina o tamales. Los colores, materiales y formas tambi\u00e9n adornaron el Centro Hist\u00f3rico con artesan\u00edas desde textiles, utensilios de cocina, joyer\u00eda y esculturas.<\/p>\n<p>Este a\u00f1o, los invitados de honor a la fiesta fueron Colombia; el municipio de Tingambato, Michoac\u00e1n; y ocho barrios de Iztapalapa (San Lucas, San Pablo, San Pedro, San Jos\u00e9, Asunci\u00f3n, Santa B\u00e1rbara, San Ignacio y San Miguel), que ofrecieron al p\u00fablico muestras de su sabidur\u00eda, arte, gastronom\u00eda y cultura.<\/p>\n<p>Los visitantes tambi\u00e9n pudieron conocer m\u00e1s de la medicina tradicional ind\u00edgena a trav\u00e9s de los quiropr\u00e1cticos, curanderos, masajistas y yerberos que fueron parte de la amplia variedad de la oferta cultural.<\/p>\n<p>La Fiesta de las Culturas Ind\u00edgenas, Pueblos y Barrios Originarios de la Ciudad de M\u00e9xico es un evento cultural que busca visibilizar, valorar, concientizar y dar a conocer la riqueza cultural ind\u00edgena de nuestro pa\u00eds, adem\u00e1s de fomentar los derechos de los pueblos originarios.<\/p>\n<p>Para conocer todas las actividades de la<strong>Secretar\u00eda de Cultura capitalina<\/strong>\u00a0se puede consultar la\u00a0<strong>Cartelera de la Ciudad de M\u00e9xico<\/strong>\u00a0(<a href=\"https:\/\/cartelera.cdmx.gob.mx\/\">https:\/\/cartelera.cdmx.gob.mx\/<\/a>) y las redes sociales de la Secretar\u00eda de Cultura: Facebook, Twitter, Instagram y YouTube.<\/p>\n<div dir=\"auto\"><a class=\"x1i10hfl xjbqb8w x6umtig x1b1mbwd xaqea5y xav7gou x9f619 x1ypdohk xt0psk2 xe8uvvx xdj266r x11i5rnm xat24cr x1mh8g0r xexx8yu x4uap5 x18d9i69 xkhd6sd x16tdsg8 x1hl2dhg xggy1nq x1a2a7pz xt0b8zv x1qq9wsj xo1l8bm\" tabindex=\"0\" role=\"link\" href=\"https:\/\/www.facebook.com\/hashtag\/fiestadelasculturasindigenas?__eep__=6&amp;__cft__[0]=AZU565MqNPyou-MvKGsLCi4K6NerC2ZMpRjyuHYWFfCIMh-zMESgQjXAF1UdBjF79Z9zFYQIskStLUcdiwLWjbh2b2N-ndajdfDC3Ej1utvVvIJ0A2-WCX4T4Hs7O-FYWD8&amp;__tn__=*NK-R\">#fiestadelasculturasindigenas<\/a><\/div>\n<div dir=\"auto\"><a class=\"x1i10hfl xjbqb8w x6umtig x1b1mbwd xaqea5y xav7gou x9f619 x1ypdohk xt0psk2 xe8uvvx xdj266r x11i5rnm xat24cr x1mh8g0r xexx8yu x4uap5 x18d9i69 xkhd6sd x16tdsg8 x1hl2dhg xggy1nq x1a2a7pz xt0b8zv x1qq9wsj xo1l8bm\" tabindex=\"0\" role=\"link\" href=\"https:\/\/www.facebook.com\/hashtag\/secretariadeculturacdmx?__eep__=6&amp;__cft__[0]=AZU565MqNPyou-MvKGsLCi4K6NerC2ZMpRjyuHYWFfCIMh-zMESgQjXAF1UdBjF79Z9zFYQIskStLUcdiwLWjbh2b2N-ndajdfDC3Ej1utvVvIJ0A2-WCX4T4Hs7O-FYWD8&amp;__tn__=*NK-R\">#secretariadeculturacdmx<\/a><\/div>\n<div dir=\"auto\"><a class=\"x1i10hfl xjbqb8w x6umtig x1b1mbwd xaqea5y xav7gou x9f619 x1ypdohk xt0psk2 xe8uvvx xdj266r x11i5rnm xat24cr x1mh8g0r xexx8yu x4uap5 x18d9i69 xkhd6sd x16tdsg8 x1hl2dhg xggy1nq x1a2a7pz xt0b8zv x1qq9wsj xo1l8bm\" tabindex=\"0\" role=\"link\" href=\"https:\/\/www.facebook.com\/hashtag\/bitacoracdmx?__eep__=6&amp;__cft__[0]=AZU565MqNPyou-MvKGsLCi4K6NerC2ZMpRjyuHYWFfCIMh-zMESgQjXAF1UdBjF79Z9zFYQIskStLUcdiwLWjbh2b2N-ndajdfDC3Ej1utvVvIJ0A2-WCX4T4Hs7O-FYWD8&amp;__tn__=*NK-R\">#bitacoracdmx<\/a><\/div>\n<p>[\/fusion_text][fusion_imageframe image_id=&#8221;52544|medium&#8221; max_width=&#8221;&#8221; style_type=&#8221;&#8221; blur=&#8221;&#8221; stylecolor=&#8221;&#8221; hover_type=&#8221;none&#8221; bordersize=&#8221;&#8221; bordercolor=&#8221;&#8221; borderradius=&#8221;&#8221; align=&#8221;none&#8221; lightbox=&#8221;no&#8221; gallery_id=&#8221;&#8221; lightbox_image=&#8221;&#8221; lightbox_image_id=&#8221;&#8221; alt=&#8221;&#8221; link=&#8221;&#8221; linktarget=&#8221;_self&#8221; hide_on_mobile=&#8221;small-visibility,medium-visibility,large-visibility&#8221; class=&#8221;&#8221; id=&#8221;&#8221; animation_type=&#8221;&#8221; animation_direction=&#8221;left&#8221; animation_speed=&#8221;0.3&#8243; animation_offset=&#8221;&#8221;]https:\/\/www.bitacoracdmx.com\/wp-content\/uploads\/2023\/08\/WhatsApp-Image-2023-08-20-at-7.07.41-PM-1-300&#215;200.jpeg[\/fusion_imageframe][\/fusion_builder_column][\/fusion_builder_row][\/fusion_builder_container]<\/p>\n","protected":false},"excerpt":{"rendered":"<p>[fusion_builder_container hundred_percent=&#8221;no&#8221; equal_height_columns=&#8221;no&#8221; menu_anchor=&#8221;&#8221; hide_on_mobile=&#8221;small-visibility,medium-visibility,large-visibility&#8221; class=&#8221;&#8221; id=&#8221;&#8221; background_color=&#8221;&#8221; background_image=&#8221;&#8221; background_position=&#8221;center center&#8221; background_repeat=&#8221;no-repeat&#8221; fade=&#8221;no&#8221; background_parallax=&#8221;none&#8221; parallax_speed=&#8221;0.3&#8243; video_mp4=&#8221;&#8221; video_webm=&#8221;&#8221; video_ogv=&#8221;&#8221; video_url=&#8221;&#8221; video_aspect_ratio=&#8221;16:9&#8243; video_loop=&#8221;yes&#8221; video_mute=&#8221;yes&#8221; overlay_color=&#8221;&#8221; video_preview_image=&#8221;&#8221; border_size=&#8221;&#8221; border_color=&#8221;&#8221; border_style=&#8221;solid&#8221; padding_top=&#8221;&#8221; padding_bottom=&#8221;&#8221; padding_left=&#8221;&#8221; padding_right=&#8221;&#8221;][fusion_builder_row][fusion_builder_column type=&#8221;1_1&#8243; layout=&#8221;1_1&#8243; background_position=&#8221;left top&#8221; background_color=&#8221;&#8221; border_size=&#8221;&#8221; border_color=&#8221;&#8221; border_style=&#8221;solid&#8221; border_position=&#8221;all&#8221; spacing=&#8221;yes&#8221; background_image=&#8221;&#8221; background_repeat=&#8221;no-repeat&#8221; padding_top=&#8221;&#8221; padding_right=&#8221;&#8221; padding_bottom=&#8221;&#8221; padding_left=&#8221;&#8221; margin_top=&#8221;0px&#8221; margin_bottom=&#8221;0px&#8221; class=&#8221;&#8221; id=&#8221;&#8221; animation_type=&#8221;&#8221; animation_speed=&#8221;0.3&#8243; animation_direction=&#8221;left&#8221; hide_on_mobile=&#8221;small-visibility,medium-visibility,large-visibility&#8221; center_content=&#8221;no&#8221; last=&#8221;no&#8221; min_height=&#8221;&#8221; hover_type=&#8221;none&#8221; link=&#8221;&#8221;][fusion_text] REDACCI\u00d3N \u25cf El evento cultural se realiz\u00f3 del 4 al 20 de agosto, periodo en que visitantes nacionales y extranjeros disfrutaron de los sabores de la comida tradicional mexicana, compartieron ense\u00f1anzas en el C\u00edrculo de Saberes, y apreciaron artesan\u00edas y [&hellip;]<\/p>\n","protected":false},"author":1,"featured_media":52544,"comment_status":"open","ping_status":"open","sticky":false,"template":"","format":"standard","meta":{"footnotes":""},"categories":[5,9],"tags":[],"_links":{"self":[{"href":"https:\/\/www.bitacoracdmx.com\/index.php?rest_route=\/wp\/v2\/posts\/52543"}],"collection":[{"href":"https:\/\/www.bitacoracdmx.com\/index.php?rest_route=\/wp\/v2\/posts"}],"about":[{"href":"https:\/\/www.bitacoracdmx.com\/index.php?rest_route=\/wp\/v2\/types\/post"}],"author":[{"embeddable":true,"href":"https:\/\/www.bitacoracdmx.com\/index.php?rest_route=\/wp\/v2\/users\/1"}],"replies":[{"embeddable":true,"href":"https:\/\/www.bitacoracdmx.com\/index.php?rest_route=%2Fwp%2Fv2%2Fcomments&post=52543"}],"version-history":[{"count":1,"href":"https:\/\/www.bitacoracdmx.com\/index.php?rest_route=\/wp\/v2\/posts\/52543\/revisions"}],"predecessor-version":[{"id":52545,"href":"https:\/\/www.bitacoracdmx.com\/index.php?rest_route=\/wp\/v2\/posts\/52543\/revisions\/52545"}],"wp:featuredmedia":[{"embeddable":true,"href":"https:\/\/www.bitacoracdmx.com\/index.php?rest_route=\/wp\/v2\/media\/52544"}],"wp:attachment":[{"href":"https:\/\/www.bitacoracdmx.com\/index.php?rest_route=%2Fwp%2Fv2%2Fmedia&parent=52543"}],"wp:term":[{"taxonomy":"category","embeddable":true,"href":"https:\/\/www.bitacoracdmx.com\/index.php?rest_route=%2Fwp%2Fv2%2Fcategories&post=52543"},{"taxonomy":"post_tag","embeddable":true,"href":"https:\/\/www.bitacoracdmx.com\/index.php?rest_route=%2Fwp%2Fv2%2Ftags&post=52543"}],"curies":[{"name":"wp","href":"https:\/\/api.w.org\/{rel}","templated":true}]}}