{"id":52659,"date":"2023-08-27T03:02:20","date_gmt":"2023-08-27T03:02:20","guid":{"rendered":"https:\/\/www.bitacoracdmx.com\/?p=52659"},"modified":"2023-08-27T03:02:20","modified_gmt":"2023-08-27T03:02:20","slug":"presentan-procinecdmx-y-la-uacm-libro-de-ensayos-sobre-cine","status":"publish","type":"post","link":"https:\/\/www.bitacoracdmx.com\/?p=52659","title":{"rendered":"Presentan PROCINECDMX y la UACM LIBRO DE ENSAYOS SOBRE CINE"},"content":{"rendered":"<p>[fusion_builder_container hundred_percent=&#8221;no&#8221; equal_height_columns=&#8221;no&#8221; menu_anchor=&#8221;&#8221; hide_on_mobile=&#8221;small-visibility,medium-visibility,large-visibility&#8221; class=&#8221;&#8221; id=&#8221;&#8221; background_color=&#8221;&#8221; background_image=&#8221;&#8221; background_position=&#8221;center center&#8221; background_repeat=&#8221;no-repeat&#8221; fade=&#8221;no&#8221; background_parallax=&#8221;none&#8221; parallax_speed=&#8221;0.3&#8243; video_mp4=&#8221;&#8221; video_webm=&#8221;&#8221; video_ogv=&#8221;&#8221; video_url=&#8221;&#8221; video_aspect_ratio=&#8221;16:9&#8243; video_loop=&#8221;yes&#8221; video_mute=&#8221;yes&#8221; overlay_color=&#8221;&#8221; video_preview_image=&#8221;&#8221; border_size=&#8221;&#8221; border_color=&#8221;&#8221; border_style=&#8221;solid&#8221; padding_top=&#8221;&#8221; padding_bottom=&#8221;&#8221; padding_left=&#8221;&#8221; padding_right=&#8221;&#8221;][fusion_builder_row][fusion_builder_column type=&#8221;1_1&#8243; layout=&#8221;1_1&#8243; background_position=&#8221;left top&#8221; background_color=&#8221;&#8221; border_size=&#8221;&#8221; border_color=&#8221;&#8221; border_style=&#8221;solid&#8221; border_position=&#8221;all&#8221; spacing=&#8221;yes&#8221; background_image=&#8221;&#8221; background_repeat=&#8221;no-repeat&#8221; padding_top=&#8221;&#8221; padding_right=&#8221;&#8221; padding_bottom=&#8221;&#8221; padding_left=&#8221;&#8221; margin_top=&#8221;0px&#8221; margin_bottom=&#8221;0px&#8221; class=&#8221;&#8221; id=&#8221;&#8221; animation_type=&#8221;&#8221; animation_speed=&#8221;0.3&#8243; animation_direction=&#8221;left&#8221; hide_on_mobile=&#8221;small-visibility,medium-visibility,large-visibility&#8221; center_content=&#8221;no&#8221; last=&#8221;no&#8221; min_height=&#8221;&#8221; hover_type=&#8221;none&#8221; link=&#8221;&#8221;][fusion_text]<\/p>\n<p>REDACCI\u00d3N<\/p>\n<p>\u25cf El libro\u00a0<em>Cine: Discurso y est\u00e9tica. Reflexiones desde la multidisciplina<\/em>\u00a0es producto del trabajo realizado por los participantes del \u201cSeminario: Epistemolog\u00edas, Est\u00e9ticas y Po\u00e9ticas del cine\u201d organizado por el LaMa de la UACM.<\/p>\n<p>\u25cf Como parte del programa de actividades de la \u201cFeria del Libro UACM 2023\u201d, se realiz\u00f3 la presentaci\u00f3n de la publicaci\u00f3n que compila trece ensayos que abarcan distintos temas, autores, escuelas y corrientes de cine<\/p>\n<p>Con el objetivo de contribuir a enriquecer la cultura cinematogr\u00e1fica, fomentar la investigaci\u00f3n, la creatividad y el di\u00e1logo interdisciplinario en el s\u00e9ptimo arte y en las m\u00faltiples formas en las que el cine nos interpela y desaf\u00eda, la\u00a0<strong>Secretar\u00eda de Cultura de la Ciudad de M\u00e9xico<\/strong>, a trav\u00e9s del\u00a0<strong>Fideicomiso para la Promoci\u00f3n y Desarrollo del Cine Mexicano en la Ciudad de M\u00e9xico (PROCINECDMX)<\/strong>, en colaboraci\u00f3n con el Laboratorio de Medios Audiovisuales (LaMa) del Colegio de Humanidades y Ciencias Sociales (CHyCS) de la\u00a0<strong>Universidad Aut\u00f3noma de la Ciudad de M\u00e9xico (UACM)<\/strong>, presentaron en el marco de la \u201cFeria del Libro 2023 de la UACM\u201d, el libro titulado\u00a0<em>Cine: Discurso y est\u00e9tica. Reflexiones desde la multidisciplina<\/em>.<\/p>\n<p>Esta obra compila el resultado del an\u00e1lisis realizado desde diversas disciplinas, con el objetivo de explorar y comprender el efecto del cine y su relaci\u00f3n con la sociedad, la cultura y el arte, aprovechando la capacidad \u00fanica que el s\u00e9ptimo arte tiene de transmitir ideas, emociones y visiones del mundo.<\/p>\n<p>En el 2021, el LaMa invit\u00f3 a PROCINECDMX a participar en el \u201cSeminario: Epistemolog\u00edas, Po\u00e9ticas y Est\u00e9ticas del Cine\u201d, proyecto en el que colaboraron los profesores Graciela Gay\u00f3n, Francisco Santos, Iv\u00e1n \u00c1vila, Bianca Pires, Gabriel Herrera y Mario Viveros, quienes desde el cine, la filosof\u00eda, la sociolog\u00eda, la antropolog\u00eda y la comunicaci\u00f3n, crearon un amplio programa que incluy\u00f3 sesiones de estudio sobre realizadores, te\u00f3ricos, corrientes y momentos espec\u00edficos del desarrollo cinematogr\u00e1fico.<\/p>\n<p>A partir de esto, se lanz\u00f3 la convocatoria del seminario, los participantes a lo largo de cuatro meses analizaron y discutieron sobre estos temas, siempre teniendo al cine como eje rector. Adem\u00e1s de las sesiones, el programa integr\u00f3 proyecciones y conversatorios de largometrajes y cortos con la participaci\u00f3n de sus realizadores, as\u00ed como una clase magistral de \u201cCine Cient\u00edfico\u201d del cineasta y bi\u00f3logo Iv\u00e1n Trujillo.<\/p>\n<p>El primer tomo,\u00a0<em>Cine: Discurso y est\u00e9tica. Reflexiones desde la multidisciplina<\/em>, coordinado por Rodrigo Gerardo Mart\u00ednez Vargas, colaborador del LaMa y Cristi\u00e1n Cal\u00f3nico Lucio, director general del Fideicomiso PROCINECDMX, compila trece ensayos que abarcan distintos temas, autores, escuelas y corrientes de cine, cada uno es reflejo del proceso de an\u00e1lisis individual de su autor, enriquecido por la discusi\u00f3n colectiva que se gener\u00f3 en el seminario.<\/p>\n<p>La presentaci\u00f3n editorial se realiz\u00f3 este mi\u00e9rcoles 23 de agosto, en el Foro Patio Central del plantel Del Valle de la UACM, en una mesa en la que participaron Cristi\u00e1n Cal\u00f3nico, director general del Fideicomiso PROCINECDMX, Mario Viveros, colaborador del LaMa de la UACM, Graciela Gay\u00f3n, acad\u00e9mica e investigadora en disciplinas human\u00edsticas, Bianca Salles y Gabriel Herrera, autores de ensayos y miembros del seminario.<\/p>\n<p>Durante su intervenci\u00f3n, Viveros destac\u00f3 la importancia de las alianzas institucionales a trav\u00e9s de convenios, como el que firmaron con PROCINECDMX que contribuyan a la construcci\u00f3n del lenguaje audiovisual. Adelant\u00f3 que se pretende publicar un segundo tomo e invit\u00f3 a consultar la convocatoria para el tercer seminario que iniciar\u00e1 el mes de octubre.<\/p>\n<p>El ejemplar revela la complejidad y el poder del medio cinematogr\u00e1fico, los autores nos develan el resultado de sus investigaciones y reflexiones, permiti\u00e9ndonos discernir nuevas formas de interpretar al cine y de ampliar nuestros horizontes con respecto al mismo, el an\u00e1lisis desde diversas disciplinas forma una intersecci\u00f3n donde la semi\u00f3tica, la historia, la sociolog\u00eda y la est\u00e9tica se fusionan en su contenido.<\/p>\n<p>\u201cEste es un libro de reflexi\u00f3n te\u00f3rica que abre nuevas l\u00edneas de investigaci\u00f3n alrededor de la producci\u00f3n de cine, sustentado en el trabajo de los estudiantes, rindi\u00e9ndole honor a su talento y esfuerzo.\u201d, comparti\u00f3 Cristi\u00e1n Cal\u00f3nico, titular de PROCINECDMX. Resalt\u00f3 la necesidad de apoyar la investigaci\u00f3n de manera te\u00f3rica y pr\u00e1ctica con el prop\u00f3sito de influir en las pol\u00edticas p\u00fablicas del pa\u00eds, as\u00ed como a las publicaciones especializadas, en particular las que se generen por el trabajo de los alumnos, de ah\u00ed lo novedoso de este libro.<\/p>\n<p>Graciela Gay\u00f3n, se\u00f1al\u00f3 que el programa de los tres seminarios est\u00e1 abierto para todas las disciplinas y busca generar distintos estratos de comunicaci\u00f3n. En cada ensayo su autor nos ofrece una nueva mirada que enriquece el entendimiento del cine como arte y como fen\u00f3meno social desde un enfoque multidisciplinario.<\/p>\n<p>Por su parte, Bianca Salles y Gabriel Herrera compartieron su experiencia y participaci\u00f3n en el seminario, como espacio enriquecedor de intercambio y aprendizaje en torno al cine. El libro integra cinco ensayos realizados por profesores y ocho generados por los alumnos que permitir\u00e1n a los lectores reflexionar sobre el impacto del cine en la sociedad y en la vida misma.<\/p>\n<p>\u201cEsta investigaci\u00f3n explora de forma muy pasional distintos puntos de conexi\u00f3n y de contraste entre el pensamiento f\u00edlmico y el pensamiento te\u00f3rico, un tema muy valioso que da para reflexionar\u201d, se\u00f1al\u00f3 el cineasta Gabriel Herrera al cierre de la mesa.<\/p>\n<p>PROCINECDMX y la Universidad Aut\u00f3noma de la Ciudad de M\u00e9xico (UACM), firmaron un convenio en julio del 2021 para impulsar proyectos de investigaci\u00f3n, difusi\u00f3n, formaci\u00f3n y certificaci\u00f3n en materia de cine y documental. Derivado de ello, en conjunto con el Observatorio de Pol\u00edticas Culturales de la universidad y el \u00e1rea de Censo, Diagn\u00f3stico y Seguimiento del Fideicomiso, dise\u00f1aron una plataforma para el mapeo de los Espacios Alternativos de Exhibici\u00f3n Cinematogr\u00e1fica de la Ciudad de M\u00e9xico, una cartograf\u00eda que integra desde su programaci\u00f3n, su ubicaci\u00f3n, su entorno, y sus metas, hasta informaci\u00f3n del equipo de trabajo, sus estrategias de difusi\u00f3n y la ubicaci\u00f3n de los mismos, con el fin de generar proyectos de investigaci\u00f3n y crear estrategias acad\u00e9micas para la difusi\u00f3n y consolidaci\u00f3n de la cultura del cineclubismo, uno de los proyectos fundamentales de PROCINE. La cartograf\u00eda puede consultarse en el sitio\u00a0<a href=\"https:\/\/cineclubes.procine.cdmx.gob.mx\/\">https:\/\/cineclubes.procine.cdmx.gob.mx<\/a><\/p>\n<p>La oferta en l\u00ednea de la\u00a0<strong>Secretar\u00eda de Cultura de la Ciudad de M\u00e9xico<\/strong>\u00a0se puede conocer en su p\u00e1gina oficial (<a href=\"https:\/\/cultura.cdmx.gob.mx\/\">https:\/\/cultura.cdmx.gob.mx\/<\/a>), en la plataforma digital Capital Cultural en Nuestra Casa y a trav\u00e9s de sus cuentas oficiales de Facebook: (<a href=\"https:\/\/www.facebook.com\/Cultura.Ciudad.de.Mexico\">https:\/\/www.facebook.com\/Cultura.Ciudad.de.Mexico<\/a>); Instagram: (<a href=\"https:\/\/www.instagram.com\/culturaciudadmx\">https:\/\/www.instagram.com\/culturaciudadmx<\/a>); Twitter (<a href=\"https:\/\/twitter.com\/CulturaCiudadMx\">https:\/\/twitter.com\/CulturaCiudadMx<\/a>) y en su canal de YouTube (Secretar\u00eda de Cultura CDMX).<\/p>\n<div dir=\"auto\"><a class=\"x1i10hfl xjbqb8w x6umtig x1b1mbwd xaqea5y xav7gou x9f619 x1ypdohk xt0psk2 xe8uvvx xdj266r x11i5rnm xat24cr x1mh8g0r xexx8yu x4uap5 x18d9i69 xkhd6sd x16tdsg8 x1hl2dhg xggy1nq x1a2a7pz xt0b8zv x1qq9wsj xo1l8bm\" tabindex=\"0\" role=\"link\" href=\"https:\/\/www.facebook.com\/hashtag\/procinecdmx?__eep__=6&amp;__cft__[0]=AZXAVg-LsleepM85Gh3VyAEVwp5sGifukfLoUg_HOJ1zPhTp1uQ9W9pN6sa-i5f5vu4kKO40ksK8Z7JzZDe9gw4JgcMVVtz8CJyloRQ2V4od6FQzRU4gq6W2ChnIyFNzVpQ&amp;__tn__=*NK-R\">#PROCINECDMX<\/a><\/div>\n<div dir=\"auto\"><a class=\"x1i10hfl xjbqb8w x6umtig x1b1mbwd xaqea5y xav7gou x9f619 x1ypdohk xt0psk2 xe8uvvx xdj266r x11i5rnm xat24cr x1mh8g0r xexx8yu x4uap5 x18d9i69 xkhd6sd x16tdsg8 x1hl2dhg xggy1nq x1a2a7pz xt0b8zv x1qq9wsj xo1l8bm\" tabindex=\"0\" role=\"link\" href=\"https:\/\/www.facebook.com\/hashtag\/uacm?__eep__=6&amp;__cft__[0]=AZXAVg-LsleepM85Gh3VyAEVwp5sGifukfLoUg_HOJ1zPhTp1uQ9W9pN6sa-i5f5vu4kKO40ksK8Z7JzZDe9gw4JgcMVVtz8CJyloRQ2V4od6FQzRU4gq6W2ChnIyFNzVpQ&amp;__tn__=*NK-R\">#UACM<\/a><\/div>\n<div dir=\"auto\"><a class=\"x1i10hfl xjbqb8w x6umtig x1b1mbwd xaqea5y xav7gou x9f619 x1ypdohk xt0psk2 xe8uvvx xdj266r x11i5rnm xat24cr x1mh8g0r xexx8yu x4uap5 x18d9i69 xkhd6sd x16tdsg8 x1hl2dhg xggy1nq x1a2a7pz xt0b8zv x1qq9wsj xo1l8bm\" tabindex=\"0\" role=\"link\" href=\"https:\/\/www.facebook.com\/hashtag\/secretariadeculturacdmx?__eep__=6&amp;__cft__[0]=AZXAVg-LsleepM85Gh3VyAEVwp5sGifukfLoUg_HOJ1zPhTp1uQ9W9pN6sa-i5f5vu4kKO40ksK8Z7JzZDe9gw4JgcMVVtz8CJyloRQ2V4od6FQzRU4gq6W2ChnIyFNzVpQ&amp;__tn__=*NK-R\">#secretariadeculturacdmx<\/a><\/div>\n<div dir=\"auto\"><a class=\"x1i10hfl xjbqb8w x6umtig x1b1mbwd xaqea5y xav7gou x9f619 x1ypdohk xt0psk2 xe8uvvx xdj266r x11i5rnm xat24cr x1mh8g0r xexx8yu x4uap5 x18d9i69 xkhd6sd x16tdsg8 x1hl2dhg xggy1nq x1a2a7pz xt0b8zv x1qq9wsj xo1l8bm\" tabindex=\"0\" role=\"link\" href=\"https:\/\/www.facebook.com\/hashtag\/bitacoracdmx?__eep__=6&amp;__cft__[0]=AZXAVg-LsleepM85Gh3VyAEVwp5sGifukfLoUg_HOJ1zPhTp1uQ9W9pN6sa-i5f5vu4kKO40ksK8Z7JzZDe9gw4JgcMVVtz8CJyloRQ2V4od6FQzRU4gq6W2ChnIyFNzVpQ&amp;__tn__=*NK-R\">#bitacoracdmx<\/a><\/div>\n<p>[\/fusion_text][fusion_imageframe image_id=&#8221;52660|medium&#8221; max_width=&#8221;&#8221; style_type=&#8221;&#8221; blur=&#8221;&#8221; stylecolor=&#8221;&#8221; hover_type=&#8221;none&#8221; bordersize=&#8221;&#8221; bordercolor=&#8221;&#8221; borderradius=&#8221;&#8221; align=&#8221;none&#8221; lightbox=&#8221;no&#8221; gallery_id=&#8221;&#8221; lightbox_image=&#8221;&#8221; lightbox_image_id=&#8221;&#8221; alt=&#8221;&#8221; link=&#8221;&#8221; linktarget=&#8221;_self&#8221; hide_on_mobile=&#8221;small-visibility,medium-visibility,large-visibility&#8221; class=&#8221;&#8221; id=&#8221;&#8221; animation_type=&#8221;&#8221; animation_direction=&#8221;left&#8221; animation_speed=&#8221;0.3&#8243; animation_offset=&#8221;&#8221;]https:\/\/www.bitacoracdmx.com\/wp-content\/uploads\/2023\/08\/WhatsApp-Image-2023-08-24-at-4.42.18-PM-300&#215;200.jpeg[\/fusion_imageframe][\/fusion_builder_column][\/fusion_builder_row][\/fusion_builder_container]<\/p>\n","protected":false},"excerpt":{"rendered":"<p>[fusion_builder_container hundred_percent=&#8221;no&#8221; equal_height_columns=&#8221;no&#8221; menu_anchor=&#8221;&#8221; hide_on_mobile=&#8221;small-visibility,medium-visibility,large-visibility&#8221; class=&#8221;&#8221; id=&#8221;&#8221; background_color=&#8221;&#8221; background_image=&#8221;&#8221; background_position=&#8221;center center&#8221; background_repeat=&#8221;no-repeat&#8221; fade=&#8221;no&#8221; background_parallax=&#8221;none&#8221; parallax_speed=&#8221;0.3&#8243; video_mp4=&#8221;&#8221; video_webm=&#8221;&#8221; video_ogv=&#8221;&#8221; video_url=&#8221;&#8221; video_aspect_ratio=&#8221;16:9&#8243; video_loop=&#8221;yes&#8221; video_mute=&#8221;yes&#8221; overlay_color=&#8221;&#8221; video_preview_image=&#8221;&#8221; border_size=&#8221;&#8221; border_color=&#8221;&#8221; border_style=&#8221;solid&#8221; padding_top=&#8221;&#8221; padding_bottom=&#8221;&#8221; padding_left=&#8221;&#8221; padding_right=&#8221;&#8221;][fusion_builder_row][fusion_builder_column type=&#8221;1_1&#8243; layout=&#8221;1_1&#8243; background_position=&#8221;left top&#8221; background_color=&#8221;&#8221; border_size=&#8221;&#8221; border_color=&#8221;&#8221; border_style=&#8221;solid&#8221; border_position=&#8221;all&#8221; spacing=&#8221;yes&#8221; background_image=&#8221;&#8221; background_repeat=&#8221;no-repeat&#8221; padding_top=&#8221;&#8221; padding_right=&#8221;&#8221; padding_bottom=&#8221;&#8221; padding_left=&#8221;&#8221; margin_top=&#8221;0px&#8221; margin_bottom=&#8221;0px&#8221; class=&#8221;&#8221; id=&#8221;&#8221; animation_type=&#8221;&#8221; animation_speed=&#8221;0.3&#8243; animation_direction=&#8221;left&#8221; hide_on_mobile=&#8221;small-visibility,medium-visibility,large-visibility&#8221; center_content=&#8221;no&#8221; last=&#8221;no&#8221; min_height=&#8221;&#8221; hover_type=&#8221;none&#8221; link=&#8221;&#8221;][fusion_text] REDACCI\u00d3N \u25cf El libro\u00a0Cine: Discurso y est\u00e9tica. Reflexiones desde la multidisciplina\u00a0es producto del trabajo realizado por los participantes del \u201cSeminario: Epistemolog\u00edas, Est\u00e9ticas y Po\u00e9ticas del cine\u201d organizado por el LaMa de la UACM. \u25cf Como parte del programa de actividades [&hellip;]<\/p>\n","protected":false},"author":1,"featured_media":52660,"comment_status":"open","ping_status":"open","sticky":false,"template":"","format":"standard","meta":{"footnotes":""},"categories":[3,9,10],"tags":[],"_links":{"self":[{"href":"https:\/\/www.bitacoracdmx.com\/index.php?rest_route=\/wp\/v2\/posts\/52659"}],"collection":[{"href":"https:\/\/www.bitacoracdmx.com\/index.php?rest_route=\/wp\/v2\/posts"}],"about":[{"href":"https:\/\/www.bitacoracdmx.com\/index.php?rest_route=\/wp\/v2\/types\/post"}],"author":[{"embeddable":true,"href":"https:\/\/www.bitacoracdmx.com\/index.php?rest_route=\/wp\/v2\/users\/1"}],"replies":[{"embeddable":true,"href":"https:\/\/www.bitacoracdmx.com\/index.php?rest_route=%2Fwp%2Fv2%2Fcomments&post=52659"}],"version-history":[{"count":1,"href":"https:\/\/www.bitacoracdmx.com\/index.php?rest_route=\/wp\/v2\/posts\/52659\/revisions"}],"predecessor-version":[{"id":52661,"href":"https:\/\/www.bitacoracdmx.com\/index.php?rest_route=\/wp\/v2\/posts\/52659\/revisions\/52661"}],"wp:featuredmedia":[{"embeddable":true,"href":"https:\/\/www.bitacoracdmx.com\/index.php?rest_route=\/wp\/v2\/media\/52660"}],"wp:attachment":[{"href":"https:\/\/www.bitacoracdmx.com\/index.php?rest_route=%2Fwp%2Fv2%2Fmedia&parent=52659"}],"wp:term":[{"taxonomy":"category","embeddable":true,"href":"https:\/\/www.bitacoracdmx.com\/index.php?rest_route=%2Fwp%2Fv2%2Fcategories&post=52659"},{"taxonomy":"post_tag","embeddable":true,"href":"https:\/\/www.bitacoracdmx.com\/index.php?rest_route=%2Fwp%2Fv2%2Ftags&post=52659"}],"curies":[{"name":"wp","href":"https:\/\/api.w.org\/{rel}","templated":true}]}}