{"id":52662,"date":"2023-08-27T03:22:11","date_gmt":"2023-08-27T03:22:11","guid":{"rendered":"https:\/\/www.bitacoracdmx.com\/?p=52662"},"modified":"2023-08-27T03:22:11","modified_gmt":"2023-08-27T03:22:11","slug":"decreta-marti-batres-el-25-de-agosto-como-dia-del-bolero-en-la-ciudad-de-mexico-en-homenaje-al-legado-cultural-de-este-genero-y-sus-compositores","status":"publish","type":"post","link":"https:\/\/www.bitacoracdmx.com\/?p=52662","title":{"rendered":"Decreta MART\u00cd BATRES el 25 de agosto como D\u00cdA DEL BOLERO EN LA CIUDAD DE M\u00c9XICO en homenaje al legado cultural de este g\u00e9nero y sus compositores"},"content":{"rendered":"<p>[fusion_builder_container hundred_percent=&#8221;no&#8221; equal_height_columns=&#8221;no&#8221; menu_anchor=&#8221;&#8221; hide_on_mobile=&#8221;small-visibility,medium-visibility,large-visibility&#8221; class=&#8221;&#8221; id=&#8221;&#8221; background_color=&#8221;&#8221; background_image=&#8221;&#8221; background_position=&#8221;center center&#8221; background_repeat=&#8221;no-repeat&#8221; fade=&#8221;no&#8221; background_parallax=&#8221;none&#8221; parallax_speed=&#8221;0.3&#8243; video_mp4=&#8221;&#8221; video_webm=&#8221;&#8221; video_ogv=&#8221;&#8221; video_url=&#8221;&#8221; video_aspect_ratio=&#8221;16:9&#8243; video_loop=&#8221;yes&#8221; video_mute=&#8221;yes&#8221; overlay_color=&#8221;&#8221; video_preview_image=&#8221;&#8221; border_size=&#8221;&#8221; border_color=&#8221;&#8221; border_style=&#8221;solid&#8221; padding_top=&#8221;&#8221; padding_bottom=&#8221;&#8221; padding_left=&#8221;&#8221; padding_right=&#8221;&#8221;][fusion_builder_row][fusion_builder_column type=&#8221;1_1&#8243; layout=&#8221;1_1&#8243; background_position=&#8221;left top&#8221; background_color=&#8221;&#8221; border_size=&#8221;&#8221; border_color=&#8221;&#8221; border_style=&#8221;solid&#8221; border_position=&#8221;all&#8221; spacing=&#8221;yes&#8221; background_image=&#8221;&#8221; background_repeat=&#8221;no-repeat&#8221; padding_top=&#8221;&#8221; padding_right=&#8221;&#8221; padding_bottom=&#8221;&#8221; padding_left=&#8221;&#8221; margin_top=&#8221;0px&#8221; margin_bottom=&#8221;0px&#8221; class=&#8221;&#8221; id=&#8221;&#8221; animation_type=&#8221;&#8221; animation_speed=&#8221;0.3&#8243; animation_direction=&#8221;left&#8221; hide_on_mobile=&#8221;small-visibility,medium-visibility,large-visibility&#8221; center_content=&#8221;no&#8221; last=&#8221;no&#8221; min_height=&#8221;&#8221; hover_type=&#8221;none&#8221; link=&#8221;&#8221;][fusion_text]<\/p>\n<p>REDACCI\u00d3N<\/p>\n<p>\u25cf El Jefe de Gobierno destac\u00f3 que el bolero fue un protagonista destacado en la reconstrucci\u00f3n nacional que signific\u00f3 la Revoluci\u00f3n Mexicana y que a partir de los a\u00f1os veinte, gracias a la radio, se convirti\u00f3 en un fen\u00f3meno de cohesi\u00f3n nacional<\/p>\n<p>\u25cf Expres\u00f3 que este g\u00e9nero musical ha acompa\u00f1ado la vida social en tertulias, serenatas, reuniones familiares, est\u00e1 presente en el amor y el romanticismo mexicano<\/p>\n<p>El\u00a0<strong>Jefe de Gobierno, Mart\u00ed Batres Guadarrama<\/strong>, declar\u00f3 el\u00a0<strong>25 de agosto como el &#8220;D\u00eda del Bolero en la Ciudad de M\u00e9xico&#8221;<\/strong>, a trav\u00e9s de un Decreto publicado en la Gaceta Oficial, el cual establece que la Secretar\u00eda de Cultura local, as\u00ed como las Alcald\u00edas, dise\u00f1ar\u00e1n actividades a\u00f1o con a\u00f1o para su celebraci\u00f3n. Con este acto la capital del pa\u00eds se convierte en un escenario receptor de la cultura universal e impulsa la difusi\u00f3n de expresiones art\u00edsticas de las y los mexicanos.<\/p>\n<p>\u201cHoy sale este Decreto y dice en su parte medular: Decreto por el que se declara el 25 de agosto de cada a\u00f1o como el D\u00eda del Bolero en la Ciudad de M\u00e9xico. (&#8230;) La persona titular de la Secretar\u00eda de Cultura tendr\u00e1 a su cargo el dise\u00f1o e instrumentaci\u00f3n de un Programa anual de eventos que tenga por objeto conmemorar el D\u00eda del bolero en la Ciudad de M\u00e9xico. (&#8230;) \u00a1Viva el bolero! \u00a1Viva la cultura! \u00a1Viva el arte! \u00a1Viva la m\u00fasica!\u201d, expres\u00f3 el mandatario local.<\/p>\n<p>Mart\u00ed Batres resalt\u00f3 que, si bien este g\u00e9nero musical naci\u00f3 en Cuba, al llegar a M\u00e9xico se convirti\u00f3 en un s\u00edmbolo de cohesi\u00f3n nacional durante la Revoluci\u00f3n y desde entonces, ha permeado en cada \u00e1mbito de la vida de los habitantes de la ciudad y el pa\u00eds.<\/p>\n<p>\u201cEn M\u00e9xico, el bolero fue un protagonista destacado en esa reconstrucci\u00f3n nacional que signific\u00f3 la Revoluci\u00f3n Mexicana, para entonces, el bolero hab\u00eda florecido enormemente en la Pen\u00ednsula de Yucat\u00e1n, muy cercana, muy hermana de Cuba y a partir de los a\u00f1os 20, el bolero estall\u00f3 gracias a la radio que lo difundi\u00f3 y lo convirti\u00f3 en un fen\u00f3meno de cohesi\u00f3n nacional. Los aires del bolero animaron tertulias, serenatas, reuniones familiares, el bolero estuvo muy presente en el amor y el romanticismo mexicano\u201d, detall\u00f3.<\/p>\n<p>La secretaria de Cultura de la Ciudad de M\u00e9xico, Claudia Curiel de Icaza, resalt\u00f3 que los boleros han pasado de generaci\u00f3n en generaci\u00f3n en las familias mexicanas y se han convertido en patrimonio cultural de la ciudadan\u00eda. Por ello, adem\u00e1s del D\u00eda del Bolero, adelant\u00f3 que se trabaja para que este g\u00e9nero musical obtenga la Declaratoria de Patrimonio Cultural Inmaterial por la Organizaci\u00f3n de las Naciones Unidas para la Educaci\u00f3n, la Ciencia y la Cultura (UNESCO).<\/p>\n<p>\u201cEn el Jefe de Gobierno tenemos un aliado incondicional, no solo con la Secretar\u00eda de Cultura, sino con todo el sector cultural y, por eso, como iniciativa del Jefe de Gobierno, nos pidi\u00f3 abonar en un trabajo que ya se est\u00e1 haciendo, con una Declaratoria de Patrimonio Cultural del D\u00eda del Bolero, que se est\u00e1 trabajando con la UNESCO, con Gobierno Federal, con muchas organizaciones, por supuesto, porque es patrimonio, que si bien lleg\u00f3 de Cuba, se enraiz\u00f3 en M\u00e9xico y ahora hay un arraigo impresionante\u201d, subray\u00f3.<\/p>\n<p>Por su parte, el director del Festival Mundial del Bolero en M\u00e9xico, Rodrigo De La Cadena, celebr\u00f3 la determinaci\u00f3n del Jefe de Gobierno, de reconocer, a trav\u00e9s de este Decreto, la riqueza cultural del g\u00e9nero, y que convierte a la capital del pa\u00eds, en el epicentro del bolero.<\/p>\n<p>\u201cLa Ciudad de M\u00e9xico, lo dijo la secretaria Claudia, lo reitera el Jefe de Gobierno, es la capital de la cultura, pero ahora, a partir de este momento y desde siempre ha sido y ser\u00e1 la capital del bolero\u201d, mencion\u00f3.<\/p>\n<p>Dar\u00edo Valdelamar, hijo de Ema Elena Valdelamar y director del Cat\u00e1logo de Oro, mencion\u00f3 que el pueblo mexicano es musical en todos los sentidos; cuyas creaciones han trascendido las fronteras, con boleros que han sido traducidos en varios idiomas. Durante el evento, nombr\u00f3 a cada uno de los familiares de compositores mexicanos presentes, como la viuda de Agust\u00edn Lara, el hijo de \u00c1lvaro Carillo, el nieto de Pedro Galindo, la hija de Indalecio Ram\u00edrez, entre otros, quienes dijo, han mantenido vivo su legado recordando sus letras.<\/p>\n<p>En su intervenci\u00f3n, el director de Canal 22, Pavel Granados Chaparro, indic\u00f3 que con el Decreto se unen esfuerzos y se reconoce al bolero como un patrimonio vivo; con epicentro en la Ciudad de M\u00e9xico y que ha alcanzado a todos los continentes.<\/p>\n<p>\u201cPienso en los m\u00fasicos, en los tr\u00edos, que caminaron por las noches llevando su m\u00fasica en esa oleada de ondas sonoras con que el bolero ha inundado nuestra ciudad, como una gran Venecia, ciudad que podemos llamar \u2018Ciudad del Bolero\u2019\u201d, acot\u00f3.<\/p>\n<p>Como parte del anuncio del D\u00eda Bolero, el director del Festival Mundial del Bolero en M\u00e9xico, Rodrigo de la Cadena; el cantante Carlos Cuevas; y Los Dandy\u2019s, interpretaron diversos temas como \u201cGema\u201d, \u201cSabor a M\u00ed\u201d y \u201cPerfume de Gardenia\u201d.<\/p>\n<p>Asisti\u00f3 tambi\u00e9n al evento la esposa del Jefe de Gobierno, Daniela Cordero Arenas.<\/p>\n<div dir=\"auto\"><a class=\"x1i10hfl xjbqb8w x6umtig x1b1mbwd xaqea5y xav7gou x9f619 x1ypdohk xt0psk2 xe8uvvx xdj266r x11i5rnm xat24cr x1mh8g0r xexx8yu x4uap5 x18d9i69 xkhd6sd x16tdsg8 x1hl2dhg xggy1nq x1a2a7pz xt0b8zv x1qq9wsj xo1l8bm\" tabindex=\"0\" role=\"link\" href=\"https:\/\/www.facebook.com\/hashtag\/diadelbolero?__eep__=6&amp;__cft__[0]=AZWJmuJEWh71TQRTeDYw_o5oFNXKd6ECDP-kLuc9GvWqQS02-pI8hCJDL1dNapvviKwLR0obxzmitShVfydLfYPYioIresO-ESf7AO2gfN6XapndK3iHsponYp0QLsUkT_U&amp;__tn__=*NK-R\">#diadelbolero<\/a><\/div>\n<div dir=\"auto\"><a class=\"x1i10hfl xjbqb8w x6umtig x1b1mbwd xaqea5y xav7gou x9f619 x1ypdohk xt0psk2 xe8uvvx xdj266r x11i5rnm xat24cr x1mh8g0r xexx8yu x4uap5 x18d9i69 xkhd6sd x16tdsg8 x1hl2dhg xggy1nq x1a2a7pz xt0b8zv x1qq9wsj xo1l8bm\" tabindex=\"0\" role=\"link\" href=\"https:\/\/www.facebook.com\/hashtag\/diadelboleroenlaciudaddemexico?__eep__=6&amp;__cft__[0]=AZWJmuJEWh71TQRTeDYw_o5oFNXKd6ECDP-kLuc9GvWqQS02-pI8hCJDL1dNapvviKwLR0obxzmitShVfydLfYPYioIresO-ESf7AO2gfN6XapndK3iHsponYp0QLsUkT_U&amp;__tn__=*NK-R\">#diadelboleroenlaciudaddemexico<\/a><\/div>\n<div dir=\"auto\"><a class=\"x1i10hfl xjbqb8w x6umtig x1b1mbwd xaqea5y xav7gou x9f619 x1ypdohk xt0psk2 xe8uvvx xdj266r x11i5rnm xat24cr x1mh8g0r xexx8yu x4uap5 x18d9i69 xkhd6sd x16tdsg8 x1hl2dhg xggy1nq x1a2a7pz xt0b8zv x1qq9wsj xo1l8bm\" tabindex=\"0\" role=\"link\" href=\"https:\/\/www.facebook.com\/hashtag\/gobiernodelaciudaddem%C3%A9xico?__eep__=6&amp;__cft__[0]=AZWJmuJEWh71TQRTeDYw_o5oFNXKd6ECDP-kLuc9GvWqQS02-pI8hCJDL1dNapvviKwLR0obxzmitShVfydLfYPYioIresO-ESf7AO2gfN6XapndK3iHsponYp0QLsUkT_U&amp;__tn__=*NK-R\">#GobiernoDeLaCiudadDeM\u00e9xico<\/a><\/div>\n<div dir=\"auto\"><a class=\"x1i10hfl xjbqb8w x6umtig x1b1mbwd xaqea5y xav7gou x9f619 x1ypdohk xt0psk2 xe8uvvx xdj266r x11i5rnm xat24cr x1mh8g0r xexx8yu x4uap5 x18d9i69 xkhd6sd x16tdsg8 x1hl2dhg xggy1nq x1a2a7pz xt0b8zv x1qq9wsj xo1l8bm\" tabindex=\"0\" role=\"link\" href=\"https:\/\/www.facebook.com\/hashtag\/secretariadeculturacdmx?__eep__=6&amp;__cft__[0]=AZWJmuJEWh71TQRTeDYw_o5oFNXKd6ECDP-kLuc9GvWqQS02-pI8hCJDL1dNapvviKwLR0obxzmitShVfydLfYPYioIresO-ESf7AO2gfN6XapndK3iHsponYp0QLsUkT_U&amp;__tn__=*NK-R\">#secretariadeculturacdmx<\/a><\/div>\n<div dir=\"auto\"><a class=\"x1i10hfl xjbqb8w x6umtig x1b1mbwd xaqea5y xav7gou x9f619 x1ypdohk xt0psk2 xe8uvvx xdj266r x11i5rnm xat24cr x1mh8g0r xexx8yu x4uap5 x18d9i69 xkhd6sd x16tdsg8 x1hl2dhg xggy1nq x1a2a7pz xt0b8zv x1qq9wsj xo1l8bm\" tabindex=\"0\" role=\"link\" href=\"https:\/\/www.facebook.com\/hashtag\/bitacoracdmx?__eep__=6&amp;__cft__[0]=AZWJmuJEWh71TQRTeDYw_o5oFNXKd6ECDP-kLuc9GvWqQS02-pI8hCJDL1dNapvviKwLR0obxzmitShVfydLfYPYioIresO-ESf7AO2gfN6XapndK3iHsponYp0QLsUkT_U&amp;__tn__=*NK-R\">#bitacoracdmx<\/a><\/div>\n<p>[\/fusion_text][fusion_imageframe image_id=&#8221;52663|medium&#8221; max_width=&#8221;&#8221; style_type=&#8221;&#8221; blur=&#8221;&#8221; stylecolor=&#8221;&#8221; hover_type=&#8221;none&#8221; bordersize=&#8221;&#8221; bordercolor=&#8221;&#8221; borderradius=&#8221;&#8221; align=&#8221;none&#8221; lightbox=&#8221;no&#8221; gallery_id=&#8221;&#8221; lightbox_image=&#8221;&#8221; lightbox_image_id=&#8221;&#8221; alt=&#8221;&#8221; link=&#8221;&#8221; linktarget=&#8221;_self&#8221; hide_on_mobile=&#8221;small-visibility,medium-visibility,large-visibility&#8221; class=&#8221;&#8221; id=&#8221;&#8221; animation_type=&#8221;&#8221; animation_direction=&#8221;left&#8221; animation_speed=&#8221;0.3&#8243; animation_offset=&#8221;&#8221;]https:\/\/www.bitacoracdmx.com\/wp-content\/uploads\/2023\/08\/WhatsApp-Image-2023-08-24-at-6.24.34-PM-300&#215;200.jpeg[\/fusion_imageframe][\/fusion_builder_column][\/fusion_builder_row][\/fusion_builder_container]<\/p>\n","protected":false},"excerpt":{"rendered":"<p>[fusion_builder_container hundred_percent=&#8221;no&#8221; equal_height_columns=&#8221;no&#8221; menu_anchor=&#8221;&#8221; hide_on_mobile=&#8221;small-visibility,medium-visibility,large-visibility&#8221; class=&#8221;&#8221; id=&#8221;&#8221; background_color=&#8221;&#8221; background_image=&#8221;&#8221; background_position=&#8221;center center&#8221; background_repeat=&#8221;no-repeat&#8221; fade=&#8221;no&#8221; background_parallax=&#8221;none&#8221; parallax_speed=&#8221;0.3&#8243; video_mp4=&#8221;&#8221; video_webm=&#8221;&#8221; video_ogv=&#8221;&#8221; video_url=&#8221;&#8221; video_aspect_ratio=&#8221;16:9&#8243; video_loop=&#8221;yes&#8221; video_mute=&#8221;yes&#8221; overlay_color=&#8221;&#8221; video_preview_image=&#8221;&#8221; border_size=&#8221;&#8221; border_color=&#8221;&#8221; border_style=&#8221;solid&#8221; padding_top=&#8221;&#8221; padding_bottom=&#8221;&#8221; padding_left=&#8221;&#8221; padding_right=&#8221;&#8221;][fusion_builder_row][fusion_builder_column type=&#8221;1_1&#8243; layout=&#8221;1_1&#8243; background_position=&#8221;left top&#8221; background_color=&#8221;&#8221; border_size=&#8221;&#8221; border_color=&#8221;&#8221; border_style=&#8221;solid&#8221; border_position=&#8221;all&#8221; spacing=&#8221;yes&#8221; background_image=&#8221;&#8221; background_repeat=&#8221;no-repeat&#8221; padding_top=&#8221;&#8221; padding_right=&#8221;&#8221; padding_bottom=&#8221;&#8221; padding_left=&#8221;&#8221; margin_top=&#8221;0px&#8221; margin_bottom=&#8221;0px&#8221; class=&#8221;&#8221; id=&#8221;&#8221; animation_type=&#8221;&#8221; animation_speed=&#8221;0.3&#8243; animation_direction=&#8221;left&#8221; hide_on_mobile=&#8221;small-visibility,medium-visibility,large-visibility&#8221; center_content=&#8221;no&#8221; last=&#8221;no&#8221; min_height=&#8221;&#8221; hover_type=&#8221;none&#8221; link=&#8221;&#8221;][fusion_text] REDACCI\u00d3N \u25cf El Jefe de Gobierno destac\u00f3 que el bolero fue un protagonista destacado en la reconstrucci\u00f3n nacional que signific\u00f3 la Revoluci\u00f3n Mexicana y que a partir de los a\u00f1os veinte, gracias a la radio, se convirti\u00f3 en un fen\u00f3meno [&hellip;]<\/p>\n","protected":false},"author":1,"featured_media":52663,"comment_status":"open","ping_status":"open","sticky":false,"template":"","format":"standard","meta":{"footnotes":""},"categories":[9,11],"tags":[],"_links":{"self":[{"href":"https:\/\/www.bitacoracdmx.com\/index.php?rest_route=\/wp\/v2\/posts\/52662"}],"collection":[{"href":"https:\/\/www.bitacoracdmx.com\/index.php?rest_route=\/wp\/v2\/posts"}],"about":[{"href":"https:\/\/www.bitacoracdmx.com\/index.php?rest_route=\/wp\/v2\/types\/post"}],"author":[{"embeddable":true,"href":"https:\/\/www.bitacoracdmx.com\/index.php?rest_route=\/wp\/v2\/users\/1"}],"replies":[{"embeddable":true,"href":"https:\/\/www.bitacoracdmx.com\/index.php?rest_route=%2Fwp%2Fv2%2Fcomments&post=52662"}],"version-history":[{"count":1,"href":"https:\/\/www.bitacoracdmx.com\/index.php?rest_route=\/wp\/v2\/posts\/52662\/revisions"}],"predecessor-version":[{"id":52664,"href":"https:\/\/www.bitacoracdmx.com\/index.php?rest_route=\/wp\/v2\/posts\/52662\/revisions\/52664"}],"wp:featuredmedia":[{"embeddable":true,"href":"https:\/\/www.bitacoracdmx.com\/index.php?rest_route=\/wp\/v2\/media\/52663"}],"wp:attachment":[{"href":"https:\/\/www.bitacoracdmx.com\/index.php?rest_route=%2Fwp%2Fv2%2Fmedia&parent=52662"}],"wp:term":[{"taxonomy":"category","embeddable":true,"href":"https:\/\/www.bitacoracdmx.com\/index.php?rest_route=%2Fwp%2Fv2%2Fcategories&post=52662"},{"taxonomy":"post_tag","embeddable":true,"href":"https:\/\/www.bitacoracdmx.com\/index.php?rest_route=%2Fwp%2Fv2%2Ftags&post=52662"}],"curies":[{"name":"wp","href":"https:\/\/api.w.org\/{rel}","templated":true}]}}