{"id":52665,"date":"2023-08-27T03:40:29","date_gmt":"2023-08-27T03:40:29","guid":{"rendered":"https:\/\/www.bitacoracdmx.com\/?p=52665"},"modified":"2023-08-27T03:40:29","modified_gmt":"2023-08-27T03:40:29","slug":"celebran-el-viii-festival-mundial-del-bolero-con-decreto-patrimonial-de-este-genero-musical","status":"publish","type":"post","link":"https:\/\/www.bitacoracdmx.com\/?p=52665","title":{"rendered":"Celebran el VIII FESTIVAL MUNDIAL DEL BOLERO con decreto patrimonial de este g\u00e9nero musical"},"content":{"rendered":"<p>[fusion_builder_container hundred_percent=&#8221;no&#8221; equal_height_columns=&#8221;no&#8221; menu_anchor=&#8221;&#8221; hide_on_mobile=&#8221;small-visibility,medium-visibility,large-visibility&#8221; class=&#8221;&#8221; id=&#8221;&#8221; background_color=&#8221;&#8221; background_image=&#8221;&#8221; background_position=&#8221;center center&#8221; background_repeat=&#8221;no-repeat&#8221; fade=&#8221;no&#8221; background_parallax=&#8221;none&#8221; parallax_speed=&#8221;0.3&#8243; video_mp4=&#8221;&#8221; video_webm=&#8221;&#8221; video_ogv=&#8221;&#8221; video_url=&#8221;&#8221; video_aspect_ratio=&#8221;16:9&#8243; video_loop=&#8221;yes&#8221; video_mute=&#8221;yes&#8221; overlay_color=&#8221;&#8221; video_preview_image=&#8221;&#8221; border_size=&#8221;&#8221; border_color=&#8221;&#8221; border_style=&#8221;solid&#8221; padding_top=&#8221;&#8221; padding_bottom=&#8221;&#8221; padding_left=&#8221;&#8221; padding_right=&#8221;&#8221;][fusion_builder_row][fusion_builder_column type=&#8221;1_1&#8243; layout=&#8221;1_1&#8243; background_position=&#8221;left top&#8221; background_color=&#8221;&#8221; border_size=&#8221;&#8221; border_color=&#8221;&#8221; border_style=&#8221;solid&#8221; border_position=&#8221;all&#8221; spacing=&#8221;yes&#8221; background_image=&#8221;&#8221; background_repeat=&#8221;no-repeat&#8221; padding_top=&#8221;&#8221; padding_right=&#8221;&#8221; padding_bottom=&#8221;&#8221; padding_left=&#8221;&#8221; margin_top=&#8221;0px&#8221; margin_bottom=&#8221;0px&#8221; class=&#8221;&#8221; id=&#8221;&#8221; animation_type=&#8221;&#8221; animation_speed=&#8221;0.3&#8243; animation_direction=&#8221;left&#8221; hide_on_mobile=&#8221;small-visibility,medium-visibility,large-visibility&#8221; center_content=&#8221;no&#8221; last=&#8221;no&#8221; min_height=&#8221;&#8221; hover_type=&#8221;none&#8221; link=&#8221;&#8221;][fusion_text]<\/p>\n<p>REDACCI\u00d3N<\/p>\n<p>\u25cf Bajo la direcci\u00f3n art\u00edstica de Rodrigo de la Cadena, la presente edici\u00f3n rinde homenaje a Los Dandy\u2019s, a la cantante Aranza y al compositor Mart\u00edn Urieta<\/p>\n<p>\u25cf A partir de este 25 de agosto, el gobierno capitalino estableci\u00f3 esta fecha como el &#8220;D\u00eda del Bolero en la Ciudad de M\u00e9xico&#8221;, a trav\u00e9s de un Decreto publicado en la Gaceta Oficial<\/p>\n<p>\u25cf La primera velada encendi\u00f3 el romanticismo con emblem\u00e1ticos temas como &#8220;Contigo&#8221;, &#8220;No me quieras tanto&#8221;, &#8220;Sin ti&#8221; y &#8220;Perfidia&#8221; en voz de Los Panchos, as\u00ed como &#8220;B\u00e9same mucho&#8221; con el tr\u00edo Tres con \u00c1ngel y &#8220;Toda una vida&#8221; a cargo de Los Tecolines<\/p>\n<p>Para celebrar el actual Decreto publicado por el gobierno local en la Gaceta Oficial, que estableci\u00f3 este\u00a0<strong>25 de agosto como el &#8220;D\u00eda del Bolero en la Ciudad de M\u00e9xico&#8221;<\/strong>, el\u00a0<strong>Teatro de la Ciudad \u201cEsperanza Iris\u201d<\/strong>\u00a0alberg\u00f3 con alegr\u00eda la\u00a0<strong>VIII edici\u00f3n del Festival Mundial del Bolero<\/strong>, que se realizar\u00e1 hasta el 27 de agosto bajo la producci\u00f3n de su director art\u00edstico y fundador, el cantante y pianista mexicano Rodrigo de la Cadena.<\/p>\n<p>&#8220;Hoy es el D\u00eda del Bolero, espero que a partir de hoy, cada a\u00f1o que venga sea un motivo de fiesta a\u00fan m\u00e1s que el festival, que sea un motivo de celebraci\u00f3n internacional donde estemos comprometidos con este mensajero del amor intergeneracional, que nos abraza y que nos consuela cada vez que es necesario porque en \u00e9l encontramos las palabras y el mensaje adecuado de las emociones. \u00a1Viva el bolero desde la Ciudad de M\u00e9xico, la capital del bolero!&#8221;, extern\u00f3 De la Cadena durante la apertura de la primera gala.<\/p>\n<p>La entrega del Premio Mundial del Bolero 2023 fue otorgada al final de la noche a Los Dandy&#8217;s, agrupaci\u00f3n fundada el 19 de octubre de 1957, con m\u00e1s de 60 a\u00f1os de trayectoria, cuya fama fue alcanzada por emblem\u00e1ticas canciones que compartieron esta noche con su p\u00fablico al ritmo de \u201cGema\u201d, \u201cTres regalos\u201d, \u201cPor fin\u201d, &#8220;Nosotros&#8221; y &#8220;Sabor a m\u00ed&#8221;, con las que deleitaron a los asistentes, quienes no dejaron de cantar.<\/p>\n<p>&#8220;Este premio es para mi se\u00f1or padre, Armando Navarro, y a sus compa\u00f1eros Francisco Escamilla, Jos\u00e9 Luis Segura, Joaqu\u00edn Ru\u00edz y nuestro compositor de cabecera G\u00fcicho Cisneros, para ustedes que est\u00e1n en el cielo que Dios los bendiga y los proteja siempre. Gracias por este reconocimiento&#8221;, extern\u00f3 Ana Mar\u00eda Navarro actual representante e hija del requinto fundador, qui\u00e9n tambi\u00e9n hizo entrega de un reconocimiento a Rodrigo de la Cadena por difundir el bolero e impulsar el reconocimiento y la conservaci\u00f3n de la m\u00fasica rom\u00e1ntica.<\/p>\n<p>El cl\u00edmax musical del romanticismo lleg\u00f3 al teatro de Donceles con la participaci\u00f3n de Los Panchos, quienes emocionaron a los presentes con la interpretaci\u00f3n de conocidos temas como &#8220;Contigo&#8221;, &#8220;No me quieras tanto&#8221;, &#8220;Sin ti&#8221; y &#8220;Perfidia&#8221;; as\u00ed como con el tr\u00edo Tres con \u00c1ngel al cantar &#8220;B\u00e9same mucho&#8221;; los Tecolines tambi\u00e9n subieron los \u00e1nimos con &#8220;Toda una vida&#8221;, al igual que Eric Ventura al ritmo de &#8220;La barca&#8221;, un homenaje a Chico Novarro con su canci\u00f3n &#8220;C\u00f3mo&#8221; interpretada por Eduardo Villatoro y otro a Ernesto Duarte con su tema &#8220;C\u00f3mo fue&#8221; con Sergio Gattorno, ambas en compa\u00f1\u00eda de Rodrigo de la Cadena al piano.<\/p>\n<p>Asimismo, el int\u00e9rprete Patrizio Correa, quien debut\u00f3 en el Teatro Blanquita, recibi\u00f3 el Premio Leyenda del Bolero, qui\u00e9n comparti\u00f3 con un teatro lleno, algunos de sus temas m\u00e1s conocidos como &#8220;Te regalo mi ausencia&#8221; y &#8220;Celoso&#8221;, este \u00faltimo en compa\u00f1\u00eda de su hijo Miguel Correa, y qui\u00e9n fue aplaudido por todo el p\u00fablico de pie.<\/p>\n<p>La velada, dedicada a Los Dandy&#8217;s, arranc\u00f3 con la participaci\u00f3n de Mariahchez en compa\u00f1\u00eda de Atracci\u00f3n Rom\u00e1ntica con la interpretaci\u00f3n del tema &#8220;Negrura&#8221;, de G\u00fccho Cisneros, a la que continu\u00f3 el Tr\u00edo Excelencia de Pachuca con &#8220;Se\u00f1ora tenci\u00f3n&#8221;, de Agust\u00edn Lara; seguidas del Tr\u00edo Los Ornelas con &#8220;Tu de qu\u00e9 vas&#8221;, de Franco de Vita y otros artistas como el Trio del \u00c1ngel con Roc\u00edo, la voz de la dulzura, el Tr\u00edo dos generaciones y Noche Luna Tr\u00edo, entre otros importantes m\u00fasicos, representantes del bolero en el mundo.<\/p>\n<p>A partir de este 25 de agosto se reconoce al bolero como un patrimonio vivo que ha llegado a diversos pa\u00edses con grandes temas que se han traducido a diversas lenguas alcanzando a todos los continentes.<\/p>\n<p>Como cada a\u00f1o, la Direcci\u00f3n del Sistema de Teatros de la Secretar\u00eda de Cultura de la Ciudad de M\u00e9xico, alberga la VIII edici\u00f3n del Festival Mundial del Bolero que consta de tres conciertos del viernes 25 al domingo 27 de agosto para rendir homenaje a tres leyendas del bolero: el tr\u00edo-cuarteto Los Dandy\u2019s, el compositor Mart\u00edn Urieta y la cantante Aranza.<\/p>\n<p>Para este s\u00e1bado 26 el concierto estar\u00e1 dedicado a Mart\u00edn Urieta con la participaci\u00f3n de Humberto Cravioto, Rosy Arango, Juan Valent\u00edn, Alberto \u00c1ngel \u201cEl Cuervo\u201d, los Hermanos Barba, Fernando Cravioto y Mar\u00eda Elena Leal, adem\u00e1s de los artistas internacionales Gretel Caz\u00f3n (Cuba), Alexandra Gravas (Grecia), Pablo Ahmad (Argentina), Edwin Alvarado (Per\u00fa) y Septeto Matamoros (Cuba).<\/p>\n<p>El cierre del festejo llegar\u00e1 el domingo 27 cuando subir\u00e1n al escenario: Aranza (homenajeada del d\u00eda), Carlos Cuevas, Rodrigo de la Cadena, la Orquesta Mexicana del Bolero, el Coro Sinf\u00f3nio del Instituto Polit\u00e9cnico Nacional y Los Miranda.<\/p>\n<p>El Decreto publicado en la Gaceta Oficial establece que la Secretar\u00eda de Cultura local, as\u00ed como las Alcald\u00edas, dise\u00f1ar\u00e1n actividades para la difusi\u00f3n y promoci\u00f3n del bolero, g\u00e9nero de origen cubano que se convirti\u00f3 en un s\u00edmbolo de cohesi\u00f3n social durante el siglo XX entre los mexicanos animando tertulias, serenatas y reuniones familiares y, el cual, busca la Declaratoria de Patrimonio Cultural Inmaterial por la Organizaci\u00f3n de las Naciones Unidas para la Educaci\u00f3n, la Ciencia y la Cultura (UNESCO).<\/p>\n<p>Con estas actividades la Secretar\u00eda de Cultura capitalina garantiza el ejercicio de los derechos culturales de los habitantes y visitantes de la capital. Para conocer todas las actividades de la Secretar\u00eda de Cultura capitalina se puede consultar la Cartelera de la Ciudad de M\u00e9xico (<a href=\"https:\/\/cartelera.cdmx.gob.mx\/\">https:\/\/cartelera.cdmx.gob.mx\/<\/a>) y las redes sociales en Facebook, Twitter, Instagram y YouTube.<\/p>\n<div dir=\"auto\"><a class=\"x1i10hfl xjbqb8w x6umtig x1b1mbwd xaqea5y xav7gou x9f619 x1ypdohk xt0psk2 xe8uvvx xdj266r x11i5rnm xat24cr x1mh8g0r xexx8yu x4uap5 x18d9i69 xkhd6sd x16tdsg8 x1hl2dhg xggy1nq x1a2a7pz xt0b8zv x1qq9wsj xo1l8bm\" tabindex=\"0\" role=\"link\" href=\"https:\/\/www.facebook.com\/hashtag\/diadelbolero?__eep__=6&amp;__cft__[0]=AZVWCy26ToKjmO7Z5MrMYmKL1MmnLC2YCaI4aCUozlo0Sd8d1TZe5bvkoEQbWzvn_pptugrA5-oVe7IKJlOCeh4sDQ9wHwrfAWqJybYRzBwA4dQDDiUZQdEsKcidkrNq4_8&amp;__tn__=*NK-R\">#diadelbolero<\/a><\/div>\n<div dir=\"auto\"><a class=\"x1i10hfl xjbqb8w x6umtig x1b1mbwd xaqea5y xav7gou x9f619 x1ypdohk xt0psk2 xe8uvvx xdj266r x11i5rnm xat24cr x1mh8g0r xexx8yu x4uap5 x18d9i69 xkhd6sd x16tdsg8 x1hl2dhg xggy1nq x1a2a7pz xt0b8zv x1qq9wsj xo1l8bm\" tabindex=\"0\" role=\"link\" href=\"https:\/\/www.facebook.com\/hashtag\/diadelboleroenlaciudaddemexico?__eep__=6&amp;__cft__[0]=AZVWCy26ToKjmO7Z5MrMYmKL1MmnLC2YCaI4aCUozlo0Sd8d1TZe5bvkoEQbWzvn_pptugrA5-oVe7IKJlOCeh4sDQ9wHwrfAWqJybYRzBwA4dQDDiUZQdEsKcidkrNq4_8&amp;__tn__=*NK-R\">#diadelboleroenlaciudaddemexico<\/a><\/div>\n<div dir=\"auto\"><a class=\"x1i10hfl xjbqb8w x6umtig x1b1mbwd xaqea5y xav7gou x9f619 x1ypdohk xt0psk2 xe8uvvx xdj266r x11i5rnm xat24cr x1mh8g0r xexx8yu x4uap5 x18d9i69 xkhd6sd x16tdsg8 x1hl2dhg xggy1nq x1a2a7pz xt0b8zv x1qq9wsj xo1l8bm\" tabindex=\"0\" role=\"link\" href=\"https:\/\/www.facebook.com\/hashtag\/gobiernodelaciudaddem%C3%A9xico?__eep__=6&amp;__cft__[0]=AZVWCy26ToKjmO7Z5MrMYmKL1MmnLC2YCaI4aCUozlo0Sd8d1TZe5bvkoEQbWzvn_pptugrA5-oVe7IKJlOCeh4sDQ9wHwrfAWqJybYRzBwA4dQDDiUZQdEsKcidkrNq4_8&amp;__tn__=*NK-R\">#GobiernoDeLaCiudadDeM\u00e9xico<\/a><\/div>\n<div dir=\"auto\"><a class=\"x1i10hfl xjbqb8w x6umtig x1b1mbwd xaqea5y xav7gou x9f619 x1ypdohk xt0psk2 xe8uvvx xdj266r x11i5rnm xat24cr x1mh8g0r xexx8yu x4uap5 x18d9i69 xkhd6sd x16tdsg8 x1hl2dhg xggy1nq x1a2a7pz xt0b8zv x1qq9wsj xo1l8bm\" tabindex=\"0\" role=\"link\" href=\"https:\/\/www.facebook.com\/hashtag\/secretariadeculturacdmx?__eep__=6&amp;__cft__[0]=AZVWCy26ToKjmO7Z5MrMYmKL1MmnLC2YCaI4aCUozlo0Sd8d1TZe5bvkoEQbWzvn_pptugrA5-oVe7IKJlOCeh4sDQ9wHwrfAWqJybYRzBwA4dQDDiUZQdEsKcidkrNq4_8&amp;__tn__=*NK-R\">#secretariadeculturacdmx<\/a><\/div>\n<div dir=\"auto\"><a class=\"x1i10hfl xjbqb8w x6umtig x1b1mbwd xaqea5y xav7gou x9f619 x1ypdohk xt0psk2 xe8uvvx xdj266r x11i5rnm xat24cr x1mh8g0r xexx8yu x4uap5 x18d9i69 xkhd6sd x16tdsg8 x1hl2dhg xggy1nq x1a2a7pz xt0b8zv x1qq9wsj xo1l8bm\" tabindex=\"0\" role=\"link\" href=\"https:\/\/www.facebook.com\/hashtag\/bitacoracdmx?__eep__=6&amp;__cft__[0]=AZVWCy26ToKjmO7Z5MrMYmKL1MmnLC2YCaI4aCUozlo0Sd8d1TZe5bvkoEQbWzvn_pptugrA5-oVe7IKJlOCeh4sDQ9wHwrfAWqJybYRzBwA4dQDDiUZQdEsKcidkrNq4_8&amp;__tn__=*NK-R\">#bitacoracdmx<\/a><\/div>\n<p>[\/fusion_text][fusion_imageframe image_id=&#8221;52666|medium&#8221; max_width=&#8221;&#8221; style_type=&#8221;&#8221; blur=&#8221;&#8221; stylecolor=&#8221;&#8221; hover_type=&#8221;none&#8221; bordersize=&#8221;&#8221; bordercolor=&#8221;&#8221; borderradius=&#8221;&#8221; align=&#8221;none&#8221; lightbox=&#8221;no&#8221; gallery_id=&#8221;&#8221; lightbox_image=&#8221;&#8221; lightbox_image_id=&#8221;&#8221; alt=&#8221;&#8221; link=&#8221;&#8221; linktarget=&#8221;_self&#8221; hide_on_mobile=&#8221;small-visibility,medium-visibility,large-visibility&#8221; class=&#8221;&#8221; id=&#8221;&#8221; animation_type=&#8221;&#8221; animation_direction=&#8221;left&#8221; animation_speed=&#8221;0.3&#8243; animation_offset=&#8221;&#8221;]https:\/\/www.bitacoracdmx.com\/wp-content\/uploads\/2023\/08\/WhatsApp-Image-2023-08-25-at-11.38.15-PM-1-300&#215;200.jpeg[\/fusion_imageframe][\/fusion_builder_column][\/fusion_builder_row][\/fusion_builder_container]<\/p>\n","protected":false},"excerpt":{"rendered":"<p>[fusion_builder_container hundred_percent=&#8221;no&#8221; equal_height_columns=&#8221;no&#8221; menu_anchor=&#8221;&#8221; hide_on_mobile=&#8221;small-visibility,medium-visibility,large-visibility&#8221; class=&#8221;&#8221; id=&#8221;&#8221; background_color=&#8221;&#8221; background_image=&#8221;&#8221; background_position=&#8221;center center&#8221; background_repeat=&#8221;no-repeat&#8221; fade=&#8221;no&#8221; background_parallax=&#8221;none&#8221; parallax_speed=&#8221;0.3&#8243; video_mp4=&#8221;&#8221; video_webm=&#8221;&#8221; video_ogv=&#8221;&#8221; video_url=&#8221;&#8221; video_aspect_ratio=&#8221;16:9&#8243; video_loop=&#8221;yes&#8221; video_mute=&#8221;yes&#8221; overlay_color=&#8221;&#8221; video_preview_image=&#8221;&#8221; border_size=&#8221;&#8221; border_color=&#8221;&#8221; border_style=&#8221;solid&#8221; padding_top=&#8221;&#8221; padding_bottom=&#8221;&#8221; padding_left=&#8221;&#8221; padding_right=&#8221;&#8221;][fusion_builder_row][fusion_builder_column type=&#8221;1_1&#8243; layout=&#8221;1_1&#8243; background_position=&#8221;left top&#8221; background_color=&#8221;&#8221; border_size=&#8221;&#8221; border_color=&#8221;&#8221; border_style=&#8221;solid&#8221; border_position=&#8221;all&#8221; spacing=&#8221;yes&#8221; background_image=&#8221;&#8221; background_repeat=&#8221;no-repeat&#8221; padding_top=&#8221;&#8221; padding_right=&#8221;&#8221; padding_bottom=&#8221;&#8221; padding_left=&#8221;&#8221; margin_top=&#8221;0px&#8221; margin_bottom=&#8221;0px&#8221; class=&#8221;&#8221; id=&#8221;&#8221; animation_type=&#8221;&#8221; animation_speed=&#8221;0.3&#8243; animation_direction=&#8221;left&#8221; hide_on_mobile=&#8221;small-visibility,medium-visibility,large-visibility&#8221; center_content=&#8221;no&#8221; last=&#8221;no&#8221; min_height=&#8221;&#8221; hover_type=&#8221;none&#8221; link=&#8221;&#8221;][fusion_text] REDACCI\u00d3N \u25cf Bajo la direcci\u00f3n art\u00edstica de Rodrigo de la Cadena, la presente edici\u00f3n rinde homenaje a Los Dandy\u2019s, a la cantante Aranza y al compositor Mart\u00edn Urieta \u25cf A partir de este 25 de agosto, el gobierno capitalino estableci\u00f3 [&hellip;]<\/p>\n","protected":false},"author":1,"featured_media":52666,"comment_status":"open","ping_status":"open","sticky":false,"template":"","format":"standard","meta":{"footnotes":""},"categories":[9,11],"tags":[],"_links":{"self":[{"href":"https:\/\/www.bitacoracdmx.com\/index.php?rest_route=\/wp\/v2\/posts\/52665"}],"collection":[{"href":"https:\/\/www.bitacoracdmx.com\/index.php?rest_route=\/wp\/v2\/posts"}],"about":[{"href":"https:\/\/www.bitacoracdmx.com\/index.php?rest_route=\/wp\/v2\/types\/post"}],"author":[{"embeddable":true,"href":"https:\/\/www.bitacoracdmx.com\/index.php?rest_route=\/wp\/v2\/users\/1"}],"replies":[{"embeddable":true,"href":"https:\/\/www.bitacoracdmx.com\/index.php?rest_route=%2Fwp%2Fv2%2Fcomments&post=52665"}],"version-history":[{"count":1,"href":"https:\/\/www.bitacoracdmx.com\/index.php?rest_route=\/wp\/v2\/posts\/52665\/revisions"}],"predecessor-version":[{"id":52667,"href":"https:\/\/www.bitacoracdmx.com\/index.php?rest_route=\/wp\/v2\/posts\/52665\/revisions\/52667"}],"wp:featuredmedia":[{"embeddable":true,"href":"https:\/\/www.bitacoracdmx.com\/index.php?rest_route=\/wp\/v2\/media\/52666"}],"wp:attachment":[{"href":"https:\/\/www.bitacoracdmx.com\/index.php?rest_route=%2Fwp%2Fv2%2Fmedia&parent=52665"}],"wp:term":[{"taxonomy":"category","embeddable":true,"href":"https:\/\/www.bitacoracdmx.com\/index.php?rest_route=%2Fwp%2Fv2%2Fcategories&post=52665"},{"taxonomy":"post_tag","embeddable":true,"href":"https:\/\/www.bitacoracdmx.com\/index.php?rest_route=%2Fwp%2Fv2%2Ftags&post=52665"}],"curies":[{"name":"wp","href":"https:\/\/api.w.org\/{rel}","templated":true}]}}