{"id":52668,"date":"2023-08-27T03:49:32","date_gmt":"2023-08-27T03:49:32","guid":{"rendered":"https:\/\/www.bitacoracdmx.com\/?p=52668"},"modified":"2023-08-27T03:49:32","modified_gmt":"2023-08-27T03:49:32","slug":"tallerista-de-faro-indios-verdes-gana-premio-nacional-de-cuento-juan-jose-arreola-2023","status":"publish","type":"post","link":"https:\/\/www.bitacoracdmx.com\/?p=52668","title":{"rendered":"Tallerista de FARO INDIOS VERDES gana PREMIO NACIONAL DE CUENTO JUAN JOS\u00c9 ARREOLA 2023"},"content":{"rendered":"<p>[fusion_builder_container hundred_percent=&#8221;no&#8221; equal_height_columns=&#8221;no&#8221; menu_anchor=&#8221;&#8221; hide_on_mobile=&#8221;small-visibility,medium-visibility,large-visibility&#8221; class=&#8221;&#8221; id=&#8221;&#8221; background_color=&#8221;&#8221; background_image=&#8221;&#8221; background_position=&#8221;center center&#8221; background_repeat=&#8221;no-repeat&#8221; fade=&#8221;no&#8221; background_parallax=&#8221;none&#8221; parallax_speed=&#8221;0.3&#8243; video_mp4=&#8221;&#8221; video_webm=&#8221;&#8221; video_ogv=&#8221;&#8221; video_url=&#8221;&#8221; video_aspect_ratio=&#8221;16:9&#8243; video_loop=&#8221;yes&#8221; video_mute=&#8221;yes&#8221; overlay_color=&#8221;&#8221; video_preview_image=&#8221;&#8221; border_size=&#8221;&#8221; border_color=&#8221;&#8221; border_style=&#8221;solid&#8221; padding_top=&#8221;&#8221; padding_bottom=&#8221;&#8221; padding_left=&#8221;&#8221; padding_right=&#8221;&#8221;][fusion_builder_row][fusion_builder_column type=&#8221;1_1&#8243; layout=&#8221;1_1&#8243; background_position=&#8221;left top&#8221; background_color=&#8221;&#8221; border_size=&#8221;&#8221; border_color=&#8221;&#8221; border_style=&#8221;solid&#8221; border_position=&#8221;all&#8221; spacing=&#8221;yes&#8221; background_image=&#8221;&#8221; background_repeat=&#8221;no-repeat&#8221; padding_top=&#8221;&#8221; padding_right=&#8221;&#8221; padding_bottom=&#8221;&#8221; padding_left=&#8221;&#8221; margin_top=&#8221;0px&#8221; margin_bottom=&#8221;0px&#8221; class=&#8221;&#8221; id=&#8221;&#8221; animation_type=&#8221;&#8221; animation_speed=&#8221;0.3&#8243; animation_direction=&#8221;left&#8221; hide_on_mobile=&#8221;small-visibility,medium-visibility,large-visibility&#8221; center_content=&#8221;no&#8221; last=&#8221;no&#8221; min_height=&#8221;&#8221; hover_type=&#8221;none&#8221; link=&#8221;&#8221;][fusion_text]<\/p>\n<p>REDACCI\u00d3N<\/p>\n<p>\u25cf Aldo Rosales Vel\u00e1zquez, quien comenz\u00f3 su trayecto en la FARO Indios Verdes como usuario, obtuvo el premio por el volumen de cuentos Especies carism\u00e1ticas<\/p>\n<p>\u25cf El autor es tallerista de Creaci\u00f3n Literaria desde hace 10 a\u00f1os<\/p>\n<p>\u25cf Su labor en la FARO Indios Verdes ayud\u00f3 en su proceso creativo de escritura<\/p>\n<p>Aldo Rosales Vel\u00e1zquez, tallerista de Creaci\u00f3n Literaria de la\u00a0<strong>F\u00e1brica de Artes y Oficios (FARO) Indios Verdes<\/strong>, recibi\u00f3 el\u00a0<strong>Premio Nacional de Cuento Juan Jos\u00e9 Arreola<\/strong>\u00a02023 por el volumen de cuentos\u00a0<em>Especies carism\u00e1ticas<\/em>\u00a0que narra la relaci\u00f3n entre los seres humanos con las distintas especies animales.<\/p>\n<p>Rosales Vel\u00e1zquez, quien es tallerista de Creaci\u00f3n Literaria en la FARO Indios Verdes desde hace 10 a\u00f1os, mencion\u00f3 sentirse muy feliz y que fue una total sorpresa que su obra resultara ganadora, pero que ten\u00eda confianza en que llegar\u00eda lejos.<\/p>\n<p>\u201cLas palabras contento, feliz, exaltado, ebullente, se quedan cortas. Que este libro haya obtenido el Premio de Cuento Juan Jos\u00e9 Arreola, que es de los m\u00e1s importantes en M\u00e9xico, me tiene sumamente contento. Hab\u00eda podido obtener otros premios de cr\u00f3nica o novela pero no de cuento, se me hab\u00eda negado y curiosamente es de lo que m\u00e1s he escrito, pero ten\u00eda confianza en este libro porque lo hab\u00eda trabajado mucho\u201d, declar\u00f3.<\/p>\n<p>Rosales Vel\u00e1zquez dijo que est\u00e1 orgulloso de pertenecer a la FARO, ya que \u00e9l comenz\u00f3 como usuario del taller del que ahora se hace cargo.<\/p>\n<p>\u201cSignifica much\u00edsimo ser parte de la RED DE FAROS. Yo me considero un egresado de Indios Verdes. Las FAROs permiten que la gente que no tiene relaciones con el medio o que no tiene conocimiento del medio de las letras, pueda pensar en vivir de eso, me parece maravilloso. Estoy muy contento como tallerista y como exparticipante\u201d, dijo.<\/p>\n<p>Agreg\u00f3 que ser tallerista tambi\u00e9n le brinda la oportunidad de mejorar su proceso creativo ya que constantemente tiene que estar leyendo obras literarias y los trabajos de los usuarios, lo cual genera un proceso de intercambio creativo.<\/p>\n<p>\u201cMe obliga estar leyendo constantemente y llegan compa\u00f1eros con textos de diferentes g\u00e9neros, me obligan a leer y me resulta sumamente enriquecedor y exigente porque lo estoy leyendo constantemente y aprendo de los textos que los usuarios llegan a leer. Es una labor que complementa a la perfecci\u00f3n lo que trato de hacer, que es escribir\u201d, se\u00f1al\u00f3 .<\/p>\n<p>El tallerista, que tambi\u00e9n obtuvo una beca del FONCA para j\u00f3venes creadores, mencion\u00f3 que gracias al apoyo institucional pudo concluir una parte de su obra, por lo que es fundamental que se brinden este tipo de ayudas para fomentar la escritura y creatividad en la juventud.<\/p>\n<p>\u201cEstos apoyos resultan fundamentales para marcar un antes y un despu\u00e9s en la vida de un autor. Yo puedo decir, sin ning\u00fan empacho, que desde que tengo el apoyo de la (editorial) Tierra Adentro y los est\u00edmulos de el FONCA la vida me cambi\u00f3 radicalmente y pude dedicarme a las letras y es algo important\u00edsimo. Sin ese est\u00edmulo seguir\u00eda escribiendo, pero no me dedicar\u00eda a las letras, entonces creo que funciona para pasar de mero hobby a la profesionalizaci\u00f3n del oficio\u201d, indic\u00f3.<\/p>\n<p>Cabe destacar que\u00a0<em>Especies carism\u00e1ticas<\/em>, fue seleccionada de entre 420 obras de trabajos de mexicanos residentes en el pa\u00eds y en el exterior.<\/p>\n<p>El autor cuenta con una docena de libros de cuento, dos de cr\u00f3nica y una novela. Adem\u00e1s, obtuvo los premios Nacional de Cr\u00f3nica Joven Ricardo Garibay, en 2018, y el Nacional de Novela Jorge Ibarg\u00fcengoitia, en 2022; adem\u00e1s, obtuvo una menci\u00f3n honor\u00edfica en el Premio Nacional de Periodismo Gonzo por su cr\u00f3nica\u00a0<em>V\u00edctor Iv\u00e1n<\/em>.<\/p>\n<p>Para conocer todas las actividades de la Secretar\u00eda de Cultura capitalina se puede consultar la Cartelera de la Ciudad de M\u00e9xico (<a href=\"https:\/\/cartelera.cdmx.gob.mx\/\">https:\/\/cartelera.cdmx.gob.mx\/<\/a>) y las redes sociales de la Secretar\u00eda de Cultura: Facebook, Twitter, Instagram y YouTube.<\/p>\n<div dir=\"auto\"><a class=\"x1i10hfl xjbqb8w x6umtig x1b1mbwd xaqea5y xav7gou x9f619 x1ypdohk xt0psk2 xe8uvvx xdj266r x11i5rnm xat24cr x1mh8g0r xexx8yu x4uap5 x18d9i69 xkhd6sd x16tdsg8 x1hl2dhg xggy1nq x1a2a7pz xt0b8zv x1qq9wsj xo1l8bm\" tabindex=\"0\" role=\"link\" href=\"https:\/\/www.facebook.com\/hashtag\/premionacionaldecuento?__eep__=6&amp;__cft__[0]=AZUbrb9D6PR089t6R_StMOAfEgRkePhQcm9kDCvX9f_gAYZOpL2Yi5RW-BtuGBJu3paZ8n6YloBzYDwH6ZngM2-l1BXj_0zrS9SyP8Gp2KS8S-ir76zgt58gBrsn-2TXJrI&amp;__tn__=*NK-R\">#premionacionaldecuento<\/a><\/div>\n<div dir=\"auto\"><a class=\"x1i10hfl xjbqb8w x6umtig x1b1mbwd xaqea5y xav7gou x9f619 x1ypdohk xt0psk2 xe8uvvx xdj266r x11i5rnm xat24cr x1mh8g0r xexx8yu x4uap5 x18d9i69 xkhd6sd x16tdsg8 x1hl2dhg xggy1nq x1a2a7pz xt0b8zv x1qq9wsj xo1l8bm\" tabindex=\"0\" role=\"link\" href=\"https:\/\/www.facebook.com\/hashtag\/faroindiosverdes?__eep__=6&amp;__cft__[0]=AZUbrb9D6PR089t6R_StMOAfEgRkePhQcm9kDCvX9f_gAYZOpL2Yi5RW-BtuGBJu3paZ8n6YloBzYDwH6ZngM2-l1BXj_0zrS9SyP8Gp2KS8S-ir76zgt58gBrsn-2TXJrI&amp;__tn__=*NK-R\">#FaroIndiosVerdes<\/a><\/div>\n<div dir=\"auto\"><a class=\"x1i10hfl xjbqb8w x6umtig x1b1mbwd xaqea5y xav7gou x9f619 x1ypdohk xt0psk2 xe8uvvx xdj266r x11i5rnm xat24cr x1mh8g0r xexx8yu x4uap5 x18d9i69 xkhd6sd x16tdsg8 x1hl2dhg xggy1nq x1a2a7pz xt0b8zv x1qq9wsj xo1l8bm\" tabindex=\"0\" role=\"link\" href=\"https:\/\/www.facebook.com\/hashtag\/secretariadeculturacdmx?__eep__=6&amp;__cft__[0]=AZUbrb9D6PR089t6R_StMOAfEgRkePhQcm9kDCvX9f_gAYZOpL2Yi5RW-BtuGBJu3paZ8n6YloBzYDwH6ZngM2-l1BXj_0zrS9SyP8Gp2KS8S-ir76zgt58gBrsn-2TXJrI&amp;__tn__=*NK-R\">#secretariadeculturacdmx<\/a><\/div>\n<div dir=\"auto\"><a class=\"x1i10hfl xjbqb8w x6umtig x1b1mbwd xaqea5y xav7gou x9f619 x1ypdohk xt0psk2 xe8uvvx xdj266r x11i5rnm xat24cr x1mh8g0r xexx8yu x4uap5 x18d9i69 xkhd6sd x16tdsg8 x1hl2dhg xggy1nq x1a2a7pz xt0b8zv x1qq9wsj xo1l8bm\" tabindex=\"0\" role=\"link\" href=\"https:\/\/www.facebook.com\/hashtag\/bitacoracdmx?__eep__=6&amp;__cft__[0]=AZUbrb9D6PR089t6R_StMOAfEgRkePhQcm9kDCvX9f_gAYZOpL2Yi5RW-BtuGBJu3paZ8n6YloBzYDwH6ZngM2-l1BXj_0zrS9SyP8Gp2KS8S-ir76zgt58gBrsn-2TXJrI&amp;__tn__=*NK-R\">#bitacoracdmx<\/a><\/div>\n<p>[\/fusion_text][fusion_imageframe image_id=&#8221;52669|medium&#8221; max_width=&#8221;&#8221; style_type=&#8221;&#8221; blur=&#8221;&#8221; stylecolor=&#8221;&#8221; hover_type=&#8221;none&#8221; bordersize=&#8221;&#8221; bordercolor=&#8221;&#8221; borderradius=&#8221;&#8221; align=&#8221;none&#8221; lightbox=&#8221;no&#8221; gallery_id=&#8221;&#8221; lightbox_image=&#8221;&#8221; lightbox_image_id=&#8221;&#8221; alt=&#8221;&#8221; link=&#8221;&#8221; linktarget=&#8221;_self&#8221; hide_on_mobile=&#8221;small-visibility,medium-visibility,large-visibility&#8221; class=&#8221;&#8221; id=&#8221;&#8221; animation_type=&#8221;&#8221; animation_direction=&#8221;left&#8221; animation_speed=&#8221;0.3&#8243; animation_offset=&#8221;&#8221;]https:\/\/www.bitacoracdmx.com\/wp-content\/uploads\/2023\/08\/WhatsApp-Image-2023-08-26-at-10.03.06-AM-300&#215;200.jpeg[\/fusion_imageframe][\/fusion_builder_column][\/fusion_builder_row][\/fusion_builder_container]<\/p>\n","protected":false},"excerpt":{"rendered":"<p>[fusion_builder_container hundred_percent=&#8221;no&#8221; equal_height_columns=&#8221;no&#8221; menu_anchor=&#8221;&#8221; hide_on_mobile=&#8221;small-visibility,medium-visibility,large-visibility&#8221; class=&#8221;&#8221; id=&#8221;&#8221; background_color=&#8221;&#8221; background_image=&#8221;&#8221; background_position=&#8221;center center&#8221; background_repeat=&#8221;no-repeat&#8221; fade=&#8221;no&#8221; background_parallax=&#8221;none&#8221; parallax_speed=&#8221;0.3&#8243; video_mp4=&#8221;&#8221; video_webm=&#8221;&#8221; video_ogv=&#8221;&#8221; video_url=&#8221;&#8221; video_aspect_ratio=&#8221;16:9&#8243; video_loop=&#8221;yes&#8221; video_mute=&#8221;yes&#8221; overlay_color=&#8221;&#8221; video_preview_image=&#8221;&#8221; border_size=&#8221;&#8221; border_color=&#8221;&#8221; border_style=&#8221;solid&#8221; padding_top=&#8221;&#8221; padding_bottom=&#8221;&#8221; padding_left=&#8221;&#8221; padding_right=&#8221;&#8221;][fusion_builder_row][fusion_builder_column type=&#8221;1_1&#8243; layout=&#8221;1_1&#8243; background_position=&#8221;left top&#8221; background_color=&#8221;&#8221; border_size=&#8221;&#8221; border_color=&#8221;&#8221; border_style=&#8221;solid&#8221; border_position=&#8221;all&#8221; spacing=&#8221;yes&#8221; background_image=&#8221;&#8221; background_repeat=&#8221;no-repeat&#8221; padding_top=&#8221;&#8221; padding_right=&#8221;&#8221; padding_bottom=&#8221;&#8221; padding_left=&#8221;&#8221; margin_top=&#8221;0px&#8221; margin_bottom=&#8221;0px&#8221; class=&#8221;&#8221; id=&#8221;&#8221; animation_type=&#8221;&#8221; animation_speed=&#8221;0.3&#8243; animation_direction=&#8221;left&#8221; hide_on_mobile=&#8221;small-visibility,medium-visibility,large-visibility&#8221; center_content=&#8221;no&#8221; last=&#8221;no&#8221; min_height=&#8221;&#8221; hover_type=&#8221;none&#8221; link=&#8221;&#8221;][fusion_text] REDACCI\u00d3N \u25cf Aldo Rosales Vel\u00e1zquez, quien comenz\u00f3 su trayecto en la FARO Indios Verdes como usuario, obtuvo el premio por el volumen de cuentos Especies carism\u00e1ticas \u25cf El autor es tallerista de Creaci\u00f3n Literaria desde hace 10 a\u00f1os \u25cf Su [&hellip;]<\/p>\n","protected":false},"author":1,"featured_media":52669,"comment_status":"open","ping_status":"open","sticky":false,"template":"","format":"standard","meta":{"footnotes":""},"categories":[9,10],"tags":[],"_links":{"self":[{"href":"https:\/\/www.bitacoracdmx.com\/index.php?rest_route=\/wp\/v2\/posts\/52668"}],"collection":[{"href":"https:\/\/www.bitacoracdmx.com\/index.php?rest_route=\/wp\/v2\/posts"}],"about":[{"href":"https:\/\/www.bitacoracdmx.com\/index.php?rest_route=\/wp\/v2\/types\/post"}],"author":[{"embeddable":true,"href":"https:\/\/www.bitacoracdmx.com\/index.php?rest_route=\/wp\/v2\/users\/1"}],"replies":[{"embeddable":true,"href":"https:\/\/www.bitacoracdmx.com\/index.php?rest_route=%2Fwp%2Fv2%2Fcomments&post=52668"}],"version-history":[{"count":1,"href":"https:\/\/www.bitacoracdmx.com\/index.php?rest_route=\/wp\/v2\/posts\/52668\/revisions"}],"predecessor-version":[{"id":52670,"href":"https:\/\/www.bitacoracdmx.com\/index.php?rest_route=\/wp\/v2\/posts\/52668\/revisions\/52670"}],"wp:featuredmedia":[{"embeddable":true,"href":"https:\/\/www.bitacoracdmx.com\/index.php?rest_route=\/wp\/v2\/media\/52669"}],"wp:attachment":[{"href":"https:\/\/www.bitacoracdmx.com\/index.php?rest_route=%2Fwp%2Fv2%2Fmedia&parent=52668"}],"wp:term":[{"taxonomy":"category","embeddable":true,"href":"https:\/\/www.bitacoracdmx.com\/index.php?rest_route=%2Fwp%2Fv2%2Fcategories&post=52668"},{"taxonomy":"post_tag","embeddable":true,"href":"https:\/\/www.bitacoracdmx.com\/index.php?rest_route=%2Fwp%2Fv2%2Ftags&post=52668"}],"curies":[{"name":"wp","href":"https:\/\/api.w.org\/{rel}","templated":true}]}}