{"id":52752,"date":"2023-09-01T06:02:58","date_gmt":"2023-09-01T06:02:58","guid":{"rendered":"https:\/\/www.bitacoracdmx.com\/?p=52752"},"modified":"2023-09-01T06:02:58","modified_gmt":"2023-09-01T06:02:58","slug":"con-grandes-satisfacciones-y-deseo-por-mas-cine-concluyo-cinergia","status":"publish","type":"post","link":"https:\/\/www.bitacoracdmx.com\/?p=52752","title":{"rendered":"Con grandes satisfacciones y deseo por m\u00e1s cine, concluy\u00f3 Cinergia"},"content":{"rendered":"<p>[fusion_builder_container hundred_percent=&#8221;no&#8221; equal_height_columns=&#8221;no&#8221; menu_anchor=&#8221;&#8221; hide_on_mobile=&#8221;small-visibility,medium-visibility,large-visibility&#8221; class=&#8221;&#8221; id=&#8221;&#8221; background_color=&#8221;&#8221; background_image=&#8221;&#8221; background_position=&#8221;center center&#8221; background_repeat=&#8221;no-repeat&#8221; fade=&#8221;no&#8221; background_parallax=&#8221;none&#8221; parallax_speed=&#8221;0.3&#8243; video_mp4=&#8221;&#8221; video_webm=&#8221;&#8221; video_ogv=&#8221;&#8221; video_url=&#8221;&#8221; video_aspect_ratio=&#8221;16:9&#8243; video_loop=&#8221;yes&#8221; video_mute=&#8221;yes&#8221; overlay_color=&#8221;&#8221; video_preview_image=&#8221;&#8221; border_size=&#8221;&#8221; border_color=&#8221;&#8221; border_style=&#8221;solid&#8221; padding_top=&#8221;&#8221; padding_bottom=&#8221;&#8221; padding_left=&#8221;&#8221; padding_right=&#8221;&#8221;][fusion_builder_row][fusion_builder_column type=&#8221;1_1&#8243; layout=&#8221;1_1&#8243; background_position=&#8221;left top&#8221; background_color=&#8221;&#8221; border_size=&#8221;&#8221; border_color=&#8221;&#8221; border_style=&#8221;solid&#8221; border_position=&#8221;all&#8221; spacing=&#8221;yes&#8221; background_image=&#8221;&#8221; background_repeat=&#8221;no-repeat&#8221; padding_top=&#8221;&#8221; padding_right=&#8221;&#8221; padding_bottom=&#8221;&#8221; padding_left=&#8221;&#8221; margin_top=&#8221;0px&#8221; margin_bottom=&#8221;0px&#8221; class=&#8221;&#8221; id=&#8221;&#8221; animation_type=&#8221;&#8221; animation_speed=&#8221;0.3&#8243; animation_direction=&#8221;left&#8221; hide_on_mobile=&#8221;small-visibility,medium-visibility,large-visibility&#8221; center_content=&#8221;no&#8221; last=&#8221;no&#8221; min_height=&#8221;&#8221; hover_type=&#8221;none&#8221; link=&#8221;&#8221;][fusion_text]<\/p>\n<p>REDACCI\u00d3N<\/p>\n<ul type=\"disc\">\n<li class=\"x_MsoNormal\"><b>Fue realizada por el Instituto Municipal de Arte y Cultura de Puebla y Canacine<\/b><\/li>\n<li class=\"x_MsoNormal\"><b>Se llev\u00f3 a cabo del 22 al 26 de agosto<\/b><\/li>\n<li class=\"x_MsoNormal\"><b>Participaron los realizadores Leopoldo Laborde y Roberto Trujillo<\/b><\/li>\n<\/ul>\n<p class=\"x_MsoNormal\">Contando con la colaboraci\u00f3n y participaci\u00f3n de instituciones como\u00a0el\u00a0<b>IMACP<\/b>\u00a0(<b>Instituto Municipal de Arte y Cultura de Puebla<\/b>),\u00a0la Delegaci\u00f3n Puebla de\u00a0<b>Canacine<\/b>, la\u00a0<b>Secretar\u00eda de Cultura de Puebla<\/b>, la\u00a0<b>Alianza Francesa de Puebla<\/b>\u00a0y universidades como la\u00a0<b>Buap<\/b>,\u00a0<b>Upaep<\/b>\u00a0y\u00a0<b>Cinema<\/b>; adem\u00e1s de la Cinemateca\u00a0<i>Luis Bu\u00f1uel<\/i>, Museo Casa del Mendrugo, y el Teatro de la Ciudad, hace unos d\u00edas concluy\u00f3 la\u00a0<b>Segunda Muestra de Cine de la Ciudad de Puebla<\/b>,<b>\u00a0Cinergia<\/b>, realizada en esta ciudad del 22 al 26 de agosto.<\/p>\n<p class=\"x_MsoNormal\">El objetivo de este evento fue difundir la industria cinematogr\u00e1fica en Puebla y generar redes entres estudiantes de cine, personalidades del s\u00e9ptimo arte y p\u00fablico en general; teniendo como tem\u00e1tica tres l\u00edneas centrales: el reconocimiento a mujeres artistas; la importancia del cine independiente; y la difusi\u00f3n de cortometrajes estudiantiles, mismos que incluyeron trabajos de nuevos creadores, egresados de universidades como la\u00a0<b>Buap<\/b>, la\u00a0<b>Upaep<\/b>\u00a0y la\u00a0<b>Universidad Cinema<\/b>.<\/p>\n<p class=\"x_MsoNormal\">\u201cLa respuesta fue favorable y tuvimos una buena asistencia en toda la muestra, el p\u00fablico estuvo contento y fue participativo en cuanto a la interacci\u00f3n con los diferentes invitados, logrando as\u00ed el objetivo del evento: generar redes, formar nuevos p\u00fablicos y hacer de esta muestra una experiencia\u201d, dijo\u00a0<b>Diego Rodr\u00edguez Moreno<\/b>, Coordinador\u00a0<b>de Fomento a la Lectura, Editorial y Cine\u00a0<\/b>del\u00a0<b>IMACP<\/b>.<\/p>\n<p class=\"x_MsoNormal\">\u201c<b>Cinergia<\/b>\u00a0fue una experiencia muy completa para los nuevos aspirantes a cineastas y una grata alternativa para los amantes del s\u00e9ptimo arte. Contamos con pel\u00edculas de a\u00f1os previos, es decir ya estrenadas anteriormente, pero con muy poca difusi\u00f3n, promoci\u00f3n y poco conocidas fuera del circuito art\u00edstico. Aunque tambi\u00e9n contamos con estrenos nacionales y poblanos\u201d, precis\u00f3\u00a0<b>Arturo Tay<\/b>, Presidente de la Delegaci\u00f3n Puebla de la\u00a0<b>Canacine<\/b>.<\/p>\n<p class=\"x_MsoNormal\">\u201cEl estreno de <i>Donde corre el agua<\/i>\u00a0fue muy emotivo, no s\u00f3lo por la tem\u00e1tica de la pel\u00edcula, la cual saco varias l\u00e1grimas de los asistentes, sino tambi\u00e9n por las an\u00e9cdotas del director\u00a0<b>Juan Carlos Blanco<\/b>\u00a0sobre dos de los actores ya fallecidos en ella;\u00a0<b>Oscar Yoldi<\/b>\u00a0y\u00a0<b>Roger Cudney<\/b>, ambos actores fetiches del realizador.<\/p>\n<p class=\"x_MsoNormal\">\u201cEl estreno poblano tambi\u00e9n causo mucha emoci\u00f3n para el p\u00fablico poblano, pues la pel\u00edcula fue filmada casi en su totalidad en el municipio de Chipilo, de donde fueron la mayor\u00eda de los asistentes\u201d, agreg\u00f3 Tay.<\/p>\n<p class=\"x_MsoNormal\">El tambi\u00e9n productor y realizador, hizo un recuento de las pl\u00e1ticas, talleres y Master Class ofrecidos al p\u00fablico poblano en\u00a0<b>Cinerg\u00eda<\/b>,\u00a0<b>Seg<\/b><b>unda Muestra de Cine de la Ciudad de Puebla<\/b>,<b>\u00a0<\/b>tambi\u00e9n exitosa.<\/p>\n<p class=\"x_MsoNormal\">\u201cRecordamos la primera pl\u00e1tica, de las productoras de\u00a0<b>D-Ra\u00edz Producciones<\/b>, en la cual se habl\u00f3 sobre la importancia de hacer cine de autor partiendo desde la producci\u00f3n y la importancia de la producci\u00f3n creativa; pasando por la del cineasta\u00a0<b>Rafa Rangel<\/b>, que vino a aportar la importancia de filmar cine experimental y alternativo, as\u00ed como la b\u00fasqueda de una identidad y medio de expresi\u00f3n personal a trav\u00e9s del cine.<\/p>\n<p class=\"x_MsoNormal\">\u201cAdem\u00e1s de la de La Tuerca Films, cuya productora\u00a0<b>Lilia Velasco<\/b>, habl\u00f3 sobre la problem\u00e1tica de filmar en provincia, sobre todo en lugares alejados de la capital y de ciudades grandes. Y cerro con sus propias experiencias y ejemplos, para inspirar la descentralizaci\u00f3n del cine.<\/p>\n<p class=\"x_MsoNormal\">\u201cPor su parte\u00a0<b>Leopoldo Laborde<\/b>\u00a0y\u00a0<b>Roberto Trujillo<\/b>\u00a0compartieron sus\u00a0<i>tips<\/i>\u00a0y consejos de c\u00f3mo filmar ininterrumpidamente desde hace casi 30 a\u00f1os y su pasi\u00f3n por hacer pel\u00edculas. Por \u00faltimo,\u00a0<b>Juan Carlos Blanco<\/b>\u00a0comparti\u00f3 su pasi\u00f3n sobre utilizar las tecnolog\u00edas y la creatividad para filmar pel\u00edculas grandes y de producci\u00f3n m\u00e1s compleja\u201d mencion\u00f3.<\/p>\n<p class=\"x_MsoNormal\">Por su parte,\u00a0<b>Diego Rodr\u00edguez Moreno<\/b>, Coordinador\u00a0<b>de Fomento a la Lectura, Editorial y Cine\u00a0<\/b>del\u00a0<b>IMACP<\/b>, se\u00f1al\u00f3 que \u201chubo un gran apoyo de la industria al sumarse j\u00f3venes autores y universidades, pero tambi\u00e9n casas productoras de fuera de Puebla, directores, actores y actrices para sumar calidad al evento\u201d.<\/p>\n<p class=\"x_MsoNormal\">Tambi\u00e9n, mencion\u00f3 que \u201cla tercera edici\u00f3n de\u00a0<b>Cinerg\u00eda<\/b>\u00a0sumar\u00e1 m\u00e1s invitados especiales y charlas, que acompa\u00f1en a las proyecciones de estudiantes y j\u00f3venes directores locales. Adem\u00e1s, regresar\u00e1 ese intercambio con la ciudadan\u00eda para que m\u00e1s all\u00e1 de asistir a las proyecciones, puedan llevarse algo mediante talleres especializados y charlas con expertos del medio cinematogr\u00e1fico, sumando adem\u00e1s un mayor n\u00famero de actividades para el p\u00fablico infantil\u201d.<\/p>\n<p class=\"x_MsoNormal\">Por su parte,\u00a0<b>Arturo Tay<\/b>\u00a0concluy\u00f3 diciendo que \u201c<b>Cinergia\u00a0<\/b>se ha vuelto en una muestra muy necesaria e importante, pues tiene un p\u00fablico muy claro y directo que son los estudiantes de Cine y Ciencias de la Comunicaci\u00f3n.<\/p>\n<p class=\"x_MsoNormal\">\u201cDos a\u00f1os consecutivos con la misma visi\u00f3n y objetivos, han logrado duplicar el n\u00famero de asistentes y llegar a mucho m\u00e1s j\u00f3venes a disfrutar del cine en un concepto m\u00e1s de cineclub, que de consumo comercial. Por parte de\u00a0<b>Canacine Puebla<\/b>\u00a0haremos todo lo posible para que siga haci\u00e9ndose a\u00f1o con a\u00f1o y el p\u00fablico siga creciendo\u201d.<\/p>\n<p><a class=\"x1i10hfl xjbqb8w x6umtig x1b1mbwd xaqea5y xav7gou x9f619 x1ypdohk xt0psk2 xe8uvvx xdj266r x11i5rnm xat24cr x1mh8g0r xexx8yu x4uap5 x18d9i69 xkhd6sd x16tdsg8 x1hl2dhg xggy1nq x1a2a7pz xt0b8zv x1qq9wsj xo1l8bm\" tabindex=\"0\" role=\"link\" href=\"https:\/\/www.facebook.com\/hashtag\/bitacoracdmx?__eep__=6&amp;__cft__[0]=AZW6goiIFdqNCqhh2fs1CgG6G7Ep4nrDgh538esf8Mv6tYiyB45QtbTzr-1UEbUZr4yFl40cDTKSHM5i4yTuHeKJfsAYpkecxxxqni8gk1VjCxo17DseC0H86c2c8ah8JCQ&amp;__tn__=*NK-R\">#bitacoracdmx<\/a><\/p>\n<p>[\/fusion_text][fusion_imageframe image_id=&#8221;52753|medium&#8221; max_width=&#8221;&#8221; style_type=&#8221;&#8221; blur=&#8221;&#8221; stylecolor=&#8221;&#8221; hover_type=&#8221;none&#8221; bordersize=&#8221;&#8221; bordercolor=&#8221;&#8221; borderradius=&#8221;&#8221; align=&#8221;none&#8221; lightbox=&#8221;no&#8221; gallery_id=&#8221;&#8221; lightbox_image=&#8221;&#8221; lightbox_image_id=&#8221;&#8221; alt=&#8221;&#8221; link=&#8221;&#8221; linktarget=&#8221;_self&#8221; hide_on_mobile=&#8221;small-visibility,medium-visibility,large-visibility&#8221; class=&#8221;&#8221; id=&#8221;&#8221; animation_type=&#8221;&#8221; animation_direction=&#8221;left&#8221; animation_speed=&#8221;0.3&#8243; animation_offset=&#8221;&#8221;]https:\/\/www.bitacoracdmx.com\/wp-content\/uploads\/2023\/09\/Cartel-Cinergia2023-196&#215;300.jpeg[\/fusion_imageframe][\/fusion_builder_column][\/fusion_builder_row][\/fusion_builder_container]<\/p>\n","protected":false},"excerpt":{"rendered":"<p>[fusion_builder_container hundred_percent=&#8221;no&#8221; equal_height_columns=&#8221;no&#8221; menu_anchor=&#8221;&#8221; hide_on_mobile=&#8221;small-visibility,medium-visibility,large-visibility&#8221; class=&#8221;&#8221; id=&#8221;&#8221; background_color=&#8221;&#8221; background_image=&#8221;&#8221; background_position=&#8221;center center&#8221; background_repeat=&#8221;no-repeat&#8221; fade=&#8221;no&#8221; background_parallax=&#8221;none&#8221; parallax_speed=&#8221;0.3&#8243; video_mp4=&#8221;&#8221; video_webm=&#8221;&#8221; video_ogv=&#8221;&#8221; video_url=&#8221;&#8221; video_aspect_ratio=&#8221;16:9&#8243; video_loop=&#8221;yes&#8221; video_mute=&#8221;yes&#8221; overlay_color=&#8221;&#8221; video_preview_image=&#8221;&#8221; border_size=&#8221;&#8221; border_color=&#8221;&#8221; border_style=&#8221;solid&#8221; padding_top=&#8221;&#8221; padding_bottom=&#8221;&#8221; padding_left=&#8221;&#8221; padding_right=&#8221;&#8221;][fusion_builder_row][fusion_builder_column type=&#8221;1_1&#8243; layout=&#8221;1_1&#8243; background_position=&#8221;left top&#8221; background_color=&#8221;&#8221; border_size=&#8221;&#8221; border_color=&#8221;&#8221; border_style=&#8221;solid&#8221; border_position=&#8221;all&#8221; spacing=&#8221;yes&#8221; background_image=&#8221;&#8221; background_repeat=&#8221;no-repeat&#8221; padding_top=&#8221;&#8221; padding_right=&#8221;&#8221; padding_bottom=&#8221;&#8221; padding_left=&#8221;&#8221; margin_top=&#8221;0px&#8221; margin_bottom=&#8221;0px&#8221; class=&#8221;&#8221; id=&#8221;&#8221; animation_type=&#8221;&#8221; animation_speed=&#8221;0.3&#8243; animation_direction=&#8221;left&#8221; hide_on_mobile=&#8221;small-visibility,medium-visibility,large-visibility&#8221; center_content=&#8221;no&#8221; last=&#8221;no&#8221; min_height=&#8221;&#8221; hover_type=&#8221;none&#8221; link=&#8221;&#8221;][fusion_text] REDACCI\u00d3N Fue realizada por el Instituto Municipal de Arte y Cultura de Puebla y Canacine Se llev\u00f3 a cabo del 22 al 26 de agosto Participaron los realizadores Leopoldo Laborde y Roberto Trujillo Contando con la colaboraci\u00f3n y participaci\u00f3n de [&hellip;]<\/p>\n","protected":false},"author":1,"featured_media":52753,"comment_status":"open","ping_status":"open","sticky":false,"template":"","format":"standard","meta":{"footnotes":""},"categories":[3,9],"tags":[],"_links":{"self":[{"href":"https:\/\/www.bitacoracdmx.com\/index.php?rest_route=\/wp\/v2\/posts\/52752"}],"collection":[{"href":"https:\/\/www.bitacoracdmx.com\/index.php?rest_route=\/wp\/v2\/posts"}],"about":[{"href":"https:\/\/www.bitacoracdmx.com\/index.php?rest_route=\/wp\/v2\/types\/post"}],"author":[{"embeddable":true,"href":"https:\/\/www.bitacoracdmx.com\/index.php?rest_route=\/wp\/v2\/users\/1"}],"replies":[{"embeddable":true,"href":"https:\/\/www.bitacoracdmx.com\/index.php?rest_route=%2Fwp%2Fv2%2Fcomments&post=52752"}],"version-history":[{"count":1,"href":"https:\/\/www.bitacoracdmx.com\/index.php?rest_route=\/wp\/v2\/posts\/52752\/revisions"}],"predecessor-version":[{"id":52754,"href":"https:\/\/www.bitacoracdmx.com\/index.php?rest_route=\/wp\/v2\/posts\/52752\/revisions\/52754"}],"wp:featuredmedia":[{"embeddable":true,"href":"https:\/\/www.bitacoracdmx.com\/index.php?rest_route=\/wp\/v2\/media\/52753"}],"wp:attachment":[{"href":"https:\/\/www.bitacoracdmx.com\/index.php?rest_route=%2Fwp%2Fv2%2Fmedia&parent=52752"}],"wp:term":[{"taxonomy":"category","embeddable":true,"href":"https:\/\/www.bitacoracdmx.com\/index.php?rest_route=%2Fwp%2Fv2%2Fcategories&post=52752"},{"taxonomy":"post_tag","embeddable":true,"href":"https:\/\/www.bitacoracdmx.com\/index.php?rest_route=%2Fwp%2Fv2%2Ftags&post=52752"}],"curies":[{"name":"wp","href":"https:\/\/api.w.org\/{rel}","templated":true}]}}