{"id":52758,"date":"2023-09-01T06:18:49","date_gmt":"2023-09-01T06:18:49","guid":{"rendered":"https:\/\/www.bitacoracdmx.com\/?p=52758"},"modified":"2023-09-01T06:18:49","modified_gmt":"2023-09-01T06:18:49","slug":"arranca-la-5ta-edicion-del-programa-tlaxcalteatro-circuito-de-teatro-en-comunidades-2023","status":"publish","type":"post","link":"https:\/\/www.bitacoracdmx.com\/?p=52758","title":{"rendered":"Arranca la 5ta edici\u00f3n del programa:  Tlaxcalteatro, circuito de teatro en comunidades 2023"},"content":{"rendered":"<p>[fusion_builder_container hundred_percent=&#8221;no&#8221; equal_height_columns=&#8221;no&#8221; menu_anchor=&#8221;&#8221; hide_on_mobile=&#8221;small-visibility,medium-visibility,large-visibility&#8221; class=&#8221;&#8221; id=&#8221;&#8221; background_color=&#8221;&#8221; background_image=&#8221;&#8221; background_position=&#8221;center center&#8221; background_repeat=&#8221;no-repeat&#8221; fade=&#8221;no&#8221; background_parallax=&#8221;none&#8221; parallax_speed=&#8221;0.3&#8243; video_mp4=&#8221;&#8221; video_webm=&#8221;&#8221; video_ogv=&#8221;&#8221; video_url=&#8221;&#8221; video_aspect_ratio=&#8221;16:9&#8243; video_loop=&#8221;yes&#8221; video_mute=&#8221;yes&#8221; overlay_color=&#8221;&#8221; video_preview_image=&#8221;&#8221; border_size=&#8221;&#8221; border_color=&#8221;&#8221; border_style=&#8221;solid&#8221; padding_top=&#8221;&#8221; padding_bottom=&#8221;&#8221; padding_left=&#8221;&#8221; padding_right=&#8221;&#8221;][fusion_builder_row][fusion_builder_column type=&#8221;1_1&#8243; layout=&#8221;1_1&#8243; background_position=&#8221;left top&#8221; background_color=&#8221;&#8221; border_size=&#8221;&#8221; border_color=&#8221;&#8221; border_style=&#8221;solid&#8221; border_position=&#8221;all&#8221; spacing=&#8221;yes&#8221; background_image=&#8221;&#8221; background_repeat=&#8221;no-repeat&#8221; padding_top=&#8221;&#8221; padding_right=&#8221;&#8221; padding_bottom=&#8221;&#8221; padding_left=&#8221;&#8221; margin_top=&#8221;0px&#8221; margin_bottom=&#8221;0px&#8221; class=&#8221;&#8221; id=&#8221;&#8221; animation_type=&#8221;&#8221; animation_speed=&#8221;0.3&#8243; animation_direction=&#8221;left&#8221; hide_on_mobile=&#8221;small-visibility,medium-visibility,large-visibility&#8221; center_content=&#8221;no&#8221; last=&#8221;no&#8221; min_height=&#8221;&#8221; hover_type=&#8221;none&#8221; link=&#8221;&#8221;][fusion_text]<\/p>\n<p>REDACCI\u00d3N<\/p>\n<div>\n<div>\n<div>\n<div>\n<p>\u2022 Se presentan cinco obras de entrada gratuita<br aria-hidden=\"true\" \/>para infancias, j\u00f3venes audiencias y adultos<br aria-hidden=\"true\" \/>\u2022 Se lleva a cabo del 1 al 27 de septiembre<\/p>\n<div aria-hidden=\"true\"><\/div>\n<\/div>\n<div aria-hidden=\"true\">La Secretar\u00eda de Cultura del Gobierno de M\u00e9xico, a trav\u00e9s del Centro Cultural Hel\u00e9nico, y el Gobierno del estado de Tlaxcala, a trav\u00e9s de la Secretar\u00eda de Cultura de Tlaxcala, anuncian la programaci\u00f3n de Tlaxcalteatro, circuito de teatro en comunidades 2023, en el marco de la convocatoria Rutas Esc\u00e9nicas Estatales, mismo que se lleva a cabo del 1 al 27 de septiembre en diversos municipios de la entidad.<\/div>\n<\/div>\n<\/div>\n<\/div>\n<div>\n<div>\n<p><br aria-hidden=\"true\" \/>Este programa se ha consolidado como un espacio para la difusi\u00f3n de algunas de las mejores obras del teatro tlaxcalteca. De igual manera, es un modelo que respalda a grupos esc\u00e9nicos locales, refuerza el apoyo a las y los creadores mexicanos y construye puentes para el di\u00e1logo interdisciplinario.<br aria-hidden=\"true\" \/><br aria-hidden=\"true\" \/>La actual edici\u00f3n llevar\u00e1 su abanico teatral a diversos foros ubicados en Apizaco, Tlaxco, Calpulalpan, San Pablo del Monte, Papalotla, El Rosario Ocotoxco, Altzayanca, as\u00ed como la zona centro de la entidad. De esta manera se contin\u00faa con las estrategias del Gobierno federal por descentralizar los recursos culturales, al tiempo que se crean nuevas rutas de exhibici\u00f3n para las propuestas esc\u00e9nicas.<br aria-hidden=\"true\" \/><br aria-hidden=\"true\" \/>A continuaci\u00f3n, se despliegan las obras que el p\u00fablico disfrutar\u00e1:<br aria-hidden=\"true\" \/><br aria-hidden=\"true\" \/><strong><em>Domadoras de dragones<\/em><\/strong><em>,<\/em>\u00a0de la compa\u00f1\u00eda Factor Teatro (del 1 al 27 de septiembre).\u00a0\u00a0 X\u00f3chitl ha perdido a su abuela. La tristeza se ha apoderado de ella y decide escapar de casa. En el camino se encontrar\u00e1 con Moco, una simp\u00e1tica ni\u00f1a escultora. Ambas vivir\u00e1n la aventura de enfrentar a los cinco dragones guardianes del duelo. Juntas deber\u00e1n superar todas las pruebas para vencer a la tristeza y finalmente entender el proceso natural de la muerte de un ser querido.<br aria-hidden=\"true\" \/><br aria-hidden=\"true\" \/><strong><em>El viaje a Mictl\u00e1n en t\u00edteres<\/em><\/strong>, de la compa\u00f1\u00eda Teatro Yolotl\u00a0(del 4 al 13 de septiembre). Antes de la llegada de los espa\u00f1oles, nuestros antepasados sab\u00edan que al morir la gente iba al Mictl\u00e1n. Y esta es la historia de Chichiton, un perrito Xoloitzcuintle que ha sido el elegido para despedir a un abuelito y acompa\u00f1arlo por los nueve niveles del inframundo hasta conseguir la protecci\u00f3n de Mictlantecuhtli y Mictecacihuatl, el se\u00f1or y la se\u00f1ora de los muertos. Esta aventura con realidad aumentada, t\u00edteres y n\u00e1huatl se basa en el libro\u00a0<em>El viaje a Mictl\u00e1n<\/em>, de V\u00edctor Palacios Serrano.\u00a0\u00a0<br aria-hidden=\"true\" \/><br aria-hidden=\"true\" \/><strong><em>Matlalcueyetl. La guardiana del bosque<\/em><\/strong>, de la compa\u00f1\u00eda Ollin Teatro\u00a0(del 5 al 22 de septiembre). Citlalli es una ni\u00f1a que disfruta de visitar a su abuela y escuchar las historias que le cuenta, pero al igual que el resto del pueblo, est\u00e1 preocupada por la sequ\u00eda que atraviesan. Una tarde, inesperadamente, conocer\u00e1 a un peque\u00f1o ser con quien emprender\u00e1 un viaje en busca de La guardiana del bosque, quien es la \u00fanica que puede hacer que la lluvia regrese.<br aria-hidden=\"true\" \/><br aria-hidden=\"true\" \/><strong><em>Al son del cacao<\/em><\/strong><strong>,\u00a0<\/strong>de la compa\u00f1\u00eda Psiqueiros Teatro (del 6 al 20 de septiembre). Teo es un ni\u00f1o inquieto que siempre estaba al lado de su madre llamada Tozi; ambos se hac\u00edan compa\u00f1\u00eda al recorrer el bosque y saludar a los esp\u00edritus que habitaban en \u00e9l. Quetzalc\u00f3atl, siendo el padre de Teo, siempre lo escuchaba a trav\u00e9s de los cantos que le ofrendaba. Un d\u00eda, Tozi es mordida por una serpiente, causando su muerte y la tristeza de Teo. Quetzalc\u00f3atl, al enterarse, toma la sangre de Tozi reg\u00e1ndola en tierra f\u00e9rtil. Teo, al acurrucarse y dormir en la tierra, se convierte en un \u00e1rbol con la ayuda de las l\u00e1grimas de Quetzalc\u00f3atl. Y la semilla de este \u00e1rbol, llamado cacao, le otorgar\u00e1 la felicidad a la humanidad.\u00a0<br aria-hidden=\"true\" \/><br aria-hidden=\"true\" \/><strong><em>Ovitluc o de c\u00f3mo una ni\u00f1a aprendi\u00f3 a caminar<\/em><\/strong>, de la compa\u00f1\u00eda Atl Teatro\u00a0(del 6 al 21 de septiembre). Es la historia de Ovitluc, su camino y su andar en busca de la libertad, su defensa y su paz. Esta obra plantea dos principales preguntas: \u00bfqu\u00e9 haremos el d\u00eda que nuestra tierra enferme tanto que muera? \u00bfqu\u00e9 sembraremos?<br aria-hidden=\"true\" \/><br aria-hidden=\"true\" \/>La 5ta edici\u00f3n del programa Tlaxcalteatro, circuito de teatro en comunidades, confirma que la descentralizaci\u00f3n de los recursos culturales ya es un hecho y cada vez m\u00e1s artistas son beneficiados a trav\u00e9s de iniciativas como esta.<br aria-hidden=\"true\" \/><br aria-hidden=\"true\" \/>Se reitera la invitaci\u00f3n para que el p\u00fablico tlaxcalteca disfrute de esta serie de espect\u00e1culos gratuitos. La informaci\u00f3n completa puede consultarse en los sitios: <strong>\u00a0helenico.gob.mx<\/strong>,\u00a0<strong>mexicoescultura.com<\/strong>\u00a0y\u00a0<strong>culturatlaxcala.com.mx<\/strong><\/p>\n<div dir=\"auto\"><a class=\"x1i10hfl xjbqb8w x6umtig x1b1mbwd xaqea5y xav7gou x9f619 x1ypdohk xt0psk2 xe8uvvx xdj266r x11i5rnm xat24cr x1mh8g0r xexx8yu x4uap5 x18d9i69 xkhd6sd x16tdsg8 x1hl2dhg xggy1nq x1a2a7pz xt0b8zv x1qq9wsj xo1l8bm\" tabindex=\"0\" role=\"link\" href=\"https:\/\/www.facebook.com\/hashtag\/secretariadecultura?__eep__=6&amp;__cft__[0]=AZVJwP46oYNR_tYLlcwOrWX8VkDPri0F4ClRfRU5-NZDzuOpQZ16UlEbKJBKz510z300dPujeYaI04Z2mR1PN0IjGGKzBRamsrlcCDvGP5_-nQZk1iK7_vujphW9hyMsmus&amp;__tn__=*NK-R\">#secretariadecultura<\/a><\/div>\n<div dir=\"auto\"><a class=\"x1i10hfl xjbqb8w x6umtig x1b1mbwd xaqea5y xav7gou x9f619 x1ypdohk xt0psk2 xe8uvvx xdj266r x11i5rnm xat24cr x1mh8g0r xexx8yu x4uap5 x18d9i69 xkhd6sd x16tdsg8 x1hl2dhg xggy1nq x1a2a7pz xt0b8zv x1qq9wsj xo1l8bm\" tabindex=\"0\" role=\"link\" href=\"https:\/\/www.facebook.com\/hashtag\/centroculturalhelenico?__eep__=6&amp;__cft__[0]=AZVJwP46oYNR_tYLlcwOrWX8VkDPri0F4ClRfRU5-NZDzuOpQZ16UlEbKJBKz510z300dPujeYaI04Z2mR1PN0IjGGKzBRamsrlcCDvGP5_-nQZk1iK7_vujphW9hyMsmus&amp;__tn__=*NK-R\">#centroculturalhelenico<\/a><\/div>\n<div dir=\"auto\"><a class=\"x1i10hfl xjbqb8w x6umtig x1b1mbwd xaqea5y xav7gou x9f619 x1ypdohk xt0psk2 xe8uvvx xdj266r x11i5rnm xat24cr x1mh8g0r xexx8yu x4uap5 x18d9i69 xkhd6sd x16tdsg8 x1hl2dhg xggy1nq x1a2a7pz xt0b8zv x1qq9wsj xo1l8bm\" tabindex=\"0\" role=\"link\" href=\"https:\/\/www.facebook.com\/hashtag\/bitacoracdmx?__eep__=6&amp;__cft__[0]=AZVJwP46oYNR_tYLlcwOrWX8VkDPri0F4ClRfRU5-NZDzuOpQZ16UlEbKJBKz510z300dPujeYaI04Z2mR1PN0IjGGKzBRamsrlcCDvGP5_-nQZk1iK7_vujphW9hyMsmus&amp;__tn__=*NK-R\">#bitacoracdmx<\/a><\/div>\n<\/div>\n<\/div>\n<p>[\/fusion_text][fusion_imageframe image_id=&#8221;52759|medium&#8221; max_width=&#8221;&#8221; style_type=&#8221;&#8221; blur=&#8221;&#8221; stylecolor=&#8221;&#8221; hover_type=&#8221;none&#8221; bordersize=&#8221;&#8221; bordercolor=&#8221;&#8221; borderradius=&#8221;&#8221; align=&#8221;none&#8221; lightbox=&#8221;no&#8221; gallery_id=&#8221;&#8221; lightbox_image=&#8221;&#8221; lightbox_image_id=&#8221;&#8221; alt=&#8221;&#8221; link=&#8221;&#8221; linktarget=&#8221;_self&#8221; hide_on_mobile=&#8221;small-visibility,medium-visibility,large-visibility&#8221; class=&#8221;&#8221; id=&#8221;&#8221; animation_type=&#8221;&#8221; animation_direction=&#8221;left&#8221; animation_speed=&#8221;0.3&#8243; animation_offset=&#8221;&#8221;]https:\/\/www.bitacoracdmx.com\/wp-content\/uploads\/2023\/09\/f34c22f0-f455-08fb-4d4f-0187c64733b3-300&#215;300.jpg[\/fusion_imageframe][\/fusion_builder_column][\/fusion_builder_row][\/fusion_builder_container]<\/p>\n","protected":false},"excerpt":{"rendered":"<p>[fusion_builder_container hundred_percent=&#8221;no&#8221; equal_height_columns=&#8221;no&#8221; menu_anchor=&#8221;&#8221; hide_on_mobile=&#8221;small-visibility,medium-visibility,large-visibility&#8221; class=&#8221;&#8221; id=&#8221;&#8221; background_color=&#8221;&#8221; background_image=&#8221;&#8221; background_position=&#8221;center center&#8221; background_repeat=&#8221;no-repeat&#8221; fade=&#8221;no&#8221; background_parallax=&#8221;none&#8221; parallax_speed=&#8221;0.3&#8243; video_mp4=&#8221;&#8221; video_webm=&#8221;&#8221; video_ogv=&#8221;&#8221; video_url=&#8221;&#8221; video_aspect_ratio=&#8221;16:9&#8243; video_loop=&#8221;yes&#8221; video_mute=&#8221;yes&#8221; overlay_color=&#8221;&#8221; video_preview_image=&#8221;&#8221; border_size=&#8221;&#8221; border_color=&#8221;&#8221; border_style=&#8221;solid&#8221; padding_top=&#8221;&#8221; padding_bottom=&#8221;&#8221; padding_left=&#8221;&#8221; padding_right=&#8221;&#8221;][fusion_builder_row][fusion_builder_column type=&#8221;1_1&#8243; layout=&#8221;1_1&#8243; background_position=&#8221;left top&#8221; background_color=&#8221;&#8221; border_size=&#8221;&#8221; border_color=&#8221;&#8221; border_style=&#8221;solid&#8221; border_position=&#8221;all&#8221; spacing=&#8221;yes&#8221; background_image=&#8221;&#8221; background_repeat=&#8221;no-repeat&#8221; padding_top=&#8221;&#8221; padding_right=&#8221;&#8221; padding_bottom=&#8221;&#8221; padding_left=&#8221;&#8221; margin_top=&#8221;0px&#8221; margin_bottom=&#8221;0px&#8221; class=&#8221;&#8221; id=&#8221;&#8221; animation_type=&#8221;&#8221; animation_speed=&#8221;0.3&#8243; animation_direction=&#8221;left&#8221; hide_on_mobile=&#8221;small-visibility,medium-visibility,large-visibility&#8221; center_content=&#8221;no&#8221; last=&#8221;no&#8221; min_height=&#8221;&#8221; hover_type=&#8221;none&#8221; link=&#8221;&#8221;][fusion_text] REDACCI\u00d3N \u2022 Se presentan cinco obras de entrada gratuitapara infancias, j\u00f3venes audiencias y adultos\u2022 Se lleva a cabo del 1 al 27 de septiembre La Secretar\u00eda de Cultura del Gobierno de M\u00e9xico, a trav\u00e9s del Centro Cultural Hel\u00e9nico, y el [&hellip;]<\/p>\n","protected":false},"author":1,"featured_media":52759,"comment_status":"open","ping_status":"open","sticky":false,"template":"","format":"standard","meta":{"footnotes":""},"categories":[9,14],"tags":[],"_links":{"self":[{"href":"https:\/\/www.bitacoracdmx.com\/index.php?rest_route=\/wp\/v2\/posts\/52758"}],"collection":[{"href":"https:\/\/www.bitacoracdmx.com\/index.php?rest_route=\/wp\/v2\/posts"}],"about":[{"href":"https:\/\/www.bitacoracdmx.com\/index.php?rest_route=\/wp\/v2\/types\/post"}],"author":[{"embeddable":true,"href":"https:\/\/www.bitacoracdmx.com\/index.php?rest_route=\/wp\/v2\/users\/1"}],"replies":[{"embeddable":true,"href":"https:\/\/www.bitacoracdmx.com\/index.php?rest_route=%2Fwp%2Fv2%2Fcomments&post=52758"}],"version-history":[{"count":1,"href":"https:\/\/www.bitacoracdmx.com\/index.php?rest_route=\/wp\/v2\/posts\/52758\/revisions"}],"predecessor-version":[{"id":52760,"href":"https:\/\/www.bitacoracdmx.com\/index.php?rest_route=\/wp\/v2\/posts\/52758\/revisions\/52760"}],"wp:featuredmedia":[{"embeddable":true,"href":"https:\/\/www.bitacoracdmx.com\/index.php?rest_route=\/wp\/v2\/media\/52759"}],"wp:attachment":[{"href":"https:\/\/www.bitacoracdmx.com\/index.php?rest_route=%2Fwp%2Fv2%2Fmedia&parent=52758"}],"wp:term":[{"taxonomy":"category","embeddable":true,"href":"https:\/\/www.bitacoracdmx.com\/index.php?rest_route=%2Fwp%2Fv2%2Fcategories&post=52758"},{"taxonomy":"post_tag","embeddable":true,"href":"https:\/\/www.bitacoracdmx.com\/index.php?rest_route=%2Fwp%2Fv2%2Ftags&post=52758"}],"curies":[{"name":"wp","href":"https:\/\/api.w.org\/{rel}","templated":true}]}}