{"id":52775,"date":"2023-09-05T01:30:08","date_gmt":"2023-09-05T01:30:08","guid":{"rendered":"https:\/\/www.bitacoracdmx.com\/?p=52775"},"modified":"2023-09-05T01:30:08","modified_gmt":"2023-09-05T01:30:08","slug":"siete-egresados-de-la-academia-alfredo-harp-en-el-roster-de-la-seleccion-sub-18","status":"publish","type":"post","link":"https:\/\/www.bitacoracdmx.com\/?p=52775","title":{"rendered":"Siete egresados de la ACADEMIA ALFREDO HARP en el roster de la SELECCI\u00d3N SUB-18"},"content":{"rendered":"<p>[fusion_builder_container hundred_percent=&#8221;no&#8221; equal_height_columns=&#8221;no&#8221; menu_anchor=&#8221;&#8221; hide_on_mobile=&#8221;small-visibility,medium-visibility,large-visibility&#8221; class=&#8221;&#8221; id=&#8221;&#8221; background_color=&#8221;&#8221; background_image=&#8221;&#8221; background_position=&#8221;center center&#8221; background_repeat=&#8221;no-repeat&#8221; fade=&#8221;no&#8221; background_parallax=&#8221;none&#8221; parallax_speed=&#8221;0.3&#8243; video_mp4=&#8221;&#8221; video_webm=&#8221;&#8221; video_ogv=&#8221;&#8221; video_url=&#8221;&#8221; video_aspect_ratio=&#8221;16:9&#8243; video_loop=&#8221;yes&#8221; video_mute=&#8221;yes&#8221; overlay_color=&#8221;&#8221; video_preview_image=&#8221;&#8221; border_size=&#8221;&#8221; border_color=&#8221;&#8221; border_style=&#8221;solid&#8221; padding_top=&#8221;&#8221; padding_bottom=&#8221;&#8221; padding_left=&#8221;&#8221; padding_right=&#8221;&#8221;][fusion_builder_row][fusion_builder_column type=&#8221;1_1&#8243; layout=&#8221;1_1&#8243; background_position=&#8221;left top&#8221; background_color=&#8221;&#8221; border_size=&#8221;&#8221; border_color=&#8221;&#8221; border_style=&#8221;solid&#8221; border_position=&#8221;all&#8221; spacing=&#8221;yes&#8221; background_image=&#8221;&#8221; background_repeat=&#8221;no-repeat&#8221; padding_top=&#8221;&#8221; padding_right=&#8221;&#8221; padding_bottom=&#8221;&#8221; padding_left=&#8221;&#8221; margin_top=&#8221;0px&#8221; margin_bottom=&#8221;0px&#8221; class=&#8221;&#8221; id=&#8221;&#8221; animation_type=&#8221;&#8221; animation_speed=&#8221;0.3&#8243; animation_direction=&#8221;left&#8221; hide_on_mobile=&#8221;small-visibility,medium-visibility,large-visibility&#8221; center_content=&#8221;no&#8221; last=&#8221;no&#8221; min_height=&#8221;&#8221; hover_type=&#8221;none&#8221; link=&#8221;&#8221;][fusion_text]<\/p>\n<p>REDACCI\u00d3N<\/p>\n<div>La Selecci\u00f3n Mexicana de Beisbol Sub-18 jugar\u00e1 en la Copa Mundial de la especialidad y el roster del equipo tricolor cuenta con siete peloteros Egresados de la Academia Alfredo Harp Hel\u00fa y tres miembros de la organizaci\u00f3n dentro del staff.<\/div>\n<div aria-hidden=\"true\"><\/div>\n<div>Los egresados son dos lanzadores (Humberto Cruz y Jorge Alvarez) y cinco jugadores de campo (Antonis Mac\u00edas, Isael Arias, \u00c1ngel Arredondo, Ichiro Cano y Santiago Contreras), mientras que en el staff de coacheo se encuentra el coach Hernando Arredondo, el trainer Jorge Cruz y el scout Carlos Reyes.<\/div>\n<div aria-hidden=\"true\"><\/div>\n<div>Todos ellos viajaron a China Taipei, donde este jueves 31 de agosto la Selecci\u00f3n Mexicana Sub-18 debutar\u00e1 en la Copa Mundial Sub-18 al enfrentar a la escuadra de Rep\u00fablica Checa.<\/div>\n<div aria-hidden=\"true\"><\/div>\n<div>Para este primer juego, el abridor ser\u00e1 el derecho\u00a0<strong>Humberto Cruz<\/strong>, quien debut\u00f3 este 2023 en la Liga Mexicana de Beisbol con los Diablos Rojos del M\u00e9xico.<\/div>\n<div aria-hidden=\"true\"><\/div>\n<div><strong>MIEMBROS DE LA SELECCI\u00d3N MEXICANA SUB-18 EGRESADOS DE LA ACADEMIA ALFREDO HARP HEL\u00da<\/strong><br aria-hidden=\"true\" \/>Humberto Cruz (Pitcher)<br aria-hidden=\"true\" \/>Jorge Alvarez (Pitcher)<br aria-hidden=\"true\" \/>\u00c1ngel Arredondo (Infielder)<br aria-hidden=\"true\" \/>Ichiro Cano (Infielder)<br aria-hidden=\"true\" \/>Santiago Contreras (Catcher)<br aria-hidden=\"true\" \/>Antonis Mac\u00edas (Jardinero)<br aria-hidden=\"true\" \/>Isael Arias (Jardinero)<\/div>\n<div><\/div>\n<div>\n<div dir=\"auto\"><a class=\"x1i10hfl xjbqb8w x6umtig x1b1mbwd xaqea5y xav7gou x9f619 x1ypdohk xt0psk2 xe8uvvx xdj266r x11i5rnm xat24cr x1mh8g0r xexx8yu x4uap5 x18d9i69 xkhd6sd x16tdsg8 x1hl2dhg xggy1nq x1a2a7pz xt0b8zv x1qq9wsj xo1l8bm\" tabindex=\"0\" role=\"link\" href=\"https:\/\/www.facebook.com\/hashtag\/diablosrojosdelmexico?__eep__=6&amp;__cft__[0]=AZUXFYdbZfg0j8sekn-50lM-DWFrUdaS3IBO733kOWiesQivpmyhDG31Dm7UN6t5hDG6nfl18HbH0y0nxyd3eCiyMkBXUglL4qVRGC9lTdRLccxfDjfZg83o0bLXae2El4g&amp;__tn__=*NK-R\">#diablosrojosdelmexico<\/a><\/div>\n<div dir=\"auto\"><a class=\"x1i10hfl xjbqb8w x6umtig x1b1mbwd xaqea5y xav7gou x9f619 x1ypdohk xt0psk2 xe8uvvx xdj266r x11i5rnm xat24cr x1mh8g0r xexx8yu x4uap5 x18d9i69 xkhd6sd x16tdsg8 x1hl2dhg xggy1nq x1a2a7pz xt0b8zv x1qq9wsj xo1l8bm\" tabindex=\"0\" role=\"link\" href=\"https:\/\/www.facebook.com\/hashtag\/diablosrojos?__eep__=6&amp;__cft__[0]=AZUXFYdbZfg0j8sekn-50lM-DWFrUdaS3IBO733kOWiesQivpmyhDG31Dm7UN6t5hDG6nfl18HbH0y0nxyd3eCiyMkBXUglL4qVRGC9lTdRLccxfDjfZg83o0bLXae2El4g&amp;__tn__=*NK-R\">#DiablosRojos<\/a><\/div>\n<div dir=\"auto\"><a class=\"x1i10hfl xjbqb8w x6umtig x1b1mbwd xaqea5y xav7gou x9f619 x1ypdohk xt0psk2 xe8uvvx xdj266r x11i5rnm xat24cr x1mh8g0r xexx8yu x4uap5 x18d9i69 xkhd6sd x16tdsg8 x1hl2dhg xggy1nq x1a2a7pz xt0b8zv x1qq9wsj xo1l8bm\" tabindex=\"0\" role=\"link\" href=\"https:\/\/www.facebook.com\/hashtag\/bitacoracdmx?__eep__=6&amp;__cft__[0]=AZUXFYdbZfg0j8sekn-50lM-DWFrUdaS3IBO733kOWiesQivpmyhDG31Dm7UN6t5hDG6nfl18HbH0y0nxyd3eCiyMkBXUglL4qVRGC9lTdRLccxfDjfZg83o0bLXae2El4g&amp;__tn__=*NK-R\">#bitacoracdmx<\/a><\/div>\n<\/div>\n<div aria-hidden=\"true\"><\/div>\n<p>[\/fusion_text][fusion_imageframe image_id=&#8221;52776|medium&#8221; max_width=&#8221;&#8221; style_type=&#8221;&#8221; blur=&#8221;&#8221; stylecolor=&#8221;&#8221; hover_type=&#8221;none&#8221; bordersize=&#8221;&#8221; bordercolor=&#8221;&#8221; borderradius=&#8221;&#8221; align=&#8221;none&#8221; lightbox=&#8221;no&#8221; gallery_id=&#8221;&#8221; lightbox_image=&#8221;&#8221; lightbox_image_id=&#8221;&#8221; alt=&#8221;&#8221; link=&#8221;&#8221; linktarget=&#8221;_self&#8221; hide_on_mobile=&#8221;small-visibility,medium-visibility,large-visibility&#8221; class=&#8221;&#8221; id=&#8221;&#8221; animation_type=&#8221;&#8221; animation_direction=&#8221;left&#8221; animation_speed=&#8221;0.3&#8243; animation_offset=&#8221;&#8221;]https:\/\/www.bitacoracdmx.com\/wp-content\/uploads\/2023\/09\/EGRESADOS-ACADEMIA-300&#215;300.jpg[\/fusion_imageframe][\/fusion_builder_column][\/fusion_builder_row][\/fusion_builder_container]<\/p>\n","protected":false},"excerpt":{"rendered":"<p>[fusion_builder_container hundred_percent=&#8221;no&#8221; equal_height_columns=&#8221;no&#8221; menu_anchor=&#8221;&#8221; hide_on_mobile=&#8221;small-visibility,medium-visibility,large-visibility&#8221; class=&#8221;&#8221; id=&#8221;&#8221; background_color=&#8221;&#8221; background_image=&#8221;&#8221; background_position=&#8221;center center&#8221; background_repeat=&#8221;no-repeat&#8221; fade=&#8221;no&#8221; background_parallax=&#8221;none&#8221; parallax_speed=&#8221;0.3&#8243; video_mp4=&#8221;&#8221; video_webm=&#8221;&#8221; video_ogv=&#8221;&#8221; video_url=&#8221;&#8221; video_aspect_ratio=&#8221;16:9&#8243; video_loop=&#8221;yes&#8221; video_mute=&#8221;yes&#8221; overlay_color=&#8221;&#8221; video_preview_image=&#8221;&#8221; border_size=&#8221;&#8221; border_color=&#8221;&#8221; border_style=&#8221;solid&#8221; padding_top=&#8221;&#8221; padding_bottom=&#8221;&#8221; padding_left=&#8221;&#8221; padding_right=&#8221;&#8221;][fusion_builder_row][fusion_builder_column type=&#8221;1_1&#8243; layout=&#8221;1_1&#8243; background_position=&#8221;left top&#8221; background_color=&#8221;&#8221; border_size=&#8221;&#8221; border_color=&#8221;&#8221; border_style=&#8221;solid&#8221; border_position=&#8221;all&#8221; spacing=&#8221;yes&#8221; background_image=&#8221;&#8221; background_repeat=&#8221;no-repeat&#8221; padding_top=&#8221;&#8221; padding_right=&#8221;&#8221; padding_bottom=&#8221;&#8221; padding_left=&#8221;&#8221; margin_top=&#8221;0px&#8221; margin_bottom=&#8221;0px&#8221; class=&#8221;&#8221; id=&#8221;&#8221; animation_type=&#8221;&#8221; animation_speed=&#8221;0.3&#8243; animation_direction=&#8221;left&#8221; hide_on_mobile=&#8221;small-visibility,medium-visibility,large-visibility&#8221; center_content=&#8221;no&#8221; last=&#8221;no&#8221; min_height=&#8221;&#8221; hover_type=&#8221;none&#8221; link=&#8221;&#8221;][fusion_text] REDACCI\u00d3N La Selecci\u00f3n Mexicana de Beisbol Sub-18 jugar\u00e1 en la Copa Mundial de la especialidad y el roster del equipo tricolor cuenta con siete peloteros Egresados de la Academia Alfredo Harp Hel\u00fa y tres miembros de la organizaci\u00f3n dentro del [&hellip;]<\/p>\n","protected":false},"author":1,"featured_media":52776,"comment_status":"open","ping_status":"open","sticky":false,"template":"","format":"standard","meta":{"footnotes":""},"categories":[6,9],"tags":[],"_links":{"self":[{"href":"https:\/\/www.bitacoracdmx.com\/index.php?rest_route=\/wp\/v2\/posts\/52775"}],"collection":[{"href":"https:\/\/www.bitacoracdmx.com\/index.php?rest_route=\/wp\/v2\/posts"}],"about":[{"href":"https:\/\/www.bitacoracdmx.com\/index.php?rest_route=\/wp\/v2\/types\/post"}],"author":[{"embeddable":true,"href":"https:\/\/www.bitacoracdmx.com\/index.php?rest_route=\/wp\/v2\/users\/1"}],"replies":[{"embeddable":true,"href":"https:\/\/www.bitacoracdmx.com\/index.php?rest_route=%2Fwp%2Fv2%2Fcomments&post=52775"}],"version-history":[{"count":1,"href":"https:\/\/www.bitacoracdmx.com\/index.php?rest_route=\/wp\/v2\/posts\/52775\/revisions"}],"predecessor-version":[{"id":52777,"href":"https:\/\/www.bitacoracdmx.com\/index.php?rest_route=\/wp\/v2\/posts\/52775\/revisions\/52777"}],"wp:featuredmedia":[{"embeddable":true,"href":"https:\/\/www.bitacoracdmx.com\/index.php?rest_route=\/wp\/v2\/media\/52776"}],"wp:attachment":[{"href":"https:\/\/www.bitacoracdmx.com\/index.php?rest_route=%2Fwp%2Fv2%2Fmedia&parent=52775"}],"wp:term":[{"taxonomy":"category","embeddable":true,"href":"https:\/\/www.bitacoracdmx.com\/index.php?rest_route=%2Fwp%2Fv2%2Fcategories&post=52775"},{"taxonomy":"post_tag","embeddable":true,"href":"https:\/\/www.bitacoracdmx.com\/index.php?rest_route=%2Fwp%2Fv2%2Ftags&post=52775"}],"curies":[{"name":"wp","href":"https:\/\/api.w.org\/{rel}","templated":true}]}}