{"id":52778,"date":"2023-09-05T01:39:35","date_gmt":"2023-09-05T01:39:35","guid":{"rendered":"https:\/\/www.bitacoracdmx.com\/?p=52778"},"modified":"2023-09-05T01:39:35","modified_gmt":"2023-09-05T01:39:35","slug":"vigesima-septima-entrega-de-premios-de-la-agrupacion-de-criticos-y-periodistas-de-teatro-acpt","status":"publish","type":"post","link":"https:\/\/www.bitacoracdmx.com\/?p=52778","title":{"rendered":"Vig\u00e9sima S\u00e9ptima Entrega de Premios de la Agrupaci\u00f3n de Cr\u00edticos y Periodistas de Teatro (ACPT)"},"content":{"rendered":"<p>[fusion_builder_container hundred_percent=&#8221;no&#8221; equal_height_columns=&#8221;no&#8221; menu_anchor=&#8221;&#8221; hide_on_mobile=&#8221;small-visibility,medium-visibility,large-visibility&#8221; class=&#8221;&#8221; id=&#8221;&#8221; background_color=&#8221;&#8221; background_image=&#8221;&#8221; background_position=&#8221;center center&#8221; background_repeat=&#8221;no-repeat&#8221; fade=&#8221;no&#8221; background_parallax=&#8221;none&#8221; parallax_speed=&#8221;0.3&#8243; video_mp4=&#8221;&#8221; video_webm=&#8221;&#8221; video_ogv=&#8221;&#8221; video_url=&#8221;&#8221; video_aspect_ratio=&#8221;16:9&#8243; video_loop=&#8221;yes&#8221; video_mute=&#8221;yes&#8221; overlay_color=&#8221;&#8221; video_preview_image=&#8221;&#8221; border_size=&#8221;&#8221; border_color=&#8221;&#8221; border_style=&#8221;solid&#8221; padding_top=&#8221;&#8221; padding_bottom=&#8221;&#8221; padding_left=&#8221;&#8221; padding_right=&#8221;&#8221;][fusion_builder_row][fusion_builder_column type=&#8221;1_1&#8243; layout=&#8221;1_1&#8243; background_position=&#8221;left top&#8221; background_color=&#8221;&#8221; border_size=&#8221;&#8221; border_color=&#8221;&#8221; border_style=&#8221;solid&#8221; border_position=&#8221;all&#8221; spacing=&#8221;yes&#8221; background_image=&#8221;&#8221; background_repeat=&#8221;no-repeat&#8221; padding_top=&#8221;&#8221; padding_right=&#8221;&#8221; padding_bottom=&#8221;&#8221; padding_left=&#8221;&#8221; margin_top=&#8221;0px&#8221; margin_bottom=&#8221;0px&#8221; class=&#8221;&#8221; id=&#8221;&#8221; animation_type=&#8221;&#8221; animation_speed=&#8221;0.3&#8243; animation_direction=&#8221;left&#8221; hide_on_mobile=&#8221;small-visibility,medium-visibility,large-visibility&#8221; center_content=&#8221;no&#8221; last=&#8221;no&#8221; min_height=&#8221;&#8221; hover_type=&#8221;none&#8221; link=&#8221;&#8221;][fusion_text]<\/p>\n<p>REDACCI\u00d3N<\/p>\n<p class=\"\">La Agrupaci\u00f3n de Cr\u00edticos y Periodistas de Teatro ACPT, da a conocer sus nominaciones del periodo 2022 \/ 2023 rumbo a su ceremonia de entrega de premios a celebrarse el 3 de octubre del presente a\u00f1o.<\/p>\n<p class=\"\">De acuerdo a los lineamientos de la Agrupaci\u00f3n, se consideraron los estrenos entre el 1 de julio de 2022 y el 30 de junio del 2023. En promedio se asistieron a 276 trabajos esc\u00e9nicos, quedando 147 preseleccionados. Consecuentemente, se nominaron un total de 51 obras dentro de las 26 categor\u00edas existentes.<\/p>\n<p class=\"\">La ceremonia suceder\u00e1 en el Teatro de la Ciudad Esperanza Iris del Sistema de Teatros de la Ciudad de M\u00e9xico, que ha sido la casa de la ACPT por cinco a\u00f1os consecutivos, nuevamente un importante equipo de direcci\u00f3n encabezados por Cristian David, Fernando Reyes, Alejandro Cervantes y Alberto Reyna y de producci\u00f3n encabezados por Erick Saul y Erika Medina participan en la concepci\u00f3n del evento.<\/p>\n<p class=\"\"><strong>Nominaciones<\/strong><\/p>\n<p class=\"\"><strong>Revelaci\u00f3n Femenina<\/strong><\/p>\n<p class=\"\">\u25cf F\u00e9lix Vanessa \/ Lun<\/p>\n<p class=\"\">\u25cf L\u00e9o Danse Al\u00f3s \/ Abismo<\/p>\n<p class=\"\">\u25cf Patty Larra\u00f1aga \/ Helen Keller \u00a1La Incre\u00edble Historia!<\/p>\n<p class=\"\">\u25cf Sandra Jim\u00e9nez Loza \/ Costo de Vida<\/p>\n<p class=\"\">\u25cf Vanessa Bravo \/ Todo el Mundo Habla de Jamie<\/p>\n<p class=\"\"><strong>Revelaci\u00f3n Masculina<\/strong><\/p>\n<p class=\"\">\u25cf Arly Vel\u00e1squez \/ Costo de Vida<\/p>\n<p class=\"\">\u25cf Carlo Basabe \/ Afterglow<\/p>\n<p class=\"\">\u25cf Juan Daniel Garc\u00eda Trevi\u00f1o \/ El Corrido del Rey Lear<\/p>\n<p class=\"\">\u25cf Nelson Carreras \/ Todo el Mundo Habla de Jamie<\/p>\n<p class=\"\">\u25cf Salom\u00f3n Salda\u00f1a \/ El H\u00e1mster del Presidente<\/p>\n<p class=\"\"><strong>Teatro para J\u00f3venes Audiencias<\/strong><\/p>\n<p class=\"\">\u25cf Al Otro Lado del Pasillo \/Producciones Tr\u00e0ete al Polux y Kawsay Producciones<\/p>\n<p class=\"\">\u25cf El H\u00e1mster del Presidente \/Once Once Producciones<\/p>\n<p class=\"\">\u25cf El Misterioso Caso de la Sombra \/ Nocturno Teatro<\/p>\n<p class=\"\">\u25cf Instrucciones para Armar una Esperanza \/ El Hormiguero Colectivo<\/p>\n<p class=\"\">\u25cf Quijote y Panza \/ Colectivo Teatral Mexicano Los Alichanes<\/p>\n<p class=\"\"><strong>Espect\u00e1culo de Cabaret<\/strong><\/p>\n<p class=\"\">\u25cf Archivos del Horror \/TOCA Producciones<\/p>\n<p class=\"\">\u25cf C\u00f3mo Deconstruirse del Patriarcado sin Morir en el Intento \/La Teatrera Solitaria y Brava Teatro<\/p>\n<p class=\"\">\u25cf La \u00d3pera o la Nacha \/Compa\u00f1\u00eda La Nave de las Locas y Compa\u00f1\u00eda de Teatro Cabaret<\/p>\n<p class=\"\">\u25cf Las Vecinas de la Calle J \/ Marco Flores, Roberto Garc\u00eda<\/p>\n<p class=\"\">\u25cf Oraculeras \/Alberto Cerz, C\u00e9sar Chagolla, Sergio Carazo Cardona<\/p>\n<p class=\"\"><strong>Actriz en Rol de Soporte<\/strong><\/p>\n<p class=\"\">\u25cf Cecilia Ram\u00edrez Romo \/ Violencia<\/p>\n<p class=\"\">\u25cf Dulce Mariel \/ Violencia<\/p>\n<p class=\"\">\u25cf Gabriela N\u00fa\u00f1ez \/ Violencia<\/p>\n<p class=\"\">\u25cf Pilar Flores del Valle \/ Los Humanos<\/p>\n<p class=\"\">\u25cf Romina Coccio \/ Algod\u00f3n de Az\u00facar<\/p>\n<p class=\"\"><strong>Actor en Rol de Soporte<\/strong><\/p>\n<p class=\"\">\u25cf Alberto Lomnitz \/ Indecente<\/p>\n<p class=\"\">\u25cf Carlos Arag\u00f3n \/ Inteligencia Actoral<\/p>\n<p class=\"\">\u25cf Miguel \u00c1ngel L\u00f3pez \/ Violencia<\/p>\n<p class=\"\">\u25cf Miguel Romero \/ Algod\u00f3n de Az\u00facar<\/p>\n<p class=\"\">\u25cf Roberto Beck \/ Indecente<\/p>\n<p class=\"\"><strong>Dramaturgia Mexicana<\/strong><\/p>\n<p class=\"\">\u25cf Flavio Gonz\u00e1lez Mello \/ Inteligencia Actoral<\/p>\n<p class=\"\">\u25cf Gabriela Ochoa \/ Algod\u00f3n de Az\u00facar<\/p>\n<p class=\"\">\u25cf Itzel Lara \/ Instrucciones para Sembrar un Jard\u00edn<\/p>\n<p class=\"\">\u25cf Valeria Fabri \/ Lun<\/p>\n<p class=\"\">\u25cf Valeria Loera \/ Violencia<\/p>\n<p class=\"\"><strong>Dise\u00f1o de Escenograf\u00eda<\/strong><\/p>\n<p class=\"\">\u25cf Anabel Altamirano \/ Violencia<\/p>\n<p class=\"\">\u25cf Daniela Garc\u00eda Moreno \/ Emilia<\/p>\n<p class=\"\">\u25cf Emilio Zurita \/ Indecente<\/p>\n<p class=\"\">\u25cf Eva Agui\u00f1aga \/ La Reina de Belleza de Leenane<\/p>\n<p class=\"\">\u25cf Jorge Ballina \/ Todo el Mundo Habla de Jamie<\/p>\n<p class=\"\"><strong>Dise\u00f1o de Vestuario<\/strong><\/p>\n<p class=\"\">\u25cf Giselle Sandiel \/ Abismo<\/p>\n<p class=\"\">\u25cf Giselle Sandiel \/ Algod\u00f3n de Az\u00facar<\/p>\n<p class=\"\">\u25cf Letal \/ Mentidrags<\/p>\n<p class=\"\">\u25cf Libertad Mardel \/ Fieras<\/p>\n<p class=\"\">\u25cf Sara Salom\u00f3n \/ Indecente<\/p>\n<p class=\"\"><strong>Dise\u00f1o Sonoro<\/strong><\/p>\n<p class=\"\">\u25cf Carlos Matus \/ Violencia<\/p>\n<p class=\"\">\u25cf David Mart\u00ednez \/ El Show de Terror de Rocky<\/p>\n<p class=\"\">\u25cf Genaro Ochoa \/ Algod\u00f3n de Az\u00facar<\/p>\n<p class=\"\">\u25cf Juan Pablo Villa \/ O Podr\u00edas Besarme<\/p>\n<p class=\"\">\u25cf Miguel Jim\u00e9nez \/ Indecente<\/p>\n<p class=\"\"><strong>M\u00fasica Original<\/strong><\/p>\n<p class=\"\">\u25cf Carlos Matus \/ Violencia<\/p>\n<p class=\"\">\u25cf Eliseo Santill\u00e1n , Fernando Canek , Leo Soqui \/ Indecente<\/p>\n<p class=\"\">\u25cf Genaro Ochoa \/Algod\u00f3n de Az\u00facar<\/p>\n<p class=\"\">\u25cf Haller Miguel, David Federico Suzawa , Juan Manuel Torreblanca , Daniel Mena, Dago \/ Desde Cero<\/p>\n<p class=\"\">\u25cf Miguel Francisco Manr\u00edquez Fern\u00e1ndez\/ Persona<\/p>\n<p class=\"\"><strong>Dise\u00f1o de Iluminaci\u00f3n<\/strong><\/p>\n<p class=\"\">\u25cf \u00c1ngel Ancona \/ Algod\u00f3n de Az\u00facar<\/p>\n<p class=\"\">\u25cf Emilio Zurita \/ Indecente<\/p>\n<p class=\"\">\u25cf Melissa Varish \/ Violencia<\/p>\n<p class=\"\">\u25cf Patricia Guti\u00e9rrez Arriaga \/ La Reina de Belleza de Leenane<\/p>\n<p class=\"\">\u25cf Tania Rodr\u00edguez\/ Reina<\/p>\n<p class=\"\"><strong>Coreograf\u00eda \/ Movimiento Esc\u00e9nico<\/strong><\/p>\n<p class=\"\">\u25cf Alan Uribe Villarruel \/ Jaur\u00eda<\/p>\n<p class=\"\">\u25cf Graciela Aldaz Perroni \/ Indecente<\/p>\n<p class=\"\">\u25cf Hugo Curcumellis \/ Todo el Mundo Habla de Jamie<\/p>\n<p class=\"\">\u25cf Vicky Araico \/ Lobas<\/p>\n<p class=\"\">\u25cf Vladimir Rodr\u00edguez \/ Del Mago Al Loco una Revelaci\u00f3n del Tarot<\/p>\n<p class=\"\"><strong>Traducci\u00f3n \/ Adaptaci\u00f3n<\/strong><\/p>\n<p class=\"\">\u25cf Alejandro Villalobos \/ Todo El Mundo Habla de Jamie<\/p>\n<p class=\"\">\u25cf Ana Graham \/ Antonio Vega \/ La Reina de Belleza de Leenane<\/p>\n<p class=\"\">\u25cf Enrique Arce G\u00f3mez \/ Indecente<\/p>\n<p class=\"\">\u25cf Estefan\u00eda Norato \/ Xhail Espadas Ancona \/ Fieras<\/p>\n<p class=\"\">\u25cf Paula Zelaya Cervantes \/ Ni\u00f1as y Ni\u00f1os<\/p>\n<p class=\"\"><strong>Actriz en Rol de Soporte en Musical<\/strong><\/p>\n<p class=\"\">\u25cf Carla Heyfte \/ El Show de Terror de Rocky<\/p>\n<p class=\"\">\u25cf Gicela Sehedi \/ Mamma Mia!<\/p>\n<p class=\"\">\u25cf Luz Ald\u00e1n \/ Todo el Mundo Habla de Jamie<\/p>\n<p class=\"\">\u25cf Valeria Vera \/ Siete Veces Adi\u00f3s. \u00c9l y \u00c9l<\/p>\n<p class=\"\">\u25cf Vanessa Bravo \/ Todo el Mundo Habla de Jamie<\/p>\n<p class=\"\"><strong>Actor en Rol de Soporte en Musical<\/strong><\/p>\n<p class=\"\">\u25cf Alberto Lomnitz \/ Todo el Mundo Habla de Jamie<\/p>\n<p class=\"\">\u25cf Alex de la Madrid \/ Mamma Mia!<\/p>\n<p class=\"\">\u25cf Jos\u00e9 Grillet\/ Naci\u00f3n Primordial<\/p>\n<p class=\"\">\u25cf Juan Fonsalido \/ El Show de Terror de Rocky<\/p>\n<p class=\"\">\u25cf Rogelio Su\u00e1rez \/ Todo el Mundo Habla de Jamie<\/p>\n<p class=\"\"><strong>Direcci\u00f3n de Escena en Musical<\/strong><\/p>\n<p class=\"\">\u25cf Ang\u00e9lica Rogel \/ Desde Cero. Un Musical Improvisado.<\/p>\n<p class=\"\">\u25cf Alejandro Villalobos , Alberto Lomnitz \/ Todo el Mundo Habla de Jamie<\/p>\n<p class=\"\">\u25cf Emiliano Dionisi \/ Los Monstruos<\/p>\n<p class=\"\">\u25cf Jos\u00e9 Manuel L\u00f3pez Velarde \/ MentiDrags<\/p>\n<p class=\"\">\u25cf Rafa Maza \/ El Show de Terror de Rocky<\/p>\n<p class=\"\"><strong>Direcci\u00f3n de Escena<\/strong><\/p>\n<p class=\"\">\u25cf Ang\u00e9lica Rogel \/ La Reina de Belleza de Leenane<\/p>\n<p class=\"\">\u25cf Ang\u00e9lica Rogel \/Jaur\u00eda<\/p>\n<p class=\"\">\u25cf Cristian Magaloni \/ Indecente<\/p>\n<p class=\"\">\u25cf Diana Sedano \/ Violencia<\/p>\n<p class=\"\">\u25cf Gabriela Ochoa \/ Algod\u00f3n de Az\u00facar<\/p>\n<p class=\"\">\u25cf Claudio Vald\u00e9s Kuri\/ Del Mago al Loco una Revelaci\u00f3n del Tarot<\/p>\n<p class=\"\"><strong>Mon\u00f3logo<\/strong><\/p>\n<p class=\"\">\u25cf El Coyul \/ Pelo de Gato<\/p>\n<p class=\"\">\u25cf El Show Debe Continuar \/ Eduardo Soto<\/p>\n<p class=\"\">\u25cf Ni\u00f1as y Ni\u00f1os \/Solovino Producciones<\/p>\n<p class=\"\">\u25cf Wilma \/ Porta Teatro<\/p>\n<p class=\"\">\u25cf Zombi \/ Sandra Dubsky, Hugo Arrevillaga<\/p>\n<p class=\"\"><strong>Elenco<\/strong><\/p>\n<p class=\"\">\u25cf Del Mago al Loco una Revelaci\u00f3n del Tarot<\/p>\n<p class=\"\">\u25cf Indecente<\/p>\n<p class=\"\">\u25cf Jaur\u00eda<\/p>\n<p class=\"\">\u25cf Lobas<\/p>\n<p class=\"\">\u25cf Todo el Mundo Habla de Jamie<\/p>\n<p class=\"\">\u25cf Violencia<\/p>\n<p class=\"\"><strong>Actriz en Rol Principal<\/strong><\/p>\n<p class=\"\">\u25cf Ana Guzm\u00e1n Quintero \/ Indecente<\/p>\n<p class=\"\">\u25cf Ana Sof\u00eda Gatica \/ Jaur\u00eda<\/p>\n<p class=\"\">\u25cf Majo P\u00e9rez \/ Indecente<\/p>\n<p class=\"\">\u25cf Margarita Sanz \/ La Golondrina<\/p>\n<p class=\"\">\u25cf Mireya Gonz\u00e1lez \/ Violencia<\/p>\n<p class=\"\">\u25cf Paula Watson \/ Medealand<\/p>\n<p class=\"\"><strong>Actor en Rol Principal<\/strong><\/p>\n<p class=\"\">\u25cf Alejandro Calva \/ Casa de Mascotas<\/p>\n<p class=\"\">\u25cf Alejandro Morales \/ Algod\u00f3n de Az\u00facar<\/p>\n<p class=\"\">\u25cf Jorge Lan \/ Indecente<\/p>\n<p class=\"\">\u25cf Juan Carlos Vives \/ Furor<\/p>\n<p class=\"\">\u25cf Marcos Radosh \/ El Show Debe Continuar<\/p>\n<p class=\"\">\u25cf Roberto Beck \/ Inteligencia Actoral<\/p>\n<p class=\"\"><strong>Actriz en Rol Principal en Musical<\/strong><\/p>\n<p class=\"\">\u25cf Anah\u00ed Allu\u00e9 \/ Los Monstruos<\/p>\n<p class=\"\">\u25cf Carolina Heredia \/ Bule Bule, El Show<\/p>\n<p class=\"\">\u25cf Flor Ben\u00edtez \/ Todo el Mundo Habla de Jamie<\/p>\n<p class=\"\">\u25cf Gloria Aura \/ El Show de Terror de Rocky<\/p>\n<p class=\"\">\u25cf Majo Bernal \/ Los Musicales de Brod G\u00fcey<\/p>\n<p class=\"\">\u25cf Caro V\u00e9lez \/ Naci\u00f3n Primordial<\/p>\n<p class=\"\"><strong>Actor en Rol Principal en Musical<\/strong><\/p>\n<p class=\"\">\u25cf Beto Torres \/ El Show de Terror de Rocky<\/p>\n<p class=\"\">\u25cf Fer Soberanes \/ MentiDrags<\/p>\n<p class=\"\">\u25cf Joaqu\u00edn Bondoni \/ Todo el Mundo Habla de Jamie<\/p>\n<p class=\"\">\u25cf Mart\u00edn Saracho \/ Siete veces Adi\u00f3s. \u00c9l y \u00c9l<\/p>\n<p class=\"\">\u25cf Nelson Carreras \/ Todo el Mundo Habla de Jamie<\/p>\n<p class=\"\">\u25cf Regina Voce \/ MentiDrags<\/p>\n<p class=\"\"><strong>Musical del A\u00f1o<\/strong><\/p>\n<p class=\"\">\u25cf Desde Cero. Un Musical Improvisado \/ Playhouse Entertainment, Once Once Producciones y Nuevo Teatro<\/p>\n<p class=\"\">\u25cf El Show de Terror de Rocky \/ Jaime Calpe y Rafa Maza<\/p>\n<p class=\"\">\u25cf MentiDrags \/ Bobo Producciones, Gou Producciones y La Teatrer\u00eda<\/p>\n<p class=\"\">\u25cf Todo el Mundo Habla de Jamie \/ 33 Productores<\/p>\n<p class=\"\">\u25cf Bule Bule, El Show \/ Playhouse Entertainment<\/p>\n<p class=\"\">\u25cf Los Monstruos\/ Late Producciones<\/p>\n<p class=\"\"><strong>Obra del A\u00f1o<\/strong><\/p>\n<p class=\"\">\u25cf Algod\u00f3n de Az\u00facar \/Teatro UNAM y Seguros Inbursa<\/p>\n<p class=\"\">\u25cf Del Mago al Loco una Revelaci\u00f3n del Tarot \/ Teatro de Ciertos Habitantes<\/p>\n<p class=\"\">\u25cf Indecente \/ Ana Kupfer, Yosi Bernstein e Ivonne M\u00e1rquez<\/p>\n<p class=\"\">\u25cf Inteligencia Actoral \/ Erizo Teatro<\/p>\n<p class=\"\">\u25cf Jaur\u00eda\/ LaTe Producciones y Artes Hartas<\/p>\n<p class=\"\">\u25cf La Golondrina\/ BH5 STUDIOS y \u00d3scar Uriel<\/p>\n<p class=\"\">\u25cf La Monja Alf\u00e9rez \/ La Compa\u00f1\u00eda Nacional de Teatro (CNT)<\/p>\n<p class=\"\">\u25cf La Reina de Belleza de Leenane\/ Por Piedad Teatro<\/p>\n<p class=\"\">\u25cf Reina \/ Los Colochos Teatro<\/p>\n<p class=\"\">\u25cf Violencia \/ Centro Cultural Hel\u00e9nico \/ La Compa\u00f1\u00eda Nacional de Teatro (CNT)<\/p>\n<p class=\"\">El premio a la trayectoria teatral se entregar\u00e1 a la primera actriz\u00a0<strong>Angelina Pel\u00e1ez.<\/strong><\/p>\n<p class=\"\">Los trabajos seleccionados son el resultado de un largo proceso consensuado por el jurado, conformado en la actualidad por 17 agremiados, periodistas, fotoperiodistas, rese\u00f1istas y cr\u00edticos de teatro, todos activos en importantes medios impresos y digitales, Juan Carlos Araujo, Enrique Saavedra, Mariana Mijares, Fernanda Albarr\u00e1n, Carmen Zavaleta, Belinda Lorenzana, Mauro Marines, Iv\u00e1n Pasillas, Alfredo Millan, Jaime Rosales, Ricardo Castillo, Roberto Sosa L\u00f3pez, Rodrigo Becerra , Isael Almanza, Carlos Duchanoy, Viridiana Narud, Oscar Ramirez Maldonado, adem\u00e1s de contar con la asesor\u00eda de Adri\u00e1n Ch\u00e1vez en Traducci\u00f3n \/ Adaptaci\u00f3n y Paola Izquierdo en Cabaret, la coordinaci\u00f3n log\u00edstica a cargo de Sandra Narv\u00e1ez , para el nuevo ciclo, tres elementos se unir\u00e1n a las filas del cuerpo de jurados, Gina GranB que se desempe\u00f1ar\u00e1 inicialmente en el comit\u00e9 de musicales, Ed Quezada y Jos\u00e9 Quezada.<\/p>\n<p class=\"\"><strong>La direcci\u00f3n general de la ACPT est\u00e1 a cargo de Melba Vidal y Gustavo Gerardo Su\u00e1rez.<\/strong><\/p>\n<p class=\"\">\u200b<\/p>\n<div dir=\"auto\"><a class=\"x1i10hfl xjbqb8w x6umtig x1b1mbwd xaqea5y xav7gou x9f619 x1ypdohk xt0psk2 xe8uvvx xdj266r x11i5rnm xat24cr x1mh8g0r xexx8yu x4uap5 x18d9i69 xkhd6sd x16tdsg8 x1hl2dhg xggy1nq x1a2a7pz xt0b8zv x1qq9wsj xo1l8bm\" tabindex=\"0\" role=\"link\" href=\"https:\/\/www.facebook.com\/hashtag\/acpt?__eep__=6&amp;__cft__[0]=AZWdsnkEO4-rPn51FMd6kNcyWGVi-XGuiYR5-M8VNIItHUO3ALqQ1ds0S0c06aPOWSdy001ySIlEQxnM71qTZMmpUVNcXkL0cTOxqZ0nAq2b6OFH-SOTIbH2qfIpNkwiIMc&amp;__tn__=*NK-R\">#Acpt<\/a><\/div>\n<div dir=\"auto\"><a class=\"x1i10hfl xjbqb8w x6umtig x1b1mbwd xaqea5y xav7gou x9f619 x1ypdohk xt0psk2 xe8uvvx xdj266r x11i5rnm xat24cr x1mh8g0r xexx8yu x4uap5 x18d9i69 xkhd6sd x16tdsg8 x1hl2dhg xggy1nq x1a2a7pz xt0b8zv x1qq9wsj xo1l8bm\" tabindex=\"0\" role=\"link\" href=\"https:\/\/www.facebook.com\/hashtag\/teatrodelaciudadesperanzairis?__eep__=6&amp;__cft__[0]=AZWdsnkEO4-rPn51FMd6kNcyWGVi-XGuiYR5-M8VNIItHUO3ALqQ1ds0S0c06aPOWSdy001ySIlEQxnM71qTZMmpUVNcXkL0cTOxqZ0nAq2b6OFH-SOTIbH2qfIpNkwiIMc&amp;__tn__=*NK-R\">#TeatroDeLaCiudadEsperanzaIris<\/a><\/div>\n<div dir=\"auto\"><a class=\"x1i10hfl xjbqb8w x6umtig x1b1mbwd xaqea5y xav7gou x9f619 x1ypdohk xt0psk2 xe8uvvx xdj266r x11i5rnm xat24cr x1mh8g0r xexx8yu x4uap5 x18d9i69 xkhd6sd x16tdsg8 x1hl2dhg xggy1nq x1a2a7pz xt0b8zv x1qq9wsj xo1l8bm\" tabindex=\"0\" role=\"link\" href=\"https:\/\/www.facebook.com\/hashtag\/bitacoracdmx?__eep__=6&amp;__cft__[0]=AZWdsnkEO4-rPn51FMd6kNcyWGVi-XGuiYR5-M8VNIItHUO3ALqQ1ds0S0c06aPOWSdy001ySIlEQxnM71qTZMmpUVNcXkL0cTOxqZ0nAq2b6OFH-SOTIbH2qfIpNkwiIMc&amp;__tn__=*NK-R\">#bitacoracdmx<\/a><\/div>\n<p>[\/fusion_text][fusion_imageframe image_id=&#8221;52779|medium&#8221; max_width=&#8221;&#8221; style_type=&#8221;&#8221; blur=&#8221;&#8221; stylecolor=&#8221;&#8221; hover_type=&#8221;none&#8221; bordersize=&#8221;&#8221; bordercolor=&#8221;&#8221; borderradius=&#8221;&#8221; align=&#8221;none&#8221; lightbox=&#8221;no&#8221; gallery_id=&#8221;&#8221; lightbox_image=&#8221;&#8221; lightbox_image_id=&#8221;&#8221; alt=&#8221;&#8221; link=&#8221;&#8221; linktarget=&#8221;_self&#8221; hide_on_mobile=&#8221;small-visibility,medium-visibility,large-visibility&#8221; class=&#8221;&#8221; id=&#8221;&#8221; animation_type=&#8221;&#8221; animation_direction=&#8221;left&#8221; animation_speed=&#8221;0.3&#8243; animation_offset=&#8221;&#8221;]https:\/\/www.bitacoracdmx.com\/wp-content\/uploads\/2023\/09\/ecard-3-212&#215;300.jpg[\/fusion_imageframe][\/fusion_builder_column][\/fusion_builder_row][\/fusion_builder_container]<\/p>\n","protected":false},"excerpt":{"rendered":"<p>[fusion_builder_container hundred_percent=&#8221;no&#8221; equal_height_columns=&#8221;no&#8221; menu_anchor=&#8221;&#8221; hide_on_mobile=&#8221;small-visibility,medium-visibility,large-visibility&#8221; class=&#8221;&#8221; id=&#8221;&#8221; background_color=&#8221;&#8221; background_image=&#8221;&#8221; background_position=&#8221;center center&#8221; background_repeat=&#8221;no-repeat&#8221; fade=&#8221;no&#8221; background_parallax=&#8221;none&#8221; parallax_speed=&#8221;0.3&#8243; video_mp4=&#8221;&#8221; video_webm=&#8221;&#8221; video_ogv=&#8221;&#8221; video_url=&#8221;&#8221; video_aspect_ratio=&#8221;16:9&#8243; video_loop=&#8221;yes&#8221; video_mute=&#8221;yes&#8221; overlay_color=&#8221;&#8221; video_preview_image=&#8221;&#8221; border_size=&#8221;&#8221; border_color=&#8221;&#8221; border_style=&#8221;solid&#8221; padding_top=&#8221;&#8221; padding_bottom=&#8221;&#8221; padding_left=&#8221;&#8221; padding_right=&#8221;&#8221;][fusion_builder_row][fusion_builder_column type=&#8221;1_1&#8243; layout=&#8221;1_1&#8243; background_position=&#8221;left top&#8221; background_color=&#8221;&#8221; border_size=&#8221;&#8221; border_color=&#8221;&#8221; border_style=&#8221;solid&#8221; border_position=&#8221;all&#8221; spacing=&#8221;yes&#8221; background_image=&#8221;&#8221; background_repeat=&#8221;no-repeat&#8221; padding_top=&#8221;&#8221; padding_right=&#8221;&#8221; padding_bottom=&#8221;&#8221; padding_left=&#8221;&#8221; margin_top=&#8221;0px&#8221; margin_bottom=&#8221;0px&#8221; class=&#8221;&#8221; id=&#8221;&#8221; animation_type=&#8221;&#8221; animation_speed=&#8221;0.3&#8243; animation_direction=&#8221;left&#8221; hide_on_mobile=&#8221;small-visibility,medium-visibility,large-visibility&#8221; center_content=&#8221;no&#8221; last=&#8221;no&#8221; min_height=&#8221;&#8221; hover_type=&#8221;none&#8221; link=&#8221;&#8221;][fusion_text] REDACCI\u00d3N La Agrupaci\u00f3n de Cr\u00edticos y Periodistas de Teatro ACPT, da a conocer sus nominaciones del periodo 2022 \/ 2023 rumbo a su ceremonia de entrega de premios a celebrarse el 3 de octubre del presente a\u00f1o. De acuerdo a [&hellip;]<\/p>\n","protected":false},"author":1,"featured_media":52779,"comment_status":"open","ping_status":"open","sticky":false,"template":"","format":"standard","meta":{"footnotes":""},"categories":[9,14],"tags":[],"_links":{"self":[{"href":"https:\/\/www.bitacoracdmx.com\/index.php?rest_route=\/wp\/v2\/posts\/52778"}],"collection":[{"href":"https:\/\/www.bitacoracdmx.com\/index.php?rest_route=\/wp\/v2\/posts"}],"about":[{"href":"https:\/\/www.bitacoracdmx.com\/index.php?rest_route=\/wp\/v2\/types\/post"}],"author":[{"embeddable":true,"href":"https:\/\/www.bitacoracdmx.com\/index.php?rest_route=\/wp\/v2\/users\/1"}],"replies":[{"embeddable":true,"href":"https:\/\/www.bitacoracdmx.com\/index.php?rest_route=%2Fwp%2Fv2%2Fcomments&post=52778"}],"version-history":[{"count":1,"href":"https:\/\/www.bitacoracdmx.com\/index.php?rest_route=\/wp\/v2\/posts\/52778\/revisions"}],"predecessor-version":[{"id":52780,"href":"https:\/\/www.bitacoracdmx.com\/index.php?rest_route=\/wp\/v2\/posts\/52778\/revisions\/52780"}],"wp:featuredmedia":[{"embeddable":true,"href":"https:\/\/www.bitacoracdmx.com\/index.php?rest_route=\/wp\/v2\/media\/52779"}],"wp:attachment":[{"href":"https:\/\/www.bitacoracdmx.com\/index.php?rest_route=%2Fwp%2Fv2%2Fmedia&parent=52778"}],"wp:term":[{"taxonomy":"category","embeddable":true,"href":"https:\/\/www.bitacoracdmx.com\/index.php?rest_route=%2Fwp%2Fv2%2Fcategories&post=52778"},{"taxonomy":"post_tag","embeddable":true,"href":"https:\/\/www.bitacoracdmx.com\/index.php?rest_route=%2Fwp%2Fv2%2Ftags&post=52778"}],"curies":[{"name":"wp","href":"https:\/\/api.w.org\/{rel}","templated":true}]}}