{"id":52851,"date":"2023-09-07T05:35:16","date_gmt":"2023-09-07T05:35:16","guid":{"rendered":"https:\/\/www.bitacoracdmx.com\/?p=52851"},"modified":"2023-09-07T05:35:16","modified_gmt":"2023-09-07T05:35:16","slug":"fmm-presentara-mas-de-55-conciertos-en-su-edicion-35","status":"publish","type":"post","link":"https:\/\/www.bitacoracdmx.com\/?p=52851","title":{"rendered":"FMM presentar\u00e1 m\u00e1s de 55 conciertos en su edici\u00f3n 35"},"content":{"rendered":"<p>[fusion_builder_container hundred_percent=&#8221;no&#8221; equal_height_columns=&#8221;no&#8221; menu_anchor=&#8221;&#8221; hide_on_mobile=&#8221;small-visibility,medium-visibility,large-visibility&#8221; class=&#8221;&#8221; id=&#8221;&#8221; background_color=&#8221;&#8221; background_image=&#8221;&#8221; background_position=&#8221;center center&#8221; background_repeat=&#8221;no-repeat&#8221; fade=&#8221;no&#8221; background_parallax=&#8221;none&#8221; parallax_speed=&#8221;0.3&#8243; video_mp4=&#8221;&#8221; video_webm=&#8221;&#8221; video_ogv=&#8221;&#8221; video_url=&#8221;&#8221; video_aspect_ratio=&#8221;16:9&#8243; video_loop=&#8221;yes&#8221; video_mute=&#8221;yes&#8221; overlay_color=&#8221;&#8221; video_preview_image=&#8221;&#8221; border_size=&#8221;&#8221; border_color=&#8221;&#8221; border_style=&#8221;solid&#8221; padding_top=&#8221;&#8221; padding_bottom=&#8221;&#8221; padding_left=&#8221;&#8221; padding_right=&#8221;&#8221;][fusion_builder_row][fusion_builder_column type=&#8221;1_1&#8243; layout=&#8221;1_1&#8243; background_position=&#8221;left top&#8221; background_color=&#8221;&#8221; border_size=&#8221;&#8221; border_color=&#8221;&#8221; border_style=&#8221;solid&#8221; border_position=&#8221;all&#8221; spacing=&#8221;yes&#8221; background_image=&#8221;&#8221; background_repeat=&#8221;no-repeat&#8221; padding_top=&#8221;&#8221; padding_right=&#8221;&#8221; padding_bottom=&#8221;&#8221; padding_left=&#8221;&#8221; margin_top=&#8221;0px&#8221; margin_bottom=&#8221;0px&#8221; class=&#8221;&#8221; id=&#8221;&#8221; animation_type=&#8221;&#8221; animation_speed=&#8221;0.3&#8243; animation_direction=&#8221;left&#8221; hide_on_mobile=&#8221;small-visibility,medium-visibility,large-visibility&#8221; center_content=&#8221;no&#8221; last=&#8221;no&#8221; min_height=&#8221;&#8221; hover_type=&#8221;none&#8221; link=&#8221;&#8221;][fusion_text]<\/p>\n<p>REDACCI\u00d3N<\/p>\n<p>*Del 10 al 19 de noviembre, la m\u00fasica har\u00e1 vibrar a todo M\u00e9xico desde Morelia, con el evento que reunir\u00e1 a m\u00e1s de 700 artistas de 10 pa\u00edses.<\/p>\n<p>El Festival de M\u00fasica de Morelia (FMM) \u201cMiguel Bernal Jim\u00e9nez\u201d llega a su edici\u00f3n 35 en este 2023, por ello present\u00f3 de manera oficial su programa art\u00edstico que se desarrollar\u00e1 en la capital michoacana del 10 al 19 de noviembre de este a\u00f1o.<\/p>\n<p>Para hacer esta presentaci\u00f3n, por tercera ocasi\u00f3n el Alc\u00e1zar del Castillo de Chapultepec, abri\u00f3 sus puertas al FMM, quien en voz de su directora general, Ver\u00f3nica Bernal Vargas inform\u00f3 sobre la celebraci\u00f3n musical de los 35 a\u00f1os del Festival.<\/p>\n<p>En representaci\u00f3n de la Secretar\u00eda\u00a0de Cultura Federal, Alejandra Frausto Guerrero, el Coordinador Nacional de M\u00fasica y \u00d3pera de la instancia federal, Jos\u00e9 Julio D\u00edaz Infante coment\u00f3 ante medios nacionales, \u201cEl FMM ha sido beneficiario de los est\u00edmulos fiscales como en el proyecto de Sinfonietta, y esta es otra manera en la que se fomenta las artes, los proyectos que ingresa el FMM son de los mejores pues son proyectos completos\u201d.<\/p>\n<p>Mariana Aymerich Ordo\u00f1ez, Directora del Festival Internacional Cervantino y Circuitos Culturales de la Secretar\u00eda de Cultura Federal, destac\u00f3: \u201cSiempre he dicho que un festival es un momento extraordinario en un lugar extraordinario, y el FMM no es la excepci\u00f3n, tiene 35 a\u00f1os de trayectoria y este involucra el trabajo de muchos meses para el armado del rompecabezas\u201d.<\/p>\n<p>Grisel Tello Pimentel, Presidenta Honoraria del FMM, y Presidenta Honoraria del DIF Michoac\u00e1n refrend\u00f3, para el Gobierno del Estado, que encabeza Alfredo Ram\u00edrez Bedolla, la cultura es magia, vida, amor y conexi\u00f3n, \u201cun lenguaje universal que conecta, y este a\u00f1o esta edici\u00f3n tendr\u00e1 nuevamente a m\u00fasicos de primera, as\u00ed que no se lo pueden perder, pues cada lo presentan algo espectacular\u201d.<\/p>\n<p>Roberto Abraham Mafud, fue el encargado de recordar a Javier \u00c1lvarez Fuentes (1956-2023),\u00a0compositor musical, creador art\u00edstico, gestor cultural, catedr\u00e1tico y acad\u00e9mico que naci\u00f3 en la Ciudad de M\u00e9xico el 8 de Mayo de 1956, y quien fuera galardonado con el Premio Nacional de Ciencias y Artes en 2013, y era Miembro de la Academia de Artes de M\u00e9xico, adem\u00e1s de haber fungido como director art\u00edstico del FMM desde 2020, aunque desde 2015 se encarg\u00f3 del programa art\u00edstico al ser miembro del Consejo Art\u00edstico del Festival.<\/p>\n<p>Ver\u00f3nica Bernal Vargas, directora general del FMM, explic\u00f3, este a\u00f1o se realizar\u00e1n 55 conciertos, con la presencia de 10 pa\u00edses y m\u00e1s de 700 artistas que se\u00a0reuniran\u00a0a lo largo de 10 d\u00edas de actividades, las cuales se desarrollar\u00e1n en 14 sedes, como el Teatro Morelos, Teatro Matamoros, Calzada Fray Antonio de San Miguel, Biblioteca P\u00fablica de la UMSNH, Palacio Municipal, Sala de Ni\u00f1os Cantores del Conservatorio de las Rosas, Centro Cultural Clavijero, Santuario de Nuestra Se\u00f1ora de Guadalupe, Centro Cultural UNAM, Templo Santa Rosa de Lima, Teatro Jos\u00e9 Rub\u00e9n Romero, Teatro Melchor Ocampo, Casa de la Cultura de Morelia, y Plaza Valladolid.<\/p>\n<p>Entre los pa\u00edses presentes se encuentran: M\u00e9xico, Reino Unido, Italia, Chile, Polonia, Austria, Espa\u00f1a, Rusia, Brasil, y Letonia.<\/p>\n<p>Ricardo Bernal Vargas, director del consejo directivo del FMM, destac\u00f3 el apoyo de las empresas de la iniciativa privada, autoridades federales, estatales y locales, as\u00ed como a los medios aliados, interesados en sumar a la cultura del pa\u00eds, y respaldar al Festival que desde hace m\u00e1s de tres d\u00e9cadas ha sumado a la construcci\u00f3n de paz y desarrollo art\u00edstico y musical de los talentos existentes en M\u00e9xico, al relacionarlos con los artistas internacionales y entre ambos, intercambien experiencias.<\/p>\n<p>Tamara Sosa Alan\u00eds, secretaria de Cultura de Michoac\u00e1n, quien acudi\u00f3 en representaci\u00f3n del Gobernador del Estado, Alfredo Ram\u00edrez Bedolla, coment\u00f3 ante medios, \u201cpara Michoac\u00e1n, la familia Bernal y todo el trabajo que han hecho para el fomento de la cultura musical y la generaci\u00f3n de p\u00fablico, m\u00e1s los trabajos sociales no\u00a0son\u00a0cualquier cosa, eso es un orgullo importante\u201d.<\/p>\n<p>F\u00e1tima Ch\u00e1vez Alcaraz, secretaria de Cultura de Morelia, quien estuvo en representaci\u00f3n del Presidente Municipal de la capital michoacana, Alfonso Mart\u00ednez Alc\u00e1zar, explic\u00f3: \u201cLa cultura siempre ser\u00e1 un eslab\u00f3n para la construcci\u00f3n de la paz, es otra de las tareas que tenemos como gobierno para la ciudadan\u00eda\u201d.<\/p>\n<p>Roberto Monroy Garc\u00eda, secretario de Turismo de Michoac\u00e1n,\u00a0se\u00f1al\u00f3, que el\u00a0turismo se mueve por el tema de la cultura, \u201cpor las experiencias, de c\u00f3mo vive la gente, qu\u00e9 trabaja, qu\u00e9 hace, sus costumbres. A\u00f1o con a\u00f1o el FMM tiene m\u00e1s fuerza\u201d.<\/p>\n<p>Finalmente Thelma Aquique Arrieta, secretaria de Turismo de Morelia finaliz\u00f3 la rueda asegurando, el FMM es de los m\u00e1s importantes, \u201cles pedimos que nos ayuden a difundir para que este festival sepa la gente, el 50% son actividades son gratuitas y el cual cerrar\u00e1 en la Casa de la Cultura con una muestra gratuita\u201d.<\/p>\n<p>Toda la programaci\u00f3n a detalle, as\u00ed como los puntos de venta y costos, podr\u00e1n ser consultados en el portal\u00a0<a href=\"http:\/\/www.festivalmorelia.mx\/\" target=\"_blank\" rel=\"noopener noreferrer\" data-auth=\"NotApplicable\" data-linkindex=\"0\">www.festivalmorelia.mx<\/a><\/p>\n<p><b>Programa Edici\u00f3n 35<\/b><\/p>\n<p>S\u00e9 parte de los conciertos<\/p>\n<p>A continuaci\u00f3n se detalla la programaci\u00f3n de la edici\u00f3n 35 del Festival de M\u00fasica de Morelia (FMM) \u201cMiguel Bernal Jim\u00e9nez\u201d que se desarrollar\u00e1 del 10 al 19 de noviembre en la capital michoacana.<\/p>\n<p><span style=\"font-size: large;\">\u00a0<b>Viernes 10<\/b><\/span><\/p>\n<p>&#8211;<b>Concierto Inaugural. Orquesta Sinf\u00f3nica de Xalapa (M\u00e9xico-Reino Unido)<\/b><\/p>\n<p>Mark Padmore \/ Tenor<\/p>\n<p>Teatro Morelos,\u00a020:30 horas<\/p>\n<p><b><span style=\"font-size: large;\">S\u00e1bado 11<\/span><\/b><\/p>\n<p>&#8211;<b>Tapetes florales de Patamban<\/b><\/p>\n<p>Con la presencia musical de: Bandakadabra (Italia), Freddy Torrealba (Chile) y Voz en Punto (M\u00e9xico)<\/p>\n<p>Calzada Fray Antonio de San Miguel,\u00a011:00 a 19:00 horas<\/p>\n<p>&#8211;<b>Duo Iwo y Karolina (Polonia)<\/b><\/p>\n<p>Recital de viol\u00edn y acorde\u00f3n<\/p>\n<p>Biblioteca P\u00fablica de la UMSNH,\u00a013:00 horas<\/p>\n<p><b>-Chaos String Quartet (Austria)<\/b><\/p>\n<p>Cuarteto de cuerdas<\/p>\n<p>Teatro Mariano Matamoros,\u00a020:00 horas<\/p>\n<p><span style=\"font-size: large;\">\u00a0<b>Domingo 12<\/b><\/span><\/p>\n<p><b>-Il Furore (Espa\u00f1a\/M\u00e9xico)<\/b><\/p>\n<p>M\u00fasica barroca<\/p>\n<p>Palacio Municipal,\u00a013:00 horas<\/p>\n<p><b>-Tr\u00edo del Conservatorio de las Rosas (M\u00e9xico\/Rusia)<\/b><\/p>\n<p>M\u00fasica de c\u00e1mara con Juli\u00e1n Mart\u00ednez (viol\u00edn), Jos\u00e9 Luis G\u00e1lvez (chelo), y Alexander Pashkov (piano)<\/p>\n<p>Sala de Ni\u00f1os Cantores del Conservatorio de las Rosas,\u00a017:00 horas<\/p>\n<p><b>\u00a0-Cores de Aid\u00e9 (Brasil)<\/b><\/p>\n<p>Concierto de percusiones, baile y canto brasile\u00f1o<\/p>\n<p>Centro Cultural Clavijero,\u00a019:00 horas<\/p>\n<p><b><span style=\"font-size: large;\">\u00a0Lunes 13<\/span><\/b><\/p>\n<p><b>-Cuarteto del Conservatorio de Celaya (M\u00e9xico)<\/b><\/p>\n<p>M\u00fasica de c\u00e1mara<\/p>\n<p>Conservatorio de las Rosas,\u00a018:00 horas<\/p>\n<p><b>-Cuarteto de cuerdas y clarinete del INBAL (M\u00e9xico)<\/b><\/p>\n<p>M\u00fasica cl\u00e1sica<\/p>\n<p>Santuario de Nuestra Se\u00f1ora de Guadalupe (Templo de San Diego),\u00a020:00 horas<\/p>\n<p><b><span style=\"font-size: large;\">\u00a0Martes 14<\/span><\/b><\/p>\n<p><b>-Coloquio en memoria de Javier \u00c1lvarez<\/b><\/p>\n<p>Centro Cultural UNAM,\u00a09:00 a 18:00 horas<\/p>\n<p><b>-Miniaturas para \u00f3rgano (Letonia)<\/b><\/p>\n<p>Concierto de \u00f3rgano con Mika Jonicenoka<\/p>\n<p>Homenaje a obras organ\u00edsticas de compositores michoacanos del siglo 20<\/p>\n<p>Templo de Santa Rosa de Lima (Templo de las Rosas),\u00a018:00 horas<\/p>\n<p><b>\u00a0-Concierto electroac\u00fastico (M\u00e9xico)<\/b><\/p>\n<p>Homenaje a Javier \u00c1lvarez<\/p>\n<p>Auditorio del Centro Mexicano para la M\u00fasica y las Artes Sonoras (CMMAS)<\/p>\n<p>Casa de la Cultura de Morelia,\u00a020:00 horas<\/p>\n<p><b><span style=\"font-size: large;\">Mi\u00e9rcoles 15<\/span><\/b><\/p>\n<p><b>-Orquesta y Coros Miguel Bernal Jim\u00e9nez (M\u00e9xico)<\/b><\/p>\n<p>Teatro Jos\u00e9 Rub\u00e9n Romero,\u00a018:00 horas<\/p>\n<p><b>\u00a0-Emmanuel Padilla y Lourdes Ambriz (M\u00e9xico)<\/b><\/p>\n<p>Recital de voz y arpa<\/p>\n<p>Templo de Santa Rosa de Lima (Templo de las Rosas),\u00a020:00 horas<\/p>\n<p><span style=\"font-size: large;\"><b>\u00a0Jueves 16<\/b><\/span><\/p>\n<p><b>-Camerata Silvestre Revueltas (M\u00e9xico)<\/b><\/p>\n<p>M\u00fasica de c\u00e1mara<\/p>\n<p>Teatro Melchor Ocampo,\u00a018:00 horas<\/p>\n<p><b>\u00a0-Tambuco (M\u00e9xico)<\/b><\/p>\n<p>Ensamble de percusiones<\/p>\n<p>Casa de la Cultura de Morelia,\u00a020:30 horas<\/p>\n<p><b><span style=\"font-size: large;\">\u00a0Viernes 17<\/span><\/b><\/p>\n<p><b>-Cuarteto Latinoamericano (M\u00e9xico)<\/b><\/p>\n<p>M\u00fasica de c\u00e1mara<\/p>\n<p>Teatro Matamoros,\u00a019:00 horas<\/p>\n<p><b>-Concierto cinesinf\u00f3nico (M\u00e9xico)<\/b><\/p>\n<p>Orquesta Juvenil Universitaria Eduardo Mata<\/p>\n<p>Plaza Valladolid,\u00a021:00 horas<\/p>\n<p><b><span style=\"font-size: large;\">\u00a0S\u00e1bado 18<\/span><\/b><\/p>\n<p><b>-Sigma Project (Espa\u00f1a)<\/b><\/p>\n<p>Cuarteto de saxofones<\/p>\n<p>Biblioteca P\u00fablica de la UMSNH,\u00a013:00 horas<\/p>\n<p><b>-Concierto de clausura. Orquesta Sinf\u00f3nica de la Universidad de Guanajuato (M\u00e9xico\/Austria)<\/b><\/p>\n<p>Yury Revich (viol\u00edn)<\/p>\n<p>Teatro Mariano Matamoros,\u00a020:00 horas<\/p>\n<p><b><span style=\"font-size: large;\">\u00a0Domingo 19<\/span><\/b><\/p>\n<p><b>-Capella de Ministrers Carles Magraner (Espa\u00f1a)<\/b><\/p>\n<p>M\u00fasica barroca<\/p>\n<p>Templo de Santa Rosa de Lima (Templo de las Rosas),\u00a013:00 horas<\/p>\n<p><b>-Muestra gastron\u00f3mica<\/b><\/p>\n<p>Platillos t\u00edpicos de Reino Unido, Brasil, Espa\u00f1a, Italia, Austria, M\u00e9xico, Polinia y Chile<\/p>\n<p>M\u00fasica en vivo<\/p>\n<p>Casa de la Cultura de Morelia,\u00a013:00 horas<\/p>\n<div dir=\"auto\"><a class=\"x1i10hfl xjbqb8w x6umtig x1b1mbwd xaqea5y xav7gou x9f619 x1ypdohk xt0psk2 xe8uvvx xdj266r x11i5rnm xat24cr x1mh8g0r xexx8yu x4uap5 x18d9i69 xkhd6sd x16tdsg8 x1hl2dhg xggy1nq x1a2a7pz xt0b8zv x1qq9wsj xo1l8bm\" tabindex=\"0\" role=\"link\" href=\"https:\/\/www.facebook.com\/hashtag\/festivaldemusicademorelia?__eep__=6&amp;__cft__[0]=AZXZS49vM-sQ_X3koNVBJ-kRhPBW9tzUeOF2GcGEhvAYOlJmdXvVBdzPPbItVL9kUy3IOKiQQsPwhaMArj39VOgmi6_l6hvomNqQBEbDSxhc_L4fYdkDJe3E3tFOIHHGNu0&amp;__tn__=*NK-R\">#FestivaldeMusicadeMorelia<\/a><\/div>\n<div dir=\"auto\"><a class=\"x1i10hfl xjbqb8w x6umtig x1b1mbwd xaqea5y xav7gou x9f619 x1ypdohk xt0psk2 xe8uvvx xdj266r x11i5rnm xat24cr x1mh8g0r xexx8yu x4uap5 x18d9i69 xkhd6sd x16tdsg8 x1hl2dhg xggy1nq x1a2a7pz xt0b8zv x1qq9wsj xo1l8bm\" tabindex=\"0\" role=\"link\" href=\"https:\/\/www.facebook.com\/hashtag\/secretariadecultura?__eep__=6&amp;__cft__[0]=AZXZS49vM-sQ_X3koNVBJ-kRhPBW9tzUeOF2GcGEhvAYOlJmdXvVBdzPPbItVL9kUy3IOKiQQsPwhaMArj39VOgmi6_l6hvomNqQBEbDSxhc_L4fYdkDJe3E3tFOIHHGNu0&amp;__tn__=*NK-R\">#secretariadecultura<\/a><\/div>\n<div dir=\"auto\"><a class=\"x1i10hfl xjbqb8w x6umtig x1b1mbwd xaqea5y xav7gou x9f619 x1ypdohk xt0psk2 xe8uvvx xdj266r x11i5rnm xat24cr x1mh8g0r xexx8yu x4uap5 x18d9i69 xkhd6sd x16tdsg8 x1hl2dhg xggy1nq x1a2a7pz xt0b8zv x1qq9wsj xo1l8bm\" tabindex=\"0\" role=\"link\" href=\"https:\/\/www.facebook.com\/hashtag\/morelia?__eep__=6&amp;__cft__[0]=AZXZS49vM-sQ_X3koNVBJ-kRhPBW9tzUeOF2GcGEhvAYOlJmdXvVBdzPPbItVL9kUy3IOKiQQsPwhaMArj39VOgmi6_l6hvomNqQBEbDSxhc_L4fYdkDJe3E3tFOIHHGNu0&amp;__tn__=*NK-R\">#Morelia<\/a><\/div>\n<div dir=\"auto\"><a class=\"x1i10hfl xjbqb8w x6umtig x1b1mbwd xaqea5y xav7gou x9f619 x1ypdohk xt0psk2 xe8uvvx xdj266r x11i5rnm xat24cr x1mh8g0r xexx8yu x4uap5 x18d9i69 xkhd6sd x16tdsg8 x1hl2dhg xggy1nq x1a2a7pz xt0b8zv x1qq9wsj xo1l8bm\" tabindex=\"0\" role=\"link\" href=\"https:\/\/www.facebook.com\/hashtag\/bitacoracdmx?__eep__=6&amp;__cft__[0]=AZXZS49vM-sQ_X3koNVBJ-kRhPBW9tzUeOF2GcGEhvAYOlJmdXvVBdzPPbItVL9kUy3IOKiQQsPwhaMArj39VOgmi6_l6hvomNqQBEbDSxhc_L4fYdkDJe3E3tFOIHHGNu0&amp;__tn__=*NK-R\">#bitacoracdmx<\/a><\/div>\n<p>[\/fusion_text][fusion_imageframe image_id=&#8221;52853|medium&#8221; max_width=&#8221;&#8221; style_type=&#8221;&#8221; blur=&#8221;&#8221; stylecolor=&#8221;&#8221; hover_type=&#8221;none&#8221; bordersize=&#8221;&#8221; bordercolor=&#8221;&#8221; borderradius=&#8221;&#8221; align=&#8221;none&#8221; lightbox=&#8221;no&#8221; gallery_id=&#8221;&#8221; lightbox_image=&#8221;&#8221; lightbox_image_id=&#8221;&#8221; alt=&#8221;&#8221; link=&#8221;&#8221; linktarget=&#8221;_self&#8221; hide_on_mobile=&#8221;small-visibility,medium-visibility,large-visibility&#8221; class=&#8221;&#8221; id=&#8221;&#8221; animation_type=&#8221;&#8221; animation_direction=&#8221;left&#8221; animation_speed=&#8221;0.3&#8243; animation_offset=&#8221;&#8221;]https:\/\/www.bitacoracdmx.com\/wp-content\/uploads\/2023\/09\/374958780_879834790202421_1468424609170132552_n-212&#215;300.jpg[\/fusion_imageframe][\/fusion_builder_column][\/fusion_builder_row][\/fusion_builder_container]<\/p>\n","protected":false},"excerpt":{"rendered":"<p>[fusion_builder_container hundred_percent=&#8221;no&#8221; equal_height_columns=&#8221;no&#8221; menu_anchor=&#8221;&#8221; hide_on_mobile=&#8221;small-visibility,medium-visibility,large-visibility&#8221; class=&#8221;&#8221; id=&#8221;&#8221; background_color=&#8221;&#8221; background_image=&#8221;&#8221; background_position=&#8221;center center&#8221; background_repeat=&#8221;no-repeat&#8221; fade=&#8221;no&#8221; background_parallax=&#8221;none&#8221; parallax_speed=&#8221;0.3&#8243; video_mp4=&#8221;&#8221; video_webm=&#8221;&#8221; video_ogv=&#8221;&#8221; video_url=&#8221;&#8221; video_aspect_ratio=&#8221;16:9&#8243; video_loop=&#8221;yes&#8221; video_mute=&#8221;yes&#8221; overlay_color=&#8221;&#8221; video_preview_image=&#8221;&#8221; border_size=&#8221;&#8221; border_color=&#8221;&#8221; border_style=&#8221;solid&#8221; padding_top=&#8221;&#8221; padding_bottom=&#8221;&#8221; padding_left=&#8221;&#8221; padding_right=&#8221;&#8221;][fusion_builder_row][fusion_builder_column type=&#8221;1_1&#8243; layout=&#8221;1_1&#8243; background_position=&#8221;left top&#8221; background_color=&#8221;&#8221; border_size=&#8221;&#8221; border_color=&#8221;&#8221; border_style=&#8221;solid&#8221; border_position=&#8221;all&#8221; spacing=&#8221;yes&#8221; background_image=&#8221;&#8221; background_repeat=&#8221;no-repeat&#8221; padding_top=&#8221;&#8221; padding_right=&#8221;&#8221; padding_bottom=&#8221;&#8221; padding_left=&#8221;&#8221; margin_top=&#8221;0px&#8221; margin_bottom=&#8221;0px&#8221; class=&#8221;&#8221; id=&#8221;&#8221; animation_type=&#8221;&#8221; animation_speed=&#8221;0.3&#8243; animation_direction=&#8221;left&#8221; hide_on_mobile=&#8221;small-visibility,medium-visibility,large-visibility&#8221; center_content=&#8221;no&#8221; last=&#8221;no&#8221; min_height=&#8221;&#8221; hover_type=&#8221;none&#8221; link=&#8221;&#8221;][fusion_text] REDACCI\u00d3N *Del 10 al 19 de noviembre, la m\u00fasica har\u00e1 vibrar a todo M\u00e9xico desde Morelia, con el evento que reunir\u00e1 a m\u00e1s de 700 artistas de 10 pa\u00edses. El Festival de M\u00fasica de Morelia (FMM) \u201cMiguel Bernal Jim\u00e9nez\u201d llega [&hellip;]<\/p>\n","protected":false},"author":1,"featured_media":52853,"comment_status":"open","ping_status":"open","sticky":false,"template":"","format":"standard","meta":{"footnotes":""},"categories":[9,11],"tags":[],"_links":{"self":[{"href":"https:\/\/www.bitacoracdmx.com\/index.php?rest_route=\/wp\/v2\/posts\/52851"}],"collection":[{"href":"https:\/\/www.bitacoracdmx.com\/index.php?rest_route=\/wp\/v2\/posts"}],"about":[{"href":"https:\/\/www.bitacoracdmx.com\/index.php?rest_route=\/wp\/v2\/types\/post"}],"author":[{"embeddable":true,"href":"https:\/\/www.bitacoracdmx.com\/index.php?rest_route=\/wp\/v2\/users\/1"}],"replies":[{"embeddable":true,"href":"https:\/\/www.bitacoracdmx.com\/index.php?rest_route=%2Fwp%2Fv2%2Fcomments&post=52851"}],"version-history":[{"count":1,"href":"https:\/\/www.bitacoracdmx.com\/index.php?rest_route=\/wp\/v2\/posts\/52851\/revisions"}],"predecessor-version":[{"id":52854,"href":"https:\/\/www.bitacoracdmx.com\/index.php?rest_route=\/wp\/v2\/posts\/52851\/revisions\/52854"}],"wp:featuredmedia":[{"embeddable":true,"href":"https:\/\/www.bitacoracdmx.com\/index.php?rest_route=\/wp\/v2\/media\/52853"}],"wp:attachment":[{"href":"https:\/\/www.bitacoracdmx.com\/index.php?rest_route=%2Fwp%2Fv2%2Fmedia&parent=52851"}],"wp:term":[{"taxonomy":"category","embeddable":true,"href":"https:\/\/www.bitacoracdmx.com\/index.php?rest_route=%2Fwp%2Fv2%2Fcategories&post=52851"},{"taxonomy":"post_tag","embeddable":true,"href":"https:\/\/www.bitacoracdmx.com\/index.php?rest_route=%2Fwp%2Fv2%2Ftags&post=52851"}],"curies":[{"name":"wp","href":"https:\/\/api.w.org\/{rel}","templated":true}]}}