{"id":52855,"date":"2023-09-07T05:54:51","date_gmt":"2023-09-07T05:54:51","guid":{"rendered":"https:\/\/www.bitacoracdmx.com\/?p=52855"},"modified":"2023-09-07T05:54:51","modified_gmt":"2023-09-07T05:54:51","slug":"la-banda-original-estilo-privado-lanza-en-la-radio-mexicana-su-nuevo-sencillo-hoy-manana-y-siempre-2","status":"publish","type":"post","link":"https:\/\/www.bitacoracdmx.com\/?p=52855","title":{"rendered":"La banda ORIGINAL ESTILO PRIVADO lanza en la RADIO MEXICANA su nuevo sencillo \u201cHOY, MA\u00d1ANA Y SIEMPRE\u201d"},"content":{"rendered":"<p>[fusion_builder_container hundred_percent=&#8221;no&#8221; equal_height_columns=&#8221;no&#8221; menu_anchor=&#8221;&#8221; hide_on_mobile=&#8221;small-visibility,medium-visibility,large-visibility&#8221; class=&#8221;&#8221; id=&#8221;&#8221; background_color=&#8221;&#8221; background_image=&#8221;&#8221; background_position=&#8221;center center&#8221; background_repeat=&#8221;no-repeat&#8221; fade=&#8221;no&#8221; background_parallax=&#8221;none&#8221; parallax_speed=&#8221;0.3&#8243; video_mp4=&#8221;&#8221; video_webm=&#8221;&#8221; video_ogv=&#8221;&#8221; video_url=&#8221;&#8221; video_aspect_ratio=&#8221;16:9&#8243; video_loop=&#8221;yes&#8221; video_mute=&#8221;yes&#8221; overlay_color=&#8221;&#8221; video_preview_image=&#8221;&#8221; border_size=&#8221;&#8221; border_color=&#8221;&#8221; border_style=&#8221;solid&#8221; padding_top=&#8221;&#8221; padding_bottom=&#8221;&#8221; padding_left=&#8221;&#8221; padding_right=&#8221;&#8221;][fusion_builder_row][fusion_builder_column type=&#8221;1_1&#8243; layout=&#8221;1_1&#8243; background_position=&#8221;left top&#8221; background_color=&#8221;&#8221; border_size=&#8221;&#8221; border_color=&#8221;&#8221; border_style=&#8221;solid&#8221; border_position=&#8221;all&#8221; spacing=&#8221;yes&#8221; background_image=&#8221;&#8221; background_repeat=&#8221;no-repeat&#8221; padding_top=&#8221;&#8221; padding_right=&#8221;&#8221; padding_bottom=&#8221;&#8221; padding_left=&#8221;&#8221; margin_top=&#8221;0px&#8221; margin_bottom=&#8221;0px&#8221; class=&#8221;&#8221; id=&#8221;&#8221; animation_type=&#8221;&#8221; animation_speed=&#8221;0.3&#8243; animation_direction=&#8221;left&#8221; hide_on_mobile=&#8221;small-visibility,medium-visibility,large-visibility&#8221; center_content=&#8221;no&#8221; last=&#8221;no&#8221; min_height=&#8221;&#8221; hover_type=&#8221;none&#8221; link=&#8221;&#8221;][fusion_text]<\/p>\n<p>REDACCI\u00d3N<\/p>\n<p>La Banda Original Estilo Privado cautiva a sus seguidores con el lanzamiento de su nuevo sencillo &#8220;Hoy, ma\u00f1ana y siempre&#8221; en la radio mexicana. Esto supone una gran noticia para esta agrupaci\u00f3n que posee una fusi\u00f3n refrescante de diversos estilos del regional mexicano, que le ha permitido posicionarse como una de las agrupaciones m\u00e1s prometedoras de la nueva generaci\u00f3n de la m\u00fasica regional mexicana. Su m\u00e1s reciente sencillo, titulado &#8220;Hoy, ma\u00f1ana y siempre&#8221;, es solo un adelanto de lo que ser\u00e1 su esperado cuarto \u00e1lbum, el cual ver\u00e1 la luz a finales de este a\u00f1o. Por lo pronto, numerosas emisoras de radio de M\u00e9xico est\u00e1n tomando este sencillo con gran benepl\u00e1cito y con cr\u00edticas muy positivas hacia su trabajo.<\/p>\n<p>La destacada banda originaria de Tierra Caliente, fundada en 2019 en Ixtapan de la Sal, Estado de M\u00e9xico, pero con ra\u00edces guerrerenses, est\u00e1 compuesta por seis talentosos j\u00f3venes que han trabajado arduamente juntos durante cuatro a\u00f1os. La apuesta para &#8220;Hoy, ma\u00f1ana y siempre&#8221;, este nuevo sencillo, pretende consolidarlos en su corta carrera y tiene argumentos s\u00f3lidos para conseguirlo. Fue en 2019 cuando lanzaron su primer \u00e1lbum, titulado &#8220;No hay marcha atr\u00e1s&#8221;, el cual les abri\u00f3 las puertas en la industria musical y les brind\u00f3 numerosas presentaciones, permiti\u00e9ndoles ascender como una agrupaci\u00f3n de calidad indiscutible.<\/p>\n<p>En 2020, presentaron su segundo trabajo discogr\u00e1fico, titulado &#8220;Corridos pa&#8217; la ma\u00f1ana&#8221;, el cual gener\u00f3 gran impacto y les abri\u00f3 las puertas para compartir escenario con reconocidas agrupaciones en los estados de Guerrero y el Estado de M\u00e9xico. Luego, en 2022, lanzaron su tercer \u00e1lbum, tambi\u00e9n llamado &#8220;No hay marcha atr\u00e1s&#8221;, el cual contribuy\u00f3 a su crecimiento y les brind\u00f3 la oportunidad de formar parte de la prestigiosa empresa discogr\u00e1fica Gaby Music.<\/p>\n<p>El a\u00f1o 2023 pinta muy bien para La Banda Original Estilo Privado, ya que se encuentran trabajando en su cuarta producci\u00f3n musical de la mano de Gaby Music, Tierra Caliente Music y Hoper Music, la cual ser\u00e1 lanzada este mismo a\u00f1o. Adem\u00e1s, a principios de este a\u00f1o, fueron galardonados con el premio &#8220;Hayek Internacional&#8221; como Grupo Revelaci\u00f3n 2023, lo que les ha motivado a\u00fan m\u00e1s para trascender y llevar la m\u00fasica de la Tierra Caliente a lo m\u00e1s alto.<\/p>\n<p>Los integrantes de La Banda Original Estilo Privado son los siguientes:<\/p>\n<p>Jos\u00e9 Luis R\u00edos Jaimes (Primera voz, Compositor y B5)<\/p>\n<p>Juvenal Brito Vargas (Segunda voz, acordeonista y arreglista)<\/p>\n<p>David M\u00e9ndez Gonz\u00e1lez (Requintista)<\/p>\n<p>Jes\u00fas Eusebio (Baterista)<\/p>\n<p>Juan Cuitl\u00e1huac Acosta (Tubero)<\/p>\n<p>Pablo Albarr\u00e1n (Bajista)<\/p>\n<p>Con su en\u00e9rgico desempe\u00f1o en el escenario, la fusi\u00f3n \u00fanica de estilos regionales mexicanos y su constante b\u00fasqueda por mantener la calidad en su m\u00fasica, La Banda Original Estilo Privado ha logrado captar la atenci\u00f3n del p\u00fablico y expandir su base de seguidores. Cada vez m\u00e1s, su agenda de conciertos se ve colmada de presentaciones en diferentes lugares, consolidando as\u00ed su lugar en la industria de la m\u00fasica regional mexicana.<\/p>\n<p>Sin duda alguna, La Banda Original Estilo Privado se encuentra en un momento crucial de su carrera, demostrando que su talento y dedicaci\u00f3n los han llevado a convertirse en una de las agrupaciones m\u00e1s destacadas de la escena musical actual. Sus seguidores esperan con ansias el lanzamiento de su cuarto \u00e1lbum y est\u00e1n seguros de que seguir\u00e1n sorprendi\u00e9ndolos con su autenticidad y calidad en cada una de sus producciones. El sencillo &#8220;Hoy, ma\u00f1ana y siempre&#8221; es una muestra fehaciente de ello.<\/p>\n<div dir=\"auto\"><a class=\"x1i10hfl xjbqb8w x6umtig x1b1mbwd xaqea5y xav7gou x9f619 x1ypdohk xt0psk2 xe8uvvx xdj266r x11i5rnm xat24cr x1mh8g0r xexx8yu x4uap5 x18d9i69 xkhd6sd x16tdsg8 x1hl2dhg xggy1nq x1a2a7pz xt0b8zv x1qq9wsj xo1l8bm\" tabindex=\"0\" role=\"link\" href=\"https:\/\/www.facebook.com\/hashtag\/originalestiloprivado?__eep__=6&amp;__cft__[0]=AZU_RZhN7iernj61SKAdeoAzFPm-4awgnBWksH8LveZvOV5qftDEPoan21hIZLLhos7jC_67ZkVo1yX13sYZe_2EgIa_U5Fn8SvLAwfm91mVLQD8ty78wPKz3x5iIT3R6E0&amp;__tn__=*NK-R\">#originalestiloprivado<\/a><\/div>\n<div dir=\"auto\"><a class=\"x1i10hfl xjbqb8w x6umtig x1b1mbwd xaqea5y xav7gou x9f619 x1ypdohk xt0psk2 xe8uvvx xdj266r x11i5rnm xat24cr x1mh8g0r xexx8yu x4uap5 x18d9i69 xkhd6sd x16tdsg8 x1hl2dhg xggy1nq x1a2a7pz xt0b8zv x1qq9wsj xo1l8bm\" tabindex=\"0\" role=\"link\" href=\"https:\/\/www.facebook.com\/hashtag\/lanzamientomusical?__eep__=6&amp;__cft__[0]=AZU_RZhN7iernj61SKAdeoAzFPm-4awgnBWksH8LveZvOV5qftDEPoan21hIZLLhos7jC_67ZkVo1yX13sYZe_2EgIa_U5Fn8SvLAwfm91mVLQD8ty78wPKz3x5iIT3R6E0&amp;__tn__=*NK-R\">#lanzamientomusical<\/a><\/div>\n<div dir=\"auto\"><a class=\"x1i10hfl xjbqb8w x6umtig x1b1mbwd xaqea5y xav7gou x9f619 x1ypdohk xt0psk2 xe8uvvx xdj266r x11i5rnm xat24cr x1mh8g0r xexx8yu x4uap5 x18d9i69 xkhd6sd x16tdsg8 x1hl2dhg xggy1nq x1a2a7pz xt0b8zv x1qq9wsj xo1l8bm\" tabindex=\"0\" role=\"link\" href=\"https:\/\/www.facebook.com\/hashtag\/bitacoracdmx?__eep__=6&amp;__cft__[0]=AZU_RZhN7iernj61SKAdeoAzFPm-4awgnBWksH8LveZvOV5qftDEPoan21hIZLLhos7jC_67ZkVo1yX13sYZe_2EgIa_U5Fn8SvLAwfm91mVLQD8ty78wPKz3x5iIT3R6E0&amp;__tn__=*NK-R\">#bitacoracdmx<\/a><\/div>\n<p>[\/fusion_text][fusion_imageframe image_id=&#8221;52856|medium&#8221; max_width=&#8221;&#8221; style_type=&#8221;&#8221; blur=&#8221;&#8221; stylecolor=&#8221;&#8221; hover_type=&#8221;none&#8221; bordersize=&#8221;&#8221; bordercolor=&#8221;&#8221; borderradius=&#8221;&#8221; align=&#8221;none&#8221; lightbox=&#8221;no&#8221; gallery_id=&#8221;&#8221; lightbox_image=&#8221;&#8221; lightbox_image_id=&#8221;&#8221; alt=&#8221;&#8221; link=&#8221;&#8221; linktarget=&#8221;_self&#8221; hide_on_mobile=&#8221;small-visibility,medium-visibility,large-visibility&#8221; class=&#8221;&#8221; id=&#8221;&#8221; animation_type=&#8221;&#8221; animation_direction=&#8221;left&#8221; animation_speed=&#8221;0.3&#8243; animation_offset=&#8221;&#8221;]https:\/\/www.bitacoracdmx.com\/wp-content\/uploads\/2023\/09\/375862091_879842150201685_9182842197227138488_n-300&#215;300.jpg[\/fusion_imageframe][\/fusion_builder_column][\/fusion_builder_row][\/fusion_builder_container]<\/p>\n","protected":false},"excerpt":{"rendered":"<p>[fusion_builder_container hundred_percent=&#8221;no&#8221; equal_height_columns=&#8221;no&#8221; menu_anchor=&#8221;&#8221; hide_on_mobile=&#8221;small-visibility,medium-visibility,large-visibility&#8221; class=&#8221;&#8221; id=&#8221;&#8221; background_color=&#8221;&#8221; background_image=&#8221;&#8221; background_position=&#8221;center center&#8221; background_repeat=&#8221;no-repeat&#8221; fade=&#8221;no&#8221; background_parallax=&#8221;none&#8221; parallax_speed=&#8221;0.3&#8243; video_mp4=&#8221;&#8221; video_webm=&#8221;&#8221; video_ogv=&#8221;&#8221; video_url=&#8221;&#8221; video_aspect_ratio=&#8221;16:9&#8243; video_loop=&#8221;yes&#8221; video_mute=&#8221;yes&#8221; overlay_color=&#8221;&#8221; video_preview_image=&#8221;&#8221; border_size=&#8221;&#8221; border_color=&#8221;&#8221; border_style=&#8221;solid&#8221; padding_top=&#8221;&#8221; padding_bottom=&#8221;&#8221; padding_left=&#8221;&#8221; padding_right=&#8221;&#8221;][fusion_builder_row][fusion_builder_column type=&#8221;1_1&#8243; layout=&#8221;1_1&#8243; background_position=&#8221;left top&#8221; background_color=&#8221;&#8221; border_size=&#8221;&#8221; border_color=&#8221;&#8221; border_style=&#8221;solid&#8221; border_position=&#8221;all&#8221; spacing=&#8221;yes&#8221; background_image=&#8221;&#8221; background_repeat=&#8221;no-repeat&#8221; padding_top=&#8221;&#8221; padding_right=&#8221;&#8221; padding_bottom=&#8221;&#8221; padding_left=&#8221;&#8221; margin_top=&#8221;0px&#8221; margin_bottom=&#8221;0px&#8221; class=&#8221;&#8221; id=&#8221;&#8221; animation_type=&#8221;&#8221; animation_speed=&#8221;0.3&#8243; animation_direction=&#8221;left&#8221; hide_on_mobile=&#8221;small-visibility,medium-visibility,large-visibility&#8221; center_content=&#8221;no&#8221; last=&#8221;no&#8221; min_height=&#8221;&#8221; hover_type=&#8221;none&#8221; link=&#8221;&#8221;][fusion_text] REDACCI\u00d3N La Banda Original Estilo Privado cautiva a sus seguidores con el lanzamiento de su nuevo sencillo &#8220;Hoy, ma\u00f1ana y siempre&#8221; en la radio mexicana. Esto supone una gran noticia para esta agrupaci\u00f3n que posee una fusi\u00f3n refrescante de diversos [&hellip;]<\/p>\n","protected":false},"author":1,"featured_media":52856,"comment_status":"open","ping_status":"open","sticky":false,"template":"","format":"standard","meta":{"footnotes":""},"categories":[9,11],"tags":[],"_links":{"self":[{"href":"https:\/\/www.bitacoracdmx.com\/index.php?rest_route=\/wp\/v2\/posts\/52855"}],"collection":[{"href":"https:\/\/www.bitacoracdmx.com\/index.php?rest_route=\/wp\/v2\/posts"}],"about":[{"href":"https:\/\/www.bitacoracdmx.com\/index.php?rest_route=\/wp\/v2\/types\/post"}],"author":[{"embeddable":true,"href":"https:\/\/www.bitacoracdmx.com\/index.php?rest_route=\/wp\/v2\/users\/1"}],"replies":[{"embeddable":true,"href":"https:\/\/www.bitacoracdmx.com\/index.php?rest_route=%2Fwp%2Fv2%2Fcomments&post=52855"}],"version-history":[{"count":1,"href":"https:\/\/www.bitacoracdmx.com\/index.php?rest_route=\/wp\/v2\/posts\/52855\/revisions"}],"predecessor-version":[{"id":52857,"href":"https:\/\/www.bitacoracdmx.com\/index.php?rest_route=\/wp\/v2\/posts\/52855\/revisions\/52857"}],"wp:featuredmedia":[{"embeddable":true,"href":"https:\/\/www.bitacoracdmx.com\/index.php?rest_route=\/wp\/v2\/media\/52856"}],"wp:attachment":[{"href":"https:\/\/www.bitacoracdmx.com\/index.php?rest_route=%2Fwp%2Fv2%2Fmedia&parent=52855"}],"wp:term":[{"taxonomy":"category","embeddable":true,"href":"https:\/\/www.bitacoracdmx.com\/index.php?rest_route=%2Fwp%2Fv2%2Fcategories&post=52855"},{"taxonomy":"post_tag","embeddable":true,"href":"https:\/\/www.bitacoracdmx.com\/index.php?rest_route=%2Fwp%2Fv2%2Ftags&post=52855"}],"curies":[{"name":"wp","href":"https:\/\/api.w.org\/{rel}","templated":true}]}}