{"id":52884,"date":"2023-09-10T04:35:20","date_gmt":"2023-09-10T04:35:20","guid":{"rendered":"https:\/\/www.bitacoracdmx.com\/?p=52884"},"modified":"2023-09-10T04:35:20","modified_gmt":"2023-09-10T04:35:20","slug":"el-foro-alternativo-del-centro-cultural-helenico-recibe-a-deja-la-vida-volar-un-concierto-multimedia-en-homenaje-a-victor-jara","status":"publish","type":"post","link":"https:\/\/www.bitacoracdmx.com\/?p=52884","title":{"rendered":"El Foro Alternativo del Centro Cultural Hel\u00e9nico recibe a Deja la vida volar: un concierto multimedia en homenaje a V\u00edctor Jara"},"content":{"rendered":"<p>[fusion_builder_container hundred_percent=&#8221;no&#8221; equal_height_columns=&#8221;no&#8221; menu_anchor=&#8221;&#8221; hide_on_mobile=&#8221;small-visibility,medium-visibility,large-visibility&#8221; class=&#8221;&#8221; id=&#8221;&#8221; background_color=&#8221;&#8221; background_image=&#8221;&#8221; background_position=&#8221;center center&#8221; background_repeat=&#8221;no-repeat&#8221; fade=&#8221;no&#8221; background_parallax=&#8221;none&#8221; parallax_speed=&#8221;0.3&#8243; video_mp4=&#8221;&#8221; video_webm=&#8221;&#8221; video_ogv=&#8221;&#8221; video_url=&#8221;&#8221; video_aspect_ratio=&#8221;16:9&#8243; video_loop=&#8221;yes&#8221; video_mute=&#8221;yes&#8221; overlay_color=&#8221;&#8221; video_preview_image=&#8221;&#8221; border_size=&#8221;&#8221; border_color=&#8221;&#8221; border_style=&#8221;solid&#8221; padding_top=&#8221;&#8221; padding_bottom=&#8221;&#8221; padding_left=&#8221;&#8221; padding_right=&#8221;&#8221;][fusion_builder_row][fusion_builder_column type=&#8221;1_1&#8243; layout=&#8221;1_1&#8243; background_position=&#8221;left top&#8221; background_color=&#8221;&#8221; border_size=&#8221;&#8221; border_color=&#8221;&#8221; border_style=&#8221;solid&#8221; border_position=&#8221;all&#8221; spacing=&#8221;yes&#8221; background_image=&#8221;&#8221; background_repeat=&#8221;no-repeat&#8221; padding_top=&#8221;&#8221; padding_right=&#8221;&#8221; padding_bottom=&#8221;&#8221; padding_left=&#8221;&#8221; margin_top=&#8221;0px&#8221; margin_bottom=&#8221;0px&#8221; class=&#8221;&#8221; id=&#8221;&#8221; animation_type=&#8221;&#8221; animation_speed=&#8221;0.3&#8243; animation_direction=&#8221;left&#8221; hide_on_mobile=&#8221;small-visibility,medium-visibility,large-visibility&#8221; center_content=&#8221;no&#8221; last=&#8221;no&#8221; min_height=&#8221;&#8221; hover_type=&#8221;none&#8221; link=&#8221;&#8221;][fusion_text]<\/p>\n<p>REDACCI\u00d3N<\/p>\n<ul>\n<li>Cuenta con la voz, guitarra, narraci\u00f3n y direcci\u00f3n de Nahuel Porcel de Peralta<\/li>\n<li>Una propuesta para recordar el vuelo po\u00e9tico del m\u00fasico, as\u00ed como su compromiso con el arte popular, el teatro y la belleza<\/li>\n<li>Esta presentaci\u00f3n es de entrada libre y se realiza en el marco de los 50 a\u00f1os del golpe militar en Chile<\/li>\n<\/ul>\n<p>El Centro Cultural Hel\u00e9nico, instituci\u00f3n de la Secretar\u00eda de Cultura del Gobierno de M\u00e9xico, se une a la conmemoraci\u00f3n de los 50 a\u00f1os del golpe militar en Chile. Entre las muchas voces que se alzaron en resistencia ante el r\u00e9gimen de aquel pa\u00eds una figura se destac\u00f3 por su compromiso, su pasi\u00f3n y su m\u00fasica: V\u00edctor Jara, su legado trasciende en el tiempo.<br aria-hidden=\"true\" \/><br aria-hidden=\"true\" \/>Imbuido por los valores de lucha por la justicia y la libertad, el m\u00fasico Nahuel Porcel de Peralta cre\u00f3\u00a0<em>Deja la vida volar: un concierto multimedia en homenaje a V\u00edctor Jara<\/em>, que se presentar\u00e1 el lunes 11 de septiembre de 2023 a las 18:00 horas en el Foro Alternativo con entrada libre.<br aria-hidden=\"true\" \/><br aria-hidden=\"true\" \/>V\u00edctor Jara naci\u00f3 en San Ignacio, Chile, en 1932, en el seno de una familia humilde; prontamente encontr\u00f3 en la m\u00fasica una poderosa herramienta de expresi\u00f3n y denuncia. Sus composiciones, reflejaron las esperanzas y las frustraciones de un pueblo oprimido por una dictadura que eclips\u00f3 la vida de muchas personas. Sus creaciones abordaron temas sociales, pol\u00edticos y culturales, convirti\u00e9ndolo en un referente de la canci\u00f3n de protesta en Latinoam\u00e9rica.<br aria-hidden=\"true\" \/><br aria-hidden=\"true\" \/>Con base en el s\u00edmbolo que representa Jara, Nahuel Porcel de Peralta cre\u00f3 este concierto multimedia donde \u00e9l mismo se encarga de la voz, la guitarra, la narraci\u00f3n y la direcci\u00f3n. Por su parte, la proyecci\u00f3n audiovisual es de Joaqu\u00edn Berruecos y Rosibel Gadea; asimismo, se cont\u00f3 con la colaboraci\u00f3n de los m\u00fasicos David Delgadillo (quena, moce\u00f1o y voz), \u00c1ngel D\u00edaz (charango y voz) y Joaqu\u00edn Berruecos (bombo y pandero).<br aria-hidden=\"true\" \/><br aria-hidden=\"true\" \/>La m\u00fasica de V\u00edctor Jara recuerda que, incluso en los momentos m\u00e1s oscuros, el arte y la resistencia pueden guiarnos hacia una mentalidad m\u00e1s justa y libertaria. Este concierto es un homenaje a la importante figura de un chileno que se expandi\u00f3 m\u00e1s all\u00e1 de los embates de su tiempo.<br aria-hidden=\"true\" \/><br aria-hidden=\"true\" \/>El p\u00fablico podr\u00e1 disfrutar de este recital \u2014de entrada libre\u2014 el lunes 11 de septiembre de 2023, a las 18:00 horas, (el cupo es limitado a 60 personas, por lo que es importante se llegue con antelaci\u00f3n), en el Foro Alternativo del Centro Cultural Hel\u00e9nico, ubicado en avenida Revoluci\u00f3n 1500, Ciudad de M\u00e9xico.<br aria-hidden=\"true\" \/><br aria-hidden=\"true\" \/>Para m\u00e1s informaci\u00f3n vista las p\u00e1ginas:\u00a0<strong>helenico.gob.mx<\/strong>\u00a0y\u00a0<strong>mexicoescultura.com<\/strong>.<\/p>\n<div dir=\"auto\"><a class=\"x1i10hfl xjbqb8w x6umtig x1b1mbwd xaqea5y xav7gou x9f619 x1ypdohk xt0psk2 xe8uvvx xdj266r x11i5rnm xat24cr x1mh8g0r xexx8yu x4uap5 x18d9i69 xkhd6sd x16tdsg8 x1hl2dhg xggy1nq x1a2a7pz xt0b8zv x1qq9wsj xo1l8bm\" tabindex=\"0\" role=\"link\" href=\"https:\/\/www.facebook.com\/hashtag\/dejalavidavolar?__eep__=6&amp;__cft__[0]=AZXT0oKOwxOCPWYam2GeLaQSBp6sexyA-KWcnHhRvcZmwadubmMny5n4nlQcVus9RBOnil5vIsW4BAk1pFSZPJJzvf6mL8v0Fms2hC6r5-wbTwauPVgAvS6v4jGdWhMvhCE&amp;__tn__=*NK-R\">#dejalavidavolar<\/a><\/div>\n<div dir=\"auto\"><a class=\"x1i10hfl xjbqb8w x6umtig x1b1mbwd xaqea5y xav7gou x9f619 x1ypdohk xt0psk2 xe8uvvx xdj266r x11i5rnm xat24cr x1mh8g0r xexx8yu x4uap5 x18d9i69 xkhd6sd x16tdsg8 x1hl2dhg xggy1nq x1a2a7pz xt0b8zv x1qq9wsj xo1l8bm\" tabindex=\"0\" role=\"link\" href=\"https:\/\/www.facebook.com\/hashtag\/victorjara?__eep__=6&amp;__cft__[0]=AZXT0oKOwxOCPWYam2GeLaQSBp6sexyA-KWcnHhRvcZmwadubmMny5n4nlQcVus9RBOnil5vIsW4BAk1pFSZPJJzvf6mL8v0Fms2hC6r5-wbTwauPVgAvS6v4jGdWhMvhCE&amp;__tn__=*NK-R\">#VictorJara<\/a><\/div>\n<div dir=\"auto\"><a class=\"x1i10hfl xjbqb8w x6umtig x1b1mbwd xaqea5y xav7gou x9f619 x1ypdohk xt0psk2 xe8uvvx xdj266r x11i5rnm xat24cr x1mh8g0r xexx8yu x4uap5 x18d9i69 xkhd6sd x16tdsg8 x1hl2dhg xggy1nq x1a2a7pz xt0b8zv x1qq9wsj xo1l8bm\" tabindex=\"0\" role=\"link\" href=\"https:\/\/www.facebook.com\/hashtag\/foroalternativo?__eep__=6&amp;__cft__[0]=AZXT0oKOwxOCPWYam2GeLaQSBp6sexyA-KWcnHhRvcZmwadubmMny5n4nlQcVus9RBOnil5vIsW4BAk1pFSZPJJzvf6mL8v0Fms2hC6r5-wbTwauPVgAvS6v4jGdWhMvhCE&amp;__tn__=*NK-R\">#foroalternativo<\/a><\/div>\n<div dir=\"auto\"><a class=\"x1i10hfl xjbqb8w x6umtig x1b1mbwd xaqea5y xav7gou x9f619 x1ypdohk xt0psk2 xe8uvvx xdj266r x11i5rnm xat24cr x1mh8g0r xexx8yu x4uap5 x18d9i69 xkhd6sd x16tdsg8 x1hl2dhg xggy1nq x1a2a7pz xt0b8zv x1qq9wsj xo1l8bm\" tabindex=\"0\" role=\"link\" href=\"https:\/\/www.facebook.com\/hashtag\/centroculturalhelenico?__eep__=6&amp;__cft__[0]=AZXT0oKOwxOCPWYam2GeLaQSBp6sexyA-KWcnHhRvcZmwadubmMny5n4nlQcVus9RBOnil5vIsW4BAk1pFSZPJJzvf6mL8v0Fms2hC6r5-wbTwauPVgAvS6v4jGdWhMvhCE&amp;__tn__=*NK-R\">#centroculturalhelenico<\/a><\/div>\n<div dir=\"auto\"><a class=\"x1i10hfl xjbqb8w x6umtig x1b1mbwd xaqea5y xav7gou x9f619 x1ypdohk xt0psk2 xe8uvvx xdj266r x11i5rnm xat24cr x1mh8g0r xexx8yu x4uap5 x18d9i69 xkhd6sd x16tdsg8 x1hl2dhg xggy1nq x1a2a7pz xt0b8zv x1qq9wsj xo1l8bm\" tabindex=\"0\" role=\"link\" href=\"https:\/\/www.facebook.com\/hashtag\/bitacoracdmx?__eep__=6&amp;__cft__[0]=AZXT0oKOwxOCPWYam2GeLaQSBp6sexyA-KWcnHhRvcZmwadubmMny5n4nlQcVus9RBOnil5vIsW4BAk1pFSZPJJzvf6mL8v0Fms2hC6r5-wbTwauPVgAvS6v4jGdWhMvhCE&amp;__tn__=*NK-R\">#bitacoracdmx<\/a><\/div>\n<p>[\/fusion_text][fusion_imageframe image_id=&#8221;52885|medium&#8221; max_width=&#8221;&#8221; style_type=&#8221;&#8221; blur=&#8221;&#8221; stylecolor=&#8221;&#8221; hover_type=&#8221;none&#8221; bordersize=&#8221;&#8221; bordercolor=&#8221;&#8221; borderradius=&#8221;&#8221; align=&#8221;none&#8221; lightbox=&#8221;no&#8221; gallery_id=&#8221;&#8221; lightbox_image=&#8221;&#8221; lightbox_image_id=&#8221;&#8221; alt=&#8221;&#8221; link=&#8221;&#8221; linktarget=&#8221;_self&#8221; hide_on_mobile=&#8221;small-visibility,medium-visibility,large-visibility&#8221; class=&#8221;&#8221; id=&#8221;&#8221; animation_type=&#8221;&#8221; animation_direction=&#8221;left&#8221; animation_speed=&#8221;0.3&#8243; animation_offset=&#8221;&#8221;]https:\/\/www.bitacoracdmx.com\/wp-content\/uploads\/2023\/09\/822ce96f-caeb-14d5-976b-a33efb006b2c-300&#215;300.jpeg[\/fusion_imageframe][\/fusion_builder_column][\/fusion_builder_row][\/fusion_builder_container]<\/p>\n","protected":false},"excerpt":{"rendered":"<p>[fusion_builder_container hundred_percent=&#8221;no&#8221; equal_height_columns=&#8221;no&#8221; menu_anchor=&#8221;&#8221; hide_on_mobile=&#8221;small-visibility,medium-visibility,large-visibility&#8221; class=&#8221;&#8221; id=&#8221;&#8221; background_color=&#8221;&#8221; background_image=&#8221;&#8221; background_position=&#8221;center center&#8221; background_repeat=&#8221;no-repeat&#8221; fade=&#8221;no&#8221; background_parallax=&#8221;none&#8221; parallax_speed=&#8221;0.3&#8243; video_mp4=&#8221;&#8221; video_webm=&#8221;&#8221; video_ogv=&#8221;&#8221; video_url=&#8221;&#8221; video_aspect_ratio=&#8221;16:9&#8243; video_loop=&#8221;yes&#8221; video_mute=&#8221;yes&#8221; overlay_color=&#8221;&#8221; video_preview_image=&#8221;&#8221; border_size=&#8221;&#8221; border_color=&#8221;&#8221; border_style=&#8221;solid&#8221; padding_top=&#8221;&#8221; padding_bottom=&#8221;&#8221; padding_left=&#8221;&#8221; padding_right=&#8221;&#8221;][fusion_builder_row][fusion_builder_column type=&#8221;1_1&#8243; layout=&#8221;1_1&#8243; background_position=&#8221;left top&#8221; background_color=&#8221;&#8221; border_size=&#8221;&#8221; border_color=&#8221;&#8221; border_style=&#8221;solid&#8221; border_position=&#8221;all&#8221; spacing=&#8221;yes&#8221; background_image=&#8221;&#8221; background_repeat=&#8221;no-repeat&#8221; padding_top=&#8221;&#8221; padding_right=&#8221;&#8221; padding_bottom=&#8221;&#8221; padding_left=&#8221;&#8221; margin_top=&#8221;0px&#8221; margin_bottom=&#8221;0px&#8221; class=&#8221;&#8221; id=&#8221;&#8221; animation_type=&#8221;&#8221; animation_speed=&#8221;0.3&#8243; animation_direction=&#8221;left&#8221; hide_on_mobile=&#8221;small-visibility,medium-visibility,large-visibility&#8221; center_content=&#8221;no&#8221; last=&#8221;no&#8221; min_height=&#8221;&#8221; hover_type=&#8221;none&#8221; link=&#8221;&#8221;][fusion_text] REDACCI\u00d3N Cuenta con la voz, guitarra, narraci\u00f3n y direcci\u00f3n de Nahuel Porcel de Peralta Una propuesta para recordar el vuelo po\u00e9tico del m\u00fasico, as\u00ed como su compromiso con el arte popular, el teatro y la belleza Esta presentaci\u00f3n es de [&hellip;]<\/p>\n","protected":false},"author":1,"featured_media":52885,"comment_status":"open","ping_status":"open","sticky":false,"template":"","format":"standard","meta":{"footnotes":""},"categories":[9,11],"tags":[],"_links":{"self":[{"href":"https:\/\/www.bitacoracdmx.com\/index.php?rest_route=\/wp\/v2\/posts\/52884"}],"collection":[{"href":"https:\/\/www.bitacoracdmx.com\/index.php?rest_route=\/wp\/v2\/posts"}],"about":[{"href":"https:\/\/www.bitacoracdmx.com\/index.php?rest_route=\/wp\/v2\/types\/post"}],"author":[{"embeddable":true,"href":"https:\/\/www.bitacoracdmx.com\/index.php?rest_route=\/wp\/v2\/users\/1"}],"replies":[{"embeddable":true,"href":"https:\/\/www.bitacoracdmx.com\/index.php?rest_route=%2Fwp%2Fv2%2Fcomments&post=52884"}],"version-history":[{"count":1,"href":"https:\/\/www.bitacoracdmx.com\/index.php?rest_route=\/wp\/v2\/posts\/52884\/revisions"}],"predecessor-version":[{"id":52886,"href":"https:\/\/www.bitacoracdmx.com\/index.php?rest_route=\/wp\/v2\/posts\/52884\/revisions\/52886"}],"wp:featuredmedia":[{"embeddable":true,"href":"https:\/\/www.bitacoracdmx.com\/index.php?rest_route=\/wp\/v2\/media\/52885"}],"wp:attachment":[{"href":"https:\/\/www.bitacoracdmx.com\/index.php?rest_route=%2Fwp%2Fv2%2Fmedia&parent=52884"}],"wp:term":[{"taxonomy":"category","embeddable":true,"href":"https:\/\/www.bitacoracdmx.com\/index.php?rest_route=%2Fwp%2Fv2%2Fcategories&post=52884"},{"taxonomy":"post_tag","embeddable":true,"href":"https:\/\/www.bitacoracdmx.com\/index.php?rest_route=%2Fwp%2Fv2%2Ftags&post=52884"}],"curies":[{"name":"wp","href":"https:\/\/api.w.org\/{rel}","templated":true}]}}