{"id":52945,"date":"2023-09-13T03:44:51","date_gmt":"2023-09-13T03:44:51","guid":{"rendered":"https:\/\/www.bitacoracdmx.com\/?p=52945"},"modified":"2023-09-13T03:44:51","modified_gmt":"2023-09-13T03:44:51","slug":"antonis-macias-egresado-de-la-academia-alfredo-harp-helu-en-el-equipo-ideal-del-mundial-sub-18","status":"publish","type":"post","link":"https:\/\/www.bitacoracdmx.com\/?p=52945","title":{"rendered":"ANTONIS MAC\u00cdAS, egresado de la ACADEMIA ALFREDO HARP HEL\u00da, en el equipo ideal del MUNDIAL SUB-18"},"content":{"rendered":"<p>[fusion_builder_container hundred_percent=&#8221;no&#8221; equal_height_columns=&#8221;no&#8221; menu_anchor=&#8221;&#8221; hide_on_mobile=&#8221;small-visibility,medium-visibility,large-visibility&#8221; class=&#8221;&#8221; id=&#8221;&#8221; background_color=&#8221;&#8221; background_image=&#8221;&#8221; background_position=&#8221;center center&#8221; background_repeat=&#8221;no-repeat&#8221; fade=&#8221;no&#8221; background_parallax=&#8221;none&#8221; parallax_speed=&#8221;0.3&#8243; video_mp4=&#8221;&#8221; video_webm=&#8221;&#8221; video_ogv=&#8221;&#8221; video_url=&#8221;&#8221; video_aspect_ratio=&#8221;16:9&#8243; video_loop=&#8221;yes&#8221; video_mute=&#8221;yes&#8221; overlay_color=&#8221;&#8221; video_preview_image=&#8221;&#8221; border_size=&#8221;&#8221; border_color=&#8221;&#8221; border_style=&#8221;solid&#8221; padding_top=&#8221;&#8221; padding_bottom=&#8221;&#8221; padding_left=&#8221;&#8221; padding_right=&#8221;&#8221;][fusion_builder_row][fusion_builder_column type=&#8221;1_1&#8243; layout=&#8221;1_1&#8243; background_position=&#8221;left top&#8221; background_color=&#8221;&#8221; border_size=&#8221;&#8221; border_color=&#8221;&#8221; border_style=&#8221;solid&#8221; border_position=&#8221;all&#8221; spacing=&#8221;yes&#8221; background_image=&#8221;&#8221; background_repeat=&#8221;no-repeat&#8221; padding_top=&#8221;&#8221; padding_right=&#8221;&#8221; padding_bottom=&#8221;&#8221; padding_left=&#8221;&#8221; margin_top=&#8221;0px&#8221; margin_bottom=&#8221;0px&#8221; class=&#8221;&#8221; id=&#8221;&#8221; animation_type=&#8221;&#8221; animation_speed=&#8221;0.3&#8243; animation_direction=&#8221;left&#8221; hide_on_mobile=&#8221;small-visibility,medium-visibility,large-visibility&#8221; center_content=&#8221;no&#8221; last=&#8221;no&#8221; min_height=&#8221;&#8221; hover_type=&#8221;none&#8221; link=&#8221;&#8221;][fusion_text]<\/p>\n<p>REDACCI\u00d3N<\/p>\n<div>\u00a0El jardinero egresado de la Academia Alfredo Harp, Antonis Mac\u00edas, fue elegido al equipo ideal del Mundial de Beisbol Sub-18 que se realiz\u00f3 en China Taipei, luego de su actuaci\u00f3n con la Selecci\u00f3n Mexicana en este torneo.<\/div>\n<div aria-hidden=\"true\"><\/div>\n<div>Mac\u00edas, quien actualmente es prospecto de los Texas Rangers, fue uno de los l\u00edderes del Mundial de la especialidad al tener el s\u00e9ptimo mejor promedio de bateo con un .409, luego de que diera nueve hits en 22 turnos, complementando su actuaci\u00f3n con cuatro carreras anotadas y tres producidas. Dentro de su labor, Antonis dio hit en siete de los ocho juegos en los que particip\u00f3, anotando en los tres \u00faltimos duelos del torneo (contra Espa\u00f1a, Panam\u00e1 y Rep\u00fablica Checa).<\/div>\n<div aria-hidden=\"true\"><\/div>\n<div>Mac\u00edas fue uno de los ocho peloteros egresados de la Academia Alfredo Harp que estuvieron con el conjunto mexicano en el Mundial, donde M\u00e9xico termin\u00f3 con un r\u00e9cord de 3-5.<\/div>\n<div aria-hidden=\"true\"><\/div>\n<div>ACTUACI\u00d3N DE LOS JUGADORES EGRESADOS DE LA ACADEMIA ALFREDO HARP HEL\u00da EN EL MUNDIAL SUB-18<br aria-hidden=\"true\" \/>Humberto Cruz (Pitcher): 2 aperturas \/ 5 EL \/ 3 H \/ 1 C<br aria-hidden=\"true\" \/>Jorge Alvarez (Pitcher): 3 juegos \/ 3.2 EL \/ 6 H \/ 7 C<\/div>\n<div>Jonathan Miranda (Pitcher): 2 juegos \/ 2.2 EL \/ 3 H 1 C<br aria-hidden=\"true\" \/>\u00c1ngel Arredondo (Infielder): 8 juegos \/ 3 H \/ 1 C \/ 2 CP<br aria-hidden=\"true\" \/>Ichiro Cano (Infielder): 8 juegos \/ 4 H \/ 3 C \/ 1 HR \/ 1 CP<br aria-hidden=\"true\" \/>Santiago Contreras (Catcher): 7 juegos \/ 2 H \/ 1 C \/ 1 CP<br aria-hidden=\"true\" \/>Antonis Mac\u00edas (Jardinero): 8 juegos \/ 9 H \/ 4 C \/ 3 CP<br aria-hidden=\"true\" \/>Isael Arias (Jardinero): 6 juegos \/ 4 H \/ 4 C \/ 1 HR \/ 3 CP<\/div>\n<div><\/div>\n<div>\n<div dir=\"auto\"><a class=\"x1i10hfl xjbqb8w x6umtig x1b1mbwd xaqea5y xav7gou x9f619 x1ypdohk xt0psk2 xe8uvvx xdj266r x11i5rnm xat24cr x1mh8g0r xexx8yu x4uap5 x18d9i69 xkhd6sd x16tdsg8 x1hl2dhg xggy1nq x1a2a7pz xt0b8zv x1qq9wsj xo1l8bm\" tabindex=\"0\" role=\"link\" href=\"https:\/\/www.facebook.com\/hashtag\/antonismacias?__eep__=6&amp;__cft__[0]=AZXlTBuIZzNitCogRP65tCYpSd9tIxU23hfqRILpQMkp_ccHuRbb_wlYx7Q-YNasNg-5GzdEliMCcOH7vG8SKGUiedhtSVnFKfYG8VbuhAKm-23e_ZvEYJWsk0Kfa9bR7Wk&amp;__tn__=*NK-R\">#antonismacias<\/a><\/div>\n<div dir=\"auto\"><a class=\"x1i10hfl xjbqb8w x6umtig x1b1mbwd xaqea5y xav7gou x9f619 x1ypdohk xt0psk2 xe8uvvx xdj266r x11i5rnm xat24cr x1mh8g0r xexx8yu x4uap5 x18d9i69 xkhd6sd x16tdsg8 x1hl2dhg xggy1nq x1a2a7pz xt0b8zv x1qq9wsj xo1l8bm\" tabindex=\"0\" role=\"link\" href=\"https:\/\/www.facebook.com\/hashtag\/academiaalfredoharphelu?__eep__=6&amp;__cft__[0]=AZXlTBuIZzNitCogRP65tCYpSd9tIxU23hfqRILpQMkp_ccHuRbb_wlYx7Q-YNasNg-5GzdEliMCcOH7vG8SKGUiedhtSVnFKfYG8VbuhAKm-23e_ZvEYJWsk0Kfa9bR7Wk&amp;__tn__=*NK-R\">#academiaalfredoharphelu<\/a><\/div>\n<div dir=\"auto\"><a class=\"x1i10hfl xjbqb8w x6umtig x1b1mbwd xaqea5y xav7gou x9f619 x1ypdohk xt0psk2 xe8uvvx xdj266r x11i5rnm xat24cr x1mh8g0r xexx8yu x4uap5 x18d9i69 xkhd6sd x16tdsg8 x1hl2dhg xggy1nq x1a2a7pz xt0b8zv x1qq9wsj xo1l8bm\" tabindex=\"0\" role=\"link\" href=\"https:\/\/www.facebook.com\/hashtag\/bitacoracdmx?__eep__=6&amp;__cft__[0]=AZXlTBuIZzNitCogRP65tCYpSd9tIxU23hfqRILpQMkp_ccHuRbb_wlYx7Q-YNasNg-5GzdEliMCcOH7vG8SKGUiedhtSVnFKfYG8VbuhAKm-23e_ZvEYJWsk0Kfa9bR7Wk&amp;__tn__=*NK-R\">#bitacoracdmx<\/a><\/div>\n<\/div>\n<div aria-hidden=\"true\"><\/div>\n<p>[\/fusion_text][fusion_imageframe image_id=&#8221;52946|medium&#8221; max_width=&#8221;&#8221; style_type=&#8221;&#8221; blur=&#8221;&#8221; stylecolor=&#8221;&#8221; hover_type=&#8221;none&#8221; bordersize=&#8221;&#8221; bordercolor=&#8221;&#8221; borderradius=&#8221;&#8221; align=&#8221;none&#8221; lightbox=&#8221;no&#8221; gallery_id=&#8221;&#8221; lightbox_image=&#8221;&#8221; lightbox_image_id=&#8221;&#8221; alt=&#8221;&#8221; link=&#8221;&#8221; linktarget=&#8221;_self&#8221; hide_on_mobile=&#8221;small-visibility,medium-visibility,large-visibility&#8221; class=&#8221;&#8221; id=&#8221;&#8221; animation_type=&#8221;&#8221; animation_direction=&#8221;left&#8221; animation_speed=&#8221;0.3&#8243; animation_offset=&#8221;&#8221;]https:\/\/www.bitacoracdmx.com\/wp-content\/uploads\/2023\/09\/ANTONIS-MACIAS-ALL-WORLD-TEAM-300&#215;300.jpg[\/fusion_imageframe][\/fusion_builder_column][\/fusion_builder_row][\/fusion_builder_container]<\/p>\n","protected":false},"excerpt":{"rendered":"<p>[fusion_builder_container hundred_percent=&#8221;no&#8221; equal_height_columns=&#8221;no&#8221; menu_anchor=&#8221;&#8221; hide_on_mobile=&#8221;small-visibility,medium-visibility,large-visibility&#8221; class=&#8221;&#8221; id=&#8221;&#8221; background_color=&#8221;&#8221; background_image=&#8221;&#8221; background_position=&#8221;center center&#8221; background_repeat=&#8221;no-repeat&#8221; fade=&#8221;no&#8221; background_parallax=&#8221;none&#8221; parallax_speed=&#8221;0.3&#8243; video_mp4=&#8221;&#8221; video_webm=&#8221;&#8221; video_ogv=&#8221;&#8221; video_url=&#8221;&#8221; video_aspect_ratio=&#8221;16:9&#8243; video_loop=&#8221;yes&#8221; video_mute=&#8221;yes&#8221; overlay_color=&#8221;&#8221; video_preview_image=&#8221;&#8221; border_size=&#8221;&#8221; border_color=&#8221;&#8221; border_style=&#8221;solid&#8221; padding_top=&#8221;&#8221; padding_bottom=&#8221;&#8221; padding_left=&#8221;&#8221; padding_right=&#8221;&#8221;][fusion_builder_row][fusion_builder_column type=&#8221;1_1&#8243; layout=&#8221;1_1&#8243; background_position=&#8221;left top&#8221; background_color=&#8221;&#8221; border_size=&#8221;&#8221; border_color=&#8221;&#8221; border_style=&#8221;solid&#8221; border_position=&#8221;all&#8221; spacing=&#8221;yes&#8221; background_image=&#8221;&#8221; background_repeat=&#8221;no-repeat&#8221; padding_top=&#8221;&#8221; padding_right=&#8221;&#8221; padding_bottom=&#8221;&#8221; padding_left=&#8221;&#8221; margin_top=&#8221;0px&#8221; margin_bottom=&#8221;0px&#8221; class=&#8221;&#8221; id=&#8221;&#8221; animation_type=&#8221;&#8221; animation_speed=&#8221;0.3&#8243; animation_direction=&#8221;left&#8221; hide_on_mobile=&#8221;small-visibility,medium-visibility,large-visibility&#8221; center_content=&#8221;no&#8221; last=&#8221;no&#8221; min_height=&#8221;&#8221; hover_type=&#8221;none&#8221; link=&#8221;&#8221;][fusion_text] REDACCI\u00d3N \u00a0El jardinero egresado de la Academia Alfredo Harp, Antonis Mac\u00edas, fue elegido al equipo ideal del Mundial de Beisbol Sub-18 que se realiz\u00f3 en China Taipei, luego de su actuaci\u00f3n con la Selecci\u00f3n Mexicana en este torneo. Mac\u00edas, quien [&hellip;]<\/p>\n","protected":false},"author":1,"featured_media":52946,"comment_status":"open","ping_status":"open","sticky":false,"template":"","format":"standard","meta":{"footnotes":""},"categories":[6,9],"tags":[],"_links":{"self":[{"href":"https:\/\/www.bitacoracdmx.com\/index.php?rest_route=\/wp\/v2\/posts\/52945"}],"collection":[{"href":"https:\/\/www.bitacoracdmx.com\/index.php?rest_route=\/wp\/v2\/posts"}],"about":[{"href":"https:\/\/www.bitacoracdmx.com\/index.php?rest_route=\/wp\/v2\/types\/post"}],"author":[{"embeddable":true,"href":"https:\/\/www.bitacoracdmx.com\/index.php?rest_route=\/wp\/v2\/users\/1"}],"replies":[{"embeddable":true,"href":"https:\/\/www.bitacoracdmx.com\/index.php?rest_route=%2Fwp%2Fv2%2Fcomments&post=52945"}],"version-history":[{"count":1,"href":"https:\/\/www.bitacoracdmx.com\/index.php?rest_route=\/wp\/v2\/posts\/52945\/revisions"}],"predecessor-version":[{"id":52947,"href":"https:\/\/www.bitacoracdmx.com\/index.php?rest_route=\/wp\/v2\/posts\/52945\/revisions\/52947"}],"wp:featuredmedia":[{"embeddable":true,"href":"https:\/\/www.bitacoracdmx.com\/index.php?rest_route=\/wp\/v2\/media\/52946"}],"wp:attachment":[{"href":"https:\/\/www.bitacoracdmx.com\/index.php?rest_route=%2Fwp%2Fv2%2Fmedia&parent=52945"}],"wp:term":[{"taxonomy":"category","embeddable":true,"href":"https:\/\/www.bitacoracdmx.com\/index.php?rest_route=%2Fwp%2Fv2%2Fcategories&post=52945"},{"taxonomy":"post_tag","embeddable":true,"href":"https:\/\/www.bitacoracdmx.com\/index.php?rest_route=%2Fwp%2Fv2%2Ftags&post=52945"}],"curies":[{"name":"wp","href":"https:\/\/api.w.org\/{rel}","templated":true}]}}