{"id":52948,"date":"2023-09-13T03:53:48","date_gmt":"2023-09-13T03:53:48","guid":{"rendered":"https:\/\/www.bitacoracdmx.com\/?p=52948"},"modified":"2023-09-13T03:53:48","modified_gmt":"2023-09-13T03:53:48","slug":"embajada-de-chile-y-secretaria-de-cultura-de-la-ciudad-de-mexico-conmemoran-50-aniversario-del-golpe-de-estado-con-exposicion-teatro-y-concierto","status":"publish","type":"post","link":"https:\/\/www.bitacoracdmx.com\/?p=52948","title":{"rendered":"Embajada de CHILE y SECRETAR\u00cdA DE CULTURA DE LA CIUDAD DE M\u00c9XICO conmemoran 50 ANIVERSARIO DEL GOLPE DE ESTADO con EXPOSICI\u00d3N, TEATRO y CONCIERTO"},"content":{"rendered":"<p>[fusion_builder_container hundred_percent=&#8221;no&#8221; equal_height_columns=&#8221;no&#8221; menu_anchor=&#8221;&#8221; hide_on_mobile=&#8221;small-visibility,medium-visibility,large-visibility&#8221; class=&#8221;&#8221; id=&#8221;&#8221; background_color=&#8221;&#8221; background_image=&#8221;&#8221; background_position=&#8221;center center&#8221; background_repeat=&#8221;no-repeat&#8221; fade=&#8221;no&#8221; background_parallax=&#8221;none&#8221; parallax_speed=&#8221;0.3&#8243; video_mp4=&#8221;&#8221; video_webm=&#8221;&#8221; video_ogv=&#8221;&#8221; video_url=&#8221;&#8221; video_aspect_ratio=&#8221;16:9&#8243; video_loop=&#8221;yes&#8221; video_mute=&#8221;yes&#8221; overlay_color=&#8221;&#8221; video_preview_image=&#8221;&#8221; border_size=&#8221;&#8221; border_color=&#8221;&#8221; border_style=&#8221;solid&#8221; padding_top=&#8221;&#8221; padding_bottom=&#8221;&#8221; padding_left=&#8221;&#8221; padding_right=&#8221;&#8221;][fusion_builder_row][fusion_builder_column type=&#8221;1_1&#8243; layout=&#8221;1_1&#8243; background_position=&#8221;left top&#8221; background_color=&#8221;&#8221; border_size=&#8221;&#8221; border_color=&#8221;&#8221; border_style=&#8221;solid&#8221; border_position=&#8221;all&#8221; spacing=&#8221;yes&#8221; background_image=&#8221;&#8221; background_repeat=&#8221;no-repeat&#8221; padding_top=&#8221;&#8221; padding_right=&#8221;&#8221; padding_bottom=&#8221;&#8221; padding_left=&#8221;&#8221; margin_top=&#8221;0px&#8221; margin_bottom=&#8221;0px&#8221; class=&#8221;&#8221; id=&#8221;&#8221; animation_type=&#8221;&#8221; animation_speed=&#8221;0.3&#8243; animation_direction=&#8221;left&#8221; hide_on_mobile=&#8221;small-visibility,medium-visibility,large-visibility&#8221; center_content=&#8221;no&#8221; last=&#8221;no&#8221; min_height=&#8221;&#8221; hover_type=&#8221;none&#8221; link=&#8221;&#8221;][fusion_text]<\/p>\n<p>REDACCI\u00d3N<\/p>\n<p>\u25cf Las actividades recuerdan a importantes personajes de ese pa\u00eds como el cantautor V\u00edctor Jara, el poeta Pablo Neruda y el dirigente comunista Horacio Cepeda, a trav\u00e9s de diversas expresiones art\u00edsticas<\/p>\n<p>\u25cf Las sedes ser\u00e1n el Museo de la Ciudad de M\u00e9xico con el concierto \u201c50 a\u00f1os recordando a Pablo Neruda y V\u00edctor Jara\u201d, el Museo Archivo de la Fotograf\u00eda con la muestra\u00a0<em>El mundo gira porque existe el amor<\/em>, que revela la vida y obra del cantautor V\u00edctor Jara, y la FARO Cosmos con una obra de teatro que recuerda al dirigente comunista Horacio Cepeda<\/p>\n<p>Como un ejercicio de memoria hist\u00f3rica para conmemorar desde las artes el\u00a0<strong>50 Aniversario del Golpe de Estado en Chile<\/strong>, que abri\u00f3 paso a una dictadura que aplast\u00f3 la democracia, la\u00a0<strong>Embajada de Chile en M\u00e9xico<\/strong>\u00a0en colaboraci\u00f3n con el\u00a0<strong>Gobierno local<\/strong>\u00a0a trav\u00e9s de la\u00a0<strong>Secretar\u00eda de Cultura capitalina<\/strong>, ofrecen en septiembre y octubre diversas actividades en tres de sus recintos para honrar a importantes personajes de la cultura chilena como el cantautor V\u00edctor Jara, el poeta Pablo Neruda y el dirigente comunista Horacio Cepeda.<\/p>\n<p>Las actividades inician en el\u00a0<strong>Museo de la Ciudad de M\u00e9xico<\/strong>\u00a0el\u00a0<strong>mi\u00e9rcoles 13 de septiembre a las 17 horas<\/strong>\u00a0(por pre-registro cupo limitado) con el concierto\u00a0<strong>\u201c50 a\u00f1os recordando a Pablo Neruda y V\u00edctor Jara\u201d<\/strong>, en donde el reconocido pianista chileno\u00a0<strong>Roberto Bravo<\/strong>\u00a0evocar\u00e1 a dos de las figuras m\u00e1s importantes del pa\u00eds andino en el marco del medio siglo de su fallecimiento, con la participaci\u00f3n especial de Andrea C\u00e1rdenas para recordar a Gabriela Mistral, Pablo Neruda, Mario Benedetti, V\u00edctor Jara, Silvio Rodr\u00edguez, Pablo Milan\u00e9s, Armando Manzanero y Luis Advis.<\/p>\n<p>Con formaci\u00f3n musical en el Conservatorio Nacional de Santiago, el Conservatorio de Varsovia y el Conservatorio Tchaikovsky de Mosc\u00fa, Roberto Bravo ha ofrecido conciertos en escenarios como el Carnegie Hall (Nueva York), el Place des Arts, la Salle Gaveau (Par\u00eds), el Schauspielhaus (Alemania), el Kennedy Center (Washington), el Palacio de Bellas Artes en M\u00e9xico, el Palacio de la M\u00fasica Catalana (Barcelona), el Glenn Gould (Toronto), el National Arts Centre (Otawa) y el Centro Teresa Carre\u00f1o (Caracas).<\/p>\n<p>En tanto, a partir del\u00a0<strong>17 de septiembre de 10 a 17 horas<\/strong>\u00a0se presenta la exposici\u00f3n\u00a0<strong><em>El mundo gira y crea porque existe el amor<\/em><\/strong>, que revelar\u00e1 en el\u00a0<strong>Museo Archivo de la Fotograf\u00eda<\/strong>\u00a0la vida y obra del cantautor de origen campesino V\u00edctor Jara, \u00edcono de la canci\u00f3n de protesta que evidenci\u00f3 los abusos a los menos favorecidos y de quien se mostrar\u00e1n, hasta el 18 de octubre, una serie de im\u00e1genes y textos en colaboraci\u00f3n con la Fundaci\u00f3n que lleva su nombre.<\/p>\n<p>El jueves 12 de octubre a las 19 horas, la\u00a0<strong>F\u00e1brica de Artes y Oficios (FARO) Cosmos<\/strong>\u00a0albergar\u00e1 la obra de teatro infantil\u00a0<strong><em>Mi abuelo Horacio<\/em><\/strong>, la cual intercala elementos de ficci\u00f3n con la biograf\u00eda de uno de los dirigentes comunistas de la \u00e9poca, Horacio Cepeda, en una narrativa sobre este desaparecido pol\u00edtico que fue uno de los primeros en ser identificados tras el hallazgo de fosas clandestinas.<\/p>\n<p>En favor del derecho a la memoria hist\u00f3rica, uno de los derechos culturales plasmados en la Constituci\u00f3n de la Ciudad de M\u00e9xico, estas actividades buscan recordar aquel 11 de septiembre de 1973, d\u00eda en que el general Augusto Pinochet dirigi\u00f3 un sangriento golpe de Estado contra el gobierno democr\u00e1ticamente electo del presidente Salvador Allende, quien se neg\u00f3 a ceder el poder desde el Palacio La Moneda, donde tras los bombardeos decidi\u00f3 quitarse la vida sin rendici\u00f3n alguna.<\/p>\n<p>Tras este acontecimiento hist\u00f3rico conocido como el Golpe de Estado en Chile, este pa\u00eds del sur entr\u00f3 en un r\u00e9gimen dictatorial caracterizado por la implementaci\u00f3n de un modelo econ\u00f3mico neoliberal y las violaciones a los derechos humanos, tal fue el caso del reconocido cantautor chileno V\u00edctor Jara, quien por cuya convicci\u00f3n pol\u00edtica y denuncia social a trav\u00e9s de su canto fue tomado prisionero por tropas del Ej\u00e9rcito de Chile, para ser brutalmente torturado y asesinado en el Estadio Chile, espacio que hoy lleva su nombre.<\/p>\n<p>Asimismo, Pablo Neruda, gran amigo de Salvador Allende, convertido en una figura de notable influencia literaria, atisb\u00f3 en su poes\u00eda una marcada influencia de su vida diplom\u00e1tica en la que verti\u00f3 la historia e identidad latinoamericana, quien siendo embajador de Chile en Francia recibi\u00f3 el Premio Nobel de Literatura en 1971 y falleci\u00f3 en Santiago en la Cl\u00ednica Santa Mar\u00eda v\u00edctima de un c\u00e1ncer de pr\u00f3stata doce d\u00edas despu\u00e9s del Golpe de Estado.<\/p>\n<p>Con estas actividades la Secretar\u00eda de Cultura capitalina garantiza el ejercicio de los derechos culturales de los habitantes y visitantes de la capital. Para conocer todas las actividades de la\u00a0<strong>Secretar\u00eda de Cultura capitalina<\/strong>\u00a0se puede consultar la\u00a0<strong>Cartelera de la Ciudad de M\u00e9xico<\/strong>\u00a0(<a href=\"https:\/\/cartelera.cdmx.gob.mx\/\">https:\/\/cartelera.cdmx.gob.mx\/<\/a>) y las redes sociales en Facebook, X, Instagram y YouTube.<\/p>\n<div dir=\"auto\"><a class=\"x1i10hfl xjbqb8w x6umtig x1b1mbwd xaqea5y xav7gou x9f619 x1ypdohk xt0psk2 xe8uvvx xdj266r x11i5rnm xat24cr x1mh8g0r xexx8yu x4uap5 x18d9i69 xkhd6sd x16tdsg8 x1hl2dhg xggy1nq x1a2a7pz xt0b8zv x1qq9wsj xo1l8bm\" tabindex=\"0\" role=\"link\" href=\"https:\/\/www.facebook.com\/hashtag\/embajadadechile?__eep__=6&amp;__cft__[0]=AZVbNTWiy6V2qkuERaO50w8H97xRZIvNghGO7Nht1Ab1XGK1O-Y-AkyRv76pyfzwh2wat_rXW_HsxT7bhkQWc4xoMW33eVQ_iJmjEz6FPRn2a93HyOika9QkK-tuUnJl6PU&amp;__tn__=*NK-R\">#embajadadechile<\/a><\/div>\n<div dir=\"auto\"><a class=\"x1i10hfl xjbqb8w x6umtig x1b1mbwd xaqea5y xav7gou x9f619 x1ypdohk xt0psk2 xe8uvvx xdj266r x11i5rnm xat24cr x1mh8g0r xexx8yu x4uap5 x18d9i69 xkhd6sd x16tdsg8 x1hl2dhg xggy1nq x1a2a7pz xt0b8zv x1qq9wsj xo1l8bm\" tabindex=\"0\" role=\"link\" href=\"https:\/\/www.facebook.com\/hashtag\/secretariadeculturacdmx?__eep__=6&amp;__cft__[0]=AZVbNTWiy6V2qkuERaO50w8H97xRZIvNghGO7Nht1Ab1XGK1O-Y-AkyRv76pyfzwh2wat_rXW_HsxT7bhkQWc4xoMW33eVQ_iJmjEz6FPRn2a93HyOika9QkK-tuUnJl6PU&amp;__tn__=*NK-R\">#secretariadeculturacdmx<\/a><\/div>\n<div dir=\"auto\"><a class=\"x1i10hfl xjbqb8w x6umtig x1b1mbwd xaqea5y xav7gou x9f619 x1ypdohk xt0psk2 xe8uvvx xdj266r x11i5rnm xat24cr x1mh8g0r xexx8yu x4uap5 x18d9i69 xkhd6sd x16tdsg8 x1hl2dhg xggy1nq x1a2a7pz xt0b8zv x1qq9wsj xo1l8bm\" tabindex=\"0\" role=\"link\" href=\"https:\/\/www.facebook.com\/hashtag\/bitacoracdmx?__eep__=6&amp;__cft__[0]=AZVbNTWiy6V2qkuERaO50w8H97xRZIvNghGO7Nht1Ab1XGK1O-Y-AkyRv76pyfzwh2wat_rXW_HsxT7bhkQWc4xoMW33eVQ_iJmjEz6FPRn2a93HyOika9QkK-tuUnJl6PU&amp;__tn__=*NK-R\">#bitacoracdmx<\/a><\/div>\n<p>[\/fusion_text][fusion_imageframe image_id=&#8221;52949|medium&#8221; max_width=&#8221;&#8221; style_type=&#8221;&#8221; blur=&#8221;&#8221; stylecolor=&#8221;&#8221; hover_type=&#8221;none&#8221; bordersize=&#8221;&#8221; bordercolor=&#8221;&#8221; borderradius=&#8221;&#8221; align=&#8221;none&#8221; lightbox=&#8221;no&#8221; gallery_id=&#8221;&#8221; lightbox_image=&#8221;&#8221; lightbox_image_id=&#8221;&#8221; alt=&#8221;&#8221; link=&#8221;&#8221; linktarget=&#8221;_self&#8221; hide_on_mobile=&#8221;small-visibility,medium-visibility,large-visibility&#8221; class=&#8221;&#8221; id=&#8221;&#8221; animation_type=&#8221;&#8221; animation_direction=&#8221;left&#8221; animation_speed=&#8221;0.3&#8243; animation_offset=&#8221;&#8221;]https:\/\/www.bitacoracdmx.com\/wp-content\/uploads\/2023\/09\/WhatsApp-Image-2023-09-11-at-1.25.06-PM-210&#215;300.jpeg[\/fusion_imageframe][\/fusion_builder_column][\/fusion_builder_row][\/fusion_builder_container]<\/p>\n","protected":false},"excerpt":{"rendered":"<p>[fusion_builder_container hundred_percent=&#8221;no&#8221; equal_height_columns=&#8221;no&#8221; menu_anchor=&#8221;&#8221; hide_on_mobile=&#8221;small-visibility,medium-visibility,large-visibility&#8221; class=&#8221;&#8221; id=&#8221;&#8221; background_color=&#8221;&#8221; background_image=&#8221;&#8221; background_position=&#8221;center center&#8221; background_repeat=&#8221;no-repeat&#8221; fade=&#8221;no&#8221; background_parallax=&#8221;none&#8221; parallax_speed=&#8221;0.3&#8243; video_mp4=&#8221;&#8221; video_webm=&#8221;&#8221; video_ogv=&#8221;&#8221; video_url=&#8221;&#8221; video_aspect_ratio=&#8221;16:9&#8243; video_loop=&#8221;yes&#8221; video_mute=&#8221;yes&#8221; overlay_color=&#8221;&#8221; video_preview_image=&#8221;&#8221; border_size=&#8221;&#8221; border_color=&#8221;&#8221; border_style=&#8221;solid&#8221; padding_top=&#8221;&#8221; padding_bottom=&#8221;&#8221; padding_left=&#8221;&#8221; padding_right=&#8221;&#8221;][fusion_builder_row][fusion_builder_column type=&#8221;1_1&#8243; layout=&#8221;1_1&#8243; background_position=&#8221;left top&#8221; background_color=&#8221;&#8221; border_size=&#8221;&#8221; border_color=&#8221;&#8221; border_style=&#8221;solid&#8221; border_position=&#8221;all&#8221; spacing=&#8221;yes&#8221; background_image=&#8221;&#8221; background_repeat=&#8221;no-repeat&#8221; padding_top=&#8221;&#8221; padding_right=&#8221;&#8221; padding_bottom=&#8221;&#8221; padding_left=&#8221;&#8221; margin_top=&#8221;0px&#8221; margin_bottom=&#8221;0px&#8221; class=&#8221;&#8221; id=&#8221;&#8221; animation_type=&#8221;&#8221; animation_speed=&#8221;0.3&#8243; animation_direction=&#8221;left&#8221; hide_on_mobile=&#8221;small-visibility,medium-visibility,large-visibility&#8221; center_content=&#8221;no&#8221; last=&#8221;no&#8221; min_height=&#8221;&#8221; hover_type=&#8221;none&#8221; link=&#8221;&#8221;][fusion_text] REDACCI\u00d3N \u25cf Las actividades recuerdan a importantes personajes de ese pa\u00eds como el cantautor V\u00edctor Jara, el poeta Pablo Neruda y el dirigente comunista Horacio Cepeda, a trav\u00e9s de diversas expresiones art\u00edsticas \u25cf Las sedes ser\u00e1n el Museo de la [&hellip;]<\/p>\n","protected":false},"author":1,"featured_media":52949,"comment_status":"open","ping_status":"open","sticky":false,"template":"","format":"standard","meta":{"footnotes":""},"categories":[5,9],"tags":[],"_links":{"self":[{"href":"https:\/\/www.bitacoracdmx.com\/index.php?rest_route=\/wp\/v2\/posts\/52948"}],"collection":[{"href":"https:\/\/www.bitacoracdmx.com\/index.php?rest_route=\/wp\/v2\/posts"}],"about":[{"href":"https:\/\/www.bitacoracdmx.com\/index.php?rest_route=\/wp\/v2\/types\/post"}],"author":[{"embeddable":true,"href":"https:\/\/www.bitacoracdmx.com\/index.php?rest_route=\/wp\/v2\/users\/1"}],"replies":[{"embeddable":true,"href":"https:\/\/www.bitacoracdmx.com\/index.php?rest_route=%2Fwp%2Fv2%2Fcomments&post=52948"}],"version-history":[{"count":1,"href":"https:\/\/www.bitacoracdmx.com\/index.php?rest_route=\/wp\/v2\/posts\/52948\/revisions"}],"predecessor-version":[{"id":52950,"href":"https:\/\/www.bitacoracdmx.com\/index.php?rest_route=\/wp\/v2\/posts\/52948\/revisions\/52950"}],"wp:featuredmedia":[{"embeddable":true,"href":"https:\/\/www.bitacoracdmx.com\/index.php?rest_route=\/wp\/v2\/media\/52949"}],"wp:attachment":[{"href":"https:\/\/www.bitacoracdmx.com\/index.php?rest_route=%2Fwp%2Fv2%2Fmedia&parent=52948"}],"wp:term":[{"taxonomy":"category","embeddable":true,"href":"https:\/\/www.bitacoracdmx.com\/index.php?rest_route=%2Fwp%2Fv2%2Fcategories&post=52948"},{"taxonomy":"post_tag","embeddable":true,"href":"https:\/\/www.bitacoracdmx.com\/index.php?rest_route=%2Fwp%2Fv2%2Ftags&post=52948"}],"curies":[{"name":"wp","href":"https:\/\/api.w.org\/{rel}","templated":true}]}}