{"id":52959,"date":"2023-09-13T05:49:48","date_gmt":"2023-09-13T05:49:48","guid":{"rendered":"https:\/\/www.bitacoracdmx.com\/?p=52959"},"modified":"2023-09-13T05:49:48","modified_gmt":"2023-09-13T05:49:48","slug":"fabricas-de-artes-y-oficios-cosmos-y-tecomitl-celebran-sus-aniversarios-con-danza-conciertos-titeres-y-charlas-durante-septiembre","status":"publish","type":"post","link":"https:\/\/www.bitacoracdmx.com\/?p=52959","title":{"rendered":"F\u00c1BRICAS DE ARTES Y OFICIOS COSMOS y TEC\u00d3MITL celebran sus aniversarios con DANZA, CONCIERTOS, TITERES y CHARLAS durante septiembre"},"content":{"rendered":"<p>[fusion_builder_container hundred_percent=&#8221;no&#8221; equal_height_columns=&#8221;no&#8221; menu_anchor=&#8221;&#8221; hide_on_mobile=&#8221;small-visibility,medium-visibility,large-visibility&#8221; class=&#8221;&#8221; id=&#8221;&#8221; background_color=&#8221;&#8221; background_image=&#8221;&#8221; background_position=&#8221;center center&#8221; background_repeat=&#8221;no-repeat&#8221; fade=&#8221;no&#8221; background_parallax=&#8221;none&#8221; parallax_speed=&#8221;0.3&#8243; video_mp4=&#8221;&#8221; video_webm=&#8221;&#8221; video_ogv=&#8221;&#8221; video_url=&#8221;&#8221; video_aspect_ratio=&#8221;16:9&#8243; video_loop=&#8221;yes&#8221; video_mute=&#8221;yes&#8221; overlay_color=&#8221;&#8221; video_preview_image=&#8221;&#8221; border_size=&#8221;&#8221; border_color=&#8221;&#8221; border_style=&#8221;solid&#8221; padding_top=&#8221;&#8221; padding_bottom=&#8221;&#8221; padding_left=&#8221;&#8221; padding_right=&#8221;&#8221;][fusion_builder_row][fusion_builder_column type=&#8221;1_1&#8243; layout=&#8221;1_1&#8243; background_position=&#8221;left top&#8221; background_color=&#8221;&#8221; border_size=&#8221;&#8221; border_color=&#8221;&#8221; border_style=&#8221;solid&#8221; border_position=&#8221;all&#8221; spacing=&#8221;yes&#8221; background_image=&#8221;&#8221; background_repeat=&#8221;no-repeat&#8221; padding_top=&#8221;&#8221; padding_right=&#8221;&#8221; padding_bottom=&#8221;&#8221; padding_left=&#8221;&#8221; margin_top=&#8221;0px&#8221; margin_bottom=&#8221;0px&#8221; class=&#8221;&#8221; id=&#8221;&#8221; animation_type=&#8221;&#8221; animation_speed=&#8221;0.3&#8243; animation_direction=&#8221;left&#8221; hide_on_mobile=&#8221;small-visibility,medium-visibility,large-visibility&#8221; center_content=&#8221;no&#8221; last=&#8221;no&#8221; min_height=&#8221;&#8221; hover_type=&#8221;none&#8221; link=&#8221;&#8221;][fusion_text]<\/p>\n<p>REDACCI\u00d3N<\/p>\n<p>\u25cf La celebraci\u00f3n de FARO Tec\u00f3mitl se llevar\u00e1 a cabo los d\u00edas 21, 22 y 23 de septiembre con un cartel art\u00edstico que incluye a Emy Laboriel con un tributo a su padre Johnny Laboriel, Los Tripulantes del Ovni, La Granja del T\u00edo Bob, Rev\u00f3lver, The Cravans, P\u00e1jaros Vampiro, Grupo Madera y Pepe Villar<\/p>\n<p>\u25cf Los festejos de la FARO Cosmos inician el 14 de septiembre y abarcan conversatorios, un Encuentro de Danza A\u00e9rea de la Red de Faros, la presentaci\u00f3n del Ensamble FARO Cosmos, la Orquesta Cicl\u00f3n Tlacotepense y un concierto con Sol Pereyra el s\u00e1bado 30 de septiembre<\/p>\n<p>Las\u00a0<strong>F\u00e1bricas de Artes y Oficios (FAROS) Cosmos y Tec\u00f3mitl<\/strong>, recintos de la\u00a0<strong>Secretar\u00eda de Cultura de la Ciudad de M\u00e9xico<\/strong>, alistan m\u00e1s de 20 actividades con motivo de sus festejos por su\u00a0<strong>segundo y 17 aniversario<\/strong>\u00a0respectivamente, entre las que se encuentran conversatorios, conciertos de rock, ska y son, as\u00ed como un encuentro de danza a\u00e9rea en sus recintos, ubicados en las Alcald\u00edas Miguel Hidalgo y Milpa Alta, del 14 al 30 de septiembre.<\/p>\n<p>Bajo el lema\u00a0<strong>\u201cRebel-arte y cultura\u201d, la F\u00e1brica de Artes y Oficios (FARO) Tec\u00f3mitl<\/strong>\u00a0en la alcald\u00eda Milpa Alta, a cargo de la\u00a0<strong>Direcci\u00f3n General de Vinculaci\u00f3n Cultural Comunitaria de la Secretar\u00eda de Cultura de la Ciudad de M\u00e9xico<\/strong>, celebrar\u00e1 su\u00a0<strong>aniversario 17<\/strong>\u00a0con tres d\u00edas de actividades\u00a0<strong>del 21 al 23 de septiembre<\/strong>.<\/p>\n<p>En conferencia de prensa desde la FARO Tec\u00f3mitl, ubicada en Gast\u00f3n Melo n\u00famero 40, en San Antonio Tec\u00f3mitl, Milpa Alta, el director general de Vinculaci\u00f3n Cultural Comunitaria,\u00a0<strong>Luis Gerardo L\u00f3pez<\/strong>, asegur\u00f3 que para el Gobierno capitalino ha sido importante el fortalecimiento de este tipo de espacios en zonas al margen de la Ciudad de M\u00e9xico, que en otros tiempos no ten\u00edan el mismo acceso a la cultura y a los talleres que tienen ahora.<\/p>\n<p>\u201cAqu\u00ed la cultura florece. Tenemos en Milpa Alta los 12 pueblos que son fuentes cada uno de manifestaciones culturales \u00fanicas. Y la FARO viene ac\u00e1 como un espacio de intercambio entre la cultura de los pueblos y los bienes y servicios que ofrece el Gobierno de la Ciudad\u201d, expres\u00f3 el funcionario.<\/p>\n<p>L\u00f3pez destac\u00f3 que el trabajo realizado durante 17 a\u00f1os con la comunidad de la zona se debe gracias a que San Antonio Tec\u00f3mitl es la v\u00eda de comunicaci\u00f3n entre el Oriente, con Tl\u00e1huac y Chalco, y en el Sur con la gente que vive en las monta\u00f1as y la Ciudad de M\u00e9xico; \u201cse ha echado a andar una gran maquinaria social y art\u00edstica para que recreemos los lazos comunitarios, esa es la finalidad y el esp\u00edritu de las FAROS y los Centros Culturales de la Secretar\u00eda de Cultura\u201d, dijo L\u00f3pez.<\/p>\n<p>La programaci\u00f3n de los 17 a\u00f1os de la FARO Tec\u00f3mitl se realizar\u00e1 del 21 al 23 de septiembre con tres actividades divididas en el mismo n\u00famero de sedes, empezando con el denominado \u201cFestejo de Oro\u201d, que se lleva a cabo el jueves 21 de septiembre en Parque Juegos de Palo (Avenida Gast\u00f3n Melo de San Antonio Tec\u00f3mitl), en donde se presentar\u00e1n el Grupo Madera, que cuenta con un gran repertorio de m\u00fasica popular latinoamericana, y Pepe Villar, excantante de la original Sonora Santanera.<\/p>\n<p>En tanto, el \u201cFestejo Chiquitzin\u201d, que tiene lugar en la FARO Tec\u00f3mitl, estar\u00e1 dedicado a ni\u00f1as y ni\u00f1os y se realizar\u00e1 el viernes 22 de septiembre, iniciando a las 13:00 horas con T\u00edteres Punch, a las 14:00 horas con la banda de rock juvenil Los Tripulantes del Ovni, para cerrar con su Festejo Estelar, el\u00a0<strong>s\u00e1bado 23 de septiembre<\/strong>, con un concierto para todas las edades en la plaza c\u00edvica La Corregidora de San Antonio Tec\u00f3mitl, en Avenida Gast\u00f3n Melo n\u00famero 40, el cual da inicio a las 13 horas con La Granja del t\u00edo Bob, seguido de Rev\u00f3lver, The Cravans, P\u00e1jaros Vampiro, adem\u00e1s de la intervenci\u00f3n art\u00edstica por parte del taller de body Paint. Para cerrar con broche de oro, la presentaci\u00f3n a las 17:30 horas de Emmy Laboriel (Homenaje a Johnny Laboriel) y el rock urbano del Perro Callejero a las 18:30 horas.<\/p>\n<p>Por su parte, para celebrar su segundo aniversario y bajo el lema &#8220;CosmovisionEs&#8221;, la\u00a0<strong>F\u00e1brica de Artes y Oficios (FARO) Cosmos<\/strong>\u00a0ofrecer\u00e1 en septiembre diversas actividades desde conciertos, charlas y conversatorio que reunir\u00e1n a la Red de FAROS y diversos artistas para celebrar desde la comunidad otro a\u00f1o de actividades que mantienen con vida art\u00edstica al recinto de la\u00a0<strong>Secretar\u00eda de Cultura capitalina<\/strong>\u00a0ubicado en la Calzada M\u00e9xico-Tacuba, Alcald\u00eda Miguel Hidalgo.<\/p>\n<p>\u201cCosmovisionEs es este di\u00e1logo cotidiano y las distintas experiencias y miradas de la comunidad que, sin ellas, las FAROS no tendr\u00edan raz\u00f3n de ser porque son para las comunidades estos espacios y toda esta formaci\u00f3n desde talleres y las actividades comunitarias. Han sido dos a\u00f1os de mucho trabajo justo para poder sentir a la comunidad que este espacio pod\u00eda volver a ser suyo despu\u00e9s de ser el majestuoso Cine Cosmos con cinco mil butacas\u201d, expres\u00f3 el responsable del recinto, Alejandro Rinc\u00f3n.<\/p>\n<p>Acompa\u00f1ado del subdirector de la Red de FAROS, Daniel Guzm\u00e1n Contreras, y de los artistas participantes como la cantante Sol Pereyra, Garfiel Hern\u00e1ndez Aguilar de la Orquesta Cicl\u00f3n Tlacotepense y Omar Delgado, del Ensamble FARO Cosmos, Rinc\u00f3n celebr\u00f3 que este a\u00f1o el cartel se realiza bajo concepto de \u201cCosmovisionEs\u201d con una identidad gr\u00e1fica que remonta a las ra\u00edces prehisp\u00e1nicas y a personajes del s\u00e9ptimo arte mexicano, as\u00ed como al proyector de cine, y un homenaje al ma\u00edz originario que caracteriz\u00f3 este espacio por ser el centro de producci\u00f3n palomero que distribu\u00eda las palomitas a otros cines capitalinos.<\/p>\n<p>\u201cDe dos a\u00f1os para ac\u00e1 hemos visto c\u00f3mo personas han entrado a escuelas de m\u00fasica y han encontrado trabajo. Es un oasis para todos nosotros estar aqu\u00ed en la FARO, todos tenemos en alg\u00fan momento problemas en nuestra vida, pero cuando venimos aqu\u00ed todo eso va desapareciendo y la verdad tener un espacio as\u00ed de seguro y un espacio donde te puedas desarrollar no tiene precio\u201d, dijo Omar Delgado, miembro de la cuarta generaci\u00f3n del Ensamble FARO Cosmos.<\/p>\n<p>Las actividades comprenden el conversatorio \u201cCine, arquitectura y ciudad\u201d, con la participaci\u00f3n de Ernesto Bejarano, Carlos Garc\u00eda Ben\u00edtez, Jos\u00e9 Allard y \u00c1ngeles Gonz\u00e1lez Gamio, el jueves 14 de septiembre en la caja negra, a las 17 horas, y la presentaci\u00f3n de la banda de rock infantil Los amos del recreo, el domingo 24 a las 12 horas, en un espect\u00e1culo que presenta una fusi\u00f3n musical de blues, rockabily, surf, reggae, ska y punk, mientras que el jueves 28 de septiembre a las 17 horas, se llevar\u00e1 a cabo la charla \u201cExperiencias Pedag\u00f3gicas en la Red\u201d, que reunir\u00e1 a talleristas de m\u00faltiples formaciones y con una basta trayectoria, para reflexionar sobre los procesos de creaci\u00f3n esc\u00e9nica desde un contexto de cultura comunitaria dentro de la Red de FAROS y Centros Culturales de la Secretar\u00eda de Cultura capitalina.<\/p>\n<p>El magno festejo del espacio llegar\u00e1 el\u00a0<strong>s\u00e1bado 30 de septiembre con un Encuentro de danza a\u00e9rea<\/strong>\u00a0que busca abrir las posibilidades de colaboraci\u00f3n e intercambio de saberes y haceres entre asistentes y talleristas de distintas comunidades provenientes del Centro Cultural La Pir\u00e1mide, la FARO Arag\u00f3n, FARO Tl\u00e1huac y FARO Cosmos, para compartir sus experiencias de educaci\u00f3n libre y no convencional, para dar paso al concierto del Ensamble FARO Cosmos a las 17 horas, seguido de la Orquesta Cicl\u00f3n Tlacotepense, integrada por m\u00fasicos originarios de San Agust\u00edn Tlacotepec, en la mixteca Alta Oaxaque\u00f1a, quienes compartir\u00e1n sus chilenas, fandangos, danzones, cumbias y m\u00fasica tradicional de Guerrero.<\/p>\n<p>La culminaci\u00f3n del festejo correr\u00e1 a cargo la compositora, cantante y multiinstrumentista con m\u00e1s de 15 a\u00f1os de trayectoria en la m\u00fasica, Sol Pereyra, quien presentar\u00e1 su sexto \u00e1lbum discogr\u00e1fico titulado\u00a0<em>La pel\u00edcula<\/em>, con el cual rendir\u00e1 un homenaje a la vocaci\u00f3n hist\u00f3rica del espacio a trav\u00e9s de sus canciones planteadas como escenas, en las que relata las sonoridades de distintas partes de Latinoam\u00e9rica.<\/p>\n<p>Con estas actividades la Secretar\u00eda de Cultura capitalina garantiza el ejercicio de los derechos culturales de los habitantes y visitantes de la capital. Para conocer todas las actividades de la Secretar\u00eda de Cultura capitalina se puede consultar la Cartelera de la Ciudad de M\u00e9xico (<a href=\"https:\/\/cartelera.cdmx.gob.mx\/\">https:\/\/cartelera.cdmx.gob.mx\/<\/a>) y las redes sociales en Facebook, X, Instagram y YouTube.<\/p>\n<div dir=\"auto\"><a class=\"x1i10hfl xjbqb8w x6umtig x1b1mbwd xaqea5y xav7gou x9f619 x1ypdohk xt0psk2 xe8uvvx xdj266r x11i5rnm xat24cr x1mh8g0r xexx8yu x4uap5 x18d9i69 xkhd6sd x16tdsg8 x1hl2dhg xggy1nq x1a2a7pz xt0b8zv x1qq9wsj xo1l8bm\" tabindex=\"0\" role=\"link\" href=\"https:\/\/www.facebook.com\/hashtag\/farocosmos?__eep__=6&amp;__cft__[0]=AZWo8p6_PyCSo5ZLcFFIa2uOtv-qjkNSqQ-F6QScHjX9Yj-NmSf3j1Nbt_nQjYl2oBe06WsZB6GCffwK1UzotLTvnkwToiY4EY1VGERFgROHjw0L584Zu5uJ8GcYHZhr9bw&amp;__tn__=*NK-R\">#FAROCosmos<\/a><\/div>\n<div dir=\"auto\"><a class=\"x1i10hfl xjbqb8w x6umtig x1b1mbwd xaqea5y xav7gou x9f619 x1ypdohk xt0psk2 xe8uvvx xdj266r x11i5rnm xat24cr x1mh8g0r xexx8yu x4uap5 x18d9i69 xkhd6sd x16tdsg8 x1hl2dhg xggy1nq x1a2a7pz xt0b8zv x1qq9wsj xo1l8bm\" tabindex=\"0\" role=\"link\" href=\"https:\/\/www.facebook.com\/hashtag\/farotecomitl?__eep__=6&amp;__cft__[0]=AZWo8p6_PyCSo5ZLcFFIa2uOtv-qjkNSqQ-F6QScHjX9Yj-NmSf3j1Nbt_nQjYl2oBe06WsZB6GCffwK1UzotLTvnkwToiY4EY1VGERFgROHjw0L584Zu5uJ8GcYHZhr9bw&amp;__tn__=*NK-R\">#FAROTecomitl<\/a><\/div>\n<div dir=\"auto\"><a class=\"x1i10hfl xjbqb8w x6umtig x1b1mbwd xaqea5y xav7gou x9f619 x1ypdohk xt0psk2 xe8uvvx xdj266r x11i5rnm xat24cr x1mh8g0r xexx8yu x4uap5 x18d9i69 xkhd6sd x16tdsg8 x1hl2dhg xggy1nq x1a2a7pz xt0b8zv x1qq9wsj xo1l8bm\" tabindex=\"0\" role=\"link\" href=\"https:\/\/www.facebook.com\/hashtag\/secretariadeculturacdmx?__eep__=6&amp;__cft__[0]=AZWo8p6_PyCSo5ZLcFFIa2uOtv-qjkNSqQ-F6QScHjX9Yj-NmSf3j1Nbt_nQjYl2oBe06WsZB6GCffwK1UzotLTvnkwToiY4EY1VGERFgROHjw0L584Zu5uJ8GcYHZhr9bw&amp;__tn__=*NK-R\">#secretariadeculturacdmx<\/a><\/div>\n<div dir=\"auto\"><a class=\"x1i10hfl xjbqb8w x6umtig x1b1mbwd xaqea5y xav7gou x9f619 x1ypdohk xt0psk2 xe8uvvx xdj266r x11i5rnm xat24cr x1mh8g0r xexx8yu x4uap5 x18d9i69 xkhd6sd x16tdsg8 x1hl2dhg xggy1nq x1a2a7pz xt0b8zv x1qq9wsj xo1l8bm\" tabindex=\"0\" role=\"link\" href=\"https:\/\/www.facebook.com\/hashtag\/bitacoracdmx?__eep__=6&amp;__cft__[0]=AZWo8p6_PyCSo5ZLcFFIa2uOtv-qjkNSqQ-F6QScHjX9Yj-NmSf3j1Nbt_nQjYl2oBe06WsZB6GCffwK1UzotLTvnkwToiY4EY1VGERFgROHjw0L584Zu5uJ8GcYHZhr9bw&amp;__tn__=*NK-R\">#bitacoracdmx<\/a><\/div>\n<p>[\/fusion_text][fusion_imageframe image_id=&#8221;52960|medium&#8221; max_width=&#8221;&#8221; style_type=&#8221;&#8221; blur=&#8221;&#8221; stylecolor=&#8221;&#8221; hover_type=&#8221;none&#8221; bordersize=&#8221;&#8221; bordercolor=&#8221;&#8221; borderradius=&#8221;&#8221; align=&#8221;none&#8221; lightbox=&#8221;no&#8221; gallery_id=&#8221;&#8221; lightbox_image=&#8221;&#8221; lightbox_image_id=&#8221;&#8221; alt=&#8221;&#8221; link=&#8221;&#8221; linktarget=&#8221;_self&#8221; hide_on_mobile=&#8221;small-visibility,medium-visibility,large-visibility&#8221; class=&#8221;&#8221; id=&#8221;&#8221; animation_type=&#8221;&#8221; animation_direction=&#8221;left&#8221; animation_speed=&#8221;0.3&#8243; animation_offset=&#8221;&#8221;]https:\/\/www.bitacoracdmx.com\/wp-content\/uploads\/2023\/09\/WhatsApp-Image-2023-09-12-at-6.10.57-PM-202&#215;300.jpeg[\/fusion_imageframe][\/fusion_builder_column][\/fusion_builder_row][\/fusion_builder_container]<\/p>\n","protected":false},"excerpt":{"rendered":"<p>[fusion_builder_container hundred_percent=&#8221;no&#8221; equal_height_columns=&#8221;no&#8221; menu_anchor=&#8221;&#8221; hide_on_mobile=&#8221;small-visibility,medium-visibility,large-visibility&#8221; class=&#8221;&#8221; id=&#8221;&#8221; background_color=&#8221;&#8221; background_image=&#8221;&#8221; background_position=&#8221;center center&#8221; background_repeat=&#8221;no-repeat&#8221; fade=&#8221;no&#8221; background_parallax=&#8221;none&#8221; parallax_speed=&#8221;0.3&#8243; video_mp4=&#8221;&#8221; video_webm=&#8221;&#8221; video_ogv=&#8221;&#8221; video_url=&#8221;&#8221; video_aspect_ratio=&#8221;16:9&#8243; video_loop=&#8221;yes&#8221; video_mute=&#8221;yes&#8221; overlay_color=&#8221;&#8221; video_preview_image=&#8221;&#8221; border_size=&#8221;&#8221; border_color=&#8221;&#8221; border_style=&#8221;solid&#8221; padding_top=&#8221;&#8221; padding_bottom=&#8221;&#8221; padding_left=&#8221;&#8221; padding_right=&#8221;&#8221;][fusion_builder_row][fusion_builder_column type=&#8221;1_1&#8243; layout=&#8221;1_1&#8243; background_position=&#8221;left top&#8221; background_color=&#8221;&#8221; border_size=&#8221;&#8221; border_color=&#8221;&#8221; border_style=&#8221;solid&#8221; border_position=&#8221;all&#8221; spacing=&#8221;yes&#8221; background_image=&#8221;&#8221; background_repeat=&#8221;no-repeat&#8221; padding_top=&#8221;&#8221; padding_right=&#8221;&#8221; padding_bottom=&#8221;&#8221; padding_left=&#8221;&#8221; margin_top=&#8221;0px&#8221; margin_bottom=&#8221;0px&#8221; class=&#8221;&#8221; id=&#8221;&#8221; animation_type=&#8221;&#8221; animation_speed=&#8221;0.3&#8243; animation_direction=&#8221;left&#8221; hide_on_mobile=&#8221;small-visibility,medium-visibility,large-visibility&#8221; center_content=&#8221;no&#8221; last=&#8221;no&#8221; min_height=&#8221;&#8221; hover_type=&#8221;none&#8221; link=&#8221;&#8221;][fusion_text] REDACCI\u00d3N \u25cf La celebraci\u00f3n de FARO Tec\u00f3mitl se llevar\u00e1 a cabo los d\u00edas 21, 22 y 23 de septiembre con un cartel art\u00edstico que incluye a Emy Laboriel con un tributo a su padre Johnny Laboriel, Los Tripulantes del Ovni, [&hellip;]<\/p>\n","protected":false},"author":1,"featured_media":52960,"comment_status":"open","ping_status":"open","sticky":false,"template":"","format":"standard","meta":{"footnotes":""},"categories":[5,9],"tags":[],"_links":{"self":[{"href":"https:\/\/www.bitacoracdmx.com\/index.php?rest_route=\/wp\/v2\/posts\/52959"}],"collection":[{"href":"https:\/\/www.bitacoracdmx.com\/index.php?rest_route=\/wp\/v2\/posts"}],"about":[{"href":"https:\/\/www.bitacoracdmx.com\/index.php?rest_route=\/wp\/v2\/types\/post"}],"author":[{"embeddable":true,"href":"https:\/\/www.bitacoracdmx.com\/index.php?rest_route=\/wp\/v2\/users\/1"}],"replies":[{"embeddable":true,"href":"https:\/\/www.bitacoracdmx.com\/index.php?rest_route=%2Fwp%2Fv2%2Fcomments&post=52959"}],"version-history":[{"count":1,"href":"https:\/\/www.bitacoracdmx.com\/index.php?rest_route=\/wp\/v2\/posts\/52959\/revisions"}],"predecessor-version":[{"id":52961,"href":"https:\/\/www.bitacoracdmx.com\/index.php?rest_route=\/wp\/v2\/posts\/52959\/revisions\/52961"}],"wp:featuredmedia":[{"embeddable":true,"href":"https:\/\/www.bitacoracdmx.com\/index.php?rest_route=\/wp\/v2\/media\/52960"}],"wp:attachment":[{"href":"https:\/\/www.bitacoracdmx.com\/index.php?rest_route=%2Fwp%2Fv2%2Fmedia&parent=52959"}],"wp:term":[{"taxonomy":"category","embeddable":true,"href":"https:\/\/www.bitacoracdmx.com\/index.php?rest_route=%2Fwp%2Fv2%2Fcategories&post=52959"},{"taxonomy":"post_tag","embeddable":true,"href":"https:\/\/www.bitacoracdmx.com\/index.php?rest_route=%2Fwp%2Fv2%2Ftags&post=52959"}],"curies":[{"name":"wp","href":"https:\/\/api.w.org\/{rel}","templated":true}]}}