{"id":52993,"date":"2023-09-14T05:25:29","date_gmt":"2023-09-14T05:25:29","guid":{"rendered":"https:\/\/www.bitacoracdmx.com\/?p=52993"},"modified":"2023-09-14T05:25:29","modified_gmt":"2023-09-14T05:25:29","slug":"la-orquesta-filarmonica-de-la-ciudad-de-mexico-celebra-las-fiestas-patrias-con-concierto-mexicano","status":"publish","type":"post","link":"https:\/\/www.bitacoracdmx.com\/?p=52993","title":{"rendered":"LA ORQUESTA FILARM\u00d3NICA DE LA CIUDAD DE M\u00c9XICO celebra LAS FIESTAS PATRIAS con CONCIERTO MEXICANO"},"content":{"rendered":"<p>[fusion_builder_container hundred_percent=&#8221;no&#8221; equal_height_columns=&#8221;no&#8221; menu_anchor=&#8221;&#8221; hide_on_mobile=&#8221;small-visibility,medium-visibility,large-visibility&#8221; class=&#8221;&#8221; id=&#8221;&#8221; background_color=&#8221;&#8221; background_image=&#8221;&#8221; background_position=&#8221;center center&#8221; background_repeat=&#8221;no-repeat&#8221; fade=&#8221;no&#8221; background_parallax=&#8221;none&#8221; parallax_speed=&#8221;0.3&#8243; video_mp4=&#8221;&#8221; video_webm=&#8221;&#8221; video_ogv=&#8221;&#8221; video_url=&#8221;&#8221; video_aspect_ratio=&#8221;16:9&#8243; video_loop=&#8221;yes&#8221; video_mute=&#8221;yes&#8221; overlay_color=&#8221;&#8221; video_preview_image=&#8221;&#8221; border_size=&#8221;&#8221; border_color=&#8221;&#8221; border_style=&#8221;solid&#8221; padding_top=&#8221;&#8221; padding_bottom=&#8221;&#8221; padding_left=&#8221;&#8221; padding_right=&#8221;&#8221;][fusion_builder_row][fusion_builder_column type=&#8221;1_1&#8243; layout=&#8221;1_1&#8243; background_position=&#8221;left top&#8221; background_color=&#8221;&#8221; border_size=&#8221;&#8221; border_color=&#8221;&#8221; border_style=&#8221;solid&#8221; border_position=&#8221;all&#8221; spacing=&#8221;yes&#8221; background_image=&#8221;&#8221; background_repeat=&#8221;no-repeat&#8221; padding_top=&#8221;&#8221; padding_right=&#8221;&#8221; padding_bottom=&#8221;&#8221; padding_left=&#8221;&#8221; margin_top=&#8221;0px&#8221; margin_bottom=&#8221;0px&#8221; class=&#8221;&#8221; id=&#8221;&#8221; animation_type=&#8221;&#8221; animation_speed=&#8221;0.3&#8243; animation_direction=&#8221;left&#8221; hide_on_mobile=&#8221;small-visibility,medium-visibility,large-visibility&#8221; center_content=&#8221;no&#8221; last=&#8221;no&#8221; min_height=&#8221;&#8221; hover_type=&#8221;none&#8221; link=&#8221;&#8221;][fusion_text]<\/p>\n<p>REDACCI\u00d3N<\/p>\n<p>\u25cf La agrupaci\u00f3n capitalina evocar\u00e1 aquel 14 de septiembre de 1978 cuando dio su primer concierto en el Teatro de la Ciudad\u00a0<em>Esperanza iris<\/em>, bajo la direcci\u00f3n de su fundador, el maestro Fernando Lozano<\/p>\n<p>\u25cf La OFCM interpretar\u00e1 en un concierto \u00fanico a destacados compositores nacionales como Joaqu\u00edn Berista\u00edn, Juventino Rosas, Enrique Mora, Manuel M. Ponce, Eugenio Toussaint, Blas Galindo y Jos\u00e9 Pablo Moncayo<\/p>\n<p>La\u00a0<strong>Orquesta Filarm\u00f3nica de la Ciudad de M\u00e9xico<\/strong>, la agrupaci\u00f3n a cargo de la\u00a0<strong>Secretar\u00eda de Cultura capitalina<\/strong>, en el marco de su\u00a0<strong>45 aniversario<\/strong>\u00a0y de las fiestas patrias con un\u00a0<strong>Concierto Mexicano<\/strong>, bajo la direcci\u00f3n del maestro Rodrigo Elorduy, con una \u00fanica presentaci\u00f3n en su sede, la sala Silvestre Revueltas del Centro Cultural Ollin Yoliztli el domingo 17 de septiembre a las 12:30 horas.<\/p>\n<p>El programa est\u00e1 integrado con m\u00fasica de grandes compositores nacionales, el cual abrir\u00e1 con la obertura\u00a0<em>La primavera<\/em>\u00a0del capitalino Joaqu\u00edn Berist\u00e1in, una de las primeras obras de m\u00fasica descriptiva escritas en M\u00e9xico, que plasma las estaciones del a\u00f1o a trav\u00e9s de im\u00e1genes sonoras, a la cual le sigue el famoso vals\u00a0<em>Sobre las olas<\/em>\u00a0del compositor guanajuatense Juventino Rosas, considerada una de las piezas musicales m\u00e1s reconocidas e interpretadas en todo el mundo.<\/p>\n<p>El recital continuar\u00e1 con el vals\u00a0<em>Alejandra<\/em>\u00a0de Enrique Mora, otra emblem\u00e1tica pieza de sentido rom\u00e1ntico que ha pasado a la inmortalidad. De entre todas las canciones del compositor de origen zacatecano, Manuel M. Ponce, el p\u00fablico escuchar\u00e1 una de sus piezas m\u00e1s conocidas:\u00a0<em>Estrellita<\/em>, mientras de Eugenio Toussaint, originario de la Ciudad de M\u00e9xico, se podr\u00e1 o\u00edr un Popurr\u00ed de Mambos con exquisita extrapolaci\u00f3n orquestal.<\/p>\n<p>Para culminar el concierto se podr\u00e1 escuchar al compositor de origen italiano Carlo Curt\u00ed y su polka\u00a0<em>La Florera<\/em>, que abrir\u00e1 paso a un sonido m\u00e1s popular con dos representantes del nacionalismo musical mexicano del siglo XX a trav\u00e9s de\u00a0<em>Sones de Mariachi<\/em>, del jalisciense Blas Galindo y un cierre festivo al ritmo del\u00a0<em>Huapango<\/em>\u00a0del jalisciense Jos\u00e9 Pablo Moncayo.<\/p>\n<p>Este concierto dirigido por el maestro Rodrigo Elorduy, licenciado en Direcci\u00f3n Orquestal y en Direcci\u00f3n Coral, as\u00ed como licenciado en Concertista de Piano por el Conservatorio Nacional de M\u00fasica, evocar\u00e1 aquel 14 de septiembre de 1978 cuando la OFCM dio su primer concierto en el Teatro de la Ciudad\u00a0<em>Esperanza iris<\/em>, bajo la direcci\u00f3n de su fundador, el maestro Fernando Lozano.<\/p>\n<p>De 2016 a la fecha, Elorduy es el director art\u00edstico Titular de la Orquesta Sinf\u00f3nica de Coyoac\u00e1n y de la Orquesta Sinf\u00f3nica Juvenil Ollin Yoliztli. Desde el a\u00f1o 2009 ha colaborado intensamente en el desarrollo de las orquestas juveniles, participando activamente en el programa de Orquestas Juveniles y Coros de la Ciudad de M\u00e9xico \u201cFernando Lozano\u201d, siendo director y maestro de la Orquesta Sinf\u00f3nica Juvenil Tlalpan.<\/p>\n<p>La Orquesta Filarm\u00f3nica de la Ciudad de M\u00e9xico es considerada una de las agrupaciones m\u00e1s importantes del repertorio sinf\u00f3nico en M\u00e9xico y Latinoam\u00e9rica con m\u00e1s de tres mil conciertos en las principales salas del pa\u00eds, Estados Unidos, Europa, Am\u00e9rica del Sur y Asia. Asimismo, sus m\u00e1s de cien grabaciones discogr\u00e1ficas, la mayor\u00eda dedicada a obras mexicanas, hacen de ella la orquesta m\u00e1s grabada en el pa\u00eds, actualmente dirigida por el maestro Scott Yoo.<\/p>\n<p>Su vocaci\u00f3n ha sido, desde su memorable concierto inaugural en el Teatro de la Ciudad, la de vincular y formar audiencias para el repertorio sinf\u00f3nico en los diversos sectores de la sociedad; la Orquesta de habitantes y visitantes de la capital del pa\u00eds ha salido a sus calles y espacios p\u00fablicos en busca de nuevos oyentes.<\/p>\n<p><strong>Miradas a nuestro acervo<\/strong>\u00a0ofrece como cada semana la retransmisi\u00f3n de sus conciertos: el s\u00e1bado 16 de septiembre a las 15:00 horas a trav\u00e9s de la frecuencia de C\u00f3digo Radio y domingo 17 de septiembre a las 12:30 horas, en Opus 94 del Instituto Mexicano de la Radio (Imer), en las que se escuchar\u00e1 a Samuel Zyman con\u00a0<em>R\u00edos y vertiente<\/em>s; de Eduardo Angulo\u00a0<em>Bacanal y Concierto para salterio y orquesta<\/em>; de Arturo M\u00e1rquez su\u00a0<em>Danz\u00f3n No. 4<\/em>\u00a0y de Arturo Rodr\u00edguez\u00a0<em>Mosaico mexicano<\/em>, bajo la direcci\u00f3n del maestro Jes\u00fas Medina y en el salterio Atlas David Zald\u00edvar.<\/p>\n<p>El concierto se realizar\u00e1 el\u00a0<strong>domingo 17 de septiembre a las 12:30 horas<\/strong>\u00a0en la Sala Silvestre Revueltas del Centro Cultural Ollin Yoliztli, ubicada en Perif\u00e9rico Sur 5141. Boletos en taquilla y descuentos del 50 por ciento a estudiantes maestros, INAPAM y empleados del Gobierno de la Ciudad de M\u00e9xico.<\/p>\n<p>Con estas actividades la Secretar\u00eda de Cultura capitalina garantiza el ejercicio de los derechos culturales de los habitantes y visitantes de la capital. Para conocer todas las actividades de la Secretar\u00eda de Cultura capitalina se puede consultar la Cartelera de la Ciudad de M\u00e9xico (<a href=\"https:\/\/cartelera.cdmx.gob.mx\/\">https:\/\/cartelera.cdmx.gob.mx\/<\/a>) y las redes sociales en Facebook, X, Instagram y YouTube.<\/p>\n<div dir=\"auto\"><a class=\"x1i10hfl xjbqb8w x6umtig x1b1mbwd xaqea5y xav7gou x9f619 x1ypdohk xt0psk2 xe8uvvx xdj266r x11i5rnm xat24cr x1mh8g0r xexx8yu x4uap5 x18d9i69 xkhd6sd x16tdsg8 x1hl2dhg xggy1nq x1a2a7pz xt0b8zv x1qq9wsj xo1l8bm\" tabindex=\"0\" role=\"link\" href=\"https:\/\/www.facebook.com\/hashtag\/ofcm?__eep__=6&amp;__cft__[0]=AZUUGYIZCMOZctutOhy8wpYnY4dIuHepNBPsRFyaxvsiiIMPhs3OQlsKdEMRvH7eoX_mjXtgVZvbLJqRQOmVdZ2XCG41PGq5Y1PbF8NfozAMiNSBzs30SWxS995Fj6Uwxvk&amp;__tn__=*NK-R\">#OFCM<\/a><\/div>\n<div dir=\"auto\"><a class=\"x1i10hfl xjbqb8w x6umtig x1b1mbwd xaqea5y xav7gou x9f619 x1ypdohk xt0psk2 xe8uvvx xdj266r x11i5rnm xat24cr x1mh8g0r xexx8yu x4uap5 x18d9i69 xkhd6sd x16tdsg8 x1hl2dhg xggy1nq x1a2a7pz xt0b8zv x1qq9wsj xo1l8bm\" tabindex=\"0\" role=\"link\" href=\"https:\/\/www.facebook.com\/hashtag\/secretariadeculturacdmx?__eep__=6&amp;__cft__[0]=AZUUGYIZCMOZctutOhy8wpYnY4dIuHepNBPsRFyaxvsiiIMPhs3OQlsKdEMRvH7eoX_mjXtgVZvbLJqRQOmVdZ2XCG41PGq5Y1PbF8NfozAMiNSBzs30SWxS995Fj6Uwxvk&amp;__tn__=*NK-R\">#secretariadeculturacdmx<\/a><\/div>\n<div dir=\"auto\"><a class=\"x1i10hfl xjbqb8w x6umtig x1b1mbwd xaqea5y xav7gou x9f619 x1ypdohk xt0psk2 xe8uvvx xdj266r x11i5rnm xat24cr x1mh8g0r xexx8yu x4uap5 x18d9i69 xkhd6sd x16tdsg8 x1hl2dhg xggy1nq x1a2a7pz xt0b8zv x1qq9wsj xo1l8bm\" tabindex=\"0\" role=\"link\" href=\"https:\/\/www.facebook.com\/hashtag\/bitacoracdmx?__eep__=6&amp;__cft__[0]=AZUUGYIZCMOZctutOhy8wpYnY4dIuHepNBPsRFyaxvsiiIMPhs3OQlsKdEMRvH7eoX_mjXtgVZvbLJqRQOmVdZ2XCG41PGq5Y1PbF8NfozAMiNSBzs30SWxS995Fj6Uwxvk&amp;__tn__=*NK-R\">#bitacoracdmx<\/a><\/div>\n<p>[\/fusion_text][fusion_imageframe image_id=&#8221;52994|medium&#8221; max_width=&#8221;&#8221; style_type=&#8221;&#8221; blur=&#8221;&#8221; stylecolor=&#8221;&#8221; hover_type=&#8221;none&#8221; bordersize=&#8221;&#8221; bordercolor=&#8221;&#8221; borderradius=&#8221;&#8221; align=&#8221;none&#8221; lightbox=&#8221;no&#8221; gallery_id=&#8221;&#8221; lightbox_image=&#8221;&#8221; lightbox_image_id=&#8221;&#8221; alt=&#8221;&#8221; link=&#8221;&#8221; linktarget=&#8221;_self&#8221; hide_on_mobile=&#8221;small-visibility,medium-visibility,large-visibility&#8221; class=&#8221;&#8221; id=&#8221;&#8221; animation_type=&#8221;&#8221; animation_direction=&#8221;left&#8221; animation_speed=&#8221;0.3&#8243; animation_offset=&#8221;&#8221;]https:\/\/www.bitacoracdmx.com\/wp-content\/uploads\/2023\/09\/WhatsApp-Image-2023-09-13-at-12.06.00-PM-300&#215;298.jpeg[\/fusion_imageframe][\/fusion_builder_column][\/fusion_builder_row][\/fusion_builder_container]<\/p>\n","protected":false},"excerpt":{"rendered":"<p>[fusion_builder_container hundred_percent=&#8221;no&#8221; equal_height_columns=&#8221;no&#8221; menu_anchor=&#8221;&#8221; hide_on_mobile=&#8221;small-visibility,medium-visibility,large-visibility&#8221; class=&#8221;&#8221; id=&#8221;&#8221; background_color=&#8221;&#8221; background_image=&#8221;&#8221; background_position=&#8221;center center&#8221; background_repeat=&#8221;no-repeat&#8221; fade=&#8221;no&#8221; background_parallax=&#8221;none&#8221; parallax_speed=&#8221;0.3&#8243; video_mp4=&#8221;&#8221; video_webm=&#8221;&#8221; video_ogv=&#8221;&#8221; video_url=&#8221;&#8221; video_aspect_ratio=&#8221;16:9&#8243; video_loop=&#8221;yes&#8221; video_mute=&#8221;yes&#8221; overlay_color=&#8221;&#8221; video_preview_image=&#8221;&#8221; border_size=&#8221;&#8221; border_color=&#8221;&#8221; border_style=&#8221;solid&#8221; padding_top=&#8221;&#8221; padding_bottom=&#8221;&#8221; padding_left=&#8221;&#8221; padding_right=&#8221;&#8221;][fusion_builder_row][fusion_builder_column type=&#8221;1_1&#8243; layout=&#8221;1_1&#8243; background_position=&#8221;left top&#8221; background_color=&#8221;&#8221; border_size=&#8221;&#8221; border_color=&#8221;&#8221; border_style=&#8221;solid&#8221; border_position=&#8221;all&#8221; spacing=&#8221;yes&#8221; background_image=&#8221;&#8221; background_repeat=&#8221;no-repeat&#8221; padding_top=&#8221;&#8221; padding_right=&#8221;&#8221; padding_bottom=&#8221;&#8221; padding_left=&#8221;&#8221; margin_top=&#8221;0px&#8221; margin_bottom=&#8221;0px&#8221; class=&#8221;&#8221; id=&#8221;&#8221; animation_type=&#8221;&#8221; animation_speed=&#8221;0.3&#8243; animation_direction=&#8221;left&#8221; hide_on_mobile=&#8221;small-visibility,medium-visibility,large-visibility&#8221; center_content=&#8221;no&#8221; last=&#8221;no&#8221; min_height=&#8221;&#8221; hover_type=&#8221;none&#8221; link=&#8221;&#8221;][fusion_text] REDACCI\u00d3N \u25cf La agrupaci\u00f3n capitalina evocar\u00e1 aquel 14 de septiembre de 1978 cuando dio su primer concierto en el Teatro de la Ciudad\u00a0Esperanza iris, bajo la direcci\u00f3n de su fundador, el maestro Fernando Lozano \u25cf La OFCM interpretar\u00e1 en un [&hellip;]<\/p>\n","protected":false},"author":1,"featured_media":52994,"comment_status":"open","ping_status":"open","sticky":false,"template":"","format":"standard","meta":{"footnotes":""},"categories":[9,11],"tags":[],"_links":{"self":[{"href":"https:\/\/www.bitacoracdmx.com\/index.php?rest_route=\/wp\/v2\/posts\/52993"}],"collection":[{"href":"https:\/\/www.bitacoracdmx.com\/index.php?rest_route=\/wp\/v2\/posts"}],"about":[{"href":"https:\/\/www.bitacoracdmx.com\/index.php?rest_route=\/wp\/v2\/types\/post"}],"author":[{"embeddable":true,"href":"https:\/\/www.bitacoracdmx.com\/index.php?rest_route=\/wp\/v2\/users\/1"}],"replies":[{"embeddable":true,"href":"https:\/\/www.bitacoracdmx.com\/index.php?rest_route=%2Fwp%2Fv2%2Fcomments&post=52993"}],"version-history":[{"count":1,"href":"https:\/\/www.bitacoracdmx.com\/index.php?rest_route=\/wp\/v2\/posts\/52993\/revisions"}],"predecessor-version":[{"id":52995,"href":"https:\/\/www.bitacoracdmx.com\/index.php?rest_route=\/wp\/v2\/posts\/52993\/revisions\/52995"}],"wp:featuredmedia":[{"embeddable":true,"href":"https:\/\/www.bitacoracdmx.com\/index.php?rest_route=\/wp\/v2\/media\/52994"}],"wp:attachment":[{"href":"https:\/\/www.bitacoracdmx.com\/index.php?rest_route=%2Fwp%2Fv2%2Fmedia&parent=52993"}],"wp:term":[{"taxonomy":"category","embeddable":true,"href":"https:\/\/www.bitacoracdmx.com\/index.php?rest_route=%2Fwp%2Fv2%2Fcategories&post=52993"},{"taxonomy":"post_tag","embeddable":true,"href":"https:\/\/www.bitacoracdmx.com\/index.php?rest_route=%2Fwp%2Fv2%2Ftags&post=52993"}],"curies":[{"name":"wp","href":"https:\/\/api.w.org\/{rel}","templated":true}]}}