{"id":52996,"date":"2023-09-14T05:42:15","date_gmt":"2023-09-14T05:42:15","guid":{"rendered":"https:\/\/www.bitacoracdmx.com\/?p=52996"},"modified":"2023-09-14T05:42:15","modified_gmt":"2023-09-14T05:42:15","slug":"celebran-la-vida-y-obra-del-cantautorchileno-victor-jara-con-exposicion-en-el-museo-archivo-de-la-fotografia","status":"publish","type":"post","link":"https:\/\/www.bitacoracdmx.com\/?p=52996","title":{"rendered":"Celebran la vida y obra del cantautorchileno V\u00cdCTOR JARA con EXPOSICI\u00d3N en el MUSEO ARCHIVO DE LA FOTOGRAF\u00cdA"},"content":{"rendered":"<p>[fusion_builder_container hundred_percent=&#8221;no&#8221; equal_height_columns=&#8221;no&#8221; menu_anchor=&#8221;&#8221; hide_on_mobile=&#8221;small-visibility,medium-visibility,large-visibility&#8221; class=&#8221;&#8221; id=&#8221;&#8221; background_color=&#8221;&#8221; background_image=&#8221;&#8221; background_position=&#8221;center center&#8221; background_repeat=&#8221;no-repeat&#8221; fade=&#8221;no&#8221; background_parallax=&#8221;none&#8221; parallax_speed=&#8221;0.3&#8243; video_mp4=&#8221;&#8221; video_webm=&#8221;&#8221; video_ogv=&#8221;&#8221; video_url=&#8221;&#8221; video_aspect_ratio=&#8221;16:9&#8243; video_loop=&#8221;yes&#8221; video_mute=&#8221;yes&#8221; overlay_color=&#8221;&#8221; video_preview_image=&#8221;&#8221; border_size=&#8221;&#8221; border_color=&#8221;&#8221; border_style=&#8221;solid&#8221; padding_top=&#8221;&#8221; padding_bottom=&#8221;&#8221; padding_left=&#8221;&#8221; padding_right=&#8221;&#8221;][fusion_builder_row][fusion_builder_column type=&#8221;1_1&#8243; layout=&#8221;1_1&#8243; background_position=&#8221;left top&#8221; background_color=&#8221;&#8221; border_size=&#8221;&#8221; border_color=&#8221;&#8221; border_style=&#8221;solid&#8221; border_position=&#8221;all&#8221; spacing=&#8221;yes&#8221; background_image=&#8221;&#8221; background_repeat=&#8221;no-repeat&#8221; padding_top=&#8221;&#8221; padding_right=&#8221;&#8221; padding_bottom=&#8221;&#8221; padding_left=&#8221;&#8221; margin_top=&#8221;0px&#8221; margin_bottom=&#8221;0px&#8221; class=&#8221;&#8221; id=&#8221;&#8221; animation_type=&#8221;&#8221; animation_speed=&#8221;0.3&#8243; animation_direction=&#8221;left&#8221; hide_on_mobile=&#8221;small-visibility,medium-visibility,large-visibility&#8221; center_content=&#8221;no&#8221; last=&#8221;no&#8221; min_height=&#8221;&#8221; hover_type=&#8221;none&#8221; link=&#8221;&#8221;][fusion_text]<\/p>\n<p>REDACCI\u00d3N<\/p>\n<p>\u25cf Integrada por 40 mamparas, la exposici\u00f3n\u00a0<em>El mundo gira porque existe el amor<\/em>\u00a0acerca al p\u00fablico a la vida y obra del cantautor chileno asesinado y torturado bajo la dictadura<\/p>\n<p>\u25cf Asimismo, el Museo de la Ciudad de M\u00e9xico ofreci\u00f3 el concierto \u201cRecordando a Pablo Neruda y V\u00edctor Jara\u201d, con temas como &#8220;Te recuerdo Amanda&#8221;, &#8220;El derecho de vivir en paz&#8221; y &#8220;El aparecido&#8221;<\/p>\n<p>\u25cf La F\u00e1brica de Artes y Oficios Cosmos ofrecer\u00e1 el 12 de octubre una funci\u00f3n infantil de\u00a0<em>Mi abuelo Horacio<\/em>, puesta en escena que aborda la vida de uno de los dirigentes comunistas, el primero en ser identificado tras su desaparici\u00f3n<\/p>\n<p>En el marco del\u00a0<strong>50 Aniversario del Golpe de Estado en Chile<\/strong>, el Gobierno local a trav\u00e9s de la\u00a0<strong>Secretar\u00eda de Cultura capitalina<\/strong>\u00a0y en colaboraci\u00f3n con la Embajada de Chile en M\u00e9xico y la Fundaci\u00f3n V\u00edctor Jara, present\u00f3 este mi\u00e9rcoles en el\u00a0<strong>Museo Archivo de la Fotograf\u00eda<\/strong>\u00a0(MAF), la exposici\u00f3n\u00a0<strong><em>El mundo gira porque existe el amor<\/em><\/strong>, muestra fotogr\u00e1fica dedicada al cantautor chileno, considerado un \u00edcono de la canci\u00f3n de protesta, que estar\u00e1 disponible a partir del 17 de septiembre.<\/p>\n<p>La inauguraci\u00f3n cont\u00f3 con la participaci\u00f3n de la secretaria de Cultura capitalina, Claudia Curiel de Icaza, en compa\u00f1\u00eda de la Embajadora de Chile en M\u00e9xico, Beatriz S\u00e1nchez, y la coordinadora General de Asesores y Asuntos Internacionales del Gobierno local, Diana Alarc\u00f3n Gonz\u00e1lez, en presencia del Consejero Sebasti\u00e1n Labra, Jefe de Canciller\u00eda de la Embajada de Chile en M\u00e9xico.<\/p>\n<p>&#8220;Es importante podernos sumar a esta conmemoraci\u00f3n de 50 a\u00f1os del golpe en Chile pero desde otro lugar, desde un lugar de di\u00e1logo y de construcci\u00f3n, y hablar, sobre todo, de la solidaridad entre M\u00e9xico y Chile, que es lo que se ha tejido desde ese momento, el cual nos dej\u00f3 una comunidad chilena maravillosa&#8221;, extern\u00f3 Curiel de Icaza.<\/p>\n<p>Para Alarc\u00f3n, la muestra, integrada por 40 mamparas conformadas por fotograf\u00edas y textos que retratan la vida y obra del artista chileno a trav\u00e9s de ocho n\u00facleos tem\u00e1ticos, es una lecci\u00f3n de historia que evoca a su juventud y la lucha de los pueblos latinoamericanos por mantenerse libres y democr\u00e1ticos. &#8220;En tres d\u00edas m\u00e1s se van a cumplir 50 a\u00f1os del asesinato de V\u00edctor Jara, que fue un 16 de septiembre. Ten\u00eda solo 40 a\u00f1os pero su vida no se reduce s\u00f3lo al episodio de su muerte y por eso quisimos traer a M\u00e9xico, junto a la Fundaci\u00f3n V\u00edctor Jara y al Gobierno de la Ciudad de M\u00e9xico, esta hermosa exposici\u00f3n que celebra eso: su vida&#8221;, comparti\u00f3 la Embajadora, quien detall\u00f3 que se trata de una muestra itinerante que estar\u00e1 en el recinto capitalino hasta el mi\u00e9rcoles 18 de octubre.<\/p>\n<p>Previo a la inauguraci\u00f3n, como parte de las actividades conmemorativas para no olvidar aquel d\u00eda que una dictadura aplast\u00f3 la democracia, el Museo de la Ciudad de M\u00e9xico ofreci\u00f3 el recital\u00a0<strong>\u201cRecordando a Pablo Neruda y V\u00edctor Jara\u201d<\/strong>, a cargo del pianista chileno Roberto Bravo, quien evoc\u00f3 la m\u00fasica de la \u00e9poca trav\u00e9s de temas como &#8220;Te recuerdo Amanda&#8221;, &#8220;El derecho de vivir en paz&#8221; y &#8220;El aparecido&#8221;, del compositor homenajeado, quien fue hecho prisionero, torturado y asesinado por tropas del Ej\u00e9rcito en el Estadio Chile, espacio que hoy lleva su nombre.<\/p>\n<p>Asimismo, la poes\u00eda se hizo presente con algunos poemas musicalizados en voz de la cantante Andrea C\u00e1rdenas y otros versos de Pablo Neruda, extra\u00eddos de sus obras\u00a0<em>Los versos del Capit\u00e1n, Cien sonetos de amor y Estravagario.<\/em>\u00a0Otros temas interpretados fueron &#8220;Alfonsina y el mar&#8221;, &#8220;Milonga al rev\u00e9s&#8221;, &#8220;La Pajita&#8221; y &#8220;Contigo aprend\u00ed&#8221;.<\/p>\n<p>Este ejercicio de memoria hist\u00f3rica llevar\u00e1 a la F\u00e1brica de Artes y Oficios (FARO) Cosmos una funci\u00f3n de la obra infantil\u00a0<strong><em>Mi abuelo Horacio<\/em><\/strong>, la cual se presentar\u00e1 el\u00a0<strong>jueves 12 de octubre<\/strong>, a las 19 horas, e intercala elementos de ficci\u00f3n con la biograf\u00eda de uno de los dirigentes comunistas de la \u00e9poca, Horacio Cepeda, en una narrativa sobre este desaparecido pol\u00edtico que fue uno de los primeros en ser identificados a trav\u00e9s de su dentadura hallada en una fosa clandestina.<\/p>\n<p>En favor del derecho a la memoria hist\u00f3rica, estas actividades buscan recordar aqu\u00e9l 11 de septiembre de 1973, d\u00eda en que el general Augusto Pinochet dirigi\u00f3 un sangriento golpe de Estado contra el gobierno democr\u00e1ticamente electo del presidente Salvador Allende, quien se neg\u00f3 a ceder el poder desde el Palacio La Moneda, donde tras los bombardeos decidi\u00f3 quitarse la vida sin rendici\u00f3n alguna, lo que dio paso a una dictadura caracterizada la implementaci\u00f3n de un modelo econ\u00f3mico neoliberal y las violaciones a los derechos humanos.<\/p>\n<p>Con estas actividades la Secretar\u00eda de Cultura capitalina garantiza el ejercicio de los derechos culturales de los habitantes y visitantes de la capital. Para conocer todas las actividades de la Secretar\u00eda de Cultura capitalina se puede consultar la Cartelera de la Ciudad de M\u00e9xico (<a href=\"https:\/\/cartelera.cdmx.gob.mx\/\">https:\/\/cartelera.cdmx.gob.mx\/<\/a>) y las redes sociales en Facebook, Twitter, Instagram y YouTube.<\/p>\n<div dir=\"auto\"><a class=\"x1i10hfl xjbqb8w x6umtig x1b1mbwd xaqea5y xav7gou x9f619 x1ypdohk xt0psk2 xe8uvvx xdj266r x11i5rnm xat24cr x1mh8g0r xexx8yu x4uap5 x18d9i69 xkhd6sd x16tdsg8 x1hl2dhg xggy1nq x1a2a7pz xt0b8zv x1qq9wsj xo1l8bm\" tabindex=\"0\" role=\"link\" href=\"https:\/\/www.facebook.com\/hashtag\/victorjara?__eep__=6&amp;__cft__[0]=AZXt3Q1Wa0QlAkkaAptuqFZNsQtB7QupoY_u8yn-yV5iHeoXQ92TRLmizA81BIIcQK6fHaIG9-eULaFFHYnMag4xlB0fYQUkwIccBF1wdrAO8mtwdBL32qQSNiVyEfI4sF4&amp;__tn__=*NK-R\">#VictorJara<\/a><\/div>\n<div dir=\"auto\"><a class=\"x1i10hfl xjbqb8w x6umtig x1b1mbwd xaqea5y xav7gou x9f619 x1ypdohk xt0psk2 xe8uvvx xdj266r x11i5rnm xat24cr x1mh8g0r xexx8yu x4uap5 x18d9i69 xkhd6sd x16tdsg8 x1hl2dhg xggy1nq x1a2a7pz xt0b8zv x1qq9wsj xo1l8bm\" tabindex=\"0\" role=\"link\" href=\"https:\/\/www.facebook.com\/hashtag\/museoarchivodelafotografia?__eep__=6&amp;__cft__[0]=AZXt3Q1Wa0QlAkkaAptuqFZNsQtB7QupoY_u8yn-yV5iHeoXQ92TRLmizA81BIIcQK6fHaIG9-eULaFFHYnMag4xlB0fYQUkwIccBF1wdrAO8mtwdBL32qQSNiVyEfI4sF4&amp;__tn__=*NK-R\">#museoarchivodelafotografia<\/a><\/div>\n<div dir=\"auto\"><a class=\"x1i10hfl xjbqb8w x6umtig x1b1mbwd xaqea5y xav7gou x9f619 x1ypdohk xt0psk2 xe8uvvx xdj266r x11i5rnm xat24cr x1mh8g0r xexx8yu x4uap5 x18d9i69 xkhd6sd x16tdsg8 x1hl2dhg xggy1nq x1a2a7pz xt0b8zv x1qq9wsj xo1l8bm\" tabindex=\"0\" role=\"link\" href=\"https:\/\/www.facebook.com\/hashtag\/secretariadeculturacdmx?__eep__=6&amp;__cft__[0]=AZXt3Q1Wa0QlAkkaAptuqFZNsQtB7QupoY_u8yn-yV5iHeoXQ92TRLmizA81BIIcQK6fHaIG9-eULaFFHYnMag4xlB0fYQUkwIccBF1wdrAO8mtwdBL32qQSNiVyEfI4sF4&amp;__tn__=*NK-R\">#secretariadeculturacdmx<\/a><\/div>\n<div dir=\"auto\"><a class=\"x1i10hfl xjbqb8w x6umtig x1b1mbwd xaqea5y xav7gou x9f619 x1ypdohk xt0psk2 xe8uvvx xdj266r x11i5rnm xat24cr x1mh8g0r xexx8yu x4uap5 x18d9i69 xkhd6sd x16tdsg8 x1hl2dhg xggy1nq x1a2a7pz xt0b8zv x1qq9wsj xo1l8bm\" tabindex=\"0\" role=\"link\" href=\"https:\/\/www.facebook.com\/hashtag\/bitacoracdmx?__eep__=6&amp;__cft__[0]=AZXt3Q1Wa0QlAkkaAptuqFZNsQtB7QupoY_u8yn-yV5iHeoXQ92TRLmizA81BIIcQK6fHaIG9-eULaFFHYnMag4xlB0fYQUkwIccBF1wdrAO8mtwdBL32qQSNiVyEfI4sF4&amp;__tn__=*NK-R\">#bitacoracdmx<\/a><\/div>\n<p>[\/fusion_text][fusion_imageframe image_id=&#8221;52997|medium&#8221; max_width=&#8221;&#8221; style_type=&#8221;&#8221; blur=&#8221;&#8221; stylecolor=&#8221;&#8221; hover_type=&#8221;none&#8221; bordersize=&#8221;&#8221; bordercolor=&#8221;&#8221; borderradius=&#8221;&#8221; align=&#8221;none&#8221; lightbox=&#8221;no&#8221; gallery_id=&#8221;&#8221; lightbox_image=&#8221;&#8221; lightbox_image_id=&#8221;&#8221; alt=&#8221;&#8221; link=&#8221;&#8221; linktarget=&#8221;_self&#8221; hide_on_mobile=&#8221;small-visibility,medium-visibility,large-visibility&#8221; class=&#8221;&#8221; id=&#8221;&#8221; animation_type=&#8221;&#8221; animation_direction=&#8221;left&#8221; animation_speed=&#8221;0.3&#8243; animation_offset=&#8221;&#8221;]https:\/\/www.bitacoracdmx.com\/wp-content\/uploads\/2023\/09\/WhatsApp-Image-2023-09-13-at-9.56.03-PM-300&#215;200.jpeg[\/fusion_imageframe][\/fusion_builder_column][\/fusion_builder_row][\/fusion_builder_container]<\/p>\n","protected":false},"excerpt":{"rendered":"<p>[fusion_builder_container hundred_percent=&#8221;no&#8221; equal_height_columns=&#8221;no&#8221; menu_anchor=&#8221;&#8221; hide_on_mobile=&#8221;small-visibility,medium-visibility,large-visibility&#8221; class=&#8221;&#8221; id=&#8221;&#8221; background_color=&#8221;&#8221; background_image=&#8221;&#8221; background_position=&#8221;center center&#8221; background_repeat=&#8221;no-repeat&#8221; fade=&#8221;no&#8221; background_parallax=&#8221;none&#8221; parallax_speed=&#8221;0.3&#8243; video_mp4=&#8221;&#8221; video_webm=&#8221;&#8221; video_ogv=&#8221;&#8221; video_url=&#8221;&#8221; video_aspect_ratio=&#8221;16:9&#8243; video_loop=&#8221;yes&#8221; video_mute=&#8221;yes&#8221; overlay_color=&#8221;&#8221; video_preview_image=&#8221;&#8221; border_size=&#8221;&#8221; border_color=&#8221;&#8221; border_style=&#8221;solid&#8221; padding_top=&#8221;&#8221; padding_bottom=&#8221;&#8221; padding_left=&#8221;&#8221; padding_right=&#8221;&#8221;][fusion_builder_row][fusion_builder_column type=&#8221;1_1&#8243; layout=&#8221;1_1&#8243; background_position=&#8221;left top&#8221; background_color=&#8221;&#8221; border_size=&#8221;&#8221; border_color=&#8221;&#8221; border_style=&#8221;solid&#8221; border_position=&#8221;all&#8221; spacing=&#8221;yes&#8221; background_image=&#8221;&#8221; background_repeat=&#8221;no-repeat&#8221; padding_top=&#8221;&#8221; padding_right=&#8221;&#8221; padding_bottom=&#8221;&#8221; padding_left=&#8221;&#8221; margin_top=&#8221;0px&#8221; margin_bottom=&#8221;0px&#8221; class=&#8221;&#8221; id=&#8221;&#8221; animation_type=&#8221;&#8221; animation_speed=&#8221;0.3&#8243; animation_direction=&#8221;left&#8221; hide_on_mobile=&#8221;small-visibility,medium-visibility,large-visibility&#8221; center_content=&#8221;no&#8221; last=&#8221;no&#8221; min_height=&#8221;&#8221; hover_type=&#8221;none&#8221; link=&#8221;&#8221;][fusion_text] REDACCI\u00d3N \u25cf Integrada por 40 mamparas, la exposici\u00f3n\u00a0El mundo gira porque existe el amor\u00a0acerca al p\u00fablico a la vida y obra del cantautor chileno asesinado y torturado bajo la dictadura \u25cf Asimismo, el Museo de la Ciudad de M\u00e9xico ofreci\u00f3 [&hellip;]<\/p>\n","protected":false},"author":1,"featured_media":52997,"comment_status":"open","ping_status":"open","sticky":false,"template":"","format":"standard","meta":{"footnotes":""},"categories":[9,27],"tags":[],"_links":{"self":[{"href":"https:\/\/www.bitacoracdmx.com\/index.php?rest_route=\/wp\/v2\/posts\/52996"}],"collection":[{"href":"https:\/\/www.bitacoracdmx.com\/index.php?rest_route=\/wp\/v2\/posts"}],"about":[{"href":"https:\/\/www.bitacoracdmx.com\/index.php?rest_route=\/wp\/v2\/types\/post"}],"author":[{"embeddable":true,"href":"https:\/\/www.bitacoracdmx.com\/index.php?rest_route=\/wp\/v2\/users\/1"}],"replies":[{"embeddable":true,"href":"https:\/\/www.bitacoracdmx.com\/index.php?rest_route=%2Fwp%2Fv2%2Fcomments&post=52996"}],"version-history":[{"count":1,"href":"https:\/\/www.bitacoracdmx.com\/index.php?rest_route=\/wp\/v2\/posts\/52996\/revisions"}],"predecessor-version":[{"id":52998,"href":"https:\/\/www.bitacoracdmx.com\/index.php?rest_route=\/wp\/v2\/posts\/52996\/revisions\/52998"}],"wp:featuredmedia":[{"embeddable":true,"href":"https:\/\/www.bitacoracdmx.com\/index.php?rest_route=\/wp\/v2\/media\/52997"}],"wp:attachment":[{"href":"https:\/\/www.bitacoracdmx.com\/index.php?rest_route=%2Fwp%2Fv2%2Fmedia&parent=52996"}],"wp:term":[{"taxonomy":"category","embeddable":true,"href":"https:\/\/www.bitacoracdmx.com\/index.php?rest_route=%2Fwp%2Fv2%2Fcategories&post=52996"},{"taxonomy":"post_tag","embeddable":true,"href":"https:\/\/www.bitacoracdmx.com\/index.php?rest_route=%2Fwp%2Fv2%2Ftags&post=52996"}],"curies":[{"name":"wp","href":"https:\/\/api.w.org\/{rel}","templated":true}]}}