{"id":53000,"date":"2023-09-15T03:19:56","date_gmt":"2023-09-15T03:19:56","guid":{"rendered":"https:\/\/www.bitacoracdmx.com\/?p=53000"},"modified":"2023-09-15T03:19:56","modified_gmt":"2023-09-15T03:19:56","slug":"dos-leyendas-del-rock-mexicano-la-cuca-y-la-lupita-ofreceran-un-show-unico-en-la-maraka-en-cdmx","status":"publish","type":"post","link":"https:\/\/www.bitacoracdmx.com\/?p=53000","title":{"rendered":"Dos leyendas del rock mexicano, LA CUCA y LA LUPITA, ofrecer\u00e1n un show \u00fanico en LA MARAKA en CDMX"},"content":{"rendered":"<p>[fusion_builder_container hundred_percent=&#8221;no&#8221; equal_height_columns=&#8221;no&#8221; menu_anchor=&#8221;&#8221; hide_on_mobile=&#8221;small-visibility,medium-visibility,large-visibility&#8221; class=&#8221;&#8221; id=&#8221;&#8221; background_color=&#8221;&#8221; background_image=&#8221;&#8221; background_position=&#8221;center center&#8221; background_repeat=&#8221;no-repeat&#8221; fade=&#8221;no&#8221; background_parallax=&#8221;none&#8221; parallax_speed=&#8221;0.3&#8243; video_mp4=&#8221;&#8221; video_webm=&#8221;&#8221; video_ogv=&#8221;&#8221; video_url=&#8221;&#8221; video_aspect_ratio=&#8221;16:9&#8243; video_loop=&#8221;yes&#8221; video_mute=&#8221;yes&#8221; overlay_color=&#8221;&#8221; video_preview_image=&#8221;&#8221; border_size=&#8221;&#8221; border_color=&#8221;&#8221; border_style=&#8221;solid&#8221; padding_top=&#8221;&#8221; padding_bottom=&#8221;&#8221; padding_left=&#8221;&#8221; padding_right=&#8221;&#8221;][fusion_builder_row][fusion_builder_column type=&#8221;1_1&#8243; layout=&#8221;1_1&#8243; background_position=&#8221;left top&#8221; background_color=&#8221;&#8221; border_size=&#8221;&#8221; border_color=&#8221;&#8221; border_style=&#8221;solid&#8221; border_position=&#8221;all&#8221; spacing=&#8221;yes&#8221; background_image=&#8221;&#8221; background_repeat=&#8221;no-repeat&#8221; padding_top=&#8221;&#8221; padding_right=&#8221;&#8221; padding_bottom=&#8221;&#8221; padding_left=&#8221;&#8221; margin_top=&#8221;0px&#8221; margin_bottom=&#8221;0px&#8221; class=&#8221;&#8221; id=&#8221;&#8221; animation_type=&#8221;&#8221; animation_speed=&#8221;0.3&#8243; animation_direction=&#8221;left&#8221; hide_on_mobile=&#8221;small-visibility,medium-visibility,large-visibility&#8221; center_content=&#8221;no&#8221; last=&#8221;no&#8221; min_height=&#8221;&#8221; hover_type=&#8221;none&#8221; link=&#8221;&#8221;][fusion_text]<\/p>\n<p>REDACCI\u00d3N<\/p>\n<p><i>*Las agrupaciones se presentan el s\u00e1bado 2 de diciembre de 2023 a las nueve de la noche<\/i><\/p>\n<p><i>*Los boletos est\u00e1n a la venta en el Sistema Ticketmaster y en las taquillas del recinto.<\/i><\/p>\n<p>Despu\u00e9s de m\u00e1s de tres d\u00e9cadas de trayectoria para ambas agrupaciones, dos de las bandas m\u00e1s emblem\u00e1ticas que contribuyeron a definir el concepto de rock mexicano, La Cuca y La Lupita, llegan a la Ciudad de M\u00e9xico para brindar un espect\u00e1culo inolvidable en La Maraka el s\u00e1bado 2 de diciembre de 2023 a las nueve de la noche. Los boletos est\u00e1n a la venta en el Sistema Ticketmaster y en las taquillas del recinto.<\/p>\n<p>La Cuca, integrada por Jos\u00e9 Fors, Carlos Avilez, Nacho \u201cEl Implacable\u201d Gonz\u00e1lez y Alejandro Otaola, arribar\u00e1 con su gira XXXPORNOBLATTEA para repetir el \u00e9xito de su presentaci\u00f3n en el Front\u00f3n M\u00e9xico el pasado mes de agosto. La banda se ha mantenido fiel a su esencia a lo largo de los a\u00f1os, transitando desde una disquera transnacional hacia la independencia, sin perder su distintivo estilo. Cuca es el ep\u00edtome central de este concierto en\u00e9rgico que celebra m\u00e1s de tres d\u00e9cadas de vida.<\/p>\n<p>La historia de Cuca inici\u00f3 a finales de 1989 con el lanzamiento de su obra sonora \u201cLa Invasi\u00f3n de los Bl\u00e1tidos\u201d, marcando su trayectoria en el rock nacional. Posteriormente, grabaron en Inglaterra sus materiales \u201cTu Cuca Madre\u201d \u201cAtaca de Nuevo\u201d y \u201cLa Racha\u201d bajo la producci\u00f3n de Robin Black, reconocido por su trabajo con grupos como Black Sabbath y Jethro Tull. A lo largo de su carrera gestaron \u00e1lbumes como \u201cEl Cuarto de Cuca\u201d (1996), el CD\/DVD en vivo \u201cViva Cuca\u201d (2004) y \u201cCuca con Pelotas\u201d (2006).<\/p>\n<p>En 2014, con la inclusi\u00f3n del guitarrista Alejandro Otaola, Cuca lanz\u00f3 su sexta producci\u00f3n \u201cLa Venganza de Cucamonga\u201d, que les vali\u00f3 una nominaci\u00f3n al Grammy Latino en la categor\u00eda de mejor \u00e1lbum de rock latino. Posteriormente, en 2017, lleg\u00f3 \u201cCuca Vive\u201d, su segundo disco en vivo, acompa\u00f1ado de un nuevo CD llamado \u201cSemen\u201d.<\/p>\n<p>La Lupita, una de las bandas m\u00e1s destacadas en la escena del rock mexicano, est\u00e1 lista para celebrar treinta a\u00f1os de vida en un evento que promete una noche llena de m\u00fasica potente, buen humor y grandes \u00e9xitos. La banda ha mantenido su arrastre a lo largo de las d\u00e9cadas gracias a su ecl\u00e9ctica mezcla de ritmos, que incluye funk, punk, disco y elementos folcl\u00f3ricos.<\/p>\n<p>Con su \u00e1lbum &#8220;Tormenta&#8221;, que cuenta con diez temas, La Lupita experimenta nuevamente, logrando mezclas audaces entre el sintetizador y la guitarra de Lino. El \u00e1lbum refleja la madurez de la banda al abordar relaciones impulsivas que nos vuelven irracionales. Cl\u00e1sicos como &#8220;La paquita disco&#8221;, &#8220;El rey Leonardo&#8221;, &#8220;Ja, ja, ja&#8221; o &#8220;Supers\u00f3nico&#8221; se suman a las nuevas canciones para ofrecer una celebraci\u00f3n inolvidable.<\/p>\n<p>Fundada en 1991 con el objetivo de divertir a la audiencia y mantener un sello nacional, La Lupita ha dejado una huella imborrable en la industria musical. Desde su \u00e1lbum debut, donde destac\u00f3 su versi\u00f3n de &#8220;Contrabando y traici\u00f3n&#8221; de los Tigres del Norte, capturaron la atenci\u00f3n del p\u00fablico con su m\u00fasica desenfadada.<\/p>\n<p>A pesar de los cambios en su alineaci\u00f3n, H\u00e9ctor Quijada y Lino Nava, miembros originales de la banda, han asumido la responsabilidad de preservar el legado sonoro de La Lupita. Desde \u00e1lbumes cl\u00e1sicos como &#8220;Pa&#8217; servir a Ud.&#8221; y &#8220;Qu\u00e9 bonito es casi todo&#8221; hasta trabajos contempor\u00e1neos como &#8220;Te odio&#8221; y el m\u00e1s reciente &#8220;Tormenta&#8221;, La Lupita contin\u00faa ofreciendo su potencia musical y a\u00f1adiendo sabor al rock nacional.<\/p>\n<p>Despu\u00e9s de tres a\u00f1os sin lanzar nuevo material, La Lupita regresa con un divertido cover de &#8220;La Banda Borracha&#8221;, producido por &#8220;la Chiquis&#8221; Amaro. Este retorno musical ha sido muy esperado, ya que la banda ha mantenido una vigencia excepcional desde los a\u00f1os noventa con su fusi\u00f3n de rock, m\u00fasica disco y m\u00fasica popular mexicana.<\/p>\n<p>La Cuca y La Lupita se presentan el s\u00e1bado 2 de diciembre de 2023 a las nueve de la noche. Los boletos est\u00e1n a la venta en el Sistema Ticketmaster y en las taquillas del recinto.<\/p>\n<div dir=\"auto\"><a class=\"x1i10hfl xjbqb8w x6umtig x1b1mbwd xaqea5y xav7gou x9f619 x1ypdohk xt0psk2 xe8uvvx xdj266r x11i5rnm xat24cr x1mh8g0r xexx8yu x4uap5 x18d9i69 xkhd6sd x16tdsg8 x1hl2dhg xggy1nq x1a2a7pz xt0b8zv x1qq9wsj xo1l8bm\" tabindex=\"0\" role=\"link\" href=\"https:\/\/www.facebook.com\/hashtag\/cuca?__eep__=6&amp;__cft__[0]=AZWNASWGZCRlCEzGBd9cHk8htoUFTbFfy9LL96yWnxtyWJiTB1fusxQMo-xnO8v7QirPnTlZX_9epC8XEEQLjFl4Tv3QftLAEufQaJAqIu81X0UdK4vRn9FtHYukvtPifB4&amp;__tn__=*NK-R\">#cuca<\/a><\/div>\n<div dir=\"auto\"><a class=\"x1i10hfl xjbqb8w x6umtig x1b1mbwd xaqea5y xav7gou x9f619 x1ypdohk xt0psk2 xe8uvvx xdj266r x11i5rnm xat24cr x1mh8g0r xexx8yu x4uap5 x18d9i69 xkhd6sd x16tdsg8 x1hl2dhg xggy1nq x1a2a7pz xt0b8zv x1qq9wsj xo1l8bm\" tabindex=\"0\" role=\"link\" href=\"https:\/\/www.facebook.com\/hashtag\/lalupita?__eep__=6&amp;__cft__[0]=AZWNASWGZCRlCEzGBd9cHk8htoUFTbFfy9LL96yWnxtyWJiTB1fusxQMo-xnO8v7QirPnTlZX_9epC8XEEQLjFl4Tv3QftLAEufQaJAqIu81X0UdK4vRn9FtHYukvtPifB4&amp;__tn__=*NK-R\">#LaLupita<\/a><\/div>\n<div dir=\"auto\"><a class=\"x1i10hfl xjbqb8w x6umtig x1b1mbwd xaqea5y xav7gou x9f619 x1ypdohk xt0psk2 xe8uvvx xdj266r x11i5rnm xat24cr x1mh8g0r xexx8yu x4uap5 x18d9i69 xkhd6sd x16tdsg8 x1hl2dhg xggy1nq x1a2a7pz xt0b8zv x1qq9wsj xo1l8bm\" tabindex=\"0\" role=\"link\" href=\"https:\/\/www.facebook.com\/hashtag\/lamaraka?__eep__=6&amp;__cft__[0]=AZWNASWGZCRlCEzGBd9cHk8htoUFTbFfy9LL96yWnxtyWJiTB1fusxQMo-xnO8v7QirPnTlZX_9epC8XEEQLjFl4Tv3QftLAEufQaJAqIu81X0UdK4vRn9FtHYukvtPifB4&amp;__tn__=*NK-R\">#LaMaraka<\/a><\/div>\n<div dir=\"auto\"><a class=\"x1i10hfl xjbqb8w x6umtig x1b1mbwd xaqea5y xav7gou x9f619 x1ypdohk xt0psk2 xe8uvvx xdj266r x11i5rnm xat24cr x1mh8g0r xexx8yu x4uap5 x18d9i69 xkhd6sd x16tdsg8 x1hl2dhg xggy1nq x1a2a7pz xt0b8zv x1qq9wsj xo1l8bm\" tabindex=\"0\" role=\"link\" href=\"https:\/\/www.facebook.com\/hashtag\/ticketmaster?__eep__=6&amp;__cft__[0]=AZWNASWGZCRlCEzGBd9cHk8htoUFTbFfy9LL96yWnxtyWJiTB1fusxQMo-xnO8v7QirPnTlZX_9epC8XEEQLjFl4Tv3QftLAEufQaJAqIu81X0UdK4vRn9FtHYukvtPifB4&amp;__tn__=*NK-R\">#ticketmaster<\/a><\/div>\n<div dir=\"auto\"><a class=\"x1i10hfl xjbqb8w x6umtig x1b1mbwd xaqea5y xav7gou x9f619 x1ypdohk xt0psk2 xe8uvvx xdj266r x11i5rnm xat24cr x1mh8g0r xexx8yu x4uap5 x18d9i69 xkhd6sd x16tdsg8 x1hl2dhg xggy1nq x1a2a7pz xt0b8zv x1qq9wsj xo1l8bm\" tabindex=\"0\" role=\"link\" href=\"https:\/\/www.facebook.com\/hashtag\/bitacoracdmx?__eep__=6&amp;__cft__[0]=AZWNASWGZCRlCEzGBd9cHk8htoUFTbFfy9LL96yWnxtyWJiTB1fusxQMo-xnO8v7QirPnTlZX_9epC8XEEQLjFl4Tv3QftLAEufQaJAqIu81X0UdK4vRn9FtHYukvtPifB4&amp;__tn__=*NK-R\">#bitacoracdmx<\/a><\/div>\n<p>[\/fusion_text][fusion_imageframe image_id=&#8221;53001|medium&#8221; max_width=&#8221;&#8221; style_type=&#8221;&#8221; blur=&#8221;&#8221; stylecolor=&#8221;&#8221; hover_type=&#8221;none&#8221; bordersize=&#8221;&#8221; bordercolor=&#8221;&#8221; borderradius=&#8221;&#8221; align=&#8221;none&#8221; lightbox=&#8221;no&#8221; gallery_id=&#8221;&#8221; lightbox_image=&#8221;&#8221; lightbox_image_id=&#8221;&#8221; alt=&#8221;&#8221; link=&#8221;&#8221; linktarget=&#8221;_self&#8221; hide_on_mobile=&#8221;small-visibility,medium-visibility,large-visibility&#8221; class=&#8221;&#8221; id=&#8221;&#8221; animation_type=&#8221;&#8221; animation_direction=&#8221;left&#8221; animation_speed=&#8221;0.3&#8243; animation_offset=&#8221;&#8221;]https:\/\/www.bitacoracdmx.com\/wp-content\/uploads\/2023\/09\/thumbnail_CUCA-LA-LUPITA-DIC-2023-LA-MARAKA-CARTEL-300&#215;169.jpg[\/fusion_imageframe][\/fusion_builder_column][\/fusion_builder_row][\/fusion_builder_container]<\/p>\n","protected":false},"excerpt":{"rendered":"<p>[fusion_builder_container hundred_percent=&#8221;no&#8221; equal_height_columns=&#8221;no&#8221; menu_anchor=&#8221;&#8221; hide_on_mobile=&#8221;small-visibility,medium-visibility,large-visibility&#8221; class=&#8221;&#8221; id=&#8221;&#8221; background_color=&#8221;&#8221; background_image=&#8221;&#8221; background_position=&#8221;center center&#8221; background_repeat=&#8221;no-repeat&#8221; fade=&#8221;no&#8221; background_parallax=&#8221;none&#8221; parallax_speed=&#8221;0.3&#8243; video_mp4=&#8221;&#8221; video_webm=&#8221;&#8221; video_ogv=&#8221;&#8221; video_url=&#8221;&#8221; video_aspect_ratio=&#8221;16:9&#8243; video_loop=&#8221;yes&#8221; video_mute=&#8221;yes&#8221; overlay_color=&#8221;&#8221; video_preview_image=&#8221;&#8221; border_size=&#8221;&#8221; border_color=&#8221;&#8221; border_style=&#8221;solid&#8221; padding_top=&#8221;&#8221; padding_bottom=&#8221;&#8221; padding_left=&#8221;&#8221; padding_right=&#8221;&#8221;][fusion_builder_row][fusion_builder_column type=&#8221;1_1&#8243; layout=&#8221;1_1&#8243; background_position=&#8221;left top&#8221; background_color=&#8221;&#8221; border_size=&#8221;&#8221; border_color=&#8221;&#8221; border_style=&#8221;solid&#8221; border_position=&#8221;all&#8221; spacing=&#8221;yes&#8221; background_image=&#8221;&#8221; background_repeat=&#8221;no-repeat&#8221; padding_top=&#8221;&#8221; padding_right=&#8221;&#8221; padding_bottom=&#8221;&#8221; padding_left=&#8221;&#8221; margin_top=&#8221;0px&#8221; margin_bottom=&#8221;0px&#8221; class=&#8221;&#8221; id=&#8221;&#8221; animation_type=&#8221;&#8221; animation_speed=&#8221;0.3&#8243; animation_direction=&#8221;left&#8221; hide_on_mobile=&#8221;small-visibility,medium-visibility,large-visibility&#8221; center_content=&#8221;no&#8221; last=&#8221;no&#8221; min_height=&#8221;&#8221; hover_type=&#8221;none&#8221; link=&#8221;&#8221;][fusion_text] REDACCI\u00d3N *Las agrupaciones se presentan el s\u00e1bado 2 de diciembre de 2023 a las nueve de la noche *Los boletos est\u00e1n a la venta en el Sistema Ticketmaster y en las taquillas del recinto. Despu\u00e9s de m\u00e1s de tres d\u00e9cadas [&hellip;]<\/p>\n","protected":false},"author":1,"featured_media":53001,"comment_status":"open","ping_status":"open","sticky":false,"template":"","format":"standard","meta":{"footnotes":""},"categories":[9,11],"tags":[],"_links":{"self":[{"href":"https:\/\/www.bitacoracdmx.com\/index.php?rest_route=\/wp\/v2\/posts\/53000"}],"collection":[{"href":"https:\/\/www.bitacoracdmx.com\/index.php?rest_route=\/wp\/v2\/posts"}],"about":[{"href":"https:\/\/www.bitacoracdmx.com\/index.php?rest_route=\/wp\/v2\/types\/post"}],"author":[{"embeddable":true,"href":"https:\/\/www.bitacoracdmx.com\/index.php?rest_route=\/wp\/v2\/users\/1"}],"replies":[{"embeddable":true,"href":"https:\/\/www.bitacoracdmx.com\/index.php?rest_route=%2Fwp%2Fv2%2Fcomments&post=53000"}],"version-history":[{"count":1,"href":"https:\/\/www.bitacoracdmx.com\/index.php?rest_route=\/wp\/v2\/posts\/53000\/revisions"}],"predecessor-version":[{"id":53002,"href":"https:\/\/www.bitacoracdmx.com\/index.php?rest_route=\/wp\/v2\/posts\/53000\/revisions\/53002"}],"wp:featuredmedia":[{"embeddable":true,"href":"https:\/\/www.bitacoracdmx.com\/index.php?rest_route=\/wp\/v2\/media\/53001"}],"wp:attachment":[{"href":"https:\/\/www.bitacoracdmx.com\/index.php?rest_route=%2Fwp%2Fv2%2Fmedia&parent=53000"}],"wp:term":[{"taxonomy":"category","embeddable":true,"href":"https:\/\/www.bitacoracdmx.com\/index.php?rest_route=%2Fwp%2Fv2%2Fcategories&post=53000"},{"taxonomy":"post_tag","embeddable":true,"href":"https:\/\/www.bitacoracdmx.com\/index.php?rest_route=%2Fwp%2Fv2%2Ftags&post=53000"}],"curies":[{"name":"wp","href":"https:\/\/api.w.org\/{rel}","templated":true}]}}